{"id":123541,"date":"2024-11-14T16:10:49","date_gmt":"2024-11-14T15:10:49","guid":{"rendered":"https:\/\/territorialchallenges.com\/?p=123541"},"modified":"2024-11-14T16:10:51","modified_gmt":"2024-11-14T15:10:51","slug":"giuseppe-sala-visionnaire-a-la-tete-de-milan-un-maire-tourne-vers-lavenir","status":"publish","type":"post","link":"https:\/\/territorialchallenges.com\/nl\/2024\/11\/14\/giuseppe-sala-visionnaire-a-la-tete-de-milan-un-maire-tourne-vers-lavenir\/123541\/","title":{"rendered":"Giuseppe Sala, visionair aan het hoofd van Milaan: een burgemeester die naar de toekomst kijkt"},"content":{"rendered":"<p>Winnaar van de Leadership Award 2024 op het Smart City Expo-congres in Barcelona, Giuseppe Sala, sinds 2016 burgemeester van Milaan, belichaamt een innovatieve en ge\u00ebngageerde visie op stadsplanning. Aan het roer van een baken van innovatie streeft Sala naar een duurzamer, inclusiever en internationaler Milaan. Giuseppe &quot;Beppe&quot; Sala, geboren in 1958 in Milaan... <\/p>\n<div class=\"pmpro_content_message\">Artikel alleen beschikbaar voor abonnees.<br \/><a href=\"https:\/\/territorialchallenges.com\/wp-login.php\">Login<\/a><br \/><a href=\"https:\/\/territorialchallenges.com\/nl\/wp-login.php\/?action=register\">Register<\/a><\/div>","protected":false},"excerpt":{"rendered":"<p>Laur\u00e9at du prix Leadership 2024 au Smart City Expo Congress de Barcelone, Giuseppe Sala, maire de Milan depuis 2016, incarne une vision novatrice et engag\u00e9e de l&rsquo;urbanisme. \u00c0 la t\u00eate d&rsquo;une ville phare de l\u2019innovation, Sala se bat pour un Milan plus durable, inclusif et international. N\u00e9 en 1958 \u00e0 Milan, Giuseppe \u00ab\u00a0Beppe\u00a0\u00bb Sala a... <\/p>\n<div class=\"pmpro_content_message\">Artikel alleen beschikbaar voor abonnees.<br \/><a href=\"https:\/\/territorialchallenges.com\/wp-login.php\">Login<\/a><br \/><a href=\"https:\/\/territorialchallenges.com\/nl\/wp-login.php\/?action=register\">Register<\/a><\/div>","protected":false},"author":11,"featured_media":123548,"comment_status":"closed","ping_status":"closed","sticky":true,"template":"","format":"standard","meta":{"pmpro_default_level":0,"footnotes":""},"categories":[126,117],"tags":[],"blocksy_meta":"","yoast_head":"<!-- This site is optimized with the Yoast SEO plugin v21.5 - https:\/\/yoast.com\/wordpress\/plugins\/seo\/ -->\n<title>Giuseppe Sala, visionnaire \u00e0 la t\u00eate de Milan : un maire tourn\u00e9 vers l&#039;avenir - Territorial Challenges<\/title>\n<meta name=\"robots\" content=\"index, follow, max-snippet:-1, max-image-preview:large, max-video-preview:-1\" \/>\n<link rel=\"canonical\" href=\"https:\/\/territorialchallenges.com\/nl\/2024\/11\/14\/giuseppe-sala-visionnaire-a-la-tete-de-milan-un-maire-tourne-vers-lavenir\/123541\/\" \/>\n<meta property=\"og:locale\" content=\"nl_NL\" \/>\n<meta property=\"og:type\" content=\"article\" \/>\n<meta property=\"og:title\" content=\"Giuseppe Sala, visionnaire \u00e0 la t\u00eate de Milan : un maire tourn\u00e9 vers l&#039;avenir - Territorial Challenges\" \/>\n<meta property=\"og:description\" content=\"Laur\u00e9at du prix Leadership 2024 au Smart City Expo Congress de Barcelone, Giuseppe Sala, maire de Milan depuis 2016, incarne une vision novatrice et engag\u00e9e de l&rsquo;urbanisme. \u00c0 la t\u00eate d&rsquo;une ville phare de l\u2019innovation, Sala se bat pour un Milan plus durable, inclusif et international. N\u00e9 en 1958 \u00e0 Milan, Giuseppe \u00ab\u00a0Beppe\u00a0\u00bb Sala a [&hellip;]\" \/>\n<meta property=\"og:url\" content=\"https:\/\/territorialchallenges.com\/nl\/2024\/11\/14\/giuseppe-sala-visionnaire-a-la-tete-de-milan-un-maire-tourne-vers-lavenir\/123541\/\" \/>\n<meta property=\"og:site_name\" content=\"Territorial Challenges\" \/>\n<meta property=\"article:published_time\" content=\"2024-11-14T15:10:49+00:00\" \/>\n<meta property=\"article:modified_time\" content=\"2024-11-14T15:10:51+00:00\" \/>\n<meta property=\"og:image\" content=\"https:\/\/territorialchallenges.com\/wp-content\/uploads\/2024\/11\/onparledeuxGiuseppe_Sala.jpeg.jpeg\" \/>\n\t<meta property=\"og:image:width\" content=\"330\" \/>\n\t<meta property=\"og:image:height\" content=\"423\" \/>\n\t<meta property=\"og:image:type\" content=\"image\/jpeg\" \/>\n<meta name=\"author\" content=\"ni.abdi\" \/>\n<meta name=\"twitter:card\" content=\"summary_large_image\" \/>\n<meta name=\"twitter:creator\" content=\"@Ni.abdi\" \/>\n<meta name=\"twitter:label1\" content=\"Geschreven door\" \/>\n\t<meta name=\"twitter:data1\" content=\"ni.abdi\" \/>\n\t<meta name=\"twitter:label2\" content=\"Geschatte leestijd\" \/>\n\t<meta name=\"twitter:data2\" content=\"5 minuten\" \/>\n<script type=\"application\/ld+json\" class=\"yoast-schema-graph\">{\"@context\":\"https:\/\/schema.org\",\"@graph\":[{\"@type\":\"Article\",\"@id\":\"https:\/\/territorialchallenges.com\/2024\/11\/14\/giuseppe-sala-visionnaire-a-la-tete-de-milan-un-maire-tourne-vers-lavenir\/123541\/#article\",\"isPartOf\":{\"@id\":\"https:\/\/territorialchallenges.com\/2024\/11\/14\/giuseppe-sala-visionnaire-a-la-tete-de-milan-un-maire-tourne-vers-lavenir\/123541\/\"},\"author\":{\"name\":\"ni.abdi\",\"@id\":\"https:\/\/territorialchallenges.com\/#\/schema\/person\/098f145c7c61a021c425e010f840080f\"},\"headline\":\"Giuseppe Sala, visionnaire \u00e0 la t\u00eate de Milan : un maire tourn\u00e9 vers l&rsquo;avenir\",\"datePublished\":\"2024-11-14T15:10:49+00:00\",\"dateModified\":\"2024-11-14T15:10:51+00:00\",\"mainEntityOfPage\":{\"@id\":\"https:\/\/territorialchallenges.com\/2024\/11\/14\/giuseppe-sala-visionnaire-a-la-tete-de-milan-un-maire-tourne-vers-lavenir\/123541\/\"},\"wordCount\":916,\"publisher\":{\"@id\":\"https:\/\/territorialchallenges.com\/#organization\"},\"articleSection\":[\"On parle d'eux\",\"\u00c9cosyst\u00e8me\"],\"inLanguage\":\"nl-NL\"},{\"@type\":\"WebPage\",\"@id\":\"https:\/\/territorialchallenges.com\/2024\/11\/14\/giuseppe-sala-visionnaire-a-la-tete-de-milan-un-maire-tourne-vers-lavenir\/123541\/\",\"url\":\"https:\/\/territorialchallenges.com\/2024\/11\/14\/giuseppe-sala-visionnaire-a-la-tete-de-milan-un-maire-tourne-vers-lavenir\/123541\/\",\"name\":\"Giuseppe Sala, visionnaire \u00e0 la t\u00eate de Milan : un maire tourn\u00e9 vers l'avenir - Territorial Challenges\",\"isPartOf\":{\"@id\":\"https:\/\/territorialchallenges.com\/#website\"},\"datePublished\":\"2024-11-14T15:10:49+00:00\",\"dateModified\":\"2024-11-14T15:10:51+00:00\",\"breadcrumb\":{\"@id\":\"https:\/\/territorialchallenges.com\/2024\/11\/14\/giuseppe-sala-visionnaire-a-la-tete-de-milan-un-maire-tourne-vers-lavenir\/123541\/#breadcrumb\"},\"inLanguage\":\"nl-NL\",\"potentialAction\":[{\"@type\":\"ReadAction\",\"target\":[\"https:\/\/territorialchallenges.com\/2024\/11\/14\/giuseppe-sala-visionnaire-a-la-tete-de-milan-un-maire-tourne-vers-lavenir\/123541\/\"]}]},{\"@type\":\"BreadcrumbList\",\"@id\":\"https:\/\/territorialchallenges.com\/2024\/11\/14\/giuseppe-sala-visionnaire-a-la-tete-de-milan-un-maire-tourne-vers-lavenir\/123541\/#breadcrumb\",\"itemListElement\":[{\"@type\":\"ListItem\",\"position\":1,\"name\":\"Home\",\"item\":\"https:\/\/territorialchallenges.com\/\"},{\"@type\":\"ListItem\",\"position\":2,\"name\":\"Giuseppe Sala, visionnaire \u00e0 la t\u00eate de Milan : un maire tourn\u00e9 vers l&rsquo;avenir\"}]},{\"@type\":\"WebSite\",\"@id\":\"https:\/\/territorialchallenges.com\/#website\",\"url\":\"https:\/\/territorialchallenges.com\/\",\"name\":\"Territorial Challenges\",\"description\":\"Veille Internationale - Strat\u00e9gie Intelligentes - Bonnes pratiques\",\"publisher\":{\"@id\":\"https:\/\/territorialchallenges.com\/#organization\"},\"potentialAction\":[{\"@type\":\"SearchAction\",\"target\":{\"@type\":\"EntryPoint\",\"urlTemplate\":\"https:\/\/territorialchallenges.com\/?s={search_term_string}\"},\"query-input\":\"required name=search_term_string\"}],\"inLanguage\":\"nl-NL\"},{\"@type\":\"Organization\",\"@id\":\"https:\/\/territorialchallenges.com\/#organization\",\"name\":\"Territorial Challenges\",\"url\":\"https:\/\/territorialchallenges.com\/\",\"logo\":{\"@type\":\"ImageObject\",\"inLanguage\":\"nl-NL\",\"@id\":\"https:\/\/territorialchallenges.com\/#\/schema\/logo\/image\/\",\"url\":\"https:\/\/territorialchallenges.com\/wp-content\/uploads\/2023\/10\/logo-1.png\",\"contentUrl\":\"https:\/\/territorialchallenges.com\/wp-content\/uploads\/2023\/10\/logo-1.png\",\"width\":1832,\"height\":576,\"caption\":\"Territorial Challenges\"},\"image\":{\"@id\":\"https:\/\/territorialchallenges.com\/#\/schema\/logo\/image\/\"}},{\"@type\":\"Person\",\"@id\":\"https:\/\/territorialchallenges.com\/#\/schema\/person\/098f145c7c61a021c425e010f840080f\",\"name\":\"ni.abdi\",\"image\":{\"@type\":\"ImageObject\",\"inLanguage\":\"nl-NL\",\"@id\":\"https:\/\/territorialchallenges.com\/#\/schema\/person\/image\/\",\"url\":\"https:\/\/secure.gravatar.com\/avatar\/2a2f2491f3c80039986ba989b1e4b510?s=96&d=identicon&r=g\",\"contentUrl\":\"https:\/\/secure.gravatar.com\/avatar\/2a2f2491f3c80039986ba989b1e4b510?s=96&d=identicon&r=g\",\"caption\":\"ni.abdi\"},\"sameAs\":[\"https:\/\/twitter.com\/Ni.abdi\"],\"url\":\"https:\/\/territorialchallenges.com\/nl\/author\/ni-abdi\/\"}]}<\/script>\n<!-- \/ Yoast SEO plugin. -->","yoast_head_json":{"title":"Giuseppe Sala, visionnaire \u00e0 la t\u00eate de Milan : un maire tourn\u00e9 vers l'avenir - Territorial Challenges","robots":{"index":"index","follow":"follow","max-snippet":"max-snippet:-1","max-image-preview":"max-image-preview:large","max-video-preview":"max-video-preview:-1"},"canonical":"https:\/\/territorialchallenges.com\/nl\/2024\/11\/14\/giuseppe-sala-visionnaire-a-la-tete-de-milan-un-maire-tourne-vers-lavenir\/123541\/","og_locale":"nl_NL","og_type":"article","og_title":"Giuseppe Sala, visionnaire \u00e0 la t\u00eate de Milan : un maire tourn\u00e9 vers l'avenir - Territorial Challenges","og_description":"Laur\u00e9at du prix Leadership 2024 au Smart City Expo Congress de Barcelone, Giuseppe Sala, maire de Milan depuis 2016, incarne une vision novatrice et engag\u00e9e de l&rsquo;urbanisme. \u00c0 la t\u00eate d&rsquo;une ville phare de l\u2019innovation, Sala se bat pour un Milan plus durable, inclusif et international. N\u00e9 en 1958 \u00e0 Milan, Giuseppe \u00ab\u00a0Beppe\u00a0\u00bb Sala a [&hellip;]","og_url":"https:\/\/territorialchallenges.com\/nl\/2024\/11\/14\/giuseppe-sala-visionnaire-a-la-tete-de-milan-un-maire-tourne-vers-lavenir\/123541\/","og_site_name":"Territorial Challenges","article_published_time":"2024-11-14T15:10:49+00:00","article_modified_time":"2024-11-14T15:10:51+00:00","og_image":[{"width":330,"height":423,"url":"https:\/\/territorialchallenges.com\/wp-content\/uploads\/2024\/11\/onparledeuxGiuseppe_Sala.jpeg.jpeg","type":"image\/jpeg"}],"author":"ni.abdi","twitter_card":"summary_large_image","twitter_creator":"@Ni.abdi","twitter_misc":{"Geschreven door":"ni.abdi","Geschatte leestijd":"5 minuten"},"schema":{"@context":"https:\/\/schema.org","@graph":[{"@type":"Article","@id":"https:\/\/territorialchallenges.com\/2024\/11\/14\/giuseppe-sala-visionnaire-a-la-tete-de-milan-un-maire-tourne-vers-lavenir\/123541\/#article","isPartOf":{"@id":"https:\/\/territorialchallenges.com\/2024\/11\/14\/giuseppe-sala-visionnaire-a-la-tete-de-milan-un-maire-tourne-vers-lavenir\/123541\/"},"author":{"name":"ni.abdi","@id":"https:\/\/territorialchallenges.com\/#\/schema\/person\/098f145c7c61a021c425e010f840080f"},"headline":"Giuseppe Sala, visionnaire \u00e0 la t\u00eate de Milan : un maire tourn\u00e9 vers l&rsquo;avenir","datePublished":"2024-11-14T15:10:49+00:00","dateModified":"2024-11-14T15:10:51+00:00","mainEntityOfPage":{"@id":"https:\/\/territorialchallenges.com\/2024\/11\/14\/giuseppe-sala-visionnaire-a-la-tete-de-milan-un-maire-tourne-vers-lavenir\/123541\/"},"wordCount":916,"publisher":{"@id":"https:\/\/territorialchallenges.com\/#organization"},"articleSection":["On parle d'eux","\u00c9cosyst\u00e8me"],"inLanguage":"nl-NL"},{"@type":"WebPage","@id":"https:\/\/territorialchallenges.com\/2024\/11\/14\/giuseppe-sala-visionnaire-a-la-tete-de-milan-un-maire-tourne-vers-lavenir\/123541\/","url":"https:\/\/territorialchallenges.com\/2024\/11\/14\/giuseppe-sala-visionnaire-a-la-tete-de-milan-un-maire-tourne-vers-lavenir\/123541\/","name":"Giuseppe Sala, visionnaire \u00e0 la t\u00eate de Milan : un maire tourn\u00e9 vers l'avenir - Territorial Challenges","isPartOf":{"@id":"https:\/\/territorialchallenges.com\/#website"},"datePublished":"2024-11-14T15:10:49+00:00","dateModified":"2024-11-14T15:10:51+00:00","breadcrumb":{"@id":"https:\/\/territorialchallenges.com\/2024\/11\/14\/giuseppe-sala-visionnaire-a-la-tete-de-milan-un-maire-tourne-vers-lavenir\/123541\/#breadcrumb"},"inLanguage":"nl-NL","potentialAction":[{"@type":"ReadAction","target":["https:\/\/territorialchallenges.com\/2024\/11\/14\/giuseppe-sala-visionnaire-a-la-tete-de-milan-un-maire-tourne-vers-lavenir\/123541\/"]}]},{"@type":"BreadcrumbList","@id":"https:\/\/territorialchallenges.com\/2024\/11\/14\/giuseppe-sala-visionnaire-a-la-tete-de-milan-un-maire-tourne-vers-lavenir\/123541\/#breadcrumb","itemListElement":[{"@type":"ListItem","position":1,"name":"Home","item":"https:\/\/territorialchallenges.com\/"},{"@type":"ListItem","position":2,"name":"Giuseppe Sala, visionnaire \u00e0 la t\u00eate de Milan : un maire tourn\u00e9 vers l&rsquo;avenir"}]},{"@type":"WebSite","@id":"https:\/\/territorialchallenges.com\/#website","url":"https:\/\/territorialchallenges.com\/","name":"Territoriale uitdagingen","description":"Internationale monitoring - Slimme strategie\u00ebn - Beste praktijken","publisher":{"@id":"https:\/\/territorialchallenges.com\/#organization"},"potentialAction":[{"@type":"SearchAction","target":{"@type":"EntryPoint","urlTemplate":"https:\/\/territorialchallenges.com\/?s={search_term_string}"},"query-input":"required name=search_term_string"}],"inLanguage":"nl-NL"},{"@type":"Organization","@id":"https:\/\/territorialchallenges.com\/#organization","name":"Territoriale uitdagingen","url":"https:\/\/territorialchallenges.com\/","logo":{"@type":"ImageObject","inLanguage":"nl-NL","@id":"https:\/\/territorialchallenges.com\/#\/schema\/logo\/image\/","url":"https:\/\/territorialchallenges.com\/wp-content\/uploads\/2023\/10\/logo-1.png","contentUrl":"https:\/\/territorialchallenges.com\/wp-content\/uploads\/2023\/10\/logo-1.png","width":1832,"height":576,"caption":"Territorial Challenges"},"image":{"@id":"https:\/\/territorialchallenges.com\/#\/schema\/logo\/image\/"}},{"@type":"Person","@id":"https:\/\/territorialchallenges.com\/#\/schema\/person\/098f145c7c61a021c425e010f840080f","name":"ni.abdi","image":{"@type":"ImageObject","inLanguage":"nl-NL","@id":"https:\/\/territorialchallenges.com\/#\/schema\/person\/image\/","url":"https:\/\/secure.gravatar.com\/avatar\/2a2f2491f3c80039986ba989b1e4b510?s=96&d=identicon&r=g","contentUrl":"https:\/\/secure.gravatar.com\/avatar\/2a2f2491f3c80039986ba989b1e4b510?s=96&d=identicon&r=g","caption":"ni.abdi"},"sameAs":["https:\/\/twitter.com\/Ni.abdi"],"url":"https:\/\/territorialchallenges.com\/nl\/author\/ni-abdi\/"}]}},"_links":{"self":[{"href":"https:\/\/territorialchallenges.com\/nl\/wp-json\/wp\/v2\/posts\/123541"}],"collection":[{"href":"https:\/\/territorialchallenges.com\/nl\/wp-json\/wp\/v2\/posts"}],"about":[{"href":"https:\/\/territorialchallenges.com\/nl\/wp-json\/wp\/v2\/types\/post"}],"author":[{"embeddable":true,"href":"https:\/\/territorialchallenges.com\/nl\/wp-json\/wp\/v2\/users\/11"}],"replies":[{"embeddable":true,"href":"https:\/\/territorialchallenges.com\/nl\/wp-json\/wp\/v2\/comments?post=123541"}],"version-history":[{"count":1,"href":"https:\/\/territorialchallenges.com\/nl\/wp-json\/wp\/v2\/posts\/123541\/revisions"}],"predecessor-version":[{"id":123549,"href":"https:\/\/territorialchallenges.com\/nl\/wp-json\/wp\/v2\/posts\/123541\/revisions\/123549"}],"wp:featuredmedia":[{"embeddable":true,"href":"https:\/\/territorialchallenges.com\/nl\/wp-json\/wp\/v2\/media\/123548"}],"wp:attachment":[{"href":"https:\/\/territorialchallenges.com\/nl\/wp-json\/wp\/v2\/media?parent=123541"}],"wp:term":[{"taxonomy":"category","embeddable":true,"href":"https:\/\/territorialchallenges.com\/nl\/wp-json\/wp\/v2\/categories?post=123541"},{"taxonomy":"post_tag","embeddable":true,"href":"https:\/\/territorialchallenges.com\/nl\/wp-json\/wp\/v2\/tags?post=123541"}],"curies":[{"name":"wp","href":"https:\/\/api.w.org\/{rel}","templated":true}]}}