{"id":123535,"date":"2024-11-14T16:01:54","date_gmt":"2024-11-14T15:01:54","guid":{"rendered":"https:\/\/territorialchallenges.com\/?p=123535"},"modified":"2024-11-14T16:01:57","modified_gmt":"2024-11-14T15:01:57","slug":"les-villes-face-aux-chocs-extremes-arup-et-le-reseau-des-villes-resilientes-publient-un-cadre-de-resilience","status":"publish","type":"post","link":"https:\/\/territorialchallenges.com\/nl\/2024\/11\/14\/les-villes-face-aux-chocs-extremes-arup-et-le-reseau-des-villes-resilientes-publient-un-cadre-de-resilience\/123535\/","title":{"rendered":"Steden in het licht van extreme schokken: Arup en het Resilient Cities Network publiceren een veerkrachtkader"},"content":{"rendered":"<p>Om de toename van extreme weersomstandigheden aan te pakken, hebben Arup (een in het Verenigd Koninkrijk gevestigd ingenieursbureau, gespecialiseerd in de bouw) en het Resilient Cities Network (RCN) een bijgewerkt raamwerk gepubliceerd. Deze gids is bedoeld om steden voor te bereiden op klimaat- en sociale schokken door strategie\u00ebn voor te stellen om de veerkracht te versterken. <\/p>\n<div class=\"pmpro_content_message\">Artikel alleen beschikbaar voor abonnees.<br \/><a href=\"https:\/\/territorialchallenges.com\/wp-login.php\">Login<\/a><br \/><a href=\"https:\/\/territorialchallenges.com\/nl\/wp-login.php\/?action=register\">Register<\/a><\/div>","protected":false},"excerpt":{"rendered":"<p>Pour faire face \u00e0 l&rsquo;augmentation des \u00e9v\u00e9nements extr\u00eames, Arup (bureau d&rsquo;\u00e9tudes et de conseil en ing\u00e9nierie britannique sp\u00e9cialis\u00e9 dans la construction) et le R\u00e9seau des villes r\u00e9silientes (Resilient Cities Network) pr\u00e9sentent un cadre mis \u00e0 jour. Ce guide vise \u00e0 pr\u00e9parer les villes aux chocs climatiques et sociaux, en proposant des strat\u00e9gies pour renforcer la... <\/p>\n<div class=\"pmpro_content_message\">Artikel alleen beschikbaar voor abonnees.<br \/><a href=\"https:\/\/territorialchallenges.com\/wp-login.php\">Login<\/a><br \/><a href=\"https:\/\/territorialchallenges.com\/nl\/wp-login.php\/?action=register\">Register<\/a><\/div>","protected":false},"author":11,"featured_media":123536,"comment_status":"closed","ping_status":"closed","sticky":true,"template":"","format":"standard","meta":{"pmpro_default_level":0,"footnotes":""},"categories":[19,124],"tags":[],"blocksy_meta":"","yoast_head":"<!-- This site is optimized with the Yoast SEO plugin v21.5 - https:\/\/yoast.com\/wordpress\/plugins\/seo\/ -->\n<title>Les villes face aux chocs extr\u00eames : Arup et le R\u00e9seau des villes r\u00e9silientes publient un cadre de r\u00e9silience - Territorial Challenges<\/title>\n<meta name=\"robots\" content=\"index, follow, max-snippet:-1, max-image-preview:large, max-video-preview:-1\" \/>\n<link rel=\"canonical\" href=\"https:\/\/territorialchallenges.com\/nl\/2024\/11\/14\/les-villes-face-aux-chocs-extremes-arup-et-le-reseau-des-villes-resilientes-publient-un-cadre-de-resilience\/123535\/\" \/>\n<meta property=\"og:locale\" content=\"nl_NL\" \/>\n<meta property=\"og:type\" content=\"article\" \/>\n<meta property=\"og:title\" content=\"Les villes face aux chocs extr\u00eames : Arup et le R\u00e9seau des villes r\u00e9silientes publient un cadre de r\u00e9silience - Territorial Challenges\" \/>\n<meta property=\"og:description\" content=\"Pour faire face \u00e0 l&rsquo;augmentation des \u00e9v\u00e9nements extr\u00eames, Arup (bureau d&rsquo;\u00e9tudes et de conseil en ing\u00e9nierie britannique sp\u00e9cialis\u00e9 dans la construction) et le R\u00e9seau des villes r\u00e9silientes (Resilient Cities Network) pr\u00e9sentent un cadre mis \u00e0 jour. Ce guide vise \u00e0 pr\u00e9parer les villes aux chocs climatiques et sociaux, en proposant des strat\u00e9gies pour renforcer la [&hellip;]\" \/>\n<meta property=\"og:url\" content=\"https:\/\/territorialchallenges.com\/nl\/2024\/11\/14\/les-villes-face-aux-chocs-extremes-arup-et-le-reseau-des-villes-resilientes-publient-un-cadre-de-resilience\/123535\/\" \/>\n<meta property=\"og:site_name\" content=\"Territorial Challenges\" \/>\n<meta property=\"article:published_time\" content=\"2024-11-14T15:01:54+00:00\" \/>\n<meta property=\"article:modified_time\" content=\"2024-11-14T15:01:57+00:00\" \/>\n<meta property=\"og:image\" content=\"https:\/\/territorialchallenges.com\/wp-content\/uploads\/2024\/11\/territoiresintelligentsImage-1.jpg\" \/>\n\t<meta property=\"og:image:width\" content=\"1280\" \/>\n\t<meta property=\"og:image:height\" content=\"828\" \/>\n\t<meta property=\"og:image:type\" content=\"image\/jpeg\" \/>\n<meta name=\"author\" content=\"ni.abdi\" \/>\n<meta name=\"twitter:card\" content=\"summary_large_image\" \/>\n<meta name=\"twitter:creator\" content=\"@Ni.abdi\" \/>\n<meta name=\"twitter:label1\" content=\"Geschreven door\" \/>\n\t<meta name=\"twitter:data1\" content=\"ni.abdi\" \/>\n\t<meta name=\"twitter:label2\" content=\"Geschatte leestijd\" \/>\n\t<meta name=\"twitter:data2\" content=\"4 minuten\" \/>\n<script type=\"application\/ld+json\" class=\"yoast-schema-graph\">{\"@context\":\"https:\/\/schema.org\",\"@graph\":[{\"@type\":\"Article\",\"@id\":\"https:\/\/territorialchallenges.com\/2024\/11\/14\/les-villes-face-aux-chocs-extremes-arup-et-le-reseau-des-villes-resilientes-publient-un-cadre-de-resilience\/123535\/#article\",\"isPartOf\":{\"@id\":\"https:\/\/territorialchallenges.com\/2024\/11\/14\/les-villes-face-aux-chocs-extremes-arup-et-le-reseau-des-villes-resilientes-publient-un-cadre-de-resilience\/123535\/\"},\"author\":{\"name\":\"ni.abdi\",\"@id\":\"https:\/\/territorialchallenges.com\/#\/schema\/person\/098f145c7c61a021c425e010f840080f\"},\"headline\":\"Les villes face aux chocs extr\u00eames : Arup et le R\u00e9seau des villes r\u00e9silientes publient un cadre de r\u00e9silience\",\"datePublished\":\"2024-11-14T15:01:54+00:00\",\"dateModified\":\"2024-11-14T15:01:57+00:00\",\"mainEntityOfPage\":{\"@id\":\"https:\/\/territorialchallenges.com\/2024\/11\/14\/les-villes-face-aux-chocs-extremes-arup-et-le-reseau-des-villes-resilientes-publient-un-cadre-de-resilience\/123535\/\"},\"wordCount\":886,\"publisher\":{\"@id\":\"https:\/\/territorialchallenges.com\/#organization\"},\"articleSection\":[\"Territoires Intelligents\",\"Actualit\u00e9 internationale\"],\"inLanguage\":\"nl-NL\"},{\"@type\":\"WebPage\",\"@id\":\"https:\/\/territorialchallenges.com\/2024\/11\/14\/les-villes-face-aux-chocs-extremes-arup-et-le-reseau-des-villes-resilientes-publient-un-cadre-de-resilience\/123535\/\",\"url\":\"https:\/\/territorialchallenges.com\/2024\/11\/14\/les-villes-face-aux-chocs-extremes-arup-et-le-reseau-des-villes-resilientes-publient-un-cadre-de-resilience\/123535\/\",\"name\":\"Les villes face aux chocs extr\u00eames : Arup et le R\u00e9seau des villes r\u00e9silientes publient un cadre de r\u00e9silience - Territorial Challenges\",\"isPartOf\":{\"@id\":\"https:\/\/territorialchallenges.com\/#website\"},\"datePublished\":\"2024-11-14T15:01:54+00:00\",\"dateModified\":\"2024-11-14T15:01:57+00:00\",\"breadcrumb\":{\"@id\":\"https:\/\/territorialchallenges.com\/2024\/11\/14\/les-villes-face-aux-chocs-extremes-arup-et-le-reseau-des-villes-resilientes-publient-un-cadre-de-resilience\/123535\/#breadcrumb\"},\"inLanguage\":\"nl-NL\",\"potentialAction\":[{\"@type\":\"ReadAction\",\"target\":[\"https:\/\/territorialchallenges.com\/2024\/11\/14\/les-villes-face-aux-chocs-extremes-arup-et-le-reseau-des-villes-resilientes-publient-un-cadre-de-resilience\/123535\/\"]}]},{\"@type\":\"BreadcrumbList\",\"@id\":\"https:\/\/territorialchallenges.com\/2024\/11\/14\/les-villes-face-aux-chocs-extremes-arup-et-le-reseau-des-villes-resilientes-publient-un-cadre-de-resilience\/123535\/#breadcrumb\",\"itemListElement\":[{\"@type\":\"ListItem\",\"position\":1,\"name\":\"Home\",\"item\":\"https:\/\/territorialchallenges.com\/\"},{\"@type\":\"ListItem\",\"position\":2,\"name\":\"Les villes face aux chocs extr\u00eames : Arup et le R\u00e9seau des villes r\u00e9silientes publient un cadre de r\u00e9silience\"}]},{\"@type\":\"WebSite\",\"@id\":\"https:\/\/territorialchallenges.com\/#website\",\"url\":\"https:\/\/territorialchallenges.com\/\",\"name\":\"Territorial Challenges\",\"description\":\"Veille Internationale - Strat\u00e9gie Intelligentes - Bonnes pratiques\",\"publisher\":{\"@id\":\"https:\/\/territorialchallenges.com\/#organization\"},\"potentialAction\":[{\"@type\":\"SearchAction\",\"target\":{\"@type\":\"EntryPoint\",\"urlTemplate\":\"https:\/\/territorialchallenges.com\/?s={search_term_string}\"},\"query-input\":\"required name=search_term_string\"}],\"inLanguage\":\"nl-NL\"},{\"@type\":\"Organization\",\"@id\":\"https:\/\/territorialchallenges.com\/#organization\",\"name\":\"Territorial Challenges\",\"url\":\"https:\/\/territorialchallenges.com\/\",\"logo\":{\"@type\":\"ImageObject\",\"inLanguage\":\"nl-NL\",\"@id\":\"https:\/\/territorialchallenges.com\/#\/schema\/logo\/image\/\",\"url\":\"https:\/\/territorialchallenges.com\/wp-content\/uploads\/2023\/10\/logo-1.png\",\"contentUrl\":\"https:\/\/territorialchallenges.com\/wp-content\/uploads\/2023\/10\/logo-1.png\",\"width\":1832,\"height\":576,\"caption\":\"Territorial Challenges\"},\"image\":{\"@id\":\"https:\/\/territorialchallenges.com\/#\/schema\/logo\/image\/\"}},{\"@type\":\"Person\",\"@id\":\"https:\/\/territorialchallenges.com\/#\/schema\/person\/098f145c7c61a021c425e010f840080f\",\"name\":\"ni.abdi\",\"image\":{\"@type\":\"ImageObject\",\"inLanguage\":\"nl-NL\",\"@id\":\"https:\/\/territorialchallenges.com\/#\/schema\/person\/image\/\",\"url\":\"https:\/\/secure.gravatar.com\/avatar\/2a2f2491f3c80039986ba989b1e4b510?s=96&d=identicon&r=g\",\"contentUrl\":\"https:\/\/secure.gravatar.com\/avatar\/2a2f2491f3c80039986ba989b1e4b510?s=96&d=identicon&r=g\",\"caption\":\"ni.abdi\"},\"sameAs\":[\"https:\/\/twitter.com\/Ni.abdi\"],\"url\":\"https:\/\/territorialchallenges.com\/nl\/author\/ni-abdi\/\"}]}<\/script>\n<!-- \/ Yoast SEO plugin. -->","yoast_head_json":{"title":"Les villes face aux chocs extr\u00eames : Arup et le R\u00e9seau des villes r\u00e9silientes publient un cadre de r\u00e9silience - Territorial Challenges","robots":{"index":"index","follow":"follow","max-snippet":"max-snippet:-1","max-image-preview":"max-image-preview:large","max-video-preview":"max-video-preview:-1"},"canonical":"https:\/\/territorialchallenges.com\/nl\/2024\/11\/14\/les-villes-face-aux-chocs-extremes-arup-et-le-reseau-des-villes-resilientes-publient-un-cadre-de-resilience\/123535\/","og_locale":"nl_NL","og_type":"article","og_title":"Les villes face aux chocs extr\u00eames : Arup et le R\u00e9seau des villes r\u00e9silientes publient un cadre de r\u00e9silience - Territorial Challenges","og_description":"Pour faire face \u00e0 l&rsquo;augmentation des \u00e9v\u00e9nements extr\u00eames, Arup (bureau d&rsquo;\u00e9tudes et de conseil en ing\u00e9nierie britannique sp\u00e9cialis\u00e9 dans la construction) et le R\u00e9seau des villes r\u00e9silientes (Resilient Cities Network) pr\u00e9sentent un cadre mis \u00e0 jour. Ce guide vise \u00e0 pr\u00e9parer les villes aux chocs climatiques et sociaux, en proposant des strat\u00e9gies pour renforcer la [&hellip;]","og_url":"https:\/\/territorialchallenges.com\/nl\/2024\/11\/14\/les-villes-face-aux-chocs-extremes-arup-et-le-reseau-des-villes-resilientes-publient-un-cadre-de-resilience\/123535\/","og_site_name":"Territorial Challenges","article_published_time":"2024-11-14T15:01:54+00:00","article_modified_time":"2024-11-14T15:01:57+00:00","og_image":[{"width":1280,"height":828,"url":"https:\/\/territorialchallenges.com\/wp-content\/uploads\/2024\/11\/territoiresintelligentsImage-1.jpg","type":"image\/jpeg"}],"author":"ni.abdi","twitter_card":"summary_large_image","twitter_creator":"@Ni.abdi","twitter_misc":{"Geschreven door":"ni.abdi","Geschatte leestijd":"4 minuten"},"schema":{"@context":"https:\/\/schema.org","@graph":[{"@type":"Article","@id":"https:\/\/territorialchallenges.com\/2024\/11\/14\/les-villes-face-aux-chocs-extremes-arup-et-le-reseau-des-villes-resilientes-publient-un-cadre-de-resilience\/123535\/#article","isPartOf":{"@id":"https:\/\/territorialchallenges.com\/2024\/11\/14\/les-villes-face-aux-chocs-extremes-arup-et-le-reseau-des-villes-resilientes-publient-un-cadre-de-resilience\/123535\/"},"author":{"name":"ni.abdi","@id":"https:\/\/territorialchallenges.com\/#\/schema\/person\/098f145c7c61a021c425e010f840080f"},"headline":"Les villes face aux chocs extr\u00eames : Arup et le R\u00e9seau des villes r\u00e9silientes publient un cadre de r\u00e9silience","datePublished":"2024-11-14T15:01:54+00:00","dateModified":"2024-11-14T15:01:57+00:00","mainEntityOfPage":{"@id":"https:\/\/territorialchallenges.com\/2024\/11\/14\/les-villes-face-aux-chocs-extremes-arup-et-le-reseau-des-villes-resilientes-publient-un-cadre-de-resilience\/123535\/"},"wordCount":886,"publisher":{"@id":"https:\/\/territorialchallenges.com\/#organization"},"articleSection":["Territoires Intelligents","Actualit\u00e9 internationale"],"inLanguage":"nl-NL"},{"@type":"WebPage","@id":"https:\/\/territorialchallenges.com\/2024\/11\/14\/les-villes-face-aux-chocs-extremes-arup-et-le-reseau-des-villes-resilientes-publient-un-cadre-de-resilience\/123535\/","url":"https:\/\/territorialchallenges.com\/2024\/11\/14\/les-villes-face-aux-chocs-extremes-arup-et-le-reseau-des-villes-resilientes-publient-un-cadre-de-resilience\/123535\/","name":"Les villes face aux chocs extr\u00eames : Arup et le R\u00e9seau des villes r\u00e9silientes publient un cadre de r\u00e9silience - Territorial Challenges","isPartOf":{"@id":"https:\/\/territorialchallenges.com\/#website"},"datePublished":"2024-11-14T15:01:54+00:00","dateModified":"2024-11-14T15:01:57+00:00","breadcrumb":{"@id":"https:\/\/territorialchallenges.com\/2024\/11\/14\/les-villes-face-aux-chocs-extremes-arup-et-le-reseau-des-villes-resilientes-publient-un-cadre-de-resilience\/123535\/#breadcrumb"},"inLanguage":"nl-NL","potentialAction":[{"@type":"ReadAction","target":["https:\/\/territorialchallenges.com\/2024\/11\/14\/les-villes-face-aux-chocs-extremes-arup-et-le-reseau-des-villes-resilientes-publient-un-cadre-de-resilience\/123535\/"]}]},{"@type":"BreadcrumbList","@id":"https:\/\/territorialchallenges.com\/2024\/11\/14\/les-villes-face-aux-chocs-extremes-arup-et-le-reseau-des-villes-resilientes-publient-un-cadre-de-resilience\/123535\/#breadcrumb","itemListElement":[{"@type":"ListItem","position":1,"name":"Home","item":"https:\/\/territorialchallenges.com\/"},{"@type":"ListItem","position":2,"name":"Les villes face aux chocs extr\u00eames : Arup et le R\u00e9seau des villes r\u00e9silientes publient un cadre de r\u00e9silience"}]},{"@type":"WebSite","@id":"https:\/\/territorialchallenges.com\/#website","url":"https:\/\/territorialchallenges.com\/","name":"Territoriale uitdagingen","description":"Internationale monitoring - Slimme strategie\u00ebn - Beste praktijken","publisher":{"@id":"https:\/\/territorialchallenges.com\/#organization"},"potentialAction":[{"@type":"SearchAction","target":{"@type":"EntryPoint","urlTemplate":"https:\/\/territorialchallenges.com\/?s={search_term_string}"},"query-input":"required name=search_term_string"}],"inLanguage":"nl-NL"},{"@type":"Organization","@id":"https:\/\/territorialchallenges.com\/#organization","name":"Territoriale uitdagingen","url":"https:\/\/territorialchallenges.com\/","logo":{"@type":"ImageObject","inLanguage":"nl-NL","@id":"https:\/\/territorialchallenges.com\/#\/schema\/logo\/image\/","url":"https:\/\/territorialchallenges.com\/wp-content\/uploads\/2023\/10\/logo-1.png","contentUrl":"https:\/\/territorialchallenges.com\/wp-content\/uploads\/2023\/10\/logo-1.png","width":1832,"height":576,"caption":"Territorial Challenges"},"image":{"@id":"https:\/\/territorialchallenges.com\/#\/schema\/logo\/image\/"}},{"@type":"Person","@id":"https:\/\/territorialchallenges.com\/#\/schema\/person\/098f145c7c61a021c425e010f840080f","name":"ni.abdi","image":{"@type":"ImageObject","inLanguage":"nl-NL","@id":"https:\/\/territorialchallenges.com\/#\/schema\/person\/image\/","url":"https:\/\/secure.gravatar.com\/avatar\/2a2f2491f3c80039986ba989b1e4b510?s=96&d=identicon&r=g","contentUrl":"https:\/\/secure.gravatar.com\/avatar\/2a2f2491f3c80039986ba989b1e4b510?s=96&d=identicon&r=g","caption":"ni.abdi"},"sameAs":["https:\/\/twitter.com\/Ni.abdi"],"url":"https:\/\/territorialchallenges.com\/nl\/author\/ni-abdi\/"}]}},"_links":{"self":[{"href":"https:\/\/territorialchallenges.com\/nl\/wp-json\/wp\/v2\/posts\/123535"}],"collection":[{"href":"https:\/\/territorialchallenges.com\/nl\/wp-json\/wp\/v2\/posts"}],"about":[{"href":"https:\/\/territorialchallenges.com\/nl\/wp-json\/wp\/v2\/types\/post"}],"author":[{"embeddable":true,"href":"https:\/\/territorialchallenges.com\/nl\/wp-json\/wp\/v2\/users\/11"}],"replies":[{"embeddable":true,"href":"https:\/\/territorialchallenges.com\/nl\/wp-json\/wp\/v2\/comments?post=123535"}],"version-history":[{"count":1,"href":"https:\/\/territorialchallenges.com\/nl\/wp-json\/wp\/v2\/posts\/123535\/revisions"}],"predecessor-version":[{"id":123537,"href":"https:\/\/territorialchallenges.com\/nl\/wp-json\/wp\/v2\/posts\/123535\/revisions\/123537"}],"wp:featuredmedia":[{"embeddable":true,"href":"https:\/\/territorialchallenges.com\/nl\/wp-json\/wp\/v2\/media\/123536"}],"wp:attachment":[{"href":"https:\/\/territorialchallenges.com\/nl\/wp-json\/wp\/v2\/media?parent=123535"}],"wp:term":[{"taxonomy":"category","embeddable":true,"href":"https:\/\/territorialchallenges.com\/nl\/wp-json\/wp\/v2\/categories?post=123535"},{"taxonomy":"post_tag","embeddable":true,"href":"https:\/\/territorialchallenges.com\/nl\/wp-json\/wp\/v2\/tags?post=123535"}],"curies":[{"name":"wp","href":"https:\/\/api.w.org\/{rel}","templated":true}]}}