{"id":123526,"date":"2024-11-14T15:47:58","date_gmt":"2024-11-14T14:47:58","guid":{"rendered":"https:\/\/territorialchallenges.com\/?p=123526"},"modified":"2024-11-14T15:48:01","modified_gmt":"2024-11-14T14:48:01","slug":"nokia-aux-commandes-de-la-durabilite-pour-la-6g-en-europe","status":"publish","type":"post","link":"https:\/\/territorialchallenges.com\/nl\/2024\/11\/14\/nokia-aux-commandes-de-la-durabilite-pour-la-6g-en-europe\/123526\/","title":{"rendered":"Nokia leidt duurzaamheid voor 6G in Europa"},"content":{"rendered":"<p>De Finse apparatuurfabrikant, geselecteerd om het Europese SUSTAIN-6G-project te leiden, neemt de leiding over van een vlaggenschipinitiatief voor duurzaam 6G. Dit project beoogt innovatieve oplossingen te ontwerpen die zijn afgestemd op ecologische, economische en maatschappelijke uitdagingen door de mogelijkheden van 6G te benutten. Drie prioritaire sectoren worden beoogd: energie, gezondheid en landbouw. In een context\u2026 <\/p>\n<div class=\"pmpro_content_message\">Artikel alleen beschikbaar voor abonnees.<br \/><a href=\"https:\/\/territorialchallenges.com\/wp-login.php\">Login<\/a><br \/><a href=\"https:\/\/territorialchallenges.com\/nl\/wp-login.php\/?action=register\">Register<\/a><\/div>","protected":false},"excerpt":{"rendered":"<p>L&rsquo;\u00e9quipementier finlandais, s\u00e9lectionn\u00e9 pour diriger le projet europ\u00e9en SUSTAIN-6G, prend les r\u00eanes d&rsquo;une initiative phare pour une 6G durable. Ce projet vise \u00e0 concevoir des solutions innovantes, adapt\u00e9es aux d\u00e9fis environnementaux, \u00e9conomiques et soci\u00e9taux en utilisant les capacit\u00e9s de la 6G. Trois secteurs prioritaires sont cibl\u00e9s : l&rsquo;\u00e9nergie, la sant\u00e9 et l&rsquo;agriculture. Dans un contexte... <\/p>\n<div class=\"pmpro_content_message\">Artikel alleen beschikbaar voor abonnees.<br \/><a href=\"https:\/\/territorialchallenges.com\/wp-login.php\">Login<\/a><br \/><a href=\"https:\/\/territorialchallenges.com\/nl\/wp-login.php\/?action=register\">Register<\/a><\/div>","protected":false},"author":11,"featured_media":123527,"comment_status":"closed","ping_status":"closed","sticky":true,"template":"","format":"standard","meta":{"pmpro_default_level":0,"footnotes":""},"categories":[16,127],"tags":[],"blocksy_meta":"","yoast_head":"<!-- This site is optimized with the Yoast SEO plugin v21.5 - https:\/\/yoast.com\/wordpress\/plugins\/seo\/ -->\n<title>Nokia aux commandes de la durabilit\u00e9 pour la 6G en Europe - Territorial Challenges<\/title>\n<meta name=\"robots\" content=\"index, follow, max-snippet:-1, max-image-preview:large, max-video-preview:-1\" \/>\n<link rel=\"canonical\" href=\"https:\/\/territorialchallenges.com\/nl\/2024\/11\/14\/nokia-aux-commandes-de-la-durabilite-pour-la-6g-en-europe\/123526\/\" \/>\n<meta property=\"og:locale\" content=\"nl_NL\" \/>\n<meta property=\"og:type\" content=\"article\" \/>\n<meta property=\"og:title\" content=\"Nokia aux commandes de la durabilit\u00e9 pour la 6G en Europe - Territorial Challenges\" \/>\n<meta property=\"og:description\" content=\"L&rsquo;\u00e9quipementier finlandais, s\u00e9lectionn\u00e9 pour diriger le projet europ\u00e9en SUSTAIN-6G, prend les r\u00eanes d&rsquo;une initiative phare pour une 6G durable. Ce projet vise \u00e0 concevoir des solutions innovantes, adapt\u00e9es aux d\u00e9fis environnementaux, \u00e9conomiques et soci\u00e9taux en utilisant les capacit\u00e9s de la 6G. Trois secteurs prioritaires sont cibl\u00e9s : l&rsquo;\u00e9nergie, la sant\u00e9 et l&rsquo;agriculture. Dans un contexte [&hellip;]\" \/>\n<meta property=\"og:url\" content=\"https:\/\/territorialchallenges.com\/nl\/2024\/11\/14\/nokia-aux-commandes-de-la-durabilite-pour-la-6g-en-europe\/123526\/\" \/>\n<meta property=\"og:site_name\" content=\"Territorial Challenges\" \/>\n<meta property=\"article:published_time\" content=\"2024-11-14T14:47:58+00:00\" \/>\n<meta property=\"article:modified_time\" content=\"2024-11-14T14:48:01+00:00\" \/>\n<meta property=\"og:image\" content=\"https:\/\/territorialchallenges.com\/wp-content\/uploads\/2024\/11\/donneesimage.jpg\" \/>\n\t<meta property=\"og:image:width\" content=\"1280\" \/>\n\t<meta property=\"og:image:height\" content=\"720\" \/>\n\t<meta property=\"og:image:type\" content=\"image\/jpeg\" \/>\n<meta name=\"author\" content=\"ni.abdi\" \/>\n<meta name=\"twitter:card\" content=\"summary_large_image\" \/>\n<meta name=\"twitter:creator\" content=\"@Ni.abdi\" \/>\n<meta name=\"twitter:label1\" content=\"Geschreven door\" \/>\n\t<meta name=\"twitter:data1\" content=\"ni.abdi\" \/>\n\t<meta name=\"twitter:label2\" content=\"Geschatte leestijd\" \/>\n\t<meta name=\"twitter:data2\" content=\"5 minuten\" \/>\n<script type=\"application\/ld+json\" class=\"yoast-schema-graph\">{\"@context\":\"https:\/\/schema.org\",\"@graph\":[{\"@type\":\"Article\",\"@id\":\"https:\/\/territorialchallenges.com\/2024\/11\/14\/nokia-aux-commandes-de-la-durabilite-pour-la-6g-en-europe\/123526\/#article\",\"isPartOf\":{\"@id\":\"https:\/\/territorialchallenges.com\/2024\/11\/14\/nokia-aux-commandes-de-la-durabilite-pour-la-6g-en-europe\/123526\/\"},\"author\":{\"name\":\"ni.abdi\",\"@id\":\"https:\/\/territorialchallenges.com\/#\/schema\/person\/098f145c7c61a021c425e010f840080f\"},\"headline\":\"Nokia aux commandes de la durabilit\u00e9 pour la 6G en Europe\",\"datePublished\":\"2024-11-14T14:47:58+00:00\",\"dateModified\":\"2024-11-14T14:48:01+00:00\",\"mainEntityOfPage\":{\"@id\":\"https:\/\/territorialchallenges.com\/2024\/11\/14\/nokia-aux-commandes-de-la-durabilite-pour-la-6g-en-europe\/123526\/\"},\"wordCount\":953,\"publisher\":{\"@id\":\"https:\/\/territorialchallenges.com\/#organization\"},\"articleSection\":[\"Donn\u00e9es\/Objets Connect\u00e9s\",\"Actualit\u00e9 Europe\"],\"inLanguage\":\"nl-NL\"},{\"@type\":\"WebPage\",\"@id\":\"https:\/\/territorialchallenges.com\/2024\/11\/14\/nokia-aux-commandes-de-la-durabilite-pour-la-6g-en-europe\/123526\/\",\"url\":\"https:\/\/territorialchallenges.com\/2024\/11\/14\/nokia-aux-commandes-de-la-durabilite-pour-la-6g-en-europe\/123526\/\",\"name\":\"Nokia aux commandes de la durabilit\u00e9 pour la 6G en Europe - Territorial Challenges\",\"isPartOf\":{\"@id\":\"https:\/\/territorialchallenges.com\/#website\"},\"datePublished\":\"2024-11-14T14:47:58+00:00\",\"dateModified\":\"2024-11-14T14:48:01+00:00\",\"breadcrumb\":{\"@id\":\"https:\/\/territorialchallenges.com\/2024\/11\/14\/nokia-aux-commandes-de-la-durabilite-pour-la-6g-en-europe\/123526\/#breadcrumb\"},\"inLanguage\":\"nl-NL\",\"potentialAction\":[{\"@type\":\"ReadAction\",\"target\":[\"https:\/\/territorialchallenges.com\/2024\/11\/14\/nokia-aux-commandes-de-la-durabilite-pour-la-6g-en-europe\/123526\/\"]}]},{\"@type\":\"BreadcrumbList\",\"@id\":\"https:\/\/territorialchallenges.com\/2024\/11\/14\/nokia-aux-commandes-de-la-durabilite-pour-la-6g-en-europe\/123526\/#breadcrumb\",\"itemListElement\":[{\"@type\":\"ListItem\",\"position\":1,\"name\":\"Home\",\"item\":\"https:\/\/territorialchallenges.com\/\"},{\"@type\":\"ListItem\",\"position\":2,\"name\":\"Nokia aux commandes de la durabilit\u00e9 pour la 6G en Europe\"}]},{\"@type\":\"WebSite\",\"@id\":\"https:\/\/territorialchallenges.com\/#website\",\"url\":\"https:\/\/territorialchallenges.com\/\",\"name\":\"Territorial Challenges\",\"description\":\"Veille Internationale - Strat\u00e9gie Intelligentes - Bonnes pratiques\",\"publisher\":{\"@id\":\"https:\/\/territorialchallenges.com\/#organization\"},\"potentialAction\":[{\"@type\":\"SearchAction\",\"target\":{\"@type\":\"EntryPoint\",\"urlTemplate\":\"https:\/\/territorialchallenges.com\/?s={search_term_string}\"},\"query-input\":\"required name=search_term_string\"}],\"inLanguage\":\"nl-NL\"},{\"@type\":\"Organization\",\"@id\":\"https:\/\/territorialchallenges.com\/#organization\",\"name\":\"Territorial Challenges\",\"url\":\"https:\/\/territorialchallenges.com\/\",\"logo\":{\"@type\":\"ImageObject\",\"inLanguage\":\"nl-NL\",\"@id\":\"https:\/\/territorialchallenges.com\/#\/schema\/logo\/image\/\",\"url\":\"https:\/\/territorialchallenges.com\/wp-content\/uploads\/2023\/10\/logo-1.png\",\"contentUrl\":\"https:\/\/territorialchallenges.com\/wp-content\/uploads\/2023\/10\/logo-1.png\",\"width\":1832,\"height\":576,\"caption\":\"Territorial Challenges\"},\"image\":{\"@id\":\"https:\/\/territorialchallenges.com\/#\/schema\/logo\/image\/\"}},{\"@type\":\"Person\",\"@id\":\"https:\/\/territorialchallenges.com\/#\/schema\/person\/098f145c7c61a021c425e010f840080f\",\"name\":\"ni.abdi\",\"image\":{\"@type\":\"ImageObject\",\"inLanguage\":\"nl-NL\",\"@id\":\"https:\/\/territorialchallenges.com\/#\/schema\/person\/image\/\",\"url\":\"https:\/\/secure.gravatar.com\/avatar\/2a2f2491f3c80039986ba989b1e4b510?s=96&d=identicon&r=g\",\"contentUrl\":\"https:\/\/secure.gravatar.com\/avatar\/2a2f2491f3c80039986ba989b1e4b510?s=96&d=identicon&r=g\",\"caption\":\"ni.abdi\"},\"sameAs\":[\"https:\/\/twitter.com\/Ni.abdi\"],\"url\":\"https:\/\/territorialchallenges.com\/nl\/author\/ni-abdi\/\"}]}<\/script>\n<!-- \/ Yoast SEO plugin. -->","yoast_head_json":{"title":"Nokia aux commandes de la durabilit\u00e9 pour la 6G en Europe - Territorial Challenges","robots":{"index":"index","follow":"follow","max-snippet":"max-snippet:-1","max-image-preview":"max-image-preview:large","max-video-preview":"max-video-preview:-1"},"canonical":"https:\/\/territorialchallenges.com\/nl\/2024\/11\/14\/nokia-aux-commandes-de-la-durabilite-pour-la-6g-en-europe\/123526\/","og_locale":"nl_NL","og_type":"article","og_title":"Nokia aux commandes de la durabilit\u00e9 pour la 6G en Europe - Territorial Challenges","og_description":"L&rsquo;\u00e9quipementier finlandais, s\u00e9lectionn\u00e9 pour diriger le projet europ\u00e9en SUSTAIN-6G, prend les r\u00eanes d&rsquo;une initiative phare pour une 6G durable. Ce projet vise \u00e0 concevoir des solutions innovantes, adapt\u00e9es aux d\u00e9fis environnementaux, \u00e9conomiques et soci\u00e9taux en utilisant les capacit\u00e9s de la 6G. Trois secteurs prioritaires sont cibl\u00e9s : l&rsquo;\u00e9nergie, la sant\u00e9 et l&rsquo;agriculture. Dans un contexte [&hellip;]","og_url":"https:\/\/territorialchallenges.com\/nl\/2024\/11\/14\/nokia-aux-commandes-de-la-durabilite-pour-la-6g-en-europe\/123526\/","og_site_name":"Territorial Challenges","article_published_time":"2024-11-14T14:47:58+00:00","article_modified_time":"2024-11-14T14:48:01+00:00","og_image":[{"width":1280,"height":720,"url":"https:\/\/territorialchallenges.com\/wp-content\/uploads\/2024\/11\/donneesimage.jpg","type":"image\/jpeg"}],"author":"ni.abdi","twitter_card":"summary_large_image","twitter_creator":"@Ni.abdi","twitter_misc":{"Geschreven door":"ni.abdi","Geschatte leestijd":"5 minuten"},"schema":{"@context":"https:\/\/schema.org","@graph":[{"@type":"Article","@id":"https:\/\/territorialchallenges.com\/2024\/11\/14\/nokia-aux-commandes-de-la-durabilite-pour-la-6g-en-europe\/123526\/#article","isPartOf":{"@id":"https:\/\/territorialchallenges.com\/2024\/11\/14\/nokia-aux-commandes-de-la-durabilite-pour-la-6g-en-europe\/123526\/"},"author":{"name":"ni.abdi","@id":"https:\/\/territorialchallenges.com\/#\/schema\/person\/098f145c7c61a021c425e010f840080f"},"headline":"Nokia aux commandes de la durabilit\u00e9 pour la 6G en Europe","datePublished":"2024-11-14T14:47:58+00:00","dateModified":"2024-11-14T14:48:01+00:00","mainEntityOfPage":{"@id":"https:\/\/territorialchallenges.com\/2024\/11\/14\/nokia-aux-commandes-de-la-durabilite-pour-la-6g-en-europe\/123526\/"},"wordCount":953,"publisher":{"@id":"https:\/\/territorialchallenges.com\/#organization"},"articleSection":["Donn\u00e9es\/Objets Connect\u00e9s","Actualit\u00e9 Europe"],"inLanguage":"nl-NL"},{"@type":"WebPage","@id":"https:\/\/territorialchallenges.com\/2024\/11\/14\/nokia-aux-commandes-de-la-durabilite-pour-la-6g-en-europe\/123526\/","url":"https:\/\/territorialchallenges.com\/2024\/11\/14\/nokia-aux-commandes-de-la-durabilite-pour-la-6g-en-europe\/123526\/","name":"Nokia aux commandes de la durabilit\u00e9 pour la 6G en Europe - Territorial Challenges","isPartOf":{"@id":"https:\/\/territorialchallenges.com\/#website"},"datePublished":"2024-11-14T14:47:58+00:00","dateModified":"2024-11-14T14:48:01+00:00","breadcrumb":{"@id":"https:\/\/territorialchallenges.com\/2024\/11\/14\/nokia-aux-commandes-de-la-durabilite-pour-la-6g-en-europe\/123526\/#breadcrumb"},"inLanguage":"nl-NL","potentialAction":[{"@type":"ReadAction","target":["https:\/\/territorialchallenges.com\/2024\/11\/14\/nokia-aux-commandes-de-la-durabilite-pour-la-6g-en-europe\/123526\/"]}]},{"@type":"BreadcrumbList","@id":"https:\/\/territorialchallenges.com\/2024\/11\/14\/nokia-aux-commandes-de-la-durabilite-pour-la-6g-en-europe\/123526\/#breadcrumb","itemListElement":[{"@type":"ListItem","position":1,"name":"Home","item":"https:\/\/territorialchallenges.com\/"},{"@type":"ListItem","position":2,"name":"Nokia aux commandes de la durabilit\u00e9 pour la 6G en Europe"}]},{"@type":"WebSite","@id":"https:\/\/territorialchallenges.com\/#website","url":"https:\/\/territorialchallenges.com\/","name":"Territoriale uitdagingen","description":"Internationale monitoring - Slimme strategie\u00ebn - Beste praktijken","publisher":{"@id":"https:\/\/territorialchallenges.com\/#organization"},"potentialAction":[{"@type":"SearchAction","target":{"@type":"EntryPoint","urlTemplate":"https:\/\/territorialchallenges.com\/?s={search_term_string}"},"query-input":"required name=search_term_string"}],"inLanguage":"nl-NL"},{"@type":"Organization","@id":"https:\/\/territorialchallenges.com\/#organization","name":"Territoriale uitdagingen","url":"https:\/\/territorialchallenges.com\/","logo":{"@type":"ImageObject","inLanguage":"nl-NL","@id":"https:\/\/territorialchallenges.com\/#\/schema\/logo\/image\/","url":"https:\/\/territorialchallenges.com\/wp-content\/uploads\/2023\/10\/logo-1.png","contentUrl":"https:\/\/territorialchallenges.com\/wp-content\/uploads\/2023\/10\/logo-1.png","width":1832,"height":576,"caption":"Territorial Challenges"},"image":{"@id":"https:\/\/territorialchallenges.com\/#\/schema\/logo\/image\/"}},{"@type":"Person","@id":"https:\/\/territorialchallenges.com\/#\/schema\/person\/098f145c7c61a021c425e010f840080f","name":"ni.abdi","image":{"@type":"ImageObject","inLanguage":"nl-NL","@id":"https:\/\/territorialchallenges.com\/#\/schema\/person\/image\/","url":"https:\/\/secure.gravatar.com\/avatar\/2a2f2491f3c80039986ba989b1e4b510?s=96&d=identicon&r=g","contentUrl":"https:\/\/secure.gravatar.com\/avatar\/2a2f2491f3c80039986ba989b1e4b510?s=96&d=identicon&r=g","caption":"ni.abdi"},"sameAs":["https:\/\/twitter.com\/Ni.abdi"],"url":"https:\/\/territorialchallenges.com\/nl\/author\/ni-abdi\/"}]}},"_links":{"self":[{"href":"https:\/\/territorialchallenges.com\/nl\/wp-json\/wp\/v2\/posts\/123526"}],"collection":[{"href":"https:\/\/territorialchallenges.com\/nl\/wp-json\/wp\/v2\/posts"}],"about":[{"href":"https:\/\/territorialchallenges.com\/nl\/wp-json\/wp\/v2\/types\/post"}],"author":[{"embeddable":true,"href":"https:\/\/territorialchallenges.com\/nl\/wp-json\/wp\/v2\/users\/11"}],"replies":[{"embeddable":true,"href":"https:\/\/territorialchallenges.com\/nl\/wp-json\/wp\/v2\/comments?post=123526"}],"version-history":[{"count":1,"href":"https:\/\/territorialchallenges.com\/nl\/wp-json\/wp\/v2\/posts\/123526\/revisions"}],"predecessor-version":[{"id":123528,"href":"https:\/\/territorialchallenges.com\/nl\/wp-json\/wp\/v2\/posts\/123526\/revisions\/123528"}],"wp:featuredmedia":[{"embeddable":true,"href":"https:\/\/territorialchallenges.com\/nl\/wp-json\/wp\/v2\/media\/123527"}],"wp:attachment":[{"href":"https:\/\/territorialchallenges.com\/nl\/wp-json\/wp\/v2\/media?parent=123526"}],"wp:term":[{"taxonomy":"category","embeddable":true,"href":"https:\/\/territorialchallenges.com\/nl\/wp-json\/wp\/v2\/categories?post=123526"},{"taxonomy":"post_tag","embeddable":true,"href":"https:\/\/territorialchallenges.com\/nl\/wp-json\/wp\/v2\/tags?post=123526"}],"curies":[{"name":"wp","href":"https:\/\/api.w.org\/{rel}","templated":true}]}}