{"id":123523,"date":"2024-11-14T15:43:40","date_gmt":"2024-11-14T14:43:40","guid":{"rendered":"https:\/\/territorialchallenges.com\/?p=123523"},"modified":"2024-11-14T15:43:43","modified_gmt":"2024-11-14T14:43:43","slug":"les-mutations-technologiques-un-regard-retrospectif-sur-les-viemes-rencontres-nationales-de-chantilly","status":"publish","type":"post","link":"https:\/\/territorialchallenges.com\/nl\/2024\/11\/14\/les-mutations-technologiques-un-regard-retrospectif-sur-les-viemes-rencontres-nationales-de-chantilly\/123523\/","title":{"rendered":"Technologische veranderingen: een terugblik op de 6e Nationale Vergadering van Chantilly"},"content":{"rendered":"<p>In september 1980 brachten de 6e Nationale Vergadering van Chantilly, georganiseerd door het Centre de Recherche d&#039;Economie Industrielle van de Universiteit Parijs XIII en de Associatie voor de Ontwikkeling van Studies over Bedrijf en Industrie (ADEFI), experts bijeen om technologische veranderingen en hun economische en sociale impact te bespreken. Dit evenement, dat\u2026 <\/p>\n<div class=\"pmpro_content_message\">Artikel alleen beschikbaar voor abonnees.<br \/><a href=\"https:\/\/territorialchallenges.com\/wp-login.php\">Login<\/a><br \/><a href=\"https:\/\/territorialchallenges.com\/nl\/wp-login.php\/?action=register\">Register<\/a><\/div>","protected":false},"excerpt":{"rendered":"<p>En septembre 1980, les VI\u00e8mes Rencontres Nationales de Chantilly, organis\u00e9es par le Centre de Recherche en \u00c9conomie Industrielle de l&rsquo;Universit\u00e9 de Paris XIII et l&rsquo;Association pour le D\u00e9veloppement des \u00c9tudes sur la Firme et l&rsquo;Industrie (ADEFI), ont r\u00e9uni des experts pour discuter des mutations technologiques et de leur impact \u00e9conomique et social. Cet \u00e9v\u00e9nement, dont... <\/p>\n<div class=\"pmpro_content_message\">Artikel alleen beschikbaar voor abonnees.<br \/><a href=\"https:\/\/territorialchallenges.com\/wp-login.php\">Login<\/a><br \/><a href=\"https:\/\/territorialchallenges.com\/nl\/wp-login.php\/?action=register\">Register<\/a><\/div>","protected":false},"author":11,"featured_media":123524,"comment_status":"closed","ping_status":"closed","sticky":true,"template":"","format":"standard","meta":{"pmpro_default_level":0,"footnotes":""},"categories":[121],"tags":[],"blocksy_meta":"","yoast_head":"<!-- This site is optimized with the Yoast SEO plugin v21.5 - https:\/\/yoast.com\/wordpress\/plugins\/seo\/ -->\n<title>Les mutations technologiques : un regard r\u00e9trospectif sur les VI\u00e8mes Rencontres nationales de Chantilly - Territorial Challenges<\/title>\n<meta name=\"robots\" content=\"index, follow, max-snippet:-1, max-image-preview:large, max-video-preview:-1\" \/>\n<link rel=\"canonical\" href=\"https:\/\/territorialchallenges.com\/nl\/2024\/11\/14\/les-mutations-technologiques-un-regard-retrospectif-sur-les-viemes-rencontres-nationales-de-chantilly\/123523\/\" \/>\n<meta property=\"og:locale\" content=\"nl_NL\" \/>\n<meta property=\"og:type\" content=\"article\" \/>\n<meta property=\"og:title\" content=\"Les mutations technologiques : un regard r\u00e9trospectif sur les VI\u00e8mes Rencontres nationales de Chantilly - Territorial Challenges\" \/>\n<meta property=\"og:description\" content=\"En septembre 1980, les VI\u00e8mes Rencontres Nationales de Chantilly, organis\u00e9es par le Centre de Recherche en \u00c9conomie Industrielle de l&rsquo;Universit\u00e9 de Paris XIII et l&rsquo;Association pour le D\u00e9veloppement des \u00c9tudes sur la Firme et l&rsquo;Industrie (ADEFI), ont r\u00e9uni des experts pour discuter des mutations technologiques et de leur impact \u00e9conomique et social. Cet \u00e9v\u00e9nement, dont [&hellip;]\" \/>\n<meta property=\"og:url\" content=\"https:\/\/territorialchallenges.com\/nl\/2024\/11\/14\/les-mutations-technologiques-un-regard-retrospectif-sur-les-viemes-rencontres-nationales-de-chantilly\/123523\/\" \/>\n<meta property=\"og:site_name\" content=\"Territorial Challenges\" \/>\n<meta property=\"article:published_time\" content=\"2024-11-14T14:43:40+00:00\" \/>\n<meta property=\"article:modified_time\" content=\"2024-11-14T14:43:43+00:00\" \/>\n<meta property=\"og:image\" content=\"https:\/\/territorialchallenges.com\/wp-content\/uploads\/2024\/11\/MemoireLes_Mutations_technologiques___VIes_.Association_pour_bpt6k3328455p.jpeg\" \/>\n\t<meta property=\"og:image:width\" content=\"990\" \/>\n\t<meta property=\"og:image:height\" content=\"1566\" \/>\n\t<meta property=\"og:image:type\" content=\"image\/jpeg\" \/>\n<meta name=\"author\" content=\"ni.abdi\" \/>\n<meta name=\"twitter:card\" content=\"summary_large_image\" \/>\n<meta name=\"twitter:creator\" content=\"@Ni.abdi\" \/>\n<meta name=\"twitter:label1\" content=\"Geschreven door\" \/>\n\t<meta name=\"twitter:data1\" content=\"ni.abdi\" \/>\n\t<meta name=\"twitter:label2\" content=\"Geschatte leestijd\" \/>\n\t<meta name=\"twitter:data2\" content=\"3 minuten\" \/>\n<script type=\"application\/ld+json\" class=\"yoast-schema-graph\">{\"@context\":\"https:\/\/schema.org\",\"@graph\":[{\"@type\":\"Article\",\"@id\":\"https:\/\/territorialchallenges.com\/2024\/11\/14\/les-mutations-technologiques-un-regard-retrospectif-sur-les-viemes-rencontres-nationales-de-chantilly\/123523\/#article\",\"isPartOf\":{\"@id\":\"https:\/\/territorialchallenges.com\/2024\/11\/14\/les-mutations-technologiques-un-regard-retrospectif-sur-les-viemes-rencontres-nationales-de-chantilly\/123523\/\"},\"author\":{\"name\":\"ni.abdi\",\"@id\":\"https:\/\/territorialchallenges.com\/#\/schema\/person\/098f145c7c61a021c425e010f840080f\"},\"headline\":\"Les mutations technologiques : un regard r\u00e9trospectif sur les VI\u00e8mes Rencontres nationales de Chantilly\",\"datePublished\":\"2024-11-14T14:43:40+00:00\",\"dateModified\":\"2024-11-14T14:43:43+00:00\",\"mainEntityOfPage\":{\"@id\":\"https:\/\/territorialchallenges.com\/2024\/11\/14\/les-mutations-technologiques-un-regard-retrospectif-sur-les-viemes-rencontres-nationales-de-chantilly\/123523\/\"},\"wordCount\":620,\"publisher\":{\"@id\":\"https:\/\/territorialchallenges.com\/#organization\"},\"articleSection\":[\"M\u00e9moire\"],\"inLanguage\":\"nl-NL\"},{\"@type\":\"WebPage\",\"@id\":\"https:\/\/territorialchallenges.com\/2024\/11\/14\/les-mutations-technologiques-un-regard-retrospectif-sur-les-viemes-rencontres-nationales-de-chantilly\/123523\/\",\"url\":\"https:\/\/territorialchallenges.com\/2024\/11\/14\/les-mutations-technologiques-un-regard-retrospectif-sur-les-viemes-rencontres-nationales-de-chantilly\/123523\/\",\"name\":\"Les mutations technologiques : un regard r\u00e9trospectif sur les VI\u00e8mes Rencontres nationales de Chantilly - Territorial Challenges\",\"isPartOf\":{\"@id\":\"https:\/\/territorialchallenges.com\/#website\"},\"datePublished\":\"2024-11-14T14:43:40+00:00\",\"dateModified\":\"2024-11-14T14:43:43+00:00\",\"breadcrumb\":{\"@id\":\"https:\/\/territorialchallenges.com\/2024\/11\/14\/les-mutations-technologiques-un-regard-retrospectif-sur-les-viemes-rencontres-nationales-de-chantilly\/123523\/#breadcrumb\"},\"inLanguage\":\"nl-NL\",\"potentialAction\":[{\"@type\":\"ReadAction\",\"target\":[\"https:\/\/territorialchallenges.com\/2024\/11\/14\/les-mutations-technologiques-un-regard-retrospectif-sur-les-viemes-rencontres-nationales-de-chantilly\/123523\/\"]}]},{\"@type\":\"BreadcrumbList\",\"@id\":\"https:\/\/territorialchallenges.com\/2024\/11\/14\/les-mutations-technologiques-un-regard-retrospectif-sur-les-viemes-rencontres-nationales-de-chantilly\/123523\/#breadcrumb\",\"itemListElement\":[{\"@type\":\"ListItem\",\"position\":1,\"name\":\"Home\",\"item\":\"https:\/\/territorialchallenges.com\/\"},{\"@type\":\"ListItem\",\"position\":2,\"name\":\"Les mutations technologiques : un regard r\u00e9trospectif sur les VI\u00e8mes Rencontres nationales de Chantilly\"}]},{\"@type\":\"WebSite\",\"@id\":\"https:\/\/territorialchallenges.com\/#website\",\"url\":\"https:\/\/territorialchallenges.com\/\",\"name\":\"Territorial Challenges\",\"description\":\"Veille Internationale - Strat\u00e9gie Intelligentes - Bonnes pratiques\",\"publisher\":{\"@id\":\"https:\/\/territorialchallenges.com\/#organization\"},\"potentialAction\":[{\"@type\":\"SearchAction\",\"target\":{\"@type\":\"EntryPoint\",\"urlTemplate\":\"https:\/\/territorialchallenges.com\/?s={search_term_string}\"},\"query-input\":\"required name=search_term_string\"}],\"inLanguage\":\"nl-NL\"},{\"@type\":\"Organization\",\"@id\":\"https:\/\/territorialchallenges.com\/#organization\",\"name\":\"Territorial Challenges\",\"url\":\"https:\/\/territorialchallenges.com\/\",\"logo\":{\"@type\":\"ImageObject\",\"inLanguage\":\"nl-NL\",\"@id\":\"https:\/\/territorialchallenges.com\/#\/schema\/logo\/image\/\",\"url\":\"https:\/\/territorialchallenges.com\/wp-content\/uploads\/2023\/10\/logo-1.png\",\"contentUrl\":\"https:\/\/territorialchallenges.com\/wp-content\/uploads\/2023\/10\/logo-1.png\",\"width\":1832,\"height\":576,\"caption\":\"Territorial Challenges\"},\"image\":{\"@id\":\"https:\/\/territorialchallenges.com\/#\/schema\/logo\/image\/\"}},{\"@type\":\"Person\",\"@id\":\"https:\/\/territorialchallenges.com\/#\/schema\/person\/098f145c7c61a021c425e010f840080f\",\"name\":\"ni.abdi\",\"image\":{\"@type\":\"ImageObject\",\"inLanguage\":\"nl-NL\",\"@id\":\"https:\/\/territorialchallenges.com\/#\/schema\/person\/image\/\",\"url\":\"https:\/\/secure.gravatar.com\/avatar\/2a2f2491f3c80039986ba989b1e4b510?s=96&d=identicon&r=g\",\"contentUrl\":\"https:\/\/secure.gravatar.com\/avatar\/2a2f2491f3c80039986ba989b1e4b510?s=96&d=identicon&r=g\",\"caption\":\"ni.abdi\"},\"sameAs\":[\"https:\/\/twitter.com\/Ni.abdi\"],\"url\":\"https:\/\/territorialchallenges.com\/nl\/author\/ni-abdi\/\"}]}<\/script>\n<!-- \/ Yoast SEO plugin. -->","yoast_head_json":{"title":"Les mutations technologiques : un regard r\u00e9trospectif sur les VI\u00e8mes Rencontres nationales de Chantilly - Territorial Challenges","robots":{"index":"index","follow":"follow","max-snippet":"max-snippet:-1","max-image-preview":"max-image-preview:large","max-video-preview":"max-video-preview:-1"},"canonical":"https:\/\/territorialchallenges.com\/nl\/2024\/11\/14\/les-mutations-technologiques-un-regard-retrospectif-sur-les-viemes-rencontres-nationales-de-chantilly\/123523\/","og_locale":"nl_NL","og_type":"article","og_title":"Les mutations technologiques : un regard r\u00e9trospectif sur les VI\u00e8mes Rencontres nationales de Chantilly - Territorial Challenges","og_description":"En septembre 1980, les VI\u00e8mes Rencontres Nationales de Chantilly, organis\u00e9es par le Centre de Recherche en \u00c9conomie Industrielle de l&rsquo;Universit\u00e9 de Paris XIII et l&rsquo;Association pour le D\u00e9veloppement des \u00c9tudes sur la Firme et l&rsquo;Industrie (ADEFI), ont r\u00e9uni des experts pour discuter des mutations technologiques et de leur impact \u00e9conomique et social. Cet \u00e9v\u00e9nement, dont [&hellip;]","og_url":"https:\/\/territorialchallenges.com\/nl\/2024\/11\/14\/les-mutations-technologiques-un-regard-retrospectif-sur-les-viemes-rencontres-nationales-de-chantilly\/123523\/","og_site_name":"Territorial Challenges","article_published_time":"2024-11-14T14:43:40+00:00","article_modified_time":"2024-11-14T14:43:43+00:00","og_image":[{"width":990,"height":1566,"url":"https:\/\/territorialchallenges.com\/wp-content\/uploads\/2024\/11\/MemoireLes_Mutations_technologiques___VIes_.Association_pour_bpt6k3328455p.jpeg","type":"image\/jpeg"}],"author":"ni.abdi","twitter_card":"summary_large_image","twitter_creator":"@Ni.abdi","twitter_misc":{"Geschreven door":"ni.abdi","Geschatte leestijd":"3 minuten"},"schema":{"@context":"https:\/\/schema.org","@graph":[{"@type":"Article","@id":"https:\/\/territorialchallenges.com\/2024\/11\/14\/les-mutations-technologiques-un-regard-retrospectif-sur-les-viemes-rencontres-nationales-de-chantilly\/123523\/#article","isPartOf":{"@id":"https:\/\/territorialchallenges.com\/2024\/11\/14\/les-mutations-technologiques-un-regard-retrospectif-sur-les-viemes-rencontres-nationales-de-chantilly\/123523\/"},"author":{"name":"ni.abdi","@id":"https:\/\/territorialchallenges.com\/#\/schema\/person\/098f145c7c61a021c425e010f840080f"},"headline":"Les mutations technologiques : un regard r\u00e9trospectif sur les VI\u00e8mes Rencontres nationales de Chantilly","datePublished":"2024-11-14T14:43:40+00:00","dateModified":"2024-11-14T14:43:43+00:00","mainEntityOfPage":{"@id":"https:\/\/territorialchallenges.com\/2024\/11\/14\/les-mutations-technologiques-un-regard-retrospectif-sur-les-viemes-rencontres-nationales-de-chantilly\/123523\/"},"wordCount":620,"publisher":{"@id":"https:\/\/territorialchallenges.com\/#organization"},"articleSection":["M\u00e9moire"],"inLanguage":"nl-NL"},{"@type":"WebPage","@id":"https:\/\/territorialchallenges.com\/2024\/11\/14\/les-mutations-technologiques-un-regard-retrospectif-sur-les-viemes-rencontres-nationales-de-chantilly\/123523\/","url":"https:\/\/territorialchallenges.com\/2024\/11\/14\/les-mutations-technologiques-un-regard-retrospectif-sur-les-viemes-rencontres-nationales-de-chantilly\/123523\/","name":"Les mutations technologiques : un regard r\u00e9trospectif sur les VI\u00e8mes Rencontres nationales de Chantilly - Territorial Challenges","isPartOf":{"@id":"https:\/\/territorialchallenges.com\/#website"},"datePublished":"2024-11-14T14:43:40+00:00","dateModified":"2024-11-14T14:43:43+00:00","breadcrumb":{"@id":"https:\/\/territorialchallenges.com\/2024\/11\/14\/les-mutations-technologiques-un-regard-retrospectif-sur-les-viemes-rencontres-nationales-de-chantilly\/123523\/#breadcrumb"},"inLanguage":"nl-NL","potentialAction":[{"@type":"ReadAction","target":["https:\/\/territorialchallenges.com\/2024\/11\/14\/les-mutations-technologiques-un-regard-retrospectif-sur-les-viemes-rencontres-nationales-de-chantilly\/123523\/"]}]},{"@type":"BreadcrumbList","@id":"https:\/\/territorialchallenges.com\/2024\/11\/14\/les-mutations-technologiques-un-regard-retrospectif-sur-les-viemes-rencontres-nationales-de-chantilly\/123523\/#breadcrumb","itemListElement":[{"@type":"ListItem","position":1,"name":"Home","item":"https:\/\/territorialchallenges.com\/"},{"@type":"ListItem","position":2,"name":"Les mutations technologiques : un regard r\u00e9trospectif sur les VI\u00e8mes Rencontres nationales de Chantilly"}]},{"@type":"WebSite","@id":"https:\/\/territorialchallenges.com\/#website","url":"https:\/\/territorialchallenges.com\/","name":"Territoriale uitdagingen","description":"Internationale monitoring - Slimme strategie\u00ebn - Beste praktijken","publisher":{"@id":"https:\/\/territorialchallenges.com\/#organization"},"potentialAction":[{"@type":"SearchAction","target":{"@type":"EntryPoint","urlTemplate":"https:\/\/territorialchallenges.com\/?s={search_term_string}"},"query-input":"required name=search_term_string"}],"inLanguage":"nl-NL"},{"@type":"Organization","@id":"https:\/\/territorialchallenges.com\/#organization","name":"Territoriale uitdagingen","url":"https:\/\/territorialchallenges.com\/","logo":{"@type":"ImageObject","inLanguage":"nl-NL","@id":"https:\/\/territorialchallenges.com\/#\/schema\/logo\/image\/","url":"https:\/\/territorialchallenges.com\/wp-content\/uploads\/2023\/10\/logo-1.png","contentUrl":"https:\/\/territorialchallenges.com\/wp-content\/uploads\/2023\/10\/logo-1.png","width":1832,"height":576,"caption":"Territorial Challenges"},"image":{"@id":"https:\/\/territorialchallenges.com\/#\/schema\/logo\/image\/"}},{"@type":"Person","@id":"https:\/\/territorialchallenges.com\/#\/schema\/person\/098f145c7c61a021c425e010f840080f","name":"ni.abdi","image":{"@type":"ImageObject","inLanguage":"nl-NL","@id":"https:\/\/territorialchallenges.com\/#\/schema\/person\/image\/","url":"https:\/\/secure.gravatar.com\/avatar\/2a2f2491f3c80039986ba989b1e4b510?s=96&d=identicon&r=g","contentUrl":"https:\/\/secure.gravatar.com\/avatar\/2a2f2491f3c80039986ba989b1e4b510?s=96&d=identicon&r=g","caption":"ni.abdi"},"sameAs":["https:\/\/twitter.com\/Ni.abdi"],"url":"https:\/\/territorialchallenges.com\/nl\/author\/ni-abdi\/"}]}},"_links":{"self":[{"href":"https:\/\/territorialchallenges.com\/nl\/wp-json\/wp\/v2\/posts\/123523"}],"collection":[{"href":"https:\/\/territorialchallenges.com\/nl\/wp-json\/wp\/v2\/posts"}],"about":[{"href":"https:\/\/territorialchallenges.com\/nl\/wp-json\/wp\/v2\/types\/post"}],"author":[{"embeddable":true,"href":"https:\/\/territorialchallenges.com\/nl\/wp-json\/wp\/v2\/users\/11"}],"replies":[{"embeddable":true,"href":"https:\/\/territorialchallenges.com\/nl\/wp-json\/wp\/v2\/comments?post=123523"}],"version-history":[{"count":1,"href":"https:\/\/territorialchallenges.com\/nl\/wp-json\/wp\/v2\/posts\/123523\/revisions"}],"predecessor-version":[{"id":123525,"href":"https:\/\/territorialchallenges.com\/nl\/wp-json\/wp\/v2\/posts\/123523\/revisions\/123525"}],"wp:featuredmedia":[{"embeddable":true,"href":"https:\/\/territorialchallenges.com\/nl\/wp-json\/wp\/v2\/media\/123524"}],"wp:attachment":[{"href":"https:\/\/territorialchallenges.com\/nl\/wp-json\/wp\/v2\/media?parent=123523"}],"wp:term":[{"taxonomy":"category","embeddable":true,"href":"https:\/\/territorialchallenges.com\/nl\/wp-json\/wp\/v2\/categories?post=123523"},{"taxonomy":"post_tag","embeddable":true,"href":"https:\/\/territorialchallenges.com\/nl\/wp-json\/wp\/v2\/tags?post=123523"}],"curies":[{"name":"wp","href":"https:\/\/api.w.org\/{rel}","templated":true}]}}