{"id":123459,"date":"2024-10-26T21:43:07","date_gmt":"2024-10-26T19:43:07","guid":{"rendered":"https:\/\/territorialchallenges.com\/?p=123459"},"modified":"2024-10-26T21:43:09","modified_gmt":"2024-10-26T19:43:09","slug":"costa-rica-lancement-des-premiers-reseaux-5g-autonomes-pour-une-transformation-numerique-nationale","status":"publish","type":"post","link":"https:\/\/territorialchallenges.com\/nl\/2024\/10\/26\/costa-rica-lancement-des-premiers-reseaux-5g-autonomes-pour-une-transformation-numerique-nationale\/123459\/","title":{"rendered":"Costa Rica: lancering van de eerste autonome 5G-netwerken voor een nationale digitale transformatie"},"content":{"rendered":"<p>Costa Rica zet een grote stap in zijn digitale transformatie met de uitrol van standalone 5G door RACSA, een dochteronderneming van ICE, in samenwerking met Nokia. Het netwerk, dat in eerste instantie 30 locaties bestrijkt, belooft snelle verbindingen en verhoogde betrouwbaarheid, met een geplande uitbreiding naar 500 locaties. Costa Rica,\u2026 <\/p>\n<div class=\"pmpro_content_message\">Artikel alleen beschikbaar voor abonnees.<br \/><a href=\"https:\/\/territorialchallenges.com\/wp-login.php\">Login<\/a><br \/><a href=\"https:\/\/territorialchallenges.com\/nl\/wp-login.php\/?action=register\">Register<\/a><\/div>","protected":false},"excerpt":{"rendered":"<p>Le Costa Rica franchit un cap majeur dans sa transformation num\u00e9rique avec le d\u00e9ploiement de la 5G autonome par RACSA, une filiale de l&rsquo;ICE, en partenariat avec Nokia. Le r\u00e9seau, couvrant initialement 30 sites, promet des connexions \u00e0 haute vitesse et une fiabilit\u00e9 accrue, avec une expansion \u00e0 500 sites pr\u00e9vue. Le Costa Rica, \u00e0... <\/p>\n<div class=\"pmpro_content_message\">Artikel alleen beschikbaar voor abonnees.<br \/><a href=\"https:\/\/territorialchallenges.com\/wp-login.php\">Login<\/a><br \/><a href=\"https:\/\/territorialchallenges.com\/nl\/wp-login.php\/?action=register\">Register<\/a><\/div>","protected":false},"author":11,"featured_media":123460,"comment_status":"closed","ping_status":"closed","sticky":true,"template":"","format":"standard","meta":{"pmpro_default_level":0,"footnotes":""},"categories":[16,124],"tags":[],"blocksy_meta":"","yoast_head":"<!-- This site is optimized with the Yoast SEO plugin v21.5 - https:\/\/yoast.com\/wordpress\/plugins\/seo\/ -->\n<title>Costa Rica : lancement des premiers r\u00e9seaux 5G autonomes pour une transformation num\u00e9rique nationale - Territorial Challenges<\/title>\n<meta name=\"robots\" content=\"index, follow, max-snippet:-1, max-image-preview:large, max-video-preview:-1\" \/>\n<link rel=\"canonical\" href=\"https:\/\/territorialchallenges.com\/nl\/2024\/10\/26\/costa-rica-lancement-des-premiers-reseaux-5g-autonomes-pour-une-transformation-numerique-nationale\/123459\/\" \/>\n<meta property=\"og:locale\" content=\"nl_NL\" \/>\n<meta property=\"og:type\" content=\"article\" \/>\n<meta property=\"og:title\" content=\"Costa Rica : lancement des premiers r\u00e9seaux 5G autonomes pour une transformation num\u00e9rique nationale - Territorial Challenges\" \/>\n<meta property=\"og:description\" content=\"Le Costa Rica franchit un cap majeur dans sa transformation num\u00e9rique avec le d\u00e9ploiement de la 5G autonome par RACSA, une filiale de l&rsquo;ICE, en partenariat avec Nokia. Le r\u00e9seau, couvrant initialement 30 sites, promet des connexions \u00e0 haute vitesse et une fiabilit\u00e9 accrue, avec une expansion \u00e0 500 sites pr\u00e9vue. Le Costa Rica, \u00e0 [&hellip;]\" \/>\n<meta property=\"og:url\" content=\"https:\/\/territorialchallenges.com\/nl\/2024\/10\/26\/costa-rica-lancement-des-premiers-reseaux-5g-autonomes-pour-une-transformation-numerique-nationale\/123459\/\" \/>\n<meta property=\"og:site_name\" content=\"Territorial Challenges\" \/>\n<meta property=\"article:published_time\" content=\"2024-10-26T19:43:07+00:00\" \/>\n<meta property=\"article:modified_time\" content=\"2024-10-26T19:43:09+00:00\" \/>\n<meta property=\"og:image\" content=\"https:\/\/territorialchallenges.com\/wp-content\/uploads\/2024\/10\/donneesCostaRica.jpg\" \/>\n\t<meta property=\"og:image:width\" content=\"1280\" \/>\n\t<meta property=\"og:image:height\" content=\"853\" \/>\n\t<meta property=\"og:image:type\" content=\"image\/jpeg\" \/>\n<meta name=\"author\" content=\"ni.abdi\" \/>\n<meta name=\"twitter:card\" content=\"summary_large_image\" \/>\n<meta name=\"twitter:creator\" content=\"@Ni.abdi\" \/>\n<meta name=\"twitter:label1\" content=\"Geschreven door\" \/>\n\t<meta name=\"twitter:data1\" content=\"ni.abdi\" \/>\n\t<meta name=\"twitter:label2\" content=\"Geschatte leestijd\" \/>\n\t<meta name=\"twitter:data2\" content=\"5 minuten\" \/>\n<script type=\"application\/ld+json\" class=\"yoast-schema-graph\">{\"@context\":\"https:\/\/schema.org\",\"@graph\":[{\"@type\":\"Article\",\"@id\":\"https:\/\/territorialchallenges.com\/2024\/10\/26\/costa-rica-lancement-des-premiers-reseaux-5g-autonomes-pour-une-transformation-numerique-nationale\/123459\/#article\",\"isPartOf\":{\"@id\":\"https:\/\/territorialchallenges.com\/2024\/10\/26\/costa-rica-lancement-des-premiers-reseaux-5g-autonomes-pour-une-transformation-numerique-nationale\/123459\/\"},\"author\":{\"name\":\"ni.abdi\",\"@id\":\"https:\/\/territorialchallenges.com\/#\/schema\/person\/098f145c7c61a021c425e010f840080f\"},\"headline\":\"Costa Rica : lancement des premiers r\u00e9seaux 5G autonomes pour une transformation num\u00e9rique nationale\",\"datePublished\":\"2024-10-26T19:43:07+00:00\",\"dateModified\":\"2024-10-26T19:43:09+00:00\",\"mainEntityOfPage\":{\"@id\":\"https:\/\/territorialchallenges.com\/2024\/10\/26\/costa-rica-lancement-des-premiers-reseaux-5g-autonomes-pour-une-transformation-numerique-nationale\/123459\/\"},\"wordCount\":1037,\"publisher\":{\"@id\":\"https:\/\/territorialchallenges.com\/#organization\"},\"articleSection\":[\"Donn\u00e9es\/Objets Connect\u00e9s\",\"Actualit\u00e9 internationale\"],\"inLanguage\":\"nl-NL\"},{\"@type\":\"WebPage\",\"@id\":\"https:\/\/territorialchallenges.com\/2024\/10\/26\/costa-rica-lancement-des-premiers-reseaux-5g-autonomes-pour-une-transformation-numerique-nationale\/123459\/\",\"url\":\"https:\/\/territorialchallenges.com\/2024\/10\/26\/costa-rica-lancement-des-premiers-reseaux-5g-autonomes-pour-une-transformation-numerique-nationale\/123459\/\",\"name\":\"Costa Rica : lancement des premiers r\u00e9seaux 5G autonomes pour une transformation num\u00e9rique nationale - Territorial Challenges\",\"isPartOf\":{\"@id\":\"https:\/\/territorialchallenges.com\/#website\"},\"datePublished\":\"2024-10-26T19:43:07+00:00\",\"dateModified\":\"2024-10-26T19:43:09+00:00\",\"breadcrumb\":{\"@id\":\"https:\/\/territorialchallenges.com\/2024\/10\/26\/costa-rica-lancement-des-premiers-reseaux-5g-autonomes-pour-une-transformation-numerique-nationale\/123459\/#breadcrumb\"},\"inLanguage\":\"nl-NL\",\"potentialAction\":[{\"@type\":\"ReadAction\",\"target\":[\"https:\/\/territorialchallenges.com\/2024\/10\/26\/costa-rica-lancement-des-premiers-reseaux-5g-autonomes-pour-une-transformation-numerique-nationale\/123459\/\"]}]},{\"@type\":\"BreadcrumbList\",\"@id\":\"https:\/\/territorialchallenges.com\/2024\/10\/26\/costa-rica-lancement-des-premiers-reseaux-5g-autonomes-pour-une-transformation-numerique-nationale\/123459\/#breadcrumb\",\"itemListElement\":[{\"@type\":\"ListItem\",\"position\":1,\"name\":\"Home\",\"item\":\"https:\/\/territorialchallenges.com\/\"},{\"@type\":\"ListItem\",\"position\":2,\"name\":\"Costa Rica : lancement des premiers r\u00e9seaux 5G autonomes pour une transformation num\u00e9rique nationale\"}]},{\"@type\":\"WebSite\",\"@id\":\"https:\/\/territorialchallenges.com\/#website\",\"url\":\"https:\/\/territorialchallenges.com\/\",\"name\":\"Territorial Challenges\",\"description\":\"Veille Internationale - Strat\u00e9gie Intelligentes - Bonnes pratiques\",\"publisher\":{\"@id\":\"https:\/\/territorialchallenges.com\/#organization\"},\"potentialAction\":[{\"@type\":\"SearchAction\",\"target\":{\"@type\":\"EntryPoint\",\"urlTemplate\":\"https:\/\/territorialchallenges.com\/?s={search_term_string}\"},\"query-input\":\"required name=search_term_string\"}],\"inLanguage\":\"nl-NL\"},{\"@type\":\"Organization\",\"@id\":\"https:\/\/territorialchallenges.com\/#organization\",\"name\":\"Territorial Challenges\",\"url\":\"https:\/\/territorialchallenges.com\/\",\"logo\":{\"@type\":\"ImageObject\",\"inLanguage\":\"nl-NL\",\"@id\":\"https:\/\/territorialchallenges.com\/#\/schema\/logo\/image\/\",\"url\":\"https:\/\/territorialchallenges.com\/wp-content\/uploads\/2023\/10\/logo-1.png\",\"contentUrl\":\"https:\/\/territorialchallenges.com\/wp-content\/uploads\/2023\/10\/logo-1.png\",\"width\":1832,\"height\":576,\"caption\":\"Territorial Challenges\"},\"image\":{\"@id\":\"https:\/\/territorialchallenges.com\/#\/schema\/logo\/image\/\"}},{\"@type\":\"Person\",\"@id\":\"https:\/\/territorialchallenges.com\/#\/schema\/person\/098f145c7c61a021c425e010f840080f\",\"name\":\"ni.abdi\",\"image\":{\"@type\":\"ImageObject\",\"inLanguage\":\"nl-NL\",\"@id\":\"https:\/\/territorialchallenges.com\/#\/schema\/person\/image\/\",\"url\":\"https:\/\/secure.gravatar.com\/avatar\/2a2f2491f3c80039986ba989b1e4b510?s=96&d=identicon&r=g\",\"contentUrl\":\"https:\/\/secure.gravatar.com\/avatar\/2a2f2491f3c80039986ba989b1e4b510?s=96&d=identicon&r=g\",\"caption\":\"ni.abdi\"},\"sameAs\":[\"https:\/\/twitter.com\/Ni.abdi\"],\"url\":\"https:\/\/territorialchallenges.com\/nl\/author\/ni-abdi\/\"}]}<\/script>\n<!-- \/ Yoast SEO plugin. -->","yoast_head_json":{"title":"Costa Rica : lancement des premiers r\u00e9seaux 5G autonomes pour une transformation num\u00e9rique nationale - Territorial Challenges","robots":{"index":"index","follow":"follow","max-snippet":"max-snippet:-1","max-image-preview":"max-image-preview:large","max-video-preview":"max-video-preview:-1"},"canonical":"https:\/\/territorialchallenges.com\/nl\/2024\/10\/26\/costa-rica-lancement-des-premiers-reseaux-5g-autonomes-pour-une-transformation-numerique-nationale\/123459\/","og_locale":"nl_NL","og_type":"article","og_title":"Costa Rica : lancement des premiers r\u00e9seaux 5G autonomes pour une transformation num\u00e9rique nationale - Territorial Challenges","og_description":"Le Costa Rica franchit un cap majeur dans sa transformation num\u00e9rique avec le d\u00e9ploiement de la 5G autonome par RACSA, une filiale de l&rsquo;ICE, en partenariat avec Nokia. Le r\u00e9seau, couvrant initialement 30 sites, promet des connexions \u00e0 haute vitesse et une fiabilit\u00e9 accrue, avec une expansion \u00e0 500 sites pr\u00e9vue. Le Costa Rica, \u00e0 [&hellip;]","og_url":"https:\/\/territorialchallenges.com\/nl\/2024\/10\/26\/costa-rica-lancement-des-premiers-reseaux-5g-autonomes-pour-une-transformation-numerique-nationale\/123459\/","og_site_name":"Territorial Challenges","article_published_time":"2024-10-26T19:43:07+00:00","article_modified_time":"2024-10-26T19:43:09+00:00","og_image":[{"width":1280,"height":853,"url":"https:\/\/territorialchallenges.com\/wp-content\/uploads\/2024\/10\/donneesCostaRica.jpg","type":"image\/jpeg"}],"author":"ni.abdi","twitter_card":"summary_large_image","twitter_creator":"@Ni.abdi","twitter_misc":{"Geschreven door":"ni.abdi","Geschatte leestijd":"5 minuten"},"schema":{"@context":"https:\/\/schema.org","@graph":[{"@type":"Article","@id":"https:\/\/territorialchallenges.com\/2024\/10\/26\/costa-rica-lancement-des-premiers-reseaux-5g-autonomes-pour-une-transformation-numerique-nationale\/123459\/#article","isPartOf":{"@id":"https:\/\/territorialchallenges.com\/2024\/10\/26\/costa-rica-lancement-des-premiers-reseaux-5g-autonomes-pour-une-transformation-numerique-nationale\/123459\/"},"author":{"name":"ni.abdi","@id":"https:\/\/territorialchallenges.com\/#\/schema\/person\/098f145c7c61a021c425e010f840080f"},"headline":"Costa Rica : lancement des premiers r\u00e9seaux 5G autonomes pour une transformation num\u00e9rique nationale","datePublished":"2024-10-26T19:43:07+00:00","dateModified":"2024-10-26T19:43:09+00:00","mainEntityOfPage":{"@id":"https:\/\/territorialchallenges.com\/2024\/10\/26\/costa-rica-lancement-des-premiers-reseaux-5g-autonomes-pour-une-transformation-numerique-nationale\/123459\/"},"wordCount":1037,"publisher":{"@id":"https:\/\/territorialchallenges.com\/#organization"},"articleSection":["Donn\u00e9es\/Objets Connect\u00e9s","Actualit\u00e9 internationale"],"inLanguage":"nl-NL"},{"@type":"WebPage","@id":"https:\/\/territorialchallenges.com\/2024\/10\/26\/costa-rica-lancement-des-premiers-reseaux-5g-autonomes-pour-une-transformation-numerique-nationale\/123459\/","url":"https:\/\/territorialchallenges.com\/2024\/10\/26\/costa-rica-lancement-des-premiers-reseaux-5g-autonomes-pour-une-transformation-numerique-nationale\/123459\/","name":"Costa Rica : lancement des premiers r\u00e9seaux 5G autonomes pour une transformation num\u00e9rique nationale - Territorial Challenges","isPartOf":{"@id":"https:\/\/territorialchallenges.com\/#website"},"datePublished":"2024-10-26T19:43:07+00:00","dateModified":"2024-10-26T19:43:09+00:00","breadcrumb":{"@id":"https:\/\/territorialchallenges.com\/2024\/10\/26\/costa-rica-lancement-des-premiers-reseaux-5g-autonomes-pour-une-transformation-numerique-nationale\/123459\/#breadcrumb"},"inLanguage":"nl-NL","potentialAction":[{"@type":"ReadAction","target":["https:\/\/territorialchallenges.com\/2024\/10\/26\/costa-rica-lancement-des-premiers-reseaux-5g-autonomes-pour-une-transformation-numerique-nationale\/123459\/"]}]},{"@type":"BreadcrumbList","@id":"https:\/\/territorialchallenges.com\/2024\/10\/26\/costa-rica-lancement-des-premiers-reseaux-5g-autonomes-pour-une-transformation-numerique-nationale\/123459\/#breadcrumb","itemListElement":[{"@type":"ListItem","position":1,"name":"Home","item":"https:\/\/territorialchallenges.com\/"},{"@type":"ListItem","position":2,"name":"Costa Rica : lancement des premiers r\u00e9seaux 5G autonomes pour une transformation num\u00e9rique nationale"}]},{"@type":"WebSite","@id":"https:\/\/territorialchallenges.com\/#website","url":"https:\/\/territorialchallenges.com\/","name":"Territoriale uitdagingen","description":"Internationale monitoring - Slimme strategie\u00ebn - Beste praktijken","publisher":{"@id":"https:\/\/territorialchallenges.com\/#organization"},"potentialAction":[{"@type":"SearchAction","target":{"@type":"EntryPoint","urlTemplate":"https:\/\/territorialchallenges.com\/?s={search_term_string}"},"query-input":"required name=search_term_string"}],"inLanguage":"nl-NL"},{"@type":"Organization","@id":"https:\/\/territorialchallenges.com\/#organization","name":"Territoriale uitdagingen","url":"https:\/\/territorialchallenges.com\/","logo":{"@type":"ImageObject","inLanguage":"nl-NL","@id":"https:\/\/territorialchallenges.com\/#\/schema\/logo\/image\/","url":"https:\/\/territorialchallenges.com\/wp-content\/uploads\/2023\/10\/logo-1.png","contentUrl":"https:\/\/territorialchallenges.com\/wp-content\/uploads\/2023\/10\/logo-1.png","width":1832,"height":576,"caption":"Territorial Challenges"},"image":{"@id":"https:\/\/territorialchallenges.com\/#\/schema\/logo\/image\/"}},{"@type":"Person","@id":"https:\/\/territorialchallenges.com\/#\/schema\/person\/098f145c7c61a021c425e010f840080f","name":"ni.abdi","image":{"@type":"ImageObject","inLanguage":"nl-NL","@id":"https:\/\/territorialchallenges.com\/#\/schema\/person\/image\/","url":"https:\/\/secure.gravatar.com\/avatar\/2a2f2491f3c80039986ba989b1e4b510?s=96&d=identicon&r=g","contentUrl":"https:\/\/secure.gravatar.com\/avatar\/2a2f2491f3c80039986ba989b1e4b510?s=96&d=identicon&r=g","caption":"ni.abdi"},"sameAs":["https:\/\/twitter.com\/Ni.abdi"],"url":"https:\/\/territorialchallenges.com\/nl\/author\/ni-abdi\/"}]}},"_links":{"self":[{"href":"https:\/\/territorialchallenges.com\/nl\/wp-json\/wp\/v2\/posts\/123459"}],"collection":[{"href":"https:\/\/territorialchallenges.com\/nl\/wp-json\/wp\/v2\/posts"}],"about":[{"href":"https:\/\/territorialchallenges.com\/nl\/wp-json\/wp\/v2\/types\/post"}],"author":[{"embeddable":true,"href":"https:\/\/territorialchallenges.com\/nl\/wp-json\/wp\/v2\/users\/11"}],"replies":[{"embeddable":true,"href":"https:\/\/territorialchallenges.com\/nl\/wp-json\/wp\/v2\/comments?post=123459"}],"version-history":[{"count":1,"href":"https:\/\/territorialchallenges.com\/nl\/wp-json\/wp\/v2\/posts\/123459\/revisions"}],"predecessor-version":[{"id":123461,"href":"https:\/\/territorialchallenges.com\/nl\/wp-json\/wp\/v2\/posts\/123459\/revisions\/123461"}],"wp:featuredmedia":[{"embeddable":true,"href":"https:\/\/territorialchallenges.com\/nl\/wp-json\/wp\/v2\/media\/123460"}],"wp:attachment":[{"href":"https:\/\/territorialchallenges.com\/nl\/wp-json\/wp\/v2\/media?parent=123459"}],"wp:term":[{"taxonomy":"category","embeddable":true,"href":"https:\/\/territorialchallenges.com\/nl\/wp-json\/wp\/v2\/categories?post=123459"},{"taxonomy":"post_tag","embeddable":true,"href":"https:\/\/territorialchallenges.com\/nl\/wp-json\/wp\/v2\/tags?post=123459"}],"curies":[{"name":"wp","href":"https:\/\/api.w.org\/{rel}","templated":true}]}}