{"id":123369,"date":"2024-10-01T16:43:10","date_gmt":"2024-10-01T14:43:10","guid":{"rendered":"https:\/\/territorialchallenges.com\/?p=123369"},"modified":"2024-10-01T16:43:12","modified_gmt":"2024-10-01T14:43:12","slug":"reconcilier-la-recherche-et-les-territoires-un-nouvel-elan-pour-lamenagement-avec-le-gip-europe-des-projets-architecturaux-et-urbains","status":"publish","type":"post","link":"https:\/\/territorialchallenges.com\/nl\/2024\/10\/01\/reconcilier-la-recherche-et-les-territoires-un-nouvel-elan-pour-lamenagement-avec-le-gip-europe-des-projets-architecturaux-et-urbains\/123369\/","title":{"rendered":"Onderzoek en territoria verzoenen: een nieuwe impuls voor ontwikkeling met het GIP Europa van architectonische en stedelijke projecten"},"content":{"rendered":"<p>Sinds 2022 staat de Europese Publieke Groep voor Architectuur- en Stadsprojecten (GIP EPAU) centraal in een nationale documentaire missie over territoriale transities. In samenwerking met het initiatief POPSU Territoires betrekt dit programma onderzoekers en lokale belanghebbenden bij het documenteren van de veranderingen in kleine steden en plattelandsgebieden in Frankrijk. Een project\u2026 <\/p>\n<div class=\"pmpro_content_message\">Artikel alleen beschikbaar voor abonnees.<br \/><a href=\"https:\/\/territorialchallenges.com\/wp-login.php\">Login<\/a><br \/><a href=\"https:\/\/territorialchallenges.com\/nl\/wp-login.php\/?action=register\">Register<\/a><\/div>","protected":false},"excerpt":{"rendered":"<p>Depuis 2022, le Groupement d\u2019int\u00e9r\u00eat public Europe des projets architecturaux et urbains (GIP EPAU) est au c\u0153ur d&rsquo;une mission documentaire nationale sur les transitions des territoires. En partenariat avec l&rsquo;initiative POPSU Territoires, ce programme engage un dialogue entre chercheurs et acteurs locaux pour documenter les mutations des petites villes et des ruralit\u00e9s fran\u00e7aises. Un projet... <\/p>\n<div class=\"pmpro_content_message\">Artikel alleen beschikbaar voor abonnees.<br \/><a href=\"https:\/\/territorialchallenges.com\/wp-login.php\">Login<\/a><br \/><a href=\"https:\/\/territorialchallenges.com\/nl\/wp-login.php\/?action=register\">Register<\/a><\/div>","protected":false},"author":11,"featured_media":123370,"comment_status":"closed","ping_status":"closed","sticky":true,"template":"","format":"standard","meta":{"pmpro_default_level":0,"footnotes":""},"categories":[130,117],"tags":[],"blocksy_meta":"","yoast_head":"<!-- This site is optimized with the Yoast SEO plugin v21.5 - https:\/\/yoast.com\/wordpress\/plugins\/seo\/ -->\n<title>R\u00e9concilier la recherche et les territoires : un nouvel \u00e9lan pour l\u2019am\u00e9nagement avec le GIP Europe des projets architecturaux et urbains - Territorial Challenges<\/title>\n<meta name=\"robots\" content=\"index, follow, max-snippet:-1, max-image-preview:large, max-video-preview:-1\" \/>\n<link rel=\"canonical\" href=\"https:\/\/territorialchallenges.com\/nl\/2024\/10\/01\/reconcilier-la-recherche-et-les-territoires-un-nouvel-elan-pour-lamenagement-avec-le-gip-europe-des-projets-architecturaux-et-urbains\/123369\/\" \/>\n<meta property=\"og:locale\" content=\"nl_NL\" \/>\n<meta property=\"og:type\" content=\"article\" \/>\n<meta property=\"og:title\" content=\"R\u00e9concilier la recherche et les territoires : un nouvel \u00e9lan pour l\u2019am\u00e9nagement avec le GIP Europe des projets architecturaux et urbains - Territorial Challenges\" \/>\n<meta property=\"og:description\" content=\"Depuis 2022, le Groupement d\u2019int\u00e9r\u00eat public Europe des projets architecturaux et urbains (GIP EPAU) est au c\u0153ur d&rsquo;une mission documentaire nationale sur les transitions des territoires. En partenariat avec l&rsquo;initiative POPSU Territoires, ce programme engage un dialogue entre chercheurs et acteurs locaux pour documenter les mutations des petites villes et des ruralit\u00e9s fran\u00e7aises. Un projet [&hellip;]\" \/>\n<meta property=\"og:url\" content=\"https:\/\/territorialchallenges.com\/nl\/2024\/10\/01\/reconcilier-la-recherche-et-les-territoires-un-nouvel-elan-pour-lamenagement-avec-le-gip-europe-des-projets-architecturaux-et-urbains\/123369\/\" \/>\n<meta property=\"og:site_name\" content=\"Territorial Challenges\" \/>\n<meta property=\"article:published_time\" content=\"2024-10-01T14:43:10+00:00\" \/>\n<meta property=\"article:modified_time\" content=\"2024-10-01T14:43:12+00:00\" \/>\n<meta property=\"og:image\" content=\"https:\/\/territorialchallenges.com\/wp-content\/uploads\/2024\/10\/reflexionfaitepopsuimage.jpg\" \/>\n\t<meta property=\"og:image:width\" content=\"1280\" \/>\n\t<meta property=\"og:image:height\" content=\"720\" \/>\n\t<meta property=\"og:image:type\" content=\"image\/jpeg\" \/>\n<meta name=\"author\" content=\"ni.abdi\" \/>\n<meta name=\"twitter:card\" content=\"summary_large_image\" \/>\n<meta name=\"twitter:creator\" content=\"@Ni.abdi\" \/>\n<meta name=\"twitter:label1\" content=\"Geschreven door\" \/>\n\t<meta name=\"twitter:data1\" content=\"ni.abdi\" \/>\n\t<meta name=\"twitter:label2\" content=\"Geschatte leestijd\" \/>\n\t<meta name=\"twitter:data2\" content=\"5 minuten\" \/>\n<script type=\"application\/ld+json\" class=\"yoast-schema-graph\">{\"@context\":\"https:\/\/schema.org\",\"@graph\":[{\"@type\":\"Article\",\"@id\":\"https:\/\/territorialchallenges.com\/2024\/10\/01\/reconcilier-la-recherche-et-les-territoires-un-nouvel-elan-pour-lamenagement-avec-le-gip-europe-des-projets-architecturaux-et-urbains\/123369\/#article\",\"isPartOf\":{\"@id\":\"https:\/\/territorialchallenges.com\/2024\/10\/01\/reconcilier-la-recherche-et-les-territoires-un-nouvel-elan-pour-lamenagement-avec-le-gip-europe-des-projets-architecturaux-et-urbains\/123369\/\"},\"author\":{\"name\":\"ni.abdi\",\"@id\":\"https:\/\/territorialchallenges.com\/#\/schema\/person\/098f145c7c61a021c425e010f840080f\"},\"headline\":\"R\u00e9concilier la recherche et les territoires : un nouvel \u00e9lan pour l\u2019am\u00e9nagement avec le GIP Europe des projets architecturaux et urbains\",\"datePublished\":\"2024-10-01T14:43:10+00:00\",\"dateModified\":\"2024-10-01T14:43:12+00:00\",\"mainEntityOfPage\":{\"@id\":\"https:\/\/territorialchallenges.com\/2024\/10\/01\/reconcilier-la-recherche-et-les-territoires-un-nouvel-elan-pour-lamenagement-avec-le-gip-europe-des-projets-architecturaux-et-urbains\/123369\/\"},\"wordCount\":945,\"publisher\":{\"@id\":\"https:\/\/territorialchallenges.com\/#organization\"},\"articleSection\":[\"R\u00e9flexion faite\",\"\u00c9cosyst\u00e8me\"],\"inLanguage\":\"nl-NL\"},{\"@type\":\"WebPage\",\"@id\":\"https:\/\/territorialchallenges.com\/2024\/10\/01\/reconcilier-la-recherche-et-les-territoires-un-nouvel-elan-pour-lamenagement-avec-le-gip-europe-des-projets-architecturaux-et-urbains\/123369\/\",\"url\":\"https:\/\/territorialchallenges.com\/2024\/10\/01\/reconcilier-la-recherche-et-les-territoires-un-nouvel-elan-pour-lamenagement-avec-le-gip-europe-des-projets-architecturaux-et-urbains\/123369\/\",\"name\":\"R\u00e9concilier la recherche et les territoires : un nouvel \u00e9lan pour l\u2019am\u00e9nagement avec le GIP Europe des projets architecturaux et urbains - Territorial Challenges\",\"isPartOf\":{\"@id\":\"https:\/\/territorialchallenges.com\/#website\"},\"datePublished\":\"2024-10-01T14:43:10+00:00\",\"dateModified\":\"2024-10-01T14:43:12+00:00\",\"breadcrumb\":{\"@id\":\"https:\/\/territorialchallenges.com\/2024\/10\/01\/reconcilier-la-recherche-et-les-territoires-un-nouvel-elan-pour-lamenagement-avec-le-gip-europe-des-projets-architecturaux-et-urbains\/123369\/#breadcrumb\"},\"inLanguage\":\"nl-NL\",\"potentialAction\":[{\"@type\":\"ReadAction\",\"target\":[\"https:\/\/territorialchallenges.com\/2024\/10\/01\/reconcilier-la-recherche-et-les-territoires-un-nouvel-elan-pour-lamenagement-avec-le-gip-europe-des-projets-architecturaux-et-urbains\/123369\/\"]}]},{\"@type\":\"BreadcrumbList\",\"@id\":\"https:\/\/territorialchallenges.com\/2024\/10\/01\/reconcilier-la-recherche-et-les-territoires-un-nouvel-elan-pour-lamenagement-avec-le-gip-europe-des-projets-architecturaux-et-urbains\/123369\/#breadcrumb\",\"itemListElement\":[{\"@type\":\"ListItem\",\"position\":1,\"name\":\"Home\",\"item\":\"https:\/\/territorialchallenges.com\/\"},{\"@type\":\"ListItem\",\"position\":2,\"name\":\"R\u00e9concilier la recherche et les territoires : un nouvel \u00e9lan pour l\u2019am\u00e9nagement avec le GIP Europe des projets architecturaux et urbains\"}]},{\"@type\":\"WebSite\",\"@id\":\"https:\/\/territorialchallenges.com\/#website\",\"url\":\"https:\/\/territorialchallenges.com\/\",\"name\":\"Territorial Challenges\",\"description\":\"Veille Internationale - Strat\u00e9gie Intelligentes - Bonnes pratiques\",\"publisher\":{\"@id\":\"https:\/\/territorialchallenges.com\/#organization\"},\"potentialAction\":[{\"@type\":\"SearchAction\",\"target\":{\"@type\":\"EntryPoint\",\"urlTemplate\":\"https:\/\/territorialchallenges.com\/?s={search_term_string}\"},\"query-input\":\"required name=search_term_string\"}],\"inLanguage\":\"nl-NL\"},{\"@type\":\"Organization\",\"@id\":\"https:\/\/territorialchallenges.com\/#organization\",\"name\":\"Territorial Challenges\",\"url\":\"https:\/\/territorialchallenges.com\/\",\"logo\":{\"@type\":\"ImageObject\",\"inLanguage\":\"nl-NL\",\"@id\":\"https:\/\/territorialchallenges.com\/#\/schema\/logo\/image\/\",\"url\":\"https:\/\/territorialchallenges.com\/wp-content\/uploads\/2023\/10\/logo-1.png\",\"contentUrl\":\"https:\/\/territorialchallenges.com\/wp-content\/uploads\/2023\/10\/logo-1.png\",\"width\":1832,\"height\":576,\"caption\":\"Territorial Challenges\"},\"image\":{\"@id\":\"https:\/\/territorialchallenges.com\/#\/schema\/logo\/image\/\"}},{\"@type\":\"Person\",\"@id\":\"https:\/\/territorialchallenges.com\/#\/schema\/person\/098f145c7c61a021c425e010f840080f\",\"name\":\"ni.abdi\",\"image\":{\"@type\":\"ImageObject\",\"inLanguage\":\"nl-NL\",\"@id\":\"https:\/\/territorialchallenges.com\/#\/schema\/person\/image\/\",\"url\":\"https:\/\/secure.gravatar.com\/avatar\/2a2f2491f3c80039986ba989b1e4b510?s=96&d=identicon&r=g\",\"contentUrl\":\"https:\/\/secure.gravatar.com\/avatar\/2a2f2491f3c80039986ba989b1e4b510?s=96&d=identicon&r=g\",\"caption\":\"ni.abdi\"},\"sameAs\":[\"https:\/\/twitter.com\/Ni.abdi\"],\"url\":\"https:\/\/territorialchallenges.com\/nl\/author\/ni-abdi\/\"}]}<\/script>\n<!-- \/ Yoast SEO plugin. -->","yoast_head_json":{"title":"R\u00e9concilier la recherche et les territoires : un nouvel \u00e9lan pour l\u2019am\u00e9nagement avec le GIP Europe des projets architecturaux et urbains - Territorial Challenges","robots":{"index":"index","follow":"follow","max-snippet":"max-snippet:-1","max-image-preview":"max-image-preview:large","max-video-preview":"max-video-preview:-1"},"canonical":"https:\/\/territorialchallenges.com\/nl\/2024\/10\/01\/reconcilier-la-recherche-et-les-territoires-un-nouvel-elan-pour-lamenagement-avec-le-gip-europe-des-projets-architecturaux-et-urbains\/123369\/","og_locale":"nl_NL","og_type":"article","og_title":"R\u00e9concilier la recherche et les territoires : un nouvel \u00e9lan pour l\u2019am\u00e9nagement avec le GIP Europe des projets architecturaux et urbains - Territorial Challenges","og_description":"Depuis 2022, le Groupement d\u2019int\u00e9r\u00eat public Europe des projets architecturaux et urbains (GIP EPAU) est au c\u0153ur d&rsquo;une mission documentaire nationale sur les transitions des territoires. En partenariat avec l&rsquo;initiative POPSU Territoires, ce programme engage un dialogue entre chercheurs et acteurs locaux pour documenter les mutations des petites villes et des ruralit\u00e9s fran\u00e7aises. Un projet [&hellip;]","og_url":"https:\/\/territorialchallenges.com\/nl\/2024\/10\/01\/reconcilier-la-recherche-et-les-territoires-un-nouvel-elan-pour-lamenagement-avec-le-gip-europe-des-projets-architecturaux-et-urbains\/123369\/","og_site_name":"Territorial Challenges","article_published_time":"2024-10-01T14:43:10+00:00","article_modified_time":"2024-10-01T14:43:12+00:00","og_image":[{"width":1280,"height":720,"url":"https:\/\/territorialchallenges.com\/wp-content\/uploads\/2024\/10\/reflexionfaitepopsuimage.jpg","type":"image\/jpeg"}],"author":"ni.abdi","twitter_card":"summary_large_image","twitter_creator":"@Ni.abdi","twitter_misc":{"Geschreven door":"ni.abdi","Geschatte leestijd":"5 minuten"},"schema":{"@context":"https:\/\/schema.org","@graph":[{"@type":"Article","@id":"https:\/\/territorialchallenges.com\/2024\/10\/01\/reconcilier-la-recherche-et-les-territoires-un-nouvel-elan-pour-lamenagement-avec-le-gip-europe-des-projets-architecturaux-et-urbains\/123369\/#article","isPartOf":{"@id":"https:\/\/territorialchallenges.com\/2024\/10\/01\/reconcilier-la-recherche-et-les-territoires-un-nouvel-elan-pour-lamenagement-avec-le-gip-europe-des-projets-architecturaux-et-urbains\/123369\/"},"author":{"name":"ni.abdi","@id":"https:\/\/territorialchallenges.com\/#\/schema\/person\/098f145c7c61a021c425e010f840080f"},"headline":"R\u00e9concilier la recherche et les territoires : un nouvel \u00e9lan pour l\u2019am\u00e9nagement avec le GIP Europe des projets architecturaux et urbains","datePublished":"2024-10-01T14:43:10+00:00","dateModified":"2024-10-01T14:43:12+00:00","mainEntityOfPage":{"@id":"https:\/\/territorialchallenges.com\/2024\/10\/01\/reconcilier-la-recherche-et-les-territoires-un-nouvel-elan-pour-lamenagement-avec-le-gip-europe-des-projets-architecturaux-et-urbains\/123369\/"},"wordCount":945,"publisher":{"@id":"https:\/\/territorialchallenges.com\/#organization"},"articleSection":["R\u00e9flexion faite","\u00c9cosyst\u00e8me"],"inLanguage":"nl-NL"},{"@type":"WebPage","@id":"https:\/\/territorialchallenges.com\/2024\/10\/01\/reconcilier-la-recherche-et-les-territoires-un-nouvel-elan-pour-lamenagement-avec-le-gip-europe-des-projets-architecturaux-et-urbains\/123369\/","url":"https:\/\/territorialchallenges.com\/2024\/10\/01\/reconcilier-la-recherche-et-les-territoires-un-nouvel-elan-pour-lamenagement-avec-le-gip-europe-des-projets-architecturaux-et-urbains\/123369\/","name":"R\u00e9concilier la recherche et les territoires : un nouvel \u00e9lan pour l\u2019am\u00e9nagement avec le GIP Europe des projets architecturaux et urbains - Territorial Challenges","isPartOf":{"@id":"https:\/\/territorialchallenges.com\/#website"},"datePublished":"2024-10-01T14:43:10+00:00","dateModified":"2024-10-01T14:43:12+00:00","breadcrumb":{"@id":"https:\/\/territorialchallenges.com\/2024\/10\/01\/reconcilier-la-recherche-et-les-territoires-un-nouvel-elan-pour-lamenagement-avec-le-gip-europe-des-projets-architecturaux-et-urbains\/123369\/#breadcrumb"},"inLanguage":"nl-NL","potentialAction":[{"@type":"ReadAction","target":["https:\/\/territorialchallenges.com\/2024\/10\/01\/reconcilier-la-recherche-et-les-territoires-un-nouvel-elan-pour-lamenagement-avec-le-gip-europe-des-projets-architecturaux-et-urbains\/123369\/"]}]},{"@type":"BreadcrumbList","@id":"https:\/\/territorialchallenges.com\/2024\/10\/01\/reconcilier-la-recherche-et-les-territoires-un-nouvel-elan-pour-lamenagement-avec-le-gip-europe-des-projets-architecturaux-et-urbains\/123369\/#breadcrumb","itemListElement":[{"@type":"ListItem","position":1,"name":"Home","item":"https:\/\/territorialchallenges.com\/"},{"@type":"ListItem","position":2,"name":"R\u00e9concilier la recherche et les territoires : un nouvel \u00e9lan pour l\u2019am\u00e9nagement avec le GIP Europe des projets architecturaux et urbains"}]},{"@type":"WebSite","@id":"https:\/\/territorialchallenges.com\/#website","url":"https:\/\/territorialchallenges.com\/","name":"Territoriale uitdagingen","description":"Internationale monitoring - Slimme strategie\u00ebn - Beste praktijken","publisher":{"@id":"https:\/\/territorialchallenges.com\/#organization"},"potentialAction":[{"@type":"SearchAction","target":{"@type":"EntryPoint","urlTemplate":"https:\/\/territorialchallenges.com\/?s={search_term_string}"},"query-input":"required name=search_term_string"}],"inLanguage":"nl-NL"},{"@type":"Organization","@id":"https:\/\/territorialchallenges.com\/#organization","name":"Territoriale uitdagingen","url":"https:\/\/territorialchallenges.com\/","logo":{"@type":"ImageObject","inLanguage":"nl-NL","@id":"https:\/\/territorialchallenges.com\/#\/schema\/logo\/image\/","url":"https:\/\/territorialchallenges.com\/wp-content\/uploads\/2023\/10\/logo-1.png","contentUrl":"https:\/\/territorialchallenges.com\/wp-content\/uploads\/2023\/10\/logo-1.png","width":1832,"height":576,"caption":"Territorial Challenges"},"image":{"@id":"https:\/\/territorialchallenges.com\/#\/schema\/logo\/image\/"}},{"@type":"Person","@id":"https:\/\/territorialchallenges.com\/#\/schema\/person\/098f145c7c61a021c425e010f840080f","name":"ni.abdi","image":{"@type":"ImageObject","inLanguage":"nl-NL","@id":"https:\/\/territorialchallenges.com\/#\/schema\/person\/image\/","url":"https:\/\/secure.gravatar.com\/avatar\/2a2f2491f3c80039986ba989b1e4b510?s=96&d=identicon&r=g","contentUrl":"https:\/\/secure.gravatar.com\/avatar\/2a2f2491f3c80039986ba989b1e4b510?s=96&d=identicon&r=g","caption":"ni.abdi"},"sameAs":["https:\/\/twitter.com\/Ni.abdi"],"url":"https:\/\/territorialchallenges.com\/nl\/author\/ni-abdi\/"}]}},"_links":{"self":[{"href":"https:\/\/territorialchallenges.com\/nl\/wp-json\/wp\/v2\/posts\/123369"}],"collection":[{"href":"https:\/\/territorialchallenges.com\/nl\/wp-json\/wp\/v2\/posts"}],"about":[{"href":"https:\/\/territorialchallenges.com\/nl\/wp-json\/wp\/v2\/types\/post"}],"author":[{"embeddable":true,"href":"https:\/\/territorialchallenges.com\/nl\/wp-json\/wp\/v2\/users\/11"}],"replies":[{"embeddable":true,"href":"https:\/\/territorialchallenges.com\/nl\/wp-json\/wp\/v2\/comments?post=123369"}],"version-history":[{"count":1,"href":"https:\/\/territorialchallenges.com\/nl\/wp-json\/wp\/v2\/posts\/123369\/revisions"}],"predecessor-version":[{"id":123371,"href":"https:\/\/territorialchallenges.com\/nl\/wp-json\/wp\/v2\/posts\/123369\/revisions\/123371"}],"wp:featuredmedia":[{"embeddable":true,"href":"https:\/\/territorialchallenges.com\/nl\/wp-json\/wp\/v2\/media\/123370"}],"wp:attachment":[{"href":"https:\/\/territorialchallenges.com\/nl\/wp-json\/wp\/v2\/media?parent=123369"}],"wp:term":[{"taxonomy":"category","embeddable":true,"href":"https:\/\/territorialchallenges.com\/nl\/wp-json\/wp\/v2\/categories?post=123369"},{"taxonomy":"post_tag","embeddable":true,"href":"https:\/\/territorialchallenges.com\/nl\/wp-json\/wp\/v2\/tags?post=123369"}],"curies":[{"name":"wp","href":"https:\/\/api.w.org\/{rel}","templated":true}]}}