{"id":123196,"date":"2024-09-04T16:11:33","date_gmt":"2024-09-04T14:11:33","guid":{"rendered":"https:\/\/territorialchallenges.com\/?p=123196"},"modified":"2024-09-04T16:11:35","modified_gmt":"2024-09-04T14:11:35","slug":"chaine-dapprovisionnement-integree-technologique-professionnelle-un-tournant-pour-leducation-et-lindustrie-en-italie","status":"publish","type":"post","link":"https:\/\/territorialchallenges.com\/nl\/2024\/09\/04\/chaine-dapprovisionnement-integree-technologique-professionnelle-un-tournant-pour-leducation-et-lindustrie-en-italie\/123196\/","title":{"rendered":"Ge\u00efntegreerde technologisch-professionele toeleveringsketen: een keerpunt voor onderwijs en industrie in Itali\u00eb"},"content":{"rendered":"<p>Itali\u00eb bereidt zich voor op een paradigmaverschuiving in zijn onderwijs- en productiesystemen met het wetsontwerp inzake de ge\u00efntegreerde technologisch-professionele toeleveringsketen. Dit wetsvoorstel, onder leiding van Gimmi Cangiano, lid van de Onderwijscommissie van de Kamer, beoogt de verbinding tussen technisch onderwijs en de behoeften van de industri\u00eble sector te versterken, in lijn met\u2026 <\/p>\n<div class=\"pmpro_content_message\">Artikel alleen beschikbaar voor abonnees.<br \/><a href=\"https:\/\/territorialchallenges.com\/wp-login.php\">Login<\/a><br \/><a href=\"https:\/\/territorialchallenges.com\/nl\/wp-login.php\/?action=register\">Register<\/a><\/div>","protected":false},"excerpt":{"rendered":"<p>L&rsquo;Italie se pr\u00e9pare \u00e0 un changement de paradigme dans son syst\u00e8me \u00e9ducatif et industriel avec le projet de loi sur la cha\u00eene d\u2019approvisionnement int\u00e9gr\u00e9e technologique-professionnelle. Port\u00e9 par Gimmi Cangiano, membre de la Commission de l\u2019\u00e9ducation de la Chambre, ce texte vise \u00e0 renforcer la connexion entre l&rsquo;\u00e9ducation technique et les besoins du secteur industriel, s&rsquo;inscrivant... <\/p>\n<div class=\"pmpro_content_message\">Artikel alleen beschikbaar voor abonnees.<br \/><a href=\"https:\/\/territorialchallenges.com\/wp-login.php\">Login<\/a><br \/><a href=\"https:\/\/territorialchallenges.com\/nl\/wp-login.php\/?action=register\">Register<\/a><\/div>","protected":false},"author":11,"featured_media":123199,"comment_status":"closed","ping_status":"closed","sticky":true,"template":"","format":"standard","meta":{"pmpro_default_level":0,"footnotes":""},"categories":[17,127],"tags":[],"blocksy_meta":"","yoast_head":"<!-- This site is optimized with the Yoast SEO plugin v21.5 - https:\/\/yoast.com\/wordpress\/plugins\/seo\/ -->\n<title>Cha\u00eene d\u2019approvisionnement int\u00e9gr\u00e9e technologique-professionnelle : Un tournant pour l\u2019\u00e9ducation et l\u2019industrie en Italie - Territorial Challenges<\/title>\n<meta name=\"robots\" content=\"index, follow, max-snippet:-1, max-image-preview:large, max-video-preview:-1\" \/>\n<link rel=\"canonical\" href=\"https:\/\/territorialchallenges.com\/nl\/2024\/09\/04\/chaine-dapprovisionnement-integree-technologique-professionnelle-un-tournant-pour-leducation-et-lindustrie-en-italie\/123196\/\" \/>\n<meta property=\"og:locale\" content=\"nl_NL\" \/>\n<meta property=\"og:type\" content=\"article\" \/>\n<meta property=\"og:title\" content=\"Cha\u00eene d\u2019approvisionnement int\u00e9gr\u00e9e technologique-professionnelle : Un tournant pour l\u2019\u00e9ducation et l\u2019industrie en Italie - Territorial Challenges\" \/>\n<meta property=\"og:description\" content=\"L&rsquo;Italie se pr\u00e9pare \u00e0 un changement de paradigme dans son syst\u00e8me \u00e9ducatif et industriel avec le projet de loi sur la cha\u00eene d\u2019approvisionnement int\u00e9gr\u00e9e technologique-professionnelle. Port\u00e9 par Gimmi Cangiano, membre de la Commission de l\u2019\u00e9ducation de la Chambre, ce texte vise \u00e0 renforcer la connexion entre l&rsquo;\u00e9ducation technique et les besoins du secteur industriel, s&rsquo;inscrivant [&hellip;]\" \/>\n<meta property=\"og:url\" content=\"https:\/\/territorialchallenges.com\/nl\/2024\/09\/04\/chaine-dapprovisionnement-integree-technologique-professionnelle-un-tournant-pour-leducation-et-lindustrie-en-italie\/123196\/\" \/>\n<meta property=\"og:site_name\" content=\"Territorial Challenges\" \/>\n<meta property=\"article:published_time\" content=\"2024-09-04T14:11:33+00:00\" \/>\n<meta property=\"article:modified_time\" content=\"2024-09-04T14:11:35+00:00\" \/>\n<meta property=\"og:image\" content=\"https:\/\/territorialchallenges.com\/wp-content\/uploads\/2024\/09\/industrie4.0Image02.09.jpg\" \/>\n\t<meta property=\"og:image:width\" content=\"1280\" \/>\n\t<meta property=\"og:image:height\" content=\"853\" \/>\n\t<meta property=\"og:image:type\" content=\"image\/jpeg\" \/>\n<meta name=\"author\" content=\"ni.abdi\" \/>\n<meta name=\"twitter:card\" content=\"summary_large_image\" \/>\n<meta name=\"twitter:creator\" content=\"@Ni.abdi\" \/>\n<meta name=\"twitter:label1\" content=\"Geschreven door\" \/>\n\t<meta name=\"twitter:data1\" content=\"ni.abdi\" \/>\n\t<meta name=\"twitter:label2\" content=\"Geschatte leestijd\" \/>\n\t<meta name=\"twitter:data2\" content=\"5 minuten\" \/>\n<script type=\"application\/ld+json\" class=\"yoast-schema-graph\">{\"@context\":\"https:\/\/schema.org\",\"@graph\":[{\"@type\":\"Article\",\"@id\":\"https:\/\/territorialchallenges.com\/2024\/09\/04\/chaine-dapprovisionnement-integree-technologique-professionnelle-un-tournant-pour-leducation-et-lindustrie-en-italie\/123196\/#article\",\"isPartOf\":{\"@id\":\"https:\/\/territorialchallenges.com\/2024\/09\/04\/chaine-dapprovisionnement-integree-technologique-professionnelle-un-tournant-pour-leducation-et-lindustrie-en-italie\/123196\/\"},\"author\":{\"name\":\"ni.abdi\",\"@id\":\"https:\/\/territorialchallenges.com\/#\/schema\/person\/098f145c7c61a021c425e010f840080f\"},\"headline\":\"Cha\u00eene d\u2019approvisionnement int\u00e9gr\u00e9e technologique-professionnelle : Un tournant pour l\u2019\u00e9ducation et l\u2019industrie en Italie\",\"datePublished\":\"2024-09-04T14:11:33+00:00\",\"dateModified\":\"2024-09-04T14:11:35+00:00\",\"mainEntityOfPage\":{\"@id\":\"https:\/\/territorialchallenges.com\/2024\/09\/04\/chaine-dapprovisionnement-integree-technologique-professionnelle-un-tournant-pour-leducation-et-lindustrie-en-italie\/123196\/\"},\"wordCount\":945,\"publisher\":{\"@id\":\"https:\/\/territorialchallenges.com\/#organization\"},\"articleSection\":[\"Industrie 5.0\",\"Actualit\u00e9 Europe\"],\"inLanguage\":\"nl-NL\"},{\"@type\":\"WebPage\",\"@id\":\"https:\/\/territorialchallenges.com\/2024\/09\/04\/chaine-dapprovisionnement-integree-technologique-professionnelle-un-tournant-pour-leducation-et-lindustrie-en-italie\/123196\/\",\"url\":\"https:\/\/territorialchallenges.com\/2024\/09\/04\/chaine-dapprovisionnement-integree-technologique-professionnelle-un-tournant-pour-leducation-et-lindustrie-en-italie\/123196\/\",\"name\":\"Cha\u00eene d\u2019approvisionnement int\u00e9gr\u00e9e technologique-professionnelle : Un tournant pour l\u2019\u00e9ducation et l\u2019industrie en Italie - Territorial Challenges\",\"isPartOf\":{\"@id\":\"https:\/\/territorialchallenges.com\/#website\"},\"datePublished\":\"2024-09-04T14:11:33+00:00\",\"dateModified\":\"2024-09-04T14:11:35+00:00\",\"breadcrumb\":{\"@id\":\"https:\/\/territorialchallenges.com\/2024\/09\/04\/chaine-dapprovisionnement-integree-technologique-professionnelle-un-tournant-pour-leducation-et-lindustrie-en-italie\/123196\/#breadcrumb\"},\"inLanguage\":\"nl-NL\",\"potentialAction\":[{\"@type\":\"ReadAction\",\"target\":[\"https:\/\/territorialchallenges.com\/2024\/09\/04\/chaine-dapprovisionnement-integree-technologique-professionnelle-un-tournant-pour-leducation-et-lindustrie-en-italie\/123196\/\"]}]},{\"@type\":\"BreadcrumbList\",\"@id\":\"https:\/\/territorialchallenges.com\/2024\/09\/04\/chaine-dapprovisionnement-integree-technologique-professionnelle-un-tournant-pour-leducation-et-lindustrie-en-italie\/123196\/#breadcrumb\",\"itemListElement\":[{\"@type\":\"ListItem\",\"position\":1,\"name\":\"Home\",\"item\":\"https:\/\/territorialchallenges.com\/\"},{\"@type\":\"ListItem\",\"position\":2,\"name\":\"Cha\u00eene d\u2019approvisionnement int\u00e9gr\u00e9e technologique-professionnelle : Un tournant pour l\u2019\u00e9ducation et l\u2019industrie en Italie\"}]},{\"@type\":\"WebSite\",\"@id\":\"https:\/\/territorialchallenges.com\/#website\",\"url\":\"https:\/\/territorialchallenges.com\/\",\"name\":\"Territorial Challenges\",\"description\":\"Veille Internationale - Strat\u00e9gie Intelligentes - Bonnes pratiques\",\"publisher\":{\"@id\":\"https:\/\/territorialchallenges.com\/#organization\"},\"potentialAction\":[{\"@type\":\"SearchAction\",\"target\":{\"@type\":\"EntryPoint\",\"urlTemplate\":\"https:\/\/territorialchallenges.com\/?s={search_term_string}\"},\"query-input\":\"required name=search_term_string\"}],\"inLanguage\":\"nl-NL\"},{\"@type\":\"Organization\",\"@id\":\"https:\/\/territorialchallenges.com\/#organization\",\"name\":\"Territorial Challenges\",\"url\":\"https:\/\/territorialchallenges.com\/\",\"logo\":{\"@type\":\"ImageObject\",\"inLanguage\":\"nl-NL\",\"@id\":\"https:\/\/territorialchallenges.com\/#\/schema\/logo\/image\/\",\"url\":\"https:\/\/territorialchallenges.com\/wp-content\/uploads\/2023\/10\/logo-1.png\",\"contentUrl\":\"https:\/\/territorialchallenges.com\/wp-content\/uploads\/2023\/10\/logo-1.png\",\"width\":1832,\"height\":576,\"caption\":\"Territorial Challenges\"},\"image\":{\"@id\":\"https:\/\/territorialchallenges.com\/#\/schema\/logo\/image\/\"}},{\"@type\":\"Person\",\"@id\":\"https:\/\/territorialchallenges.com\/#\/schema\/person\/098f145c7c61a021c425e010f840080f\",\"name\":\"ni.abdi\",\"image\":{\"@type\":\"ImageObject\",\"inLanguage\":\"nl-NL\",\"@id\":\"https:\/\/territorialchallenges.com\/#\/schema\/person\/image\/\",\"url\":\"https:\/\/secure.gravatar.com\/avatar\/2a2f2491f3c80039986ba989b1e4b510?s=96&d=identicon&r=g\",\"contentUrl\":\"https:\/\/secure.gravatar.com\/avatar\/2a2f2491f3c80039986ba989b1e4b510?s=96&d=identicon&r=g\",\"caption\":\"ni.abdi\"},\"sameAs\":[\"https:\/\/twitter.com\/Ni.abdi\"],\"url\":\"https:\/\/territorialchallenges.com\/nl\/author\/ni-abdi\/\"}]}<\/script>\n<!-- \/ Yoast SEO plugin. -->","yoast_head_json":{"title":"Cha\u00eene d\u2019approvisionnement int\u00e9gr\u00e9e technologique-professionnelle : Un tournant pour l\u2019\u00e9ducation et l\u2019industrie en Italie - Territorial Challenges","robots":{"index":"index","follow":"follow","max-snippet":"max-snippet:-1","max-image-preview":"max-image-preview:large","max-video-preview":"max-video-preview:-1"},"canonical":"https:\/\/territorialchallenges.com\/nl\/2024\/09\/04\/chaine-dapprovisionnement-integree-technologique-professionnelle-un-tournant-pour-leducation-et-lindustrie-en-italie\/123196\/","og_locale":"nl_NL","og_type":"article","og_title":"Cha\u00eene d\u2019approvisionnement int\u00e9gr\u00e9e technologique-professionnelle : Un tournant pour l\u2019\u00e9ducation et l\u2019industrie en Italie - Territorial Challenges","og_description":"L&rsquo;Italie se pr\u00e9pare \u00e0 un changement de paradigme dans son syst\u00e8me \u00e9ducatif et industriel avec le projet de loi sur la cha\u00eene d\u2019approvisionnement int\u00e9gr\u00e9e technologique-professionnelle. Port\u00e9 par Gimmi Cangiano, membre de la Commission de l\u2019\u00e9ducation de la Chambre, ce texte vise \u00e0 renforcer la connexion entre l&rsquo;\u00e9ducation technique et les besoins du secteur industriel, s&rsquo;inscrivant [&hellip;]","og_url":"https:\/\/territorialchallenges.com\/nl\/2024\/09\/04\/chaine-dapprovisionnement-integree-technologique-professionnelle-un-tournant-pour-leducation-et-lindustrie-en-italie\/123196\/","og_site_name":"Territorial Challenges","article_published_time":"2024-09-04T14:11:33+00:00","article_modified_time":"2024-09-04T14:11:35+00:00","og_image":[{"width":1280,"height":853,"url":"https:\/\/territorialchallenges.com\/wp-content\/uploads\/2024\/09\/industrie4.0Image02.09.jpg","type":"image\/jpeg"}],"author":"ni.abdi","twitter_card":"summary_large_image","twitter_creator":"@Ni.abdi","twitter_misc":{"Geschreven door":"ni.abdi","Geschatte leestijd":"5 minuten"},"schema":{"@context":"https:\/\/schema.org","@graph":[{"@type":"Article","@id":"https:\/\/territorialchallenges.com\/2024\/09\/04\/chaine-dapprovisionnement-integree-technologique-professionnelle-un-tournant-pour-leducation-et-lindustrie-en-italie\/123196\/#article","isPartOf":{"@id":"https:\/\/territorialchallenges.com\/2024\/09\/04\/chaine-dapprovisionnement-integree-technologique-professionnelle-un-tournant-pour-leducation-et-lindustrie-en-italie\/123196\/"},"author":{"name":"ni.abdi","@id":"https:\/\/territorialchallenges.com\/#\/schema\/person\/098f145c7c61a021c425e010f840080f"},"headline":"Cha\u00eene d\u2019approvisionnement int\u00e9gr\u00e9e technologique-professionnelle : Un tournant pour l\u2019\u00e9ducation et l\u2019industrie en Italie","datePublished":"2024-09-04T14:11:33+00:00","dateModified":"2024-09-04T14:11:35+00:00","mainEntityOfPage":{"@id":"https:\/\/territorialchallenges.com\/2024\/09\/04\/chaine-dapprovisionnement-integree-technologique-professionnelle-un-tournant-pour-leducation-et-lindustrie-en-italie\/123196\/"},"wordCount":945,"publisher":{"@id":"https:\/\/territorialchallenges.com\/#organization"},"articleSection":["Industrie 5.0","Actualit\u00e9 Europe"],"inLanguage":"nl-NL"},{"@type":"WebPage","@id":"https:\/\/territorialchallenges.com\/2024\/09\/04\/chaine-dapprovisionnement-integree-technologique-professionnelle-un-tournant-pour-leducation-et-lindustrie-en-italie\/123196\/","url":"https:\/\/territorialchallenges.com\/2024\/09\/04\/chaine-dapprovisionnement-integree-technologique-professionnelle-un-tournant-pour-leducation-et-lindustrie-en-italie\/123196\/","name":"Cha\u00eene d\u2019approvisionnement int\u00e9gr\u00e9e technologique-professionnelle : Un tournant pour l\u2019\u00e9ducation et l\u2019industrie en Italie - Territorial Challenges","isPartOf":{"@id":"https:\/\/territorialchallenges.com\/#website"},"datePublished":"2024-09-04T14:11:33+00:00","dateModified":"2024-09-04T14:11:35+00:00","breadcrumb":{"@id":"https:\/\/territorialchallenges.com\/2024\/09\/04\/chaine-dapprovisionnement-integree-technologique-professionnelle-un-tournant-pour-leducation-et-lindustrie-en-italie\/123196\/#breadcrumb"},"inLanguage":"nl-NL","potentialAction":[{"@type":"ReadAction","target":["https:\/\/territorialchallenges.com\/2024\/09\/04\/chaine-dapprovisionnement-integree-technologique-professionnelle-un-tournant-pour-leducation-et-lindustrie-en-italie\/123196\/"]}]},{"@type":"BreadcrumbList","@id":"https:\/\/territorialchallenges.com\/2024\/09\/04\/chaine-dapprovisionnement-integree-technologique-professionnelle-un-tournant-pour-leducation-et-lindustrie-en-italie\/123196\/#breadcrumb","itemListElement":[{"@type":"ListItem","position":1,"name":"Home","item":"https:\/\/territorialchallenges.com\/"},{"@type":"ListItem","position":2,"name":"Cha\u00eene d\u2019approvisionnement int\u00e9gr\u00e9e technologique-professionnelle : Un tournant pour l\u2019\u00e9ducation et l\u2019industrie en Italie"}]},{"@type":"WebSite","@id":"https:\/\/territorialchallenges.com\/#website","url":"https:\/\/territorialchallenges.com\/","name":"Territoriale uitdagingen","description":"Internationale monitoring - Slimme strategie\u00ebn - Beste praktijken","publisher":{"@id":"https:\/\/territorialchallenges.com\/#organization"},"potentialAction":[{"@type":"SearchAction","target":{"@type":"EntryPoint","urlTemplate":"https:\/\/territorialchallenges.com\/?s={search_term_string}"},"query-input":"required name=search_term_string"}],"inLanguage":"nl-NL"},{"@type":"Organization","@id":"https:\/\/territorialchallenges.com\/#organization","name":"Territoriale uitdagingen","url":"https:\/\/territorialchallenges.com\/","logo":{"@type":"ImageObject","inLanguage":"nl-NL","@id":"https:\/\/territorialchallenges.com\/#\/schema\/logo\/image\/","url":"https:\/\/territorialchallenges.com\/wp-content\/uploads\/2023\/10\/logo-1.png","contentUrl":"https:\/\/territorialchallenges.com\/wp-content\/uploads\/2023\/10\/logo-1.png","width":1832,"height":576,"caption":"Territorial Challenges"},"image":{"@id":"https:\/\/territorialchallenges.com\/#\/schema\/logo\/image\/"}},{"@type":"Person","@id":"https:\/\/territorialchallenges.com\/#\/schema\/person\/098f145c7c61a021c425e010f840080f","name":"ni.abdi","image":{"@type":"ImageObject","inLanguage":"nl-NL","@id":"https:\/\/territorialchallenges.com\/#\/schema\/person\/image\/","url":"https:\/\/secure.gravatar.com\/avatar\/2a2f2491f3c80039986ba989b1e4b510?s=96&d=identicon&r=g","contentUrl":"https:\/\/secure.gravatar.com\/avatar\/2a2f2491f3c80039986ba989b1e4b510?s=96&d=identicon&r=g","caption":"ni.abdi"},"sameAs":["https:\/\/twitter.com\/Ni.abdi"],"url":"https:\/\/territorialchallenges.com\/nl\/author\/ni-abdi\/"}]}},"_links":{"self":[{"href":"https:\/\/territorialchallenges.com\/nl\/wp-json\/wp\/v2\/posts\/123196"}],"collection":[{"href":"https:\/\/territorialchallenges.com\/nl\/wp-json\/wp\/v2\/posts"}],"about":[{"href":"https:\/\/territorialchallenges.com\/nl\/wp-json\/wp\/v2\/types\/post"}],"author":[{"embeddable":true,"href":"https:\/\/territorialchallenges.com\/nl\/wp-json\/wp\/v2\/users\/11"}],"replies":[{"embeddable":true,"href":"https:\/\/territorialchallenges.com\/nl\/wp-json\/wp\/v2\/comments?post=123196"}],"version-history":[{"count":1,"href":"https:\/\/territorialchallenges.com\/nl\/wp-json\/wp\/v2\/posts\/123196\/revisions"}],"predecessor-version":[{"id":123200,"href":"https:\/\/territorialchallenges.com\/nl\/wp-json\/wp\/v2\/posts\/123196\/revisions\/123200"}],"wp:featuredmedia":[{"embeddable":true,"href":"https:\/\/territorialchallenges.com\/nl\/wp-json\/wp\/v2\/media\/123199"}],"wp:attachment":[{"href":"https:\/\/territorialchallenges.com\/nl\/wp-json\/wp\/v2\/media?parent=123196"}],"wp:term":[{"taxonomy":"category","embeddable":true,"href":"https:\/\/territorialchallenges.com\/nl\/wp-json\/wp\/v2\/categories?post=123196"},{"taxonomy":"post_tag","embeddable":true,"href":"https:\/\/territorialchallenges.com\/nl\/wp-json\/wp\/v2\/tags?post=123196"}],"curies":[{"name":"wp","href":"https:\/\/api.w.org\/{rel}","templated":true}]}}