{"id":123165,"date":"2024-08-27T08:46:09","date_gmt":"2024-08-27T06:46:09","guid":{"rendered":"https:\/\/territorialchallenges.com\/?p=123165"},"modified":"2024-08-27T08:46:11","modified_gmt":"2024-08-27T06:46:11","slug":"le-marche-des-compteurs-intelligents-en-amerique-latine-une-revolution-energetique-en-marche","status":"publish","type":"post","link":"https:\/\/territorialchallenges.com\/nl\/2024\/08\/27\/le-marche-des-compteurs-intelligents-en-amerique-latine-une-revolution-energetique-en-marche\/123165\/","title":{"rendered":"De markt voor slimme meters in Latijns-Amerika: een energierevolutie gaande"},"content":{"rendered":"<p>De markt voor slimme elektriciteitsmeters in Latijns-Amerika maakt een exponenti\u00eble groei door, met een verwachte toename van meer dan 20 % per jaar tot 2029. Deze snelle expansie wordt gedreven door de noodzaak om energieverliezen te verminderen en de elektrische infrastructuur te moderniseren. Brazili\u00eb en Mexico lopen voorop in deze transformatie, met... <\/p>\n<div class=\"pmpro_content_message\">Artikel alleen beschikbaar voor abonnees.<br \/><a href=\"https:\/\/territorialchallenges.com\/wp-login.php\">Login<\/a><br \/><a href=\"https:\/\/territorialchallenges.com\/nl\/wp-login.php\/?action=register\">Register<\/a><\/div>","protected":false},"excerpt":{"rendered":"<p>Le march\u00e9 des compteurs d\u2019\u00e9lectricit\u00e9 intelligents en Am\u00e9rique latine conna\u00eet une croissance exponentielle, avec une augmentation pr\u00e9vue de plus de 20 % par an jusqu&rsquo;en 2029. Cette expansion rapide est stimul\u00e9e par la n\u00e9cessit\u00e9 de r\u00e9duire les pertes d&rsquo;\u00e9nergie et de moderniser les infrastructures \u00e9lectriques. Le Br\u00e9sil et le Mexique m\u00e8nent cette transformation, avec des... <\/p>\n<div class=\"pmpro_content_message\">Artikel alleen beschikbaar voor abonnees.<br \/><a href=\"https:\/\/territorialchallenges.com\/wp-login.php\">Login<\/a><br \/><a href=\"https:\/\/territorialchallenges.com\/nl\/wp-login.php\/?action=register\">Register<\/a><\/div>","protected":false},"author":11,"featured_media":123166,"comment_status":"closed","ping_status":"closed","sticky":true,"template":"","format":"standard","meta":{"pmpro_default_level":0,"footnotes":""},"categories":[18,124],"tags":[],"blocksy_meta":"","yoast_head":"<!-- This site is optimized with the Yoast SEO plugin v21.5 - https:\/\/yoast.com\/wordpress\/plugins\/seo\/ -->\n<title>Le march\u00e9 des compteurs intelligents en Am\u00e9rique latine : une r\u00e9volution \u00e9nerg\u00e9tique en marche - Territorial Challenges<\/title>\n<meta name=\"robots\" content=\"index, follow, max-snippet:-1, max-image-preview:large, max-video-preview:-1\" \/>\n<link rel=\"canonical\" href=\"https:\/\/territorialchallenges.com\/nl\/2024\/08\/27\/le-marche-des-compteurs-intelligents-en-amerique-latine-une-revolution-energetique-en-marche\/123165\/\" \/>\n<meta property=\"og:locale\" content=\"nl_NL\" \/>\n<meta property=\"og:type\" content=\"article\" \/>\n<meta property=\"og:title\" content=\"Le march\u00e9 des compteurs intelligents en Am\u00e9rique latine : une r\u00e9volution \u00e9nerg\u00e9tique en marche - Territorial Challenges\" \/>\n<meta property=\"og:description\" content=\"Le march\u00e9 des compteurs d\u2019\u00e9lectricit\u00e9 intelligents en Am\u00e9rique latine conna\u00eet une croissance exponentielle, avec une augmentation pr\u00e9vue de plus de 20 % par an jusqu&rsquo;en 2029. Cette expansion rapide est stimul\u00e9e par la n\u00e9cessit\u00e9 de r\u00e9duire les pertes d&rsquo;\u00e9nergie et de moderniser les infrastructures \u00e9lectriques. Le Br\u00e9sil et le Mexique m\u00e8nent cette transformation, avec des [&hellip;]\" \/>\n<meta property=\"og:url\" content=\"https:\/\/territorialchallenges.com\/nl\/2024\/08\/27\/le-marche-des-compteurs-intelligents-en-amerique-latine-une-revolution-energetique-en-marche\/123165\/\" \/>\n<meta property=\"og:site_name\" content=\"Territorial Challenges\" \/>\n<meta property=\"article:published_time\" content=\"2024-08-27T06:46:09+00:00\" \/>\n<meta property=\"article:modified_time\" content=\"2024-08-27T06:46:11+00:00\" \/>\n<meta property=\"og:image\" content=\"https:\/\/territorialchallenges.com\/wp-content\/uploads\/2024\/08\/transitionenergetique26.08.Image_.jpg\" \/>\n\t<meta property=\"og:image:width\" content=\"1280\" \/>\n\t<meta property=\"og:image:height\" content=\"960\" \/>\n\t<meta property=\"og:image:type\" content=\"image\/jpeg\" \/>\n<meta name=\"author\" content=\"ni.abdi\" \/>\n<meta name=\"twitter:card\" content=\"summary_large_image\" \/>\n<meta name=\"twitter:creator\" content=\"@Ni.abdi\" \/>\n<meta name=\"twitter:label1\" content=\"Geschreven door\" \/>\n\t<meta name=\"twitter:data1\" content=\"ni.abdi\" \/>\n\t<meta name=\"twitter:label2\" content=\"Geschatte leestijd\" \/>\n\t<meta name=\"twitter:data2\" content=\"5 minuten\" \/>\n<script type=\"application\/ld+json\" class=\"yoast-schema-graph\">{\"@context\":\"https:\/\/schema.org\",\"@graph\":[{\"@type\":\"Article\",\"@id\":\"https:\/\/territorialchallenges.com\/2024\/08\/27\/le-marche-des-compteurs-intelligents-en-amerique-latine-une-revolution-energetique-en-marche\/123165\/#article\",\"isPartOf\":{\"@id\":\"https:\/\/territorialchallenges.com\/2024\/08\/27\/le-marche-des-compteurs-intelligents-en-amerique-latine-une-revolution-energetique-en-marche\/123165\/\"},\"author\":{\"name\":\"ni.abdi\",\"@id\":\"https:\/\/territorialchallenges.com\/#\/schema\/person\/098f145c7c61a021c425e010f840080f\"},\"headline\":\"Le march\u00e9 des compteurs intelligents en Am\u00e9rique latine : une r\u00e9volution \u00e9nerg\u00e9tique en marche\",\"datePublished\":\"2024-08-27T06:46:09+00:00\",\"dateModified\":\"2024-08-27T06:46:11+00:00\",\"mainEntityOfPage\":{\"@id\":\"https:\/\/territorialchallenges.com\/2024\/08\/27\/le-marche-des-compteurs-intelligents-en-amerique-latine-une-revolution-energetique-en-marche\/123165\/\"},\"wordCount\":1108,\"publisher\":{\"@id\":\"https:\/\/territorialchallenges.com\/#organization\"},\"articleSection\":[\"Transition \u00c9nerg\u00e9tique\",\"Actualit\u00e9 internationale\"],\"inLanguage\":\"nl-NL\"},{\"@type\":\"WebPage\",\"@id\":\"https:\/\/territorialchallenges.com\/2024\/08\/27\/le-marche-des-compteurs-intelligents-en-amerique-latine-une-revolution-energetique-en-marche\/123165\/\",\"url\":\"https:\/\/territorialchallenges.com\/2024\/08\/27\/le-marche-des-compteurs-intelligents-en-amerique-latine-une-revolution-energetique-en-marche\/123165\/\",\"name\":\"Le march\u00e9 des compteurs intelligents en Am\u00e9rique latine : une r\u00e9volution \u00e9nerg\u00e9tique en marche - Territorial Challenges\",\"isPartOf\":{\"@id\":\"https:\/\/territorialchallenges.com\/#website\"},\"datePublished\":\"2024-08-27T06:46:09+00:00\",\"dateModified\":\"2024-08-27T06:46:11+00:00\",\"breadcrumb\":{\"@id\":\"https:\/\/territorialchallenges.com\/2024\/08\/27\/le-marche-des-compteurs-intelligents-en-amerique-latine-une-revolution-energetique-en-marche\/123165\/#breadcrumb\"},\"inLanguage\":\"nl-NL\",\"potentialAction\":[{\"@type\":\"ReadAction\",\"target\":[\"https:\/\/territorialchallenges.com\/2024\/08\/27\/le-marche-des-compteurs-intelligents-en-amerique-latine-une-revolution-energetique-en-marche\/123165\/\"]}]},{\"@type\":\"BreadcrumbList\",\"@id\":\"https:\/\/territorialchallenges.com\/2024\/08\/27\/le-marche-des-compteurs-intelligents-en-amerique-latine-une-revolution-energetique-en-marche\/123165\/#breadcrumb\",\"itemListElement\":[{\"@type\":\"ListItem\",\"position\":1,\"name\":\"Home\",\"item\":\"https:\/\/territorialchallenges.com\/\"},{\"@type\":\"ListItem\",\"position\":2,\"name\":\"Le march\u00e9 des compteurs intelligents en Am\u00e9rique latine : une r\u00e9volution \u00e9nerg\u00e9tique en marche\"}]},{\"@type\":\"WebSite\",\"@id\":\"https:\/\/territorialchallenges.com\/#website\",\"url\":\"https:\/\/territorialchallenges.com\/\",\"name\":\"Territorial Challenges\",\"description\":\"Veille Internationale - Strat\u00e9gie Intelligentes - Bonnes pratiques\",\"publisher\":{\"@id\":\"https:\/\/territorialchallenges.com\/#organization\"},\"potentialAction\":[{\"@type\":\"SearchAction\",\"target\":{\"@type\":\"EntryPoint\",\"urlTemplate\":\"https:\/\/territorialchallenges.com\/?s={search_term_string}\"},\"query-input\":\"required name=search_term_string\"}],\"inLanguage\":\"nl-NL\"},{\"@type\":\"Organization\",\"@id\":\"https:\/\/territorialchallenges.com\/#organization\",\"name\":\"Territorial Challenges\",\"url\":\"https:\/\/territorialchallenges.com\/\",\"logo\":{\"@type\":\"ImageObject\",\"inLanguage\":\"nl-NL\",\"@id\":\"https:\/\/territorialchallenges.com\/#\/schema\/logo\/image\/\",\"url\":\"https:\/\/territorialchallenges.com\/wp-content\/uploads\/2023\/10\/logo-1.png\",\"contentUrl\":\"https:\/\/territorialchallenges.com\/wp-content\/uploads\/2023\/10\/logo-1.png\",\"width\":1832,\"height\":576,\"caption\":\"Territorial Challenges\"},\"image\":{\"@id\":\"https:\/\/territorialchallenges.com\/#\/schema\/logo\/image\/\"}},{\"@type\":\"Person\",\"@id\":\"https:\/\/territorialchallenges.com\/#\/schema\/person\/098f145c7c61a021c425e010f840080f\",\"name\":\"ni.abdi\",\"image\":{\"@type\":\"ImageObject\",\"inLanguage\":\"nl-NL\",\"@id\":\"https:\/\/territorialchallenges.com\/#\/schema\/person\/image\/\",\"url\":\"https:\/\/secure.gravatar.com\/avatar\/2a2f2491f3c80039986ba989b1e4b510?s=96&d=identicon&r=g\",\"contentUrl\":\"https:\/\/secure.gravatar.com\/avatar\/2a2f2491f3c80039986ba989b1e4b510?s=96&d=identicon&r=g\",\"caption\":\"ni.abdi\"},\"sameAs\":[\"https:\/\/twitter.com\/Ni.abdi\"],\"url\":\"https:\/\/territorialchallenges.com\/nl\/author\/ni-abdi\/\"}]}<\/script>\n<!-- \/ Yoast SEO plugin. -->","yoast_head_json":{"title":"Le march\u00e9 des compteurs intelligents en Am\u00e9rique latine : une r\u00e9volution \u00e9nerg\u00e9tique en marche - Territorial Challenges","robots":{"index":"index","follow":"follow","max-snippet":"max-snippet:-1","max-image-preview":"max-image-preview:large","max-video-preview":"max-video-preview:-1"},"canonical":"https:\/\/territorialchallenges.com\/nl\/2024\/08\/27\/le-marche-des-compteurs-intelligents-en-amerique-latine-une-revolution-energetique-en-marche\/123165\/","og_locale":"nl_NL","og_type":"article","og_title":"Le march\u00e9 des compteurs intelligents en Am\u00e9rique latine : une r\u00e9volution \u00e9nerg\u00e9tique en marche - Territorial Challenges","og_description":"Le march\u00e9 des compteurs d\u2019\u00e9lectricit\u00e9 intelligents en Am\u00e9rique latine conna\u00eet une croissance exponentielle, avec une augmentation pr\u00e9vue de plus de 20 % par an jusqu&rsquo;en 2029. Cette expansion rapide est stimul\u00e9e par la n\u00e9cessit\u00e9 de r\u00e9duire les pertes d&rsquo;\u00e9nergie et de moderniser les infrastructures \u00e9lectriques. Le Br\u00e9sil et le Mexique m\u00e8nent cette transformation, avec des [&hellip;]","og_url":"https:\/\/territorialchallenges.com\/nl\/2024\/08\/27\/le-marche-des-compteurs-intelligents-en-amerique-latine-une-revolution-energetique-en-marche\/123165\/","og_site_name":"Territorial Challenges","article_published_time":"2024-08-27T06:46:09+00:00","article_modified_time":"2024-08-27T06:46:11+00:00","og_image":[{"width":1280,"height":960,"url":"https:\/\/territorialchallenges.com\/wp-content\/uploads\/2024\/08\/transitionenergetique26.08.Image_.jpg","type":"image\/jpeg"}],"author":"ni.abdi","twitter_card":"summary_large_image","twitter_creator":"@Ni.abdi","twitter_misc":{"Geschreven door":"ni.abdi","Geschatte leestijd":"5 minuten"},"schema":{"@context":"https:\/\/schema.org","@graph":[{"@type":"Article","@id":"https:\/\/territorialchallenges.com\/2024\/08\/27\/le-marche-des-compteurs-intelligents-en-amerique-latine-une-revolution-energetique-en-marche\/123165\/#article","isPartOf":{"@id":"https:\/\/territorialchallenges.com\/2024\/08\/27\/le-marche-des-compteurs-intelligents-en-amerique-latine-une-revolution-energetique-en-marche\/123165\/"},"author":{"name":"ni.abdi","@id":"https:\/\/territorialchallenges.com\/#\/schema\/person\/098f145c7c61a021c425e010f840080f"},"headline":"Le march\u00e9 des compteurs intelligents en Am\u00e9rique latine : une r\u00e9volution \u00e9nerg\u00e9tique en marche","datePublished":"2024-08-27T06:46:09+00:00","dateModified":"2024-08-27T06:46:11+00:00","mainEntityOfPage":{"@id":"https:\/\/territorialchallenges.com\/2024\/08\/27\/le-marche-des-compteurs-intelligents-en-amerique-latine-une-revolution-energetique-en-marche\/123165\/"},"wordCount":1108,"publisher":{"@id":"https:\/\/territorialchallenges.com\/#organization"},"articleSection":["Transition \u00c9nerg\u00e9tique","Actualit\u00e9 internationale"],"inLanguage":"nl-NL"},{"@type":"WebPage","@id":"https:\/\/territorialchallenges.com\/2024\/08\/27\/le-marche-des-compteurs-intelligents-en-amerique-latine-une-revolution-energetique-en-marche\/123165\/","url":"https:\/\/territorialchallenges.com\/2024\/08\/27\/le-marche-des-compteurs-intelligents-en-amerique-latine-une-revolution-energetique-en-marche\/123165\/","name":"Le march\u00e9 des compteurs intelligents en Am\u00e9rique latine : une r\u00e9volution \u00e9nerg\u00e9tique en marche - Territorial Challenges","isPartOf":{"@id":"https:\/\/territorialchallenges.com\/#website"},"datePublished":"2024-08-27T06:46:09+00:00","dateModified":"2024-08-27T06:46:11+00:00","breadcrumb":{"@id":"https:\/\/territorialchallenges.com\/2024\/08\/27\/le-marche-des-compteurs-intelligents-en-amerique-latine-une-revolution-energetique-en-marche\/123165\/#breadcrumb"},"inLanguage":"nl-NL","potentialAction":[{"@type":"ReadAction","target":["https:\/\/territorialchallenges.com\/2024\/08\/27\/le-marche-des-compteurs-intelligents-en-amerique-latine-une-revolution-energetique-en-marche\/123165\/"]}]},{"@type":"BreadcrumbList","@id":"https:\/\/territorialchallenges.com\/2024\/08\/27\/le-marche-des-compteurs-intelligents-en-amerique-latine-une-revolution-energetique-en-marche\/123165\/#breadcrumb","itemListElement":[{"@type":"ListItem","position":1,"name":"Home","item":"https:\/\/territorialchallenges.com\/"},{"@type":"ListItem","position":2,"name":"Le march\u00e9 des compteurs intelligents en Am\u00e9rique latine : une r\u00e9volution \u00e9nerg\u00e9tique en marche"}]},{"@type":"WebSite","@id":"https:\/\/territorialchallenges.com\/#website","url":"https:\/\/territorialchallenges.com\/","name":"Territoriale uitdagingen","description":"Internationale monitoring - Slimme strategie\u00ebn - Beste praktijken","publisher":{"@id":"https:\/\/territorialchallenges.com\/#organization"},"potentialAction":[{"@type":"SearchAction","target":{"@type":"EntryPoint","urlTemplate":"https:\/\/territorialchallenges.com\/?s={search_term_string}"},"query-input":"required name=search_term_string"}],"inLanguage":"nl-NL"},{"@type":"Organization","@id":"https:\/\/territorialchallenges.com\/#organization","name":"Territoriale uitdagingen","url":"https:\/\/territorialchallenges.com\/","logo":{"@type":"ImageObject","inLanguage":"nl-NL","@id":"https:\/\/territorialchallenges.com\/#\/schema\/logo\/image\/","url":"https:\/\/territorialchallenges.com\/wp-content\/uploads\/2023\/10\/logo-1.png","contentUrl":"https:\/\/territorialchallenges.com\/wp-content\/uploads\/2023\/10\/logo-1.png","width":1832,"height":576,"caption":"Territorial Challenges"},"image":{"@id":"https:\/\/territorialchallenges.com\/#\/schema\/logo\/image\/"}},{"@type":"Person","@id":"https:\/\/territorialchallenges.com\/#\/schema\/person\/098f145c7c61a021c425e010f840080f","name":"ni.abdi","image":{"@type":"ImageObject","inLanguage":"nl-NL","@id":"https:\/\/territorialchallenges.com\/#\/schema\/person\/image\/","url":"https:\/\/secure.gravatar.com\/avatar\/2a2f2491f3c80039986ba989b1e4b510?s=96&d=identicon&r=g","contentUrl":"https:\/\/secure.gravatar.com\/avatar\/2a2f2491f3c80039986ba989b1e4b510?s=96&d=identicon&r=g","caption":"ni.abdi"},"sameAs":["https:\/\/twitter.com\/Ni.abdi"],"url":"https:\/\/territorialchallenges.com\/nl\/author\/ni-abdi\/"}]}},"_links":{"self":[{"href":"https:\/\/territorialchallenges.com\/nl\/wp-json\/wp\/v2\/posts\/123165"}],"collection":[{"href":"https:\/\/territorialchallenges.com\/nl\/wp-json\/wp\/v2\/posts"}],"about":[{"href":"https:\/\/territorialchallenges.com\/nl\/wp-json\/wp\/v2\/types\/post"}],"author":[{"embeddable":true,"href":"https:\/\/territorialchallenges.com\/nl\/wp-json\/wp\/v2\/users\/11"}],"replies":[{"embeddable":true,"href":"https:\/\/territorialchallenges.com\/nl\/wp-json\/wp\/v2\/comments?post=123165"}],"version-history":[{"count":1,"href":"https:\/\/territorialchallenges.com\/nl\/wp-json\/wp\/v2\/posts\/123165\/revisions"}],"predecessor-version":[{"id":123167,"href":"https:\/\/territorialchallenges.com\/nl\/wp-json\/wp\/v2\/posts\/123165\/revisions\/123167"}],"wp:featuredmedia":[{"embeddable":true,"href":"https:\/\/territorialchallenges.com\/nl\/wp-json\/wp\/v2\/media\/123166"}],"wp:attachment":[{"href":"https:\/\/territorialchallenges.com\/nl\/wp-json\/wp\/v2\/media?parent=123165"}],"wp:term":[{"taxonomy":"category","embeddable":true,"href":"https:\/\/territorialchallenges.com\/nl\/wp-json\/wp\/v2\/categories?post=123165"},{"taxonomy":"post_tag","embeddable":true,"href":"https:\/\/territorialchallenges.com\/nl\/wp-json\/wp\/v2\/tags?post=123165"}],"curies":[{"name":"wp","href":"https:\/\/api.w.org\/{rel}","templated":true}]}}