{"id":123092,"date":"2024-07-29T15:23:50","date_gmt":"2024-07-29T13:23:50","guid":{"rendered":"https:\/\/territorialchallenges.com\/?p=123092"},"modified":"2024-07-29T15:24:46","modified_gmt":"2024-07-29T13:24:46","slug":"espagne-une-ambition-verte-pour-le-futur-industriel-des-asturies","status":"publish","type":"post","link":"https:\/\/territorialchallenges.com\/nl\/2024\/07\/29\/espagne-une-ambition-verte-pour-le-futur-industriel-des-asturies\/123092\/","title":{"rendered":"Spanje: Groene ambitie voor de industri\u00eble toekomst van Asturi\u00eb"},"content":{"rendered":"<p>HyFive, de in Bilbao gevestigde dochteronderneming van White Summit Capital, markeert een keerpunt in de hernieuwbare-energiesector met een enorme investering van \u20ac 250 miljoen in de bouw van een fabriek voor de productie van groene waterstof en methanol. Dit ambitieuze project, dat zal worden gerealiseerd in de strategische haven van El Musel in Gij\u00f3n, in het hart van\u2026 <\/p>\n<div class=\"pmpro_content_message\">Artikel alleen beschikbaar voor abonnees.<br \/><a href=\"https:\/\/territorialchallenges.com\/wp-login.php\">Login<\/a><br \/><a href=\"https:\/\/territorialchallenges.com\/nl\/wp-login.php\/?action=register\">Register<\/a><\/div>","protected":false},"excerpt":{"rendered":"<p>HyFive, la filiale de White Summit Capital situ\u00e9e \u00e0 Bilbao, marque un tournant d\u00e9cisif dans l&rsquo;industrie des \u00e9nergies renouvelables avec un investissement massif de 250 millions d&rsquo;euros pour la construction d&rsquo;une usine de production d&rsquo;hydrog\u00e8ne vert et de m\u00e9thanol. Ce projet ambitieux, qui sera implant\u00e9 dans le port strat\u00e9gique d&rsquo;El Musel \u00e0 Gij\u00f3n, au c\u0153ur... <\/p>\n<div class=\"pmpro_content_message\">Artikel alleen beschikbaar voor abonnees.<br \/><a href=\"https:\/\/territorialchallenges.com\/wp-login.php\">Login<\/a><br \/><a href=\"https:\/\/territorialchallenges.com\/nl\/wp-login.php\/?action=register\">Register<\/a><\/div>","protected":false},"author":11,"featured_media":123093,"comment_status":"closed","ping_status":"closed","sticky":true,"template":"","format":"standard","meta":{"pmpro_default_level":0,"footnotes":""},"categories":[17,127],"tags":[],"blocksy_meta":"","yoast_head":"<!-- This site is optimized with the Yoast SEO plugin v21.5 - https:\/\/yoast.com\/wordpress\/plugins\/seo\/ -->\n<title>Espagne : une ambition verte pour le futur industriel des Asturies - Territorial Challenges<\/title>\n<meta name=\"robots\" content=\"index, follow, max-snippet:-1, max-image-preview:large, max-video-preview:-1\" \/>\n<link rel=\"canonical\" href=\"https:\/\/territorialchallenges.com\/nl\/2024\/07\/29\/espagne-une-ambition-verte-pour-le-futur-industriel-des-asturies\/123092\/\" \/>\n<meta property=\"og:locale\" content=\"nl_NL\" \/>\n<meta property=\"og:type\" content=\"article\" \/>\n<meta property=\"og:title\" content=\"Espagne : une ambition verte pour le futur industriel des Asturies - Territorial Challenges\" \/>\n<meta property=\"og:description\" content=\"HyFive, la filiale de White Summit Capital situ\u00e9e \u00e0 Bilbao, marque un tournant d\u00e9cisif dans l&rsquo;industrie des \u00e9nergies renouvelables avec un investissement massif de 250 millions d&rsquo;euros pour la construction d&rsquo;une usine de production d&rsquo;hydrog\u00e8ne vert et de m\u00e9thanol. Ce projet ambitieux, qui sera implant\u00e9 dans le port strat\u00e9gique d&rsquo;El Musel \u00e0 Gij\u00f3n, au c\u0153ur [&hellip;]\" \/>\n<meta property=\"og:url\" content=\"https:\/\/territorialchallenges.com\/nl\/2024\/07\/29\/espagne-une-ambition-verte-pour-le-futur-industriel-des-asturies\/123092\/\" \/>\n<meta property=\"og:site_name\" content=\"Territorial Challenges\" \/>\n<meta property=\"article:published_time\" content=\"2024-07-29T13:23:50+00:00\" \/>\n<meta property=\"article:modified_time\" content=\"2024-07-29T13:24:46+00:00\" \/>\n<meta property=\"og:image\" content=\"https:\/\/territorialchallenges.com\/wp-content\/uploads\/2024\/07\/IndustrieImage2607.jpg\" \/>\n\t<meta property=\"og:image:width\" content=\"1280\" \/>\n\t<meta property=\"og:image:height\" content=\"960\" \/>\n\t<meta property=\"og:image:type\" content=\"image\/jpeg\" \/>\n<meta name=\"author\" content=\"ni.abdi\" \/>\n<meta name=\"twitter:card\" content=\"summary_large_image\" \/>\n<meta name=\"twitter:creator\" content=\"@Ni.abdi\" \/>\n<meta name=\"twitter:label1\" content=\"Geschreven door\" \/>\n\t<meta name=\"twitter:data1\" content=\"ni.abdi\" \/>\n\t<meta name=\"twitter:label2\" content=\"Geschatte leestijd\" \/>\n\t<meta name=\"twitter:data2\" content=\"3 minuten\" \/>\n<script type=\"application\/ld+json\" class=\"yoast-schema-graph\">{\"@context\":\"https:\/\/schema.org\",\"@graph\":[{\"@type\":\"Article\",\"@id\":\"https:\/\/territorialchallenges.com\/2024\/07\/29\/espagne-une-ambition-verte-pour-le-futur-industriel-des-asturies\/123092\/#article\",\"isPartOf\":{\"@id\":\"https:\/\/territorialchallenges.com\/2024\/07\/29\/espagne-une-ambition-verte-pour-le-futur-industriel-des-asturies\/123092\/\"},\"author\":{\"name\":\"ni.abdi\",\"@id\":\"https:\/\/territorialchallenges.com\/#\/schema\/person\/098f145c7c61a021c425e010f840080f\"},\"headline\":\"Espagne : une ambition verte pour le futur industriel des Asturies\",\"datePublished\":\"2024-07-29T13:23:50+00:00\",\"dateModified\":\"2024-07-29T13:24:46+00:00\",\"mainEntityOfPage\":{\"@id\":\"https:\/\/territorialchallenges.com\/2024\/07\/29\/espagne-une-ambition-verte-pour-le-futur-industriel-des-asturies\/123092\/\"},\"wordCount\":626,\"publisher\":{\"@id\":\"https:\/\/territorialchallenges.com\/#organization\"},\"articleSection\":[\"Industrie 5.0\",\"Actualit\u00e9 Europe\"],\"inLanguage\":\"nl-NL\"},{\"@type\":\"WebPage\",\"@id\":\"https:\/\/territorialchallenges.com\/2024\/07\/29\/espagne-une-ambition-verte-pour-le-futur-industriel-des-asturies\/123092\/\",\"url\":\"https:\/\/territorialchallenges.com\/2024\/07\/29\/espagne-une-ambition-verte-pour-le-futur-industriel-des-asturies\/123092\/\",\"name\":\"Espagne : une ambition verte pour le futur industriel des Asturies - Territorial Challenges\",\"isPartOf\":{\"@id\":\"https:\/\/territorialchallenges.com\/#website\"},\"datePublished\":\"2024-07-29T13:23:50+00:00\",\"dateModified\":\"2024-07-29T13:24:46+00:00\",\"breadcrumb\":{\"@id\":\"https:\/\/territorialchallenges.com\/2024\/07\/29\/espagne-une-ambition-verte-pour-le-futur-industriel-des-asturies\/123092\/#breadcrumb\"},\"inLanguage\":\"nl-NL\",\"potentialAction\":[{\"@type\":\"ReadAction\",\"target\":[\"https:\/\/territorialchallenges.com\/2024\/07\/29\/espagne-une-ambition-verte-pour-le-futur-industriel-des-asturies\/123092\/\"]}]},{\"@type\":\"BreadcrumbList\",\"@id\":\"https:\/\/territorialchallenges.com\/2024\/07\/29\/espagne-une-ambition-verte-pour-le-futur-industriel-des-asturies\/123092\/#breadcrumb\",\"itemListElement\":[{\"@type\":\"ListItem\",\"position\":1,\"name\":\"Home\",\"item\":\"https:\/\/territorialchallenges.com\/\"},{\"@type\":\"ListItem\",\"position\":2,\"name\":\"Espagne : une ambition verte pour le futur industriel des Asturies\"}]},{\"@type\":\"WebSite\",\"@id\":\"https:\/\/territorialchallenges.com\/#website\",\"url\":\"https:\/\/territorialchallenges.com\/\",\"name\":\"Territorial Challenges\",\"description\":\"Veille Internationale - Strat\u00e9gie Intelligentes - Bonnes pratiques\",\"publisher\":{\"@id\":\"https:\/\/territorialchallenges.com\/#organization\"},\"potentialAction\":[{\"@type\":\"SearchAction\",\"target\":{\"@type\":\"EntryPoint\",\"urlTemplate\":\"https:\/\/territorialchallenges.com\/?s={search_term_string}\"},\"query-input\":\"required name=search_term_string\"}],\"inLanguage\":\"nl-NL\"},{\"@type\":\"Organization\",\"@id\":\"https:\/\/territorialchallenges.com\/#organization\",\"name\":\"Territorial Challenges\",\"url\":\"https:\/\/territorialchallenges.com\/\",\"logo\":{\"@type\":\"ImageObject\",\"inLanguage\":\"nl-NL\",\"@id\":\"https:\/\/territorialchallenges.com\/#\/schema\/logo\/image\/\",\"url\":\"https:\/\/territorialchallenges.com\/wp-content\/uploads\/2023\/10\/logo-1.png\",\"contentUrl\":\"https:\/\/territorialchallenges.com\/wp-content\/uploads\/2023\/10\/logo-1.png\",\"width\":1832,\"height\":576,\"caption\":\"Territorial Challenges\"},\"image\":{\"@id\":\"https:\/\/territorialchallenges.com\/#\/schema\/logo\/image\/\"}},{\"@type\":\"Person\",\"@id\":\"https:\/\/territorialchallenges.com\/#\/schema\/person\/098f145c7c61a021c425e010f840080f\",\"name\":\"ni.abdi\",\"image\":{\"@type\":\"ImageObject\",\"inLanguage\":\"nl-NL\",\"@id\":\"https:\/\/territorialchallenges.com\/#\/schema\/person\/image\/\",\"url\":\"https:\/\/secure.gravatar.com\/avatar\/2a2f2491f3c80039986ba989b1e4b510?s=96&d=identicon&r=g\",\"contentUrl\":\"https:\/\/secure.gravatar.com\/avatar\/2a2f2491f3c80039986ba989b1e4b510?s=96&d=identicon&r=g\",\"caption\":\"ni.abdi\"},\"sameAs\":[\"https:\/\/twitter.com\/Ni.abdi\"],\"url\":\"https:\/\/territorialchallenges.com\/nl\/author\/ni-abdi\/\"}]}<\/script>\n<!-- \/ Yoast SEO plugin. -->","yoast_head_json":{"title":"Espagne : une ambition verte pour le futur industriel des Asturies - Territorial Challenges","robots":{"index":"index","follow":"follow","max-snippet":"max-snippet:-1","max-image-preview":"max-image-preview:large","max-video-preview":"max-video-preview:-1"},"canonical":"https:\/\/territorialchallenges.com\/nl\/2024\/07\/29\/espagne-une-ambition-verte-pour-le-futur-industriel-des-asturies\/123092\/","og_locale":"nl_NL","og_type":"article","og_title":"Espagne : une ambition verte pour le futur industriel des Asturies - Territorial Challenges","og_description":"HyFive, la filiale de White Summit Capital situ\u00e9e \u00e0 Bilbao, marque un tournant d\u00e9cisif dans l&rsquo;industrie des \u00e9nergies renouvelables avec un investissement massif de 250 millions d&rsquo;euros pour la construction d&rsquo;une usine de production d&rsquo;hydrog\u00e8ne vert et de m\u00e9thanol. Ce projet ambitieux, qui sera implant\u00e9 dans le port strat\u00e9gique d&rsquo;El Musel \u00e0 Gij\u00f3n, au c\u0153ur [&hellip;]","og_url":"https:\/\/territorialchallenges.com\/nl\/2024\/07\/29\/espagne-une-ambition-verte-pour-le-futur-industriel-des-asturies\/123092\/","og_site_name":"Territorial Challenges","article_published_time":"2024-07-29T13:23:50+00:00","article_modified_time":"2024-07-29T13:24:46+00:00","og_image":[{"width":1280,"height":960,"url":"https:\/\/territorialchallenges.com\/wp-content\/uploads\/2024\/07\/IndustrieImage2607.jpg","type":"image\/jpeg"}],"author":"ni.abdi","twitter_card":"summary_large_image","twitter_creator":"@Ni.abdi","twitter_misc":{"Geschreven door":"ni.abdi","Geschatte leestijd":"3 minuten"},"schema":{"@context":"https:\/\/schema.org","@graph":[{"@type":"Article","@id":"https:\/\/territorialchallenges.com\/2024\/07\/29\/espagne-une-ambition-verte-pour-le-futur-industriel-des-asturies\/123092\/#article","isPartOf":{"@id":"https:\/\/territorialchallenges.com\/2024\/07\/29\/espagne-une-ambition-verte-pour-le-futur-industriel-des-asturies\/123092\/"},"author":{"name":"ni.abdi","@id":"https:\/\/territorialchallenges.com\/#\/schema\/person\/098f145c7c61a021c425e010f840080f"},"headline":"Espagne : une ambition verte pour le futur industriel des Asturies","datePublished":"2024-07-29T13:23:50+00:00","dateModified":"2024-07-29T13:24:46+00:00","mainEntityOfPage":{"@id":"https:\/\/territorialchallenges.com\/2024\/07\/29\/espagne-une-ambition-verte-pour-le-futur-industriel-des-asturies\/123092\/"},"wordCount":626,"publisher":{"@id":"https:\/\/territorialchallenges.com\/#organization"},"articleSection":["Industrie 5.0","Actualit\u00e9 Europe"],"inLanguage":"nl-NL"},{"@type":"WebPage","@id":"https:\/\/territorialchallenges.com\/2024\/07\/29\/espagne-une-ambition-verte-pour-le-futur-industriel-des-asturies\/123092\/","url":"https:\/\/territorialchallenges.com\/2024\/07\/29\/espagne-une-ambition-verte-pour-le-futur-industriel-des-asturies\/123092\/","name":"Espagne : une ambition verte pour le futur industriel des Asturies - Territorial Challenges","isPartOf":{"@id":"https:\/\/territorialchallenges.com\/#website"},"datePublished":"2024-07-29T13:23:50+00:00","dateModified":"2024-07-29T13:24:46+00:00","breadcrumb":{"@id":"https:\/\/territorialchallenges.com\/2024\/07\/29\/espagne-une-ambition-verte-pour-le-futur-industriel-des-asturies\/123092\/#breadcrumb"},"inLanguage":"nl-NL","potentialAction":[{"@type":"ReadAction","target":["https:\/\/territorialchallenges.com\/2024\/07\/29\/espagne-une-ambition-verte-pour-le-futur-industriel-des-asturies\/123092\/"]}]},{"@type":"BreadcrumbList","@id":"https:\/\/territorialchallenges.com\/2024\/07\/29\/espagne-une-ambition-verte-pour-le-futur-industriel-des-asturies\/123092\/#breadcrumb","itemListElement":[{"@type":"ListItem","position":1,"name":"Home","item":"https:\/\/territorialchallenges.com\/"},{"@type":"ListItem","position":2,"name":"Espagne : une ambition verte pour le futur industriel des Asturies"}]},{"@type":"WebSite","@id":"https:\/\/territorialchallenges.com\/#website","url":"https:\/\/territorialchallenges.com\/","name":"Territoriale uitdagingen","description":"Internationale monitoring - Slimme strategie\u00ebn - Beste praktijken","publisher":{"@id":"https:\/\/territorialchallenges.com\/#organization"},"potentialAction":[{"@type":"SearchAction","target":{"@type":"EntryPoint","urlTemplate":"https:\/\/territorialchallenges.com\/?s={search_term_string}"},"query-input":"required name=search_term_string"}],"inLanguage":"nl-NL"},{"@type":"Organization","@id":"https:\/\/territorialchallenges.com\/#organization","name":"Territoriale uitdagingen","url":"https:\/\/territorialchallenges.com\/","logo":{"@type":"ImageObject","inLanguage":"nl-NL","@id":"https:\/\/territorialchallenges.com\/#\/schema\/logo\/image\/","url":"https:\/\/territorialchallenges.com\/wp-content\/uploads\/2023\/10\/logo-1.png","contentUrl":"https:\/\/territorialchallenges.com\/wp-content\/uploads\/2023\/10\/logo-1.png","width":1832,"height":576,"caption":"Territorial Challenges"},"image":{"@id":"https:\/\/territorialchallenges.com\/#\/schema\/logo\/image\/"}},{"@type":"Person","@id":"https:\/\/territorialchallenges.com\/#\/schema\/person\/098f145c7c61a021c425e010f840080f","name":"ni.abdi","image":{"@type":"ImageObject","inLanguage":"nl-NL","@id":"https:\/\/territorialchallenges.com\/#\/schema\/person\/image\/","url":"https:\/\/secure.gravatar.com\/avatar\/2a2f2491f3c80039986ba989b1e4b510?s=96&d=identicon&r=g","contentUrl":"https:\/\/secure.gravatar.com\/avatar\/2a2f2491f3c80039986ba989b1e4b510?s=96&d=identicon&r=g","caption":"ni.abdi"},"sameAs":["https:\/\/twitter.com\/Ni.abdi"],"url":"https:\/\/territorialchallenges.com\/nl\/author\/ni-abdi\/"}]}},"_links":{"self":[{"href":"https:\/\/territorialchallenges.com\/nl\/wp-json\/wp\/v2\/posts\/123092"}],"collection":[{"href":"https:\/\/territorialchallenges.com\/nl\/wp-json\/wp\/v2\/posts"}],"about":[{"href":"https:\/\/territorialchallenges.com\/nl\/wp-json\/wp\/v2\/types\/post"}],"author":[{"embeddable":true,"href":"https:\/\/territorialchallenges.com\/nl\/wp-json\/wp\/v2\/users\/11"}],"replies":[{"embeddable":true,"href":"https:\/\/territorialchallenges.com\/nl\/wp-json\/wp\/v2\/comments?post=123092"}],"version-history":[{"count":2,"href":"https:\/\/territorialchallenges.com\/nl\/wp-json\/wp\/v2\/posts\/123092\/revisions"}],"predecessor-version":[{"id":123095,"href":"https:\/\/territorialchallenges.com\/nl\/wp-json\/wp\/v2\/posts\/123092\/revisions\/123095"}],"wp:featuredmedia":[{"embeddable":true,"href":"https:\/\/territorialchallenges.com\/nl\/wp-json\/wp\/v2\/media\/123093"}],"wp:attachment":[{"href":"https:\/\/territorialchallenges.com\/nl\/wp-json\/wp\/v2\/media?parent=123092"}],"wp:term":[{"taxonomy":"category","embeddable":true,"href":"https:\/\/territorialchallenges.com\/nl\/wp-json\/wp\/v2\/categories?post=123092"},{"taxonomy":"post_tag","embeddable":true,"href":"https:\/\/territorialchallenges.com\/nl\/wp-json\/wp\/v2\/tags?post=123092"}],"curies":[{"name":"wp","href":"https:\/\/api.w.org\/{rel}","templated":true}]}}