{"id":123053,"date":"2024-07-18T16:22:31","date_gmt":"2024-07-18T14:22:31","guid":{"rendered":"https:\/\/territorialchallenges.com\/?p=123053"},"modified":"2024-07-18T16:22:35","modified_gmt":"2024-07-18T14:22:35","slug":"linformatique-et-nous-la-micro-et-ses-applications-une-plongee-dans-les-debuts-de-la-micro-informatique","status":"publish","type":"post","link":"https:\/\/territorialchallenges.com\/nl\/2024\/07\/18\/linformatique-et-nous-la-micro-et-ses-applications-une-plongee-dans-les-debuts-de-la-micro-informatique\/123053\/","title":{"rendered":"Computergebruik en wij: de microcomputer en zijn toepassingen \u2013 een duik in de beginjaren van de microcomputer"},"content":{"rendered":"<p>Het boek &quot;Computers and Us: Microcomputers and Their Applications&quot;, uitgegeven in 1985 door audiovisuele communicatiespecialist Jean-Luc Michel, onderzoekt de snel evoluerende wereld van microcomputers. Michel analyseert de impact van nieuwe technologie\u00ebn op management, software en de maatschappij in het algemeen en biedt een waardevolle gids voor het begrijpen van de problemen en... <\/p>\n<div class=\"pmpro_content_message\">Artikel alleen beschikbaar voor abonnees.<br \/><a href=\"https:\/\/territorialchallenges.com\/wp-login.php\">Login<\/a><br \/><a href=\"https:\/\/territorialchallenges.com\/nl\/wp-login.php\/?action=register\">Register<\/a><\/div>","protected":false},"excerpt":{"rendered":"<p>Publi\u00e9e en 1985 par Jean-Luc Michel, sp\u00e9cialiste de la communication audiovisuelle, l&rsquo;ouvrage \u00ab\u00a0L&rsquo;informatique et nous : la micro et ses applications\u00a0\u00bb explore l&rsquo;univers en pleine effervescence de la micro-informatique. Michel y analyse l&rsquo;impact des nouvelles technologies sur la gestion, les logiciels et la soci\u00e9t\u00e9 en g\u00e9n\u00e9ral, offrant un guide pr\u00e9cieux pour comprendre les enjeux et... <\/p>\n<div class=\"pmpro_content_message\">Artikel alleen beschikbaar voor abonnees.<br \/><a href=\"https:\/\/territorialchallenges.com\/wp-login.php\">Login<\/a><br \/><a href=\"https:\/\/territorialchallenges.com\/nl\/wp-login.php\/?action=register\">Register<\/a><\/div>","protected":false},"author":11,"featured_media":123054,"comment_status":"closed","ping_status":"closed","sticky":true,"template":"","format":"standard","meta":{"pmpro_default_level":0,"footnotes":""},"categories":[121],"tags":[],"blocksy_meta":"","yoast_head":"<!-- This site is optimized with the Yoast SEO plugin v21.5 - https:\/\/yoast.com\/wordpress\/plugins\/seo\/ -->\n<title>L&#039;informatique et nous : la micro et ses applications - Une plong\u00e9e dans les d\u00e9buts de la micro-informatique - Territorial Challenges<\/title>\n<meta name=\"robots\" content=\"index, follow, max-snippet:-1, max-image-preview:large, max-video-preview:-1\" \/>\n<link rel=\"canonical\" href=\"https:\/\/territorialchallenges.com\/nl\/2024\/07\/18\/linformatique-et-nous-la-micro-et-ses-applications-une-plongee-dans-les-debuts-de-la-micro-informatique\/123053\/\" \/>\n<meta property=\"og:locale\" content=\"nl_NL\" \/>\n<meta property=\"og:type\" content=\"article\" \/>\n<meta property=\"og:title\" content=\"L&#039;informatique et nous : la micro et ses applications - Une plong\u00e9e dans les d\u00e9buts de la micro-informatique - Territorial Challenges\" \/>\n<meta property=\"og:description\" content=\"Publi\u00e9e en 1985 par Jean-Luc Michel, sp\u00e9cialiste de la communication audiovisuelle, l&rsquo;ouvrage \u00ab\u00a0L&rsquo;informatique et nous : la micro et ses applications\u00a0\u00bb explore l&rsquo;univers en pleine effervescence de la micro-informatique. Michel y analyse l&rsquo;impact des nouvelles technologies sur la gestion, les logiciels et la soci\u00e9t\u00e9 en g\u00e9n\u00e9ral, offrant un guide pr\u00e9cieux pour comprendre les enjeux et [&hellip;]\" \/>\n<meta property=\"og:url\" content=\"https:\/\/territorialchallenges.com\/nl\/2024\/07\/18\/linformatique-et-nous-la-micro-et-ses-applications-une-plongee-dans-les-debuts-de-la-micro-informatique\/123053\/\" \/>\n<meta property=\"og:site_name\" content=\"Territorial Challenges\" \/>\n<meta property=\"article:published_time\" content=\"2024-07-18T14:22:31+00:00\" \/>\n<meta property=\"article:modified_time\" content=\"2024-07-18T14:22:35+00:00\" \/>\n<meta property=\"og:image\" content=\"https:\/\/territorialchallenges.com\/wp-content\/uploads\/2024\/07\/Memoireinformatique_et_nousImage.jpeg\" \/>\n\t<meta property=\"og:image:width\" content=\"1021\" \/>\n\t<meta property=\"og:image:height\" content=\"1566\" \/>\n\t<meta property=\"og:image:type\" content=\"image\/jpeg\" \/>\n<meta name=\"author\" content=\"ni.abdi\" \/>\n<meta name=\"twitter:card\" content=\"summary_large_image\" \/>\n<meta name=\"twitter:creator\" content=\"@Ni.abdi\" \/>\n<meta name=\"twitter:label1\" content=\"Geschreven door\" \/>\n\t<meta name=\"twitter:data1\" content=\"ni.abdi\" \/>\n\t<meta name=\"twitter:label2\" content=\"Geschatte leestijd\" \/>\n\t<meta name=\"twitter:data2\" content=\"5 minuten\" \/>\n<script type=\"application\/ld+json\" class=\"yoast-schema-graph\">{\"@context\":\"https:\/\/schema.org\",\"@graph\":[{\"@type\":\"Article\",\"@id\":\"https:\/\/territorialchallenges.com\/2024\/07\/18\/linformatique-et-nous-la-micro-et-ses-applications-une-plongee-dans-les-debuts-de-la-micro-informatique\/123053\/#article\",\"isPartOf\":{\"@id\":\"https:\/\/territorialchallenges.com\/2024\/07\/18\/linformatique-et-nous-la-micro-et-ses-applications-une-plongee-dans-les-debuts-de-la-micro-informatique\/123053\/\"},\"author\":{\"name\":\"ni.abdi\",\"@id\":\"https:\/\/territorialchallenges.com\/#\/schema\/person\/098f145c7c61a021c425e010f840080f\"},\"headline\":\"L&rsquo;informatique et nous : la micro et ses applications &#8211; Une plong\u00e9e dans les d\u00e9buts de la micro-informatique\",\"datePublished\":\"2024-07-18T14:22:31+00:00\",\"dateModified\":\"2024-07-18T14:22:35+00:00\",\"mainEntityOfPage\":{\"@id\":\"https:\/\/territorialchallenges.com\/2024\/07\/18\/linformatique-et-nous-la-micro-et-ses-applications-une-plongee-dans-les-debuts-de-la-micro-informatique\/123053\/\"},\"wordCount\":1083,\"publisher\":{\"@id\":\"https:\/\/territorialchallenges.com\/#organization\"},\"articleSection\":[\"M\u00e9moire\"],\"inLanguage\":\"nl-NL\"},{\"@type\":\"WebPage\",\"@id\":\"https:\/\/territorialchallenges.com\/2024\/07\/18\/linformatique-et-nous-la-micro-et-ses-applications-une-plongee-dans-les-debuts-de-la-micro-informatique\/123053\/\",\"url\":\"https:\/\/territorialchallenges.com\/2024\/07\/18\/linformatique-et-nous-la-micro-et-ses-applications-une-plongee-dans-les-debuts-de-la-micro-informatique\/123053\/\",\"name\":\"L'informatique et nous : la micro et ses applications - Une plong\u00e9e dans les d\u00e9buts de la micro-informatique - Territorial Challenges\",\"isPartOf\":{\"@id\":\"https:\/\/territorialchallenges.com\/#website\"},\"datePublished\":\"2024-07-18T14:22:31+00:00\",\"dateModified\":\"2024-07-18T14:22:35+00:00\",\"breadcrumb\":{\"@id\":\"https:\/\/territorialchallenges.com\/2024\/07\/18\/linformatique-et-nous-la-micro-et-ses-applications-une-plongee-dans-les-debuts-de-la-micro-informatique\/123053\/#breadcrumb\"},\"inLanguage\":\"nl-NL\",\"potentialAction\":[{\"@type\":\"ReadAction\",\"target\":[\"https:\/\/territorialchallenges.com\/2024\/07\/18\/linformatique-et-nous-la-micro-et-ses-applications-une-plongee-dans-les-debuts-de-la-micro-informatique\/123053\/\"]}]},{\"@type\":\"BreadcrumbList\",\"@id\":\"https:\/\/territorialchallenges.com\/2024\/07\/18\/linformatique-et-nous-la-micro-et-ses-applications-une-plongee-dans-les-debuts-de-la-micro-informatique\/123053\/#breadcrumb\",\"itemListElement\":[{\"@type\":\"ListItem\",\"position\":1,\"name\":\"Home\",\"item\":\"https:\/\/territorialchallenges.com\/\"},{\"@type\":\"ListItem\",\"position\":2,\"name\":\"L&rsquo;informatique et nous : la micro et ses applications &#8211; Une plong\u00e9e dans les d\u00e9buts de la micro-informatique\"}]},{\"@type\":\"WebSite\",\"@id\":\"https:\/\/territorialchallenges.com\/#website\",\"url\":\"https:\/\/territorialchallenges.com\/\",\"name\":\"Territorial Challenges\",\"description\":\"Veille Internationale - Strat\u00e9gie Intelligentes - Bonnes pratiques\",\"publisher\":{\"@id\":\"https:\/\/territorialchallenges.com\/#organization\"},\"potentialAction\":[{\"@type\":\"SearchAction\",\"target\":{\"@type\":\"EntryPoint\",\"urlTemplate\":\"https:\/\/territorialchallenges.com\/?s={search_term_string}\"},\"query-input\":\"required name=search_term_string\"}],\"inLanguage\":\"nl-NL\"},{\"@type\":\"Organization\",\"@id\":\"https:\/\/territorialchallenges.com\/#organization\",\"name\":\"Territorial Challenges\",\"url\":\"https:\/\/territorialchallenges.com\/\",\"logo\":{\"@type\":\"ImageObject\",\"inLanguage\":\"nl-NL\",\"@id\":\"https:\/\/territorialchallenges.com\/#\/schema\/logo\/image\/\",\"url\":\"https:\/\/territorialchallenges.com\/wp-content\/uploads\/2023\/10\/logo-1.png\",\"contentUrl\":\"https:\/\/territorialchallenges.com\/wp-content\/uploads\/2023\/10\/logo-1.png\",\"width\":1832,\"height\":576,\"caption\":\"Territorial Challenges\"},\"image\":{\"@id\":\"https:\/\/territorialchallenges.com\/#\/schema\/logo\/image\/\"}},{\"@type\":\"Person\",\"@id\":\"https:\/\/territorialchallenges.com\/#\/schema\/person\/098f145c7c61a021c425e010f840080f\",\"name\":\"ni.abdi\",\"image\":{\"@type\":\"ImageObject\",\"inLanguage\":\"nl-NL\",\"@id\":\"https:\/\/territorialchallenges.com\/#\/schema\/person\/image\/\",\"url\":\"https:\/\/secure.gravatar.com\/avatar\/2a2f2491f3c80039986ba989b1e4b510?s=96&d=identicon&r=g\",\"contentUrl\":\"https:\/\/secure.gravatar.com\/avatar\/2a2f2491f3c80039986ba989b1e4b510?s=96&d=identicon&r=g\",\"caption\":\"ni.abdi\"},\"sameAs\":[\"https:\/\/twitter.com\/Ni.abdi\"],\"url\":\"https:\/\/territorialchallenges.com\/nl\/author\/ni-abdi\/\"}]}<\/script>\n<!-- \/ Yoast SEO plugin. -->","yoast_head_json":{"title":"L'informatique et nous : la micro et ses applications - Une plong\u00e9e dans les d\u00e9buts de la micro-informatique - Territorial Challenges","robots":{"index":"index","follow":"follow","max-snippet":"max-snippet:-1","max-image-preview":"max-image-preview:large","max-video-preview":"max-video-preview:-1"},"canonical":"https:\/\/territorialchallenges.com\/nl\/2024\/07\/18\/linformatique-et-nous-la-micro-et-ses-applications-une-plongee-dans-les-debuts-de-la-micro-informatique\/123053\/","og_locale":"nl_NL","og_type":"article","og_title":"L'informatique et nous : la micro et ses applications - Une plong\u00e9e dans les d\u00e9buts de la micro-informatique - Territorial Challenges","og_description":"Publi\u00e9e en 1985 par Jean-Luc Michel, sp\u00e9cialiste de la communication audiovisuelle, l&rsquo;ouvrage \u00ab\u00a0L&rsquo;informatique et nous : la micro et ses applications\u00a0\u00bb explore l&rsquo;univers en pleine effervescence de la micro-informatique. Michel y analyse l&rsquo;impact des nouvelles technologies sur la gestion, les logiciels et la soci\u00e9t\u00e9 en g\u00e9n\u00e9ral, offrant un guide pr\u00e9cieux pour comprendre les enjeux et [&hellip;]","og_url":"https:\/\/territorialchallenges.com\/nl\/2024\/07\/18\/linformatique-et-nous-la-micro-et-ses-applications-une-plongee-dans-les-debuts-de-la-micro-informatique\/123053\/","og_site_name":"Territorial Challenges","article_published_time":"2024-07-18T14:22:31+00:00","article_modified_time":"2024-07-18T14:22:35+00:00","og_image":[{"width":1021,"height":1566,"url":"https:\/\/territorialchallenges.com\/wp-content\/uploads\/2024\/07\/Memoireinformatique_et_nousImage.jpeg","type":"image\/jpeg"}],"author":"ni.abdi","twitter_card":"summary_large_image","twitter_creator":"@Ni.abdi","twitter_misc":{"Geschreven door":"ni.abdi","Geschatte leestijd":"5 minuten"},"schema":{"@context":"https:\/\/schema.org","@graph":[{"@type":"Article","@id":"https:\/\/territorialchallenges.com\/2024\/07\/18\/linformatique-et-nous-la-micro-et-ses-applications-une-plongee-dans-les-debuts-de-la-micro-informatique\/123053\/#article","isPartOf":{"@id":"https:\/\/territorialchallenges.com\/2024\/07\/18\/linformatique-et-nous-la-micro-et-ses-applications-une-plongee-dans-les-debuts-de-la-micro-informatique\/123053\/"},"author":{"name":"ni.abdi","@id":"https:\/\/territorialchallenges.com\/#\/schema\/person\/098f145c7c61a021c425e010f840080f"},"headline":"L&rsquo;informatique et nous : la micro et ses applications &#8211; Une plong\u00e9e dans les d\u00e9buts de la micro-informatique","datePublished":"2024-07-18T14:22:31+00:00","dateModified":"2024-07-18T14:22:35+00:00","mainEntityOfPage":{"@id":"https:\/\/territorialchallenges.com\/2024\/07\/18\/linformatique-et-nous-la-micro-et-ses-applications-une-plongee-dans-les-debuts-de-la-micro-informatique\/123053\/"},"wordCount":1083,"publisher":{"@id":"https:\/\/territorialchallenges.com\/#organization"},"articleSection":["M\u00e9moire"],"inLanguage":"nl-NL"},{"@type":"WebPage","@id":"https:\/\/territorialchallenges.com\/2024\/07\/18\/linformatique-et-nous-la-micro-et-ses-applications-une-plongee-dans-les-debuts-de-la-micro-informatique\/123053\/","url":"https:\/\/territorialchallenges.com\/2024\/07\/18\/linformatique-et-nous-la-micro-et-ses-applications-une-plongee-dans-les-debuts-de-la-micro-informatique\/123053\/","name":"L'informatique et nous : la micro et ses applications - Une plong\u00e9e dans les d\u00e9buts de la micro-informatique - Territorial Challenges","isPartOf":{"@id":"https:\/\/territorialchallenges.com\/#website"},"datePublished":"2024-07-18T14:22:31+00:00","dateModified":"2024-07-18T14:22:35+00:00","breadcrumb":{"@id":"https:\/\/territorialchallenges.com\/2024\/07\/18\/linformatique-et-nous-la-micro-et-ses-applications-une-plongee-dans-les-debuts-de-la-micro-informatique\/123053\/#breadcrumb"},"inLanguage":"nl-NL","potentialAction":[{"@type":"ReadAction","target":["https:\/\/territorialchallenges.com\/2024\/07\/18\/linformatique-et-nous-la-micro-et-ses-applications-une-plongee-dans-les-debuts-de-la-micro-informatique\/123053\/"]}]},{"@type":"BreadcrumbList","@id":"https:\/\/territorialchallenges.com\/2024\/07\/18\/linformatique-et-nous-la-micro-et-ses-applications-une-plongee-dans-les-debuts-de-la-micro-informatique\/123053\/#breadcrumb","itemListElement":[{"@type":"ListItem","position":1,"name":"Home","item":"https:\/\/territorialchallenges.com\/"},{"@type":"ListItem","position":2,"name":"L&rsquo;informatique et nous : la micro et ses applications &#8211; Une plong\u00e9e dans les d\u00e9buts de la micro-informatique"}]},{"@type":"WebSite","@id":"https:\/\/territorialchallenges.com\/#website","url":"https:\/\/territorialchallenges.com\/","name":"Territoriale uitdagingen","description":"Internationale monitoring - Slimme strategie\u00ebn - Beste praktijken","publisher":{"@id":"https:\/\/territorialchallenges.com\/#organization"},"potentialAction":[{"@type":"SearchAction","target":{"@type":"EntryPoint","urlTemplate":"https:\/\/territorialchallenges.com\/?s={search_term_string}"},"query-input":"required name=search_term_string"}],"inLanguage":"nl-NL"},{"@type":"Organization","@id":"https:\/\/territorialchallenges.com\/#organization","name":"Territoriale uitdagingen","url":"https:\/\/territorialchallenges.com\/","logo":{"@type":"ImageObject","inLanguage":"nl-NL","@id":"https:\/\/territorialchallenges.com\/#\/schema\/logo\/image\/","url":"https:\/\/territorialchallenges.com\/wp-content\/uploads\/2023\/10\/logo-1.png","contentUrl":"https:\/\/territorialchallenges.com\/wp-content\/uploads\/2023\/10\/logo-1.png","width":1832,"height":576,"caption":"Territorial Challenges"},"image":{"@id":"https:\/\/territorialchallenges.com\/#\/schema\/logo\/image\/"}},{"@type":"Person","@id":"https:\/\/territorialchallenges.com\/#\/schema\/person\/098f145c7c61a021c425e010f840080f","name":"ni.abdi","image":{"@type":"ImageObject","inLanguage":"nl-NL","@id":"https:\/\/territorialchallenges.com\/#\/schema\/person\/image\/","url":"https:\/\/secure.gravatar.com\/avatar\/2a2f2491f3c80039986ba989b1e4b510?s=96&d=identicon&r=g","contentUrl":"https:\/\/secure.gravatar.com\/avatar\/2a2f2491f3c80039986ba989b1e4b510?s=96&d=identicon&r=g","caption":"ni.abdi"},"sameAs":["https:\/\/twitter.com\/Ni.abdi"],"url":"https:\/\/territorialchallenges.com\/nl\/author\/ni-abdi\/"}]}},"_links":{"self":[{"href":"https:\/\/territorialchallenges.com\/nl\/wp-json\/wp\/v2\/posts\/123053"}],"collection":[{"href":"https:\/\/territorialchallenges.com\/nl\/wp-json\/wp\/v2\/posts"}],"about":[{"href":"https:\/\/territorialchallenges.com\/nl\/wp-json\/wp\/v2\/types\/post"}],"author":[{"embeddable":true,"href":"https:\/\/territorialchallenges.com\/nl\/wp-json\/wp\/v2\/users\/11"}],"replies":[{"embeddable":true,"href":"https:\/\/territorialchallenges.com\/nl\/wp-json\/wp\/v2\/comments?post=123053"}],"version-history":[{"count":1,"href":"https:\/\/territorialchallenges.com\/nl\/wp-json\/wp\/v2\/posts\/123053\/revisions"}],"predecessor-version":[{"id":123055,"href":"https:\/\/territorialchallenges.com\/nl\/wp-json\/wp\/v2\/posts\/123053\/revisions\/123055"}],"wp:featuredmedia":[{"embeddable":true,"href":"https:\/\/territorialchallenges.com\/nl\/wp-json\/wp\/v2\/media\/123054"}],"wp:attachment":[{"href":"https:\/\/territorialchallenges.com\/nl\/wp-json\/wp\/v2\/media?parent=123053"}],"wp:term":[{"taxonomy":"category","embeddable":true,"href":"https:\/\/territorialchallenges.com\/nl\/wp-json\/wp\/v2\/categories?post=123053"},{"taxonomy":"post_tag","embeddable":true,"href":"https:\/\/territorialchallenges.com\/nl\/wp-json\/wp\/v2\/tags?post=123053"}],"curies":[{"name":"wp","href":"https:\/\/api.w.org\/{rel}","templated":true}]}}