{"id":122966,"date":"2024-06-27T18:52:51","date_gmt":"2024-06-27T16:52:51","guid":{"rendered":"https:\/\/territorialchallenges.com\/?p=122966"},"modified":"2024-06-27T18:52:52","modified_gmt":"2024-06-27T16:52:52","slug":"pour-une-politique-publique-de-lintelligence-artificielle-un-imperatif-pour-nos-collectivites-territoriales","status":"publish","type":"post","link":"https:\/\/territorialchallenges.com\/nl\/2024\/06\/27\/pour-une-politique-publique-de-lintelligence-artificielle-un-imperatif-pour-nos-collectivites-territoriales\/122966\/","title":{"rendered":"Een overheidsbeleid inzake kunstmatige intelligentie: een noodzaak voor onze lokale overheden"},"content":{"rendered":"<p>Franse lokale overheden worden geconfronteerd met een paradox: hoewel kunstmatige intelligentie (AI) hun bestuursmethoden zou kunnen revolutioneren en het dagelijks leven van burgers zou kunnen verbeteren, zorgt het gebrek aan een duidelijk en coherent overheidsbeleid voor verwarring en angst. Lokale overheden aarzelen om deze technologie\u00ebn, vaak van buitenlandse oorsprong, te implementeren uit angst hun soevereiniteit te schaden... <\/p>\n<div class=\"pmpro_content_message\">Artikel alleen beschikbaar voor abonnees.<br \/><a href=\"https:\/\/territorialchallenges.com\/wp-login.php\">Login<\/a><br \/><a href=\"https:\/\/territorialchallenges.com\/nl\/wp-login.php\/?action=register\">Register<\/a><\/div>","protected":false},"excerpt":{"rendered":"<p>Les collectivit\u00e9s territoriales fran\u00e7aises sont confront\u00e9es \u00e0 un paradoxe : alors que l&rsquo;intelligence artificielle (IA) pourrait r\u00e9volutionner leurs m\u00e9thodes de gestion et am\u00e9liorer la vie quotidienne des citoyens, l&rsquo;absence d&rsquo;une politique publique claire et coh\u00e9rente cr\u00e9e confusion et crainte. Les administrations locales h\u00e9sitent \u00e0 adopter ces technologies, souvent d&rsquo;origine \u00e9trang\u00e8re, par peur pour la souverainet\u00e9... <\/p>\n<div class=\"pmpro_content_message\">Artikel alleen beschikbaar voor abonnees.<br \/><a href=\"https:\/\/territorialchallenges.com\/wp-login.php\">Login<\/a><br \/><a href=\"https:\/\/territorialchallenges.com\/nl\/wp-login.php\/?action=register\">Register<\/a><\/div>","protected":false},"author":11,"featured_media":122967,"comment_status":"closed","ping_status":"closed","sticky":true,"template":"","format":"standard","meta":{"pmpro_default_level":0,"footnotes":""},"categories":[130,117],"tags":[],"blocksy_meta":"","yoast_head":"<!-- This site is optimized with the Yoast SEO plugin v21.5 - https:\/\/yoast.com\/wordpress\/plugins\/seo\/ -->\n<title>Pour une politique publique de l&#039;intelligence artificielle : un imp\u00e9ratif pour nos collectivit\u00e9s territoriales - Territorial Challenges<\/title>\n<meta name=\"robots\" content=\"index, follow, max-snippet:-1, max-image-preview:large, max-video-preview:-1\" \/>\n<link rel=\"canonical\" href=\"https:\/\/territorialchallenges.com\/nl\/2024\/06\/27\/pour-une-politique-publique-de-lintelligence-artificielle-un-imperatif-pour-nos-collectivites-territoriales\/122966\/\" \/>\n<meta property=\"og:locale\" content=\"nl_NL\" \/>\n<meta property=\"og:type\" content=\"article\" \/>\n<meta property=\"og:title\" content=\"Pour une politique publique de l&#039;intelligence artificielle : un imp\u00e9ratif pour nos collectivit\u00e9s territoriales - Territorial Challenges\" \/>\n<meta property=\"og:description\" content=\"Les collectivit\u00e9s territoriales fran\u00e7aises sont confront\u00e9es \u00e0 un paradoxe : alors que l&rsquo;intelligence artificielle (IA) pourrait r\u00e9volutionner leurs m\u00e9thodes de gestion et am\u00e9liorer la vie quotidienne des citoyens, l&rsquo;absence d&rsquo;une politique publique claire et coh\u00e9rente cr\u00e9e confusion et crainte. Les administrations locales h\u00e9sitent \u00e0 adopter ces technologies, souvent d&rsquo;origine \u00e9trang\u00e8re, par peur pour la souverainet\u00e9 [&hellip;]\" \/>\n<meta property=\"og:url\" content=\"https:\/\/territorialchallenges.com\/nl\/2024\/06\/27\/pour-une-politique-publique-de-lintelligence-artificielle-un-imperatif-pour-nos-collectivites-territoriales\/122966\/\" \/>\n<meta property=\"og:site_name\" content=\"Territorial Challenges\" \/>\n<meta property=\"article:published_time\" content=\"2024-06-27T16:52:51+00:00\" \/>\n<meta property=\"article:modified_time\" content=\"2024-06-27T16:52:52+00:00\" \/>\n<meta property=\"og:image\" content=\"https:\/\/territorialchallenges.com\/wp-content\/uploads\/2024\/06\/reflexionfaiteimage-1.jpg\" \/>\n\t<meta property=\"og:image:width\" content=\"1280\" \/>\n\t<meta property=\"og:image:height\" content=\"853\" \/>\n\t<meta property=\"og:image:type\" content=\"image\/jpeg\" \/>\n<meta name=\"author\" content=\"ni.abdi\" \/>\n<meta name=\"twitter:card\" content=\"summary_large_image\" \/>\n<meta name=\"twitter:creator\" content=\"@Ni.abdi\" \/>\n<meta name=\"twitter:label1\" content=\"Geschreven door\" \/>\n\t<meta name=\"twitter:data1\" content=\"ni.abdi\" \/>\n\t<meta name=\"twitter:label2\" content=\"Geschatte leestijd\" \/>\n\t<meta name=\"twitter:data2\" content=\"4 minuten\" \/>\n<script type=\"application\/ld+json\" class=\"yoast-schema-graph\">{\"@context\":\"https:\/\/schema.org\",\"@graph\":[{\"@type\":\"Article\",\"@id\":\"https:\/\/territorialchallenges.com\/2024\/06\/27\/pour-une-politique-publique-de-lintelligence-artificielle-un-imperatif-pour-nos-collectivites-territoriales\/122966\/#article\",\"isPartOf\":{\"@id\":\"https:\/\/territorialchallenges.com\/2024\/06\/27\/pour-une-politique-publique-de-lintelligence-artificielle-un-imperatif-pour-nos-collectivites-territoriales\/122966\/\"},\"author\":{\"name\":\"ni.abdi\",\"@id\":\"https:\/\/territorialchallenges.com\/#\/schema\/person\/098f145c7c61a021c425e010f840080f\"},\"headline\":\"Pour une politique publique de l&rsquo;intelligence artificielle : un imp\u00e9ratif pour nos collectivit\u00e9s territoriales\",\"datePublished\":\"2024-06-27T16:52:51+00:00\",\"dateModified\":\"2024-06-27T16:52:52+00:00\",\"mainEntityOfPage\":{\"@id\":\"https:\/\/territorialchallenges.com\/2024\/06\/27\/pour-une-politique-publique-de-lintelligence-artificielle-un-imperatif-pour-nos-collectivites-territoriales\/122966\/\"},\"wordCount\":857,\"publisher\":{\"@id\":\"https:\/\/territorialchallenges.com\/#organization\"},\"articleSection\":[\"R\u00e9flexion faite\",\"\u00c9cosyst\u00e8me\"],\"inLanguage\":\"nl-NL\"},{\"@type\":\"WebPage\",\"@id\":\"https:\/\/territorialchallenges.com\/2024\/06\/27\/pour-une-politique-publique-de-lintelligence-artificielle-un-imperatif-pour-nos-collectivites-territoriales\/122966\/\",\"url\":\"https:\/\/territorialchallenges.com\/2024\/06\/27\/pour-une-politique-publique-de-lintelligence-artificielle-un-imperatif-pour-nos-collectivites-territoriales\/122966\/\",\"name\":\"Pour une politique publique de l'intelligence artificielle : un imp\u00e9ratif pour nos collectivit\u00e9s territoriales - Territorial Challenges\",\"isPartOf\":{\"@id\":\"https:\/\/territorialchallenges.com\/#website\"},\"datePublished\":\"2024-06-27T16:52:51+00:00\",\"dateModified\":\"2024-06-27T16:52:52+00:00\",\"breadcrumb\":{\"@id\":\"https:\/\/territorialchallenges.com\/2024\/06\/27\/pour-une-politique-publique-de-lintelligence-artificielle-un-imperatif-pour-nos-collectivites-territoriales\/122966\/#breadcrumb\"},\"inLanguage\":\"nl-NL\",\"potentialAction\":[{\"@type\":\"ReadAction\",\"target\":[\"https:\/\/territorialchallenges.com\/2024\/06\/27\/pour-une-politique-publique-de-lintelligence-artificielle-un-imperatif-pour-nos-collectivites-territoriales\/122966\/\"]}]},{\"@type\":\"BreadcrumbList\",\"@id\":\"https:\/\/territorialchallenges.com\/2024\/06\/27\/pour-une-politique-publique-de-lintelligence-artificielle-un-imperatif-pour-nos-collectivites-territoriales\/122966\/#breadcrumb\",\"itemListElement\":[{\"@type\":\"ListItem\",\"position\":1,\"name\":\"Home\",\"item\":\"https:\/\/territorialchallenges.com\/\"},{\"@type\":\"ListItem\",\"position\":2,\"name\":\"Pour une politique publique de l&rsquo;intelligence artificielle : un imp\u00e9ratif pour nos collectivit\u00e9s territoriales\"}]},{\"@type\":\"WebSite\",\"@id\":\"https:\/\/territorialchallenges.com\/#website\",\"url\":\"https:\/\/territorialchallenges.com\/\",\"name\":\"Territorial Challenges\",\"description\":\"Veille Internationale - Strat\u00e9gie Intelligentes - Bonnes pratiques\",\"publisher\":{\"@id\":\"https:\/\/territorialchallenges.com\/#organization\"},\"potentialAction\":[{\"@type\":\"SearchAction\",\"target\":{\"@type\":\"EntryPoint\",\"urlTemplate\":\"https:\/\/territorialchallenges.com\/?s={search_term_string}\"},\"query-input\":\"required name=search_term_string\"}],\"inLanguage\":\"nl-NL\"},{\"@type\":\"Organization\",\"@id\":\"https:\/\/territorialchallenges.com\/#organization\",\"name\":\"Territorial Challenges\",\"url\":\"https:\/\/territorialchallenges.com\/\",\"logo\":{\"@type\":\"ImageObject\",\"inLanguage\":\"nl-NL\",\"@id\":\"https:\/\/territorialchallenges.com\/#\/schema\/logo\/image\/\",\"url\":\"https:\/\/territorialchallenges.com\/wp-content\/uploads\/2023\/10\/logo-1.png\",\"contentUrl\":\"https:\/\/territorialchallenges.com\/wp-content\/uploads\/2023\/10\/logo-1.png\",\"width\":1832,\"height\":576,\"caption\":\"Territorial Challenges\"},\"image\":{\"@id\":\"https:\/\/territorialchallenges.com\/#\/schema\/logo\/image\/\"}},{\"@type\":\"Person\",\"@id\":\"https:\/\/territorialchallenges.com\/#\/schema\/person\/098f145c7c61a021c425e010f840080f\",\"name\":\"ni.abdi\",\"image\":{\"@type\":\"ImageObject\",\"inLanguage\":\"nl-NL\",\"@id\":\"https:\/\/territorialchallenges.com\/#\/schema\/person\/image\/\",\"url\":\"https:\/\/secure.gravatar.com\/avatar\/2a2f2491f3c80039986ba989b1e4b510?s=96&d=identicon&r=g\",\"contentUrl\":\"https:\/\/secure.gravatar.com\/avatar\/2a2f2491f3c80039986ba989b1e4b510?s=96&d=identicon&r=g\",\"caption\":\"ni.abdi\"},\"sameAs\":[\"https:\/\/twitter.com\/Ni.abdi\"],\"url\":\"https:\/\/territorialchallenges.com\/nl\/author\/ni-abdi\/\"}]}<\/script>\n<!-- \/ Yoast SEO plugin. -->","yoast_head_json":{"title":"Pour une politique publique de l'intelligence artificielle : un imp\u00e9ratif pour nos collectivit\u00e9s territoriales - Territorial Challenges","robots":{"index":"index","follow":"follow","max-snippet":"max-snippet:-1","max-image-preview":"max-image-preview:large","max-video-preview":"max-video-preview:-1"},"canonical":"https:\/\/territorialchallenges.com\/nl\/2024\/06\/27\/pour-une-politique-publique-de-lintelligence-artificielle-un-imperatif-pour-nos-collectivites-territoriales\/122966\/","og_locale":"nl_NL","og_type":"article","og_title":"Pour une politique publique de l'intelligence artificielle : un imp\u00e9ratif pour nos collectivit\u00e9s territoriales - Territorial Challenges","og_description":"Les collectivit\u00e9s territoriales fran\u00e7aises sont confront\u00e9es \u00e0 un paradoxe : alors que l&rsquo;intelligence artificielle (IA) pourrait r\u00e9volutionner leurs m\u00e9thodes de gestion et am\u00e9liorer la vie quotidienne des citoyens, l&rsquo;absence d&rsquo;une politique publique claire et coh\u00e9rente cr\u00e9e confusion et crainte. Les administrations locales h\u00e9sitent \u00e0 adopter ces technologies, souvent d&rsquo;origine \u00e9trang\u00e8re, par peur pour la souverainet\u00e9 [&hellip;]","og_url":"https:\/\/territorialchallenges.com\/nl\/2024\/06\/27\/pour-une-politique-publique-de-lintelligence-artificielle-un-imperatif-pour-nos-collectivites-territoriales\/122966\/","og_site_name":"Territorial Challenges","article_published_time":"2024-06-27T16:52:51+00:00","article_modified_time":"2024-06-27T16:52:52+00:00","og_image":[{"width":1280,"height":853,"url":"https:\/\/territorialchallenges.com\/wp-content\/uploads\/2024\/06\/reflexionfaiteimage-1.jpg","type":"image\/jpeg"}],"author":"ni.abdi","twitter_card":"summary_large_image","twitter_creator":"@Ni.abdi","twitter_misc":{"Geschreven door":"ni.abdi","Geschatte leestijd":"4 minuten"},"schema":{"@context":"https:\/\/schema.org","@graph":[{"@type":"Article","@id":"https:\/\/territorialchallenges.com\/2024\/06\/27\/pour-une-politique-publique-de-lintelligence-artificielle-un-imperatif-pour-nos-collectivites-territoriales\/122966\/#article","isPartOf":{"@id":"https:\/\/territorialchallenges.com\/2024\/06\/27\/pour-une-politique-publique-de-lintelligence-artificielle-un-imperatif-pour-nos-collectivites-territoriales\/122966\/"},"author":{"name":"ni.abdi","@id":"https:\/\/territorialchallenges.com\/#\/schema\/person\/098f145c7c61a021c425e010f840080f"},"headline":"Pour une politique publique de l&rsquo;intelligence artificielle : un imp\u00e9ratif pour nos collectivit\u00e9s territoriales","datePublished":"2024-06-27T16:52:51+00:00","dateModified":"2024-06-27T16:52:52+00:00","mainEntityOfPage":{"@id":"https:\/\/territorialchallenges.com\/2024\/06\/27\/pour-une-politique-publique-de-lintelligence-artificielle-un-imperatif-pour-nos-collectivites-territoriales\/122966\/"},"wordCount":857,"publisher":{"@id":"https:\/\/territorialchallenges.com\/#organization"},"articleSection":["R\u00e9flexion faite","\u00c9cosyst\u00e8me"],"inLanguage":"nl-NL"},{"@type":"WebPage","@id":"https:\/\/territorialchallenges.com\/2024\/06\/27\/pour-une-politique-publique-de-lintelligence-artificielle-un-imperatif-pour-nos-collectivites-territoriales\/122966\/","url":"https:\/\/territorialchallenges.com\/2024\/06\/27\/pour-une-politique-publique-de-lintelligence-artificielle-un-imperatif-pour-nos-collectivites-territoriales\/122966\/","name":"Pour une politique publique de l'intelligence artificielle : un imp\u00e9ratif pour nos collectivit\u00e9s territoriales - Territorial Challenges","isPartOf":{"@id":"https:\/\/territorialchallenges.com\/#website"},"datePublished":"2024-06-27T16:52:51+00:00","dateModified":"2024-06-27T16:52:52+00:00","breadcrumb":{"@id":"https:\/\/territorialchallenges.com\/2024\/06\/27\/pour-une-politique-publique-de-lintelligence-artificielle-un-imperatif-pour-nos-collectivites-territoriales\/122966\/#breadcrumb"},"inLanguage":"nl-NL","potentialAction":[{"@type":"ReadAction","target":["https:\/\/territorialchallenges.com\/2024\/06\/27\/pour-une-politique-publique-de-lintelligence-artificielle-un-imperatif-pour-nos-collectivites-territoriales\/122966\/"]}]},{"@type":"BreadcrumbList","@id":"https:\/\/territorialchallenges.com\/2024\/06\/27\/pour-une-politique-publique-de-lintelligence-artificielle-un-imperatif-pour-nos-collectivites-territoriales\/122966\/#breadcrumb","itemListElement":[{"@type":"ListItem","position":1,"name":"Home","item":"https:\/\/territorialchallenges.com\/"},{"@type":"ListItem","position":2,"name":"Pour une politique publique de l&rsquo;intelligence artificielle : un imp\u00e9ratif pour nos collectivit\u00e9s territoriales"}]},{"@type":"WebSite","@id":"https:\/\/territorialchallenges.com\/#website","url":"https:\/\/territorialchallenges.com\/","name":"Territoriale uitdagingen","description":"Internationale monitoring - Slimme strategie\u00ebn - Beste praktijken","publisher":{"@id":"https:\/\/territorialchallenges.com\/#organization"},"potentialAction":[{"@type":"SearchAction","target":{"@type":"EntryPoint","urlTemplate":"https:\/\/territorialchallenges.com\/?s={search_term_string}"},"query-input":"required name=search_term_string"}],"inLanguage":"nl-NL"},{"@type":"Organization","@id":"https:\/\/territorialchallenges.com\/#organization","name":"Territoriale uitdagingen","url":"https:\/\/territorialchallenges.com\/","logo":{"@type":"ImageObject","inLanguage":"nl-NL","@id":"https:\/\/territorialchallenges.com\/#\/schema\/logo\/image\/","url":"https:\/\/territorialchallenges.com\/wp-content\/uploads\/2023\/10\/logo-1.png","contentUrl":"https:\/\/territorialchallenges.com\/wp-content\/uploads\/2023\/10\/logo-1.png","width":1832,"height":576,"caption":"Territorial Challenges"},"image":{"@id":"https:\/\/territorialchallenges.com\/#\/schema\/logo\/image\/"}},{"@type":"Person","@id":"https:\/\/territorialchallenges.com\/#\/schema\/person\/098f145c7c61a021c425e010f840080f","name":"ni.abdi","image":{"@type":"ImageObject","inLanguage":"nl-NL","@id":"https:\/\/territorialchallenges.com\/#\/schema\/person\/image\/","url":"https:\/\/secure.gravatar.com\/avatar\/2a2f2491f3c80039986ba989b1e4b510?s=96&d=identicon&r=g","contentUrl":"https:\/\/secure.gravatar.com\/avatar\/2a2f2491f3c80039986ba989b1e4b510?s=96&d=identicon&r=g","caption":"ni.abdi"},"sameAs":["https:\/\/twitter.com\/Ni.abdi"],"url":"https:\/\/territorialchallenges.com\/nl\/author\/ni-abdi\/"}]}},"_links":{"self":[{"href":"https:\/\/territorialchallenges.com\/nl\/wp-json\/wp\/v2\/posts\/122966"}],"collection":[{"href":"https:\/\/territorialchallenges.com\/nl\/wp-json\/wp\/v2\/posts"}],"about":[{"href":"https:\/\/territorialchallenges.com\/nl\/wp-json\/wp\/v2\/types\/post"}],"author":[{"embeddable":true,"href":"https:\/\/territorialchallenges.com\/nl\/wp-json\/wp\/v2\/users\/11"}],"replies":[{"embeddable":true,"href":"https:\/\/territorialchallenges.com\/nl\/wp-json\/wp\/v2\/comments?post=122966"}],"version-history":[{"count":1,"href":"https:\/\/territorialchallenges.com\/nl\/wp-json\/wp\/v2\/posts\/122966\/revisions"}],"predecessor-version":[{"id":122968,"href":"https:\/\/territorialchallenges.com\/nl\/wp-json\/wp\/v2\/posts\/122966\/revisions\/122968"}],"wp:featuredmedia":[{"embeddable":true,"href":"https:\/\/territorialchallenges.com\/nl\/wp-json\/wp\/v2\/media\/122967"}],"wp:attachment":[{"href":"https:\/\/territorialchallenges.com\/nl\/wp-json\/wp\/v2\/media?parent=122966"}],"wp:term":[{"taxonomy":"category","embeddable":true,"href":"https:\/\/territorialchallenges.com\/nl\/wp-json\/wp\/v2\/categories?post=122966"},{"taxonomy":"post_tag","embeddable":true,"href":"https:\/\/territorialchallenges.com\/nl\/wp-json\/wp\/v2\/tags?post=122966"}],"curies":[{"name":"wp","href":"https:\/\/api.w.org\/{rel}","templated":true}]}}