{"id":122960,"date":"2024-06-27T18:43:00","date_gmt":"2024-06-27T16:43:00","guid":{"rendered":"https:\/\/territorialchallenges.com\/?p=122960"},"modified":"2024-07-01T10:16:58","modified_gmt":"2024-07-01T08:16:58","slug":"santander-lepicentre-de-linnovation-lors-du-ii-comite-technique-du-reseau-des-villes-intelligentes-reci","status":"publish","type":"post","link":"https:\/\/territorialchallenges.com\/nl\/2024\/06\/27\/santander-lepicentre-de-linnovation-lors-du-ii-comite-technique-du-reseau-des-villes-intelligentes-reci\/122960\/","title":{"rendered":"Spanje: Santander, het epicentrum van innovatie tijdens de 2e Technische Commissie van het RECI Smart Cities Network"},"content":{"rendered":"<p>Op 20 en 21 juni organiseerde Santander de 2e Technische Commissie van het Smart Cities Network (RECI), een groot evenement dat de nieuwste ontwikkelingen op het gebied van kunstmatige intelligentie, dataruimtes en technologische oplossingen belicht. Deze bijeenkomst, geopend door burgemeester Gema Igual, onderstreept de leidende rol van de stad\u2026 <\/p>\n<div class=\"pmpro_content_message\">Artikel alleen beschikbaar voor abonnees.<br \/><a href=\"https:\/\/territorialchallenges.com\/wp-login.php\">Login<\/a><br \/><a href=\"https:\/\/territorialchallenges.com\/nl\/wp-login.php\/?action=register\">Register<\/a><\/div>","protected":false},"excerpt":{"rendered":"<p>Santander a accueilli le 20 et 21 juin, le II Comit\u00e9 technique du R\u00e9seau des villes intelligentes (RECI), un \u00e9v\u00e9nement majeur qui met en lumi\u00e8re les derni\u00e8res avanc\u00e9es en mati\u00e8re d&rsquo;intelligence artificielle, d&rsquo;espaces de donn\u00e9es et de solutions technologiques. Cette r\u00e9union, inaugur\u00e9e par le maire Gema Igual, renforce le r\u00f4le de la ville comme leader... <\/p>\n<div class=\"pmpro_content_message\">Artikel alleen beschikbaar voor abonnees.<br \/><a href=\"https:\/\/territorialchallenges.com\/wp-login.php\">Login<\/a><br \/><a href=\"https:\/\/territorialchallenges.com\/nl\/wp-login.php\/?action=register\">Register<\/a><\/div>","protected":false},"author":11,"featured_media":122961,"comment_status":"closed","ping_status":"closed","sticky":true,"template":"","format":"standard","meta":{"pmpro_default_level":0,"footnotes":""},"categories":[120,117],"tags":[],"blocksy_meta":"","yoast_head":"<!-- This site is optimized with the Yoast SEO plugin v21.5 - https:\/\/yoast.com\/wordpress\/plugins\/seo\/ -->\n<title>Espagne: Santander, l&#039;\u00e9picentre de l&#039;innovation lors du II comit\u00e9 technique du r\u00e9seau des villes intelligentes RECI - Territorial Challenges<\/title>\n<meta name=\"robots\" content=\"index, follow, max-snippet:-1, max-image-preview:large, max-video-preview:-1\" \/>\n<link rel=\"canonical\" href=\"https:\/\/territorialchallenges.com\/nl\/2024\/06\/27\/santander-lepicentre-de-linnovation-lors-du-ii-comite-technique-du-reseau-des-villes-intelligentes-reci\/122960\/\" \/>\n<meta property=\"og:locale\" content=\"nl_NL\" \/>\n<meta property=\"og:type\" content=\"article\" \/>\n<meta property=\"og:title\" content=\"Espagne: Santander, l&#039;\u00e9picentre de l&#039;innovation lors du II comit\u00e9 technique du r\u00e9seau des villes intelligentes RECI - Territorial Challenges\" \/>\n<meta property=\"og:description\" content=\"Santander a accueilli le 20 et 21 juin, le II Comit\u00e9 technique du R\u00e9seau des villes intelligentes (RECI), un \u00e9v\u00e9nement majeur qui met en lumi\u00e8re les derni\u00e8res avanc\u00e9es en mati\u00e8re d&rsquo;intelligence artificielle, d&rsquo;espaces de donn\u00e9es et de solutions technologiques. Cette r\u00e9union, inaugur\u00e9e par le maire Gema Igual, renforce le r\u00f4le de la ville comme leader [&hellip;]\" \/>\n<meta property=\"og:url\" content=\"https:\/\/territorialchallenges.com\/nl\/2024\/06\/27\/santander-lepicentre-de-linnovation-lors-du-ii-comite-technique-du-reseau-des-villes-intelligentes-reci\/122960\/\" \/>\n<meta property=\"og:site_name\" content=\"Territorial Challenges\" \/>\n<meta property=\"article:published_time\" content=\"2024-06-27T16:43:00+00:00\" \/>\n<meta property=\"article:modified_time\" content=\"2024-07-01T08:16:58+00:00\" \/>\n<meta property=\"og:image\" content=\"https:\/\/territorialchallenges.com\/wp-content\/uploads\/2024\/06\/ilsestpasseaSantander.jpg\" \/>\n\t<meta property=\"og:image:width\" content=\"1920\" \/>\n\t<meta property=\"og:image:height\" content=\"1280\" \/>\n\t<meta property=\"og:image:type\" content=\"image\/jpeg\" \/>\n<meta name=\"author\" content=\"ni.abdi\" \/>\n<meta name=\"twitter:card\" content=\"summary_large_image\" \/>\n<meta name=\"twitter:creator\" content=\"@Ni.abdi\" \/>\n<meta name=\"twitter:label1\" content=\"Geschreven door\" \/>\n\t<meta name=\"twitter:data1\" content=\"ni.abdi\" \/>\n\t<meta name=\"twitter:label2\" content=\"Geschatte leestijd\" \/>\n\t<meta name=\"twitter:data2\" content=\"5 minuten\" \/>\n<script type=\"application\/ld+json\" class=\"yoast-schema-graph\">{\"@context\":\"https:\/\/schema.org\",\"@graph\":[{\"@type\":\"Article\",\"@id\":\"https:\/\/territorialchallenges.com\/2024\/06\/27\/santander-lepicentre-de-linnovation-lors-du-ii-comite-technique-du-reseau-des-villes-intelligentes-reci\/122960\/#article\",\"isPartOf\":{\"@id\":\"https:\/\/territorialchallenges.com\/2024\/06\/27\/santander-lepicentre-de-linnovation-lors-du-ii-comite-technique-du-reseau-des-villes-intelligentes-reci\/122960\/\"},\"author\":{\"name\":\"ni.abdi\",\"@id\":\"https:\/\/territorialchallenges.com\/#\/schema\/person\/098f145c7c61a021c425e010f840080f\"},\"headline\":\"Espagne: Santander, l&rsquo;\u00e9picentre de l&rsquo;innovation lors du II comit\u00e9 technique du r\u00e9seau des villes intelligentes RECI\",\"datePublished\":\"2024-06-27T16:43:00+00:00\",\"dateModified\":\"2024-07-01T08:16:58+00:00\",\"mainEntityOfPage\":{\"@id\":\"https:\/\/territorialchallenges.com\/2024\/06\/27\/santander-lepicentre-de-linnovation-lors-du-ii-comite-technique-du-reseau-des-villes-intelligentes-reci\/122960\/\"},\"wordCount\":1001,\"publisher\":{\"@id\":\"https:\/\/territorialchallenges.com\/#organization\"},\"articleSection\":[\"Il s'est pass\u00e9 \u00e0\",\"\u00c9cosyst\u00e8me\"],\"inLanguage\":\"nl-NL\"},{\"@type\":\"WebPage\",\"@id\":\"https:\/\/territorialchallenges.com\/2024\/06\/27\/santander-lepicentre-de-linnovation-lors-du-ii-comite-technique-du-reseau-des-villes-intelligentes-reci\/122960\/\",\"url\":\"https:\/\/territorialchallenges.com\/2024\/06\/27\/santander-lepicentre-de-linnovation-lors-du-ii-comite-technique-du-reseau-des-villes-intelligentes-reci\/122960\/\",\"name\":\"Espagne: Santander, l'\u00e9picentre de l'innovation lors du II comit\u00e9 technique du r\u00e9seau des villes intelligentes RECI - Territorial Challenges\",\"isPartOf\":{\"@id\":\"https:\/\/territorialchallenges.com\/#website\"},\"datePublished\":\"2024-06-27T16:43:00+00:00\",\"dateModified\":\"2024-07-01T08:16:58+00:00\",\"breadcrumb\":{\"@id\":\"https:\/\/territorialchallenges.com\/2024\/06\/27\/santander-lepicentre-de-linnovation-lors-du-ii-comite-technique-du-reseau-des-villes-intelligentes-reci\/122960\/#breadcrumb\"},\"inLanguage\":\"nl-NL\",\"potentialAction\":[{\"@type\":\"ReadAction\",\"target\":[\"https:\/\/territorialchallenges.com\/2024\/06\/27\/santander-lepicentre-de-linnovation-lors-du-ii-comite-technique-du-reseau-des-villes-intelligentes-reci\/122960\/\"]}]},{\"@type\":\"BreadcrumbList\",\"@id\":\"https:\/\/territorialchallenges.com\/2024\/06\/27\/santander-lepicentre-de-linnovation-lors-du-ii-comite-technique-du-reseau-des-villes-intelligentes-reci\/122960\/#breadcrumb\",\"itemListElement\":[{\"@type\":\"ListItem\",\"position\":1,\"name\":\"Home\",\"item\":\"https:\/\/territorialchallenges.com\/\"},{\"@type\":\"ListItem\",\"position\":2,\"name\":\"Espagne: Santander, l&rsquo;\u00e9picentre de l&rsquo;innovation lors du II comit\u00e9 technique du r\u00e9seau des villes intelligentes RECI\"}]},{\"@type\":\"WebSite\",\"@id\":\"https:\/\/territorialchallenges.com\/#website\",\"url\":\"https:\/\/territorialchallenges.com\/\",\"name\":\"Territorial Challenges\",\"description\":\"Veille Internationale - Strat\u00e9gie Intelligentes - Bonnes pratiques\",\"publisher\":{\"@id\":\"https:\/\/territorialchallenges.com\/#organization\"},\"potentialAction\":[{\"@type\":\"SearchAction\",\"target\":{\"@type\":\"EntryPoint\",\"urlTemplate\":\"https:\/\/territorialchallenges.com\/?s={search_term_string}\"},\"query-input\":\"required name=search_term_string\"}],\"inLanguage\":\"nl-NL\"},{\"@type\":\"Organization\",\"@id\":\"https:\/\/territorialchallenges.com\/#organization\",\"name\":\"Territorial Challenges\",\"url\":\"https:\/\/territorialchallenges.com\/\",\"logo\":{\"@type\":\"ImageObject\",\"inLanguage\":\"nl-NL\",\"@id\":\"https:\/\/territorialchallenges.com\/#\/schema\/logo\/image\/\",\"url\":\"https:\/\/territorialchallenges.com\/wp-content\/uploads\/2023\/10\/logo-1.png\",\"contentUrl\":\"https:\/\/territorialchallenges.com\/wp-content\/uploads\/2023\/10\/logo-1.png\",\"width\":1832,\"height\":576,\"caption\":\"Territorial Challenges\"},\"image\":{\"@id\":\"https:\/\/territorialchallenges.com\/#\/schema\/logo\/image\/\"}},{\"@type\":\"Person\",\"@id\":\"https:\/\/territorialchallenges.com\/#\/schema\/person\/098f145c7c61a021c425e010f840080f\",\"name\":\"ni.abdi\",\"image\":{\"@type\":\"ImageObject\",\"inLanguage\":\"nl-NL\",\"@id\":\"https:\/\/territorialchallenges.com\/#\/schema\/person\/image\/\",\"url\":\"https:\/\/secure.gravatar.com\/avatar\/2a2f2491f3c80039986ba989b1e4b510?s=96&d=identicon&r=g\",\"contentUrl\":\"https:\/\/secure.gravatar.com\/avatar\/2a2f2491f3c80039986ba989b1e4b510?s=96&d=identicon&r=g\",\"caption\":\"ni.abdi\"},\"sameAs\":[\"https:\/\/twitter.com\/Ni.abdi\"],\"url\":\"https:\/\/territorialchallenges.com\/nl\/author\/ni-abdi\/\"}]}<\/script>\n<!-- \/ Yoast SEO plugin. -->","yoast_head_json":{"title":"Espagne: Santander, l'\u00e9picentre de l'innovation lors du II comit\u00e9 technique du r\u00e9seau des villes intelligentes RECI - Territorial Challenges","robots":{"index":"index","follow":"follow","max-snippet":"max-snippet:-1","max-image-preview":"max-image-preview:large","max-video-preview":"max-video-preview:-1"},"canonical":"https:\/\/territorialchallenges.com\/nl\/2024\/06\/27\/santander-lepicentre-de-linnovation-lors-du-ii-comite-technique-du-reseau-des-villes-intelligentes-reci\/122960\/","og_locale":"nl_NL","og_type":"article","og_title":"Espagne: Santander, l'\u00e9picentre de l'innovation lors du II comit\u00e9 technique du r\u00e9seau des villes intelligentes RECI - Territorial Challenges","og_description":"Santander a accueilli le 20 et 21 juin, le II Comit\u00e9 technique du R\u00e9seau des villes intelligentes (RECI), un \u00e9v\u00e9nement majeur qui met en lumi\u00e8re les derni\u00e8res avanc\u00e9es en mati\u00e8re d&rsquo;intelligence artificielle, d&rsquo;espaces de donn\u00e9es et de solutions technologiques. Cette r\u00e9union, inaugur\u00e9e par le maire Gema Igual, renforce le r\u00f4le de la ville comme leader [&hellip;]","og_url":"https:\/\/territorialchallenges.com\/nl\/2024\/06\/27\/santander-lepicentre-de-linnovation-lors-du-ii-comite-technique-du-reseau-des-villes-intelligentes-reci\/122960\/","og_site_name":"Territorial Challenges","article_published_time":"2024-06-27T16:43:00+00:00","article_modified_time":"2024-07-01T08:16:58+00:00","og_image":[{"width":1920,"height":1280,"url":"https:\/\/territorialchallenges.com\/wp-content\/uploads\/2024\/06\/ilsestpasseaSantander.jpg","type":"image\/jpeg"}],"author":"ni.abdi","twitter_card":"summary_large_image","twitter_creator":"@Ni.abdi","twitter_misc":{"Geschreven door":"ni.abdi","Geschatte leestijd":"5 minuten"},"schema":{"@context":"https:\/\/schema.org","@graph":[{"@type":"Article","@id":"https:\/\/territorialchallenges.com\/2024\/06\/27\/santander-lepicentre-de-linnovation-lors-du-ii-comite-technique-du-reseau-des-villes-intelligentes-reci\/122960\/#article","isPartOf":{"@id":"https:\/\/territorialchallenges.com\/2024\/06\/27\/santander-lepicentre-de-linnovation-lors-du-ii-comite-technique-du-reseau-des-villes-intelligentes-reci\/122960\/"},"author":{"name":"ni.abdi","@id":"https:\/\/territorialchallenges.com\/#\/schema\/person\/098f145c7c61a021c425e010f840080f"},"headline":"Espagne: Santander, l&rsquo;\u00e9picentre de l&rsquo;innovation lors du II comit\u00e9 technique du r\u00e9seau des villes intelligentes RECI","datePublished":"2024-06-27T16:43:00+00:00","dateModified":"2024-07-01T08:16:58+00:00","mainEntityOfPage":{"@id":"https:\/\/territorialchallenges.com\/2024\/06\/27\/santander-lepicentre-de-linnovation-lors-du-ii-comite-technique-du-reseau-des-villes-intelligentes-reci\/122960\/"},"wordCount":1001,"publisher":{"@id":"https:\/\/territorialchallenges.com\/#organization"},"articleSection":["Il s'est pass\u00e9 \u00e0","\u00c9cosyst\u00e8me"],"inLanguage":"nl-NL"},{"@type":"WebPage","@id":"https:\/\/territorialchallenges.com\/2024\/06\/27\/santander-lepicentre-de-linnovation-lors-du-ii-comite-technique-du-reseau-des-villes-intelligentes-reci\/122960\/","url":"https:\/\/territorialchallenges.com\/2024\/06\/27\/santander-lepicentre-de-linnovation-lors-du-ii-comite-technique-du-reseau-des-villes-intelligentes-reci\/122960\/","name":"Espagne: Santander, l'\u00e9picentre de l'innovation lors du II comit\u00e9 technique du r\u00e9seau des villes intelligentes RECI - Territorial Challenges","isPartOf":{"@id":"https:\/\/territorialchallenges.com\/#website"},"datePublished":"2024-06-27T16:43:00+00:00","dateModified":"2024-07-01T08:16:58+00:00","breadcrumb":{"@id":"https:\/\/territorialchallenges.com\/2024\/06\/27\/santander-lepicentre-de-linnovation-lors-du-ii-comite-technique-du-reseau-des-villes-intelligentes-reci\/122960\/#breadcrumb"},"inLanguage":"nl-NL","potentialAction":[{"@type":"ReadAction","target":["https:\/\/territorialchallenges.com\/2024\/06\/27\/santander-lepicentre-de-linnovation-lors-du-ii-comite-technique-du-reseau-des-villes-intelligentes-reci\/122960\/"]}]},{"@type":"BreadcrumbList","@id":"https:\/\/territorialchallenges.com\/2024\/06\/27\/santander-lepicentre-de-linnovation-lors-du-ii-comite-technique-du-reseau-des-villes-intelligentes-reci\/122960\/#breadcrumb","itemListElement":[{"@type":"ListItem","position":1,"name":"Home","item":"https:\/\/territorialchallenges.com\/"},{"@type":"ListItem","position":2,"name":"Espagne: Santander, l&rsquo;\u00e9picentre de l&rsquo;innovation lors du II comit\u00e9 technique du r\u00e9seau des villes intelligentes RECI"}]},{"@type":"WebSite","@id":"https:\/\/territorialchallenges.com\/#website","url":"https:\/\/territorialchallenges.com\/","name":"Territoriale uitdagingen","description":"Internationale monitoring - Slimme strategie\u00ebn - Beste praktijken","publisher":{"@id":"https:\/\/territorialchallenges.com\/#organization"},"potentialAction":[{"@type":"SearchAction","target":{"@type":"EntryPoint","urlTemplate":"https:\/\/territorialchallenges.com\/?s={search_term_string}"},"query-input":"required name=search_term_string"}],"inLanguage":"nl-NL"},{"@type":"Organization","@id":"https:\/\/territorialchallenges.com\/#organization","name":"Territoriale uitdagingen","url":"https:\/\/territorialchallenges.com\/","logo":{"@type":"ImageObject","inLanguage":"nl-NL","@id":"https:\/\/territorialchallenges.com\/#\/schema\/logo\/image\/","url":"https:\/\/territorialchallenges.com\/wp-content\/uploads\/2023\/10\/logo-1.png","contentUrl":"https:\/\/territorialchallenges.com\/wp-content\/uploads\/2023\/10\/logo-1.png","width":1832,"height":576,"caption":"Territorial Challenges"},"image":{"@id":"https:\/\/territorialchallenges.com\/#\/schema\/logo\/image\/"}},{"@type":"Person","@id":"https:\/\/territorialchallenges.com\/#\/schema\/person\/098f145c7c61a021c425e010f840080f","name":"ni.abdi","image":{"@type":"ImageObject","inLanguage":"nl-NL","@id":"https:\/\/territorialchallenges.com\/#\/schema\/person\/image\/","url":"https:\/\/secure.gravatar.com\/avatar\/2a2f2491f3c80039986ba989b1e4b510?s=96&d=identicon&r=g","contentUrl":"https:\/\/secure.gravatar.com\/avatar\/2a2f2491f3c80039986ba989b1e4b510?s=96&d=identicon&r=g","caption":"ni.abdi"},"sameAs":["https:\/\/twitter.com\/Ni.abdi"],"url":"https:\/\/territorialchallenges.com\/nl\/author\/ni-abdi\/"}]}},"_links":{"self":[{"href":"https:\/\/territorialchallenges.com\/nl\/wp-json\/wp\/v2\/posts\/122960"}],"collection":[{"href":"https:\/\/territorialchallenges.com\/nl\/wp-json\/wp\/v2\/posts"}],"about":[{"href":"https:\/\/territorialchallenges.com\/nl\/wp-json\/wp\/v2\/types\/post"}],"author":[{"embeddable":true,"href":"https:\/\/territorialchallenges.com\/nl\/wp-json\/wp\/v2\/users\/11"}],"replies":[{"embeddable":true,"href":"https:\/\/territorialchallenges.com\/nl\/wp-json\/wp\/v2\/comments?post=122960"}],"version-history":[{"count":2,"href":"https:\/\/territorialchallenges.com\/nl\/wp-json\/wp\/v2\/posts\/122960\/revisions"}],"predecessor-version":[{"id":122974,"href":"https:\/\/territorialchallenges.com\/nl\/wp-json\/wp\/v2\/posts\/122960\/revisions\/122974"}],"wp:featuredmedia":[{"embeddable":true,"href":"https:\/\/territorialchallenges.com\/nl\/wp-json\/wp\/v2\/media\/122961"}],"wp:attachment":[{"href":"https:\/\/territorialchallenges.com\/nl\/wp-json\/wp\/v2\/media?parent=122960"}],"wp:term":[{"taxonomy":"category","embeddable":true,"href":"https:\/\/territorialchallenges.com\/nl\/wp-json\/wp\/v2\/categories?post=122960"},{"taxonomy":"post_tag","embeddable":true,"href":"https:\/\/territorialchallenges.com\/nl\/wp-json\/wp\/v2\/tags?post=122960"}],"curies":[{"name":"wp","href":"https:\/\/api.w.org\/{rel}","templated":true}]}}