{"id":122939,"date":"2024-06-27T17:12:33","date_gmt":"2024-06-27T15:12:33","guid":{"rendered":"https:\/\/territorialchallenges.com\/?p=122939"},"modified":"2024-06-27T17:12:34","modified_gmt":"2024-06-27T15:12:34","slug":"amenagement-du-territoire-entre-heritage-et-modernite","status":"publish","type":"post","link":"https:\/\/territorialchallenges.com\/nl\/2024\/06\/27\/amenagement-du-territoire-entre-heritage-et-modernite\/122939\/","title":{"rendered":"Regionale planning: tussen erfgoed en moderniteit"},"content":{"rendered":"<p>De bundel &quot;Annales des Mines&quot; van november 1991, onder redactie van Jean-Pierre Clamadieu en Thierry Michard, biedt een uitgebreide en boeiende analyse van de regionale planning in Frankrijk. Dit werk, waarin bijdragen van talloze experts zijn samengebracht, onderzoekt de thema&#039;s, actoren en instrumenten van dit overheidsbeleid en vergelijkt het met de ervaringen\u2026 <\/p>\n<div class=\"pmpro_content_message\">Artikel alleen beschikbaar voor abonnees.<br \/><a href=\"https:\/\/territorialchallenges.com\/wp-login.php\">Login<\/a><br \/><a href=\"https:\/\/territorialchallenges.com\/nl\/wp-login.php\/?action=register\">Register<\/a><\/div>","protected":false},"excerpt":{"rendered":"<p>La collection de novembre 1991 des \u00ab\u00a0Annales des Mines\u00a0\u00bb, dirig\u00e9e par Jean-Pierre Clamadieu et Thierry Michard, offre une analyse exhaustive et captivante de l&rsquo;am\u00e9nagement du territoire en France. Cet ouvrage, qui r\u00e9unit des contributions de nombreux experts, explore les enjeux, les acteurs et les outils de cette politique publique, tout en le confrontant aux exp\u00e9riences... <\/p>\n<div class=\"pmpro_content_message\">Artikel alleen beschikbaar voor abonnees.<br \/><a href=\"https:\/\/territorialchallenges.com\/wp-login.php\">Login<\/a><br \/><a href=\"https:\/\/territorialchallenges.com\/nl\/wp-login.php\/?action=register\">Register<\/a><\/div>","protected":false},"author":11,"featured_media":122940,"comment_status":"closed","ping_status":"closed","sticky":true,"template":"","format":"standard","meta":{"pmpro_default_level":0,"footnotes":""},"categories":[121],"tags":[],"blocksy_meta":"","yoast_head":"<!-- This site is optimized with the Yoast SEO plugin v21.5 - https:\/\/yoast.com\/wordpress\/plugins\/seo\/ -->\n<title>Am\u00e9nagement du territoire : entre h\u00e9ritage et modernit\u00e9 - Territorial Challenges<\/title>\n<meta name=\"robots\" content=\"index, follow, max-snippet:-1, max-image-preview:large, max-video-preview:-1\" \/>\n<link rel=\"canonical\" href=\"https:\/\/territorialchallenges.com\/nl\/2024\/06\/27\/amenagement-du-territoire-entre-heritage-et-modernite\/122939\/\" \/>\n<meta property=\"og:locale\" content=\"nl_NL\" \/>\n<meta property=\"og:type\" content=\"article\" \/>\n<meta property=\"og:title\" content=\"Am\u00e9nagement du territoire : entre h\u00e9ritage et modernit\u00e9 - Territorial Challenges\" \/>\n<meta property=\"og:description\" content=\"La collection de novembre 1991 des \u00ab\u00a0Annales des Mines\u00a0\u00bb, dirig\u00e9e par Jean-Pierre Clamadieu et Thierry Michard, offre une analyse exhaustive et captivante de l&rsquo;am\u00e9nagement du territoire en France. Cet ouvrage, qui r\u00e9unit des contributions de nombreux experts, explore les enjeux, les acteurs et les outils de cette politique publique, tout en le confrontant aux exp\u00e9riences [&hellip;]\" \/>\n<meta property=\"og:url\" content=\"https:\/\/territorialchallenges.com\/nl\/2024\/06\/27\/amenagement-du-territoire-entre-heritage-et-modernite\/122939\/\" \/>\n<meta property=\"og:site_name\" content=\"Territorial Challenges\" \/>\n<meta property=\"article:published_time\" content=\"2024-06-27T15:12:33+00:00\" \/>\n<meta property=\"article:modified_time\" content=\"2024-06-27T15:12:34+00:00\" \/>\n<meta property=\"og:image\" content=\"https:\/\/territorialchallenges.com\/wp-content\/uploads\/2024\/06\/Memoire26.06.jpeg\" \/>\n\t<meta property=\"og:image:width\" content=\"1024\" \/>\n\t<meta property=\"og:image:height\" content=\"1494\" \/>\n\t<meta property=\"og:image:type\" content=\"image\/jpeg\" \/>\n<meta name=\"author\" content=\"ni.abdi\" \/>\n<meta name=\"twitter:card\" content=\"summary_large_image\" \/>\n<meta name=\"twitter:creator\" content=\"@Ni.abdi\" \/>\n<meta name=\"twitter:label1\" content=\"Geschreven door\" \/>\n\t<meta name=\"twitter:data1\" content=\"ni.abdi\" \/>\n\t<meta name=\"twitter:label2\" content=\"Geschatte leestijd\" \/>\n\t<meta name=\"twitter:data2\" content=\"4 minuten\" \/>\n<script type=\"application\/ld+json\" class=\"yoast-schema-graph\">{\"@context\":\"https:\/\/schema.org\",\"@graph\":[{\"@type\":\"Article\",\"@id\":\"https:\/\/territorialchallenges.com\/2024\/06\/27\/amenagement-du-territoire-entre-heritage-et-modernite\/122939\/#article\",\"isPartOf\":{\"@id\":\"https:\/\/territorialchallenges.com\/2024\/06\/27\/amenagement-du-territoire-entre-heritage-et-modernite\/122939\/\"},\"author\":{\"name\":\"ni.abdi\",\"@id\":\"https:\/\/territorialchallenges.com\/#\/schema\/person\/098f145c7c61a021c425e010f840080f\"},\"headline\":\"Am\u00e9nagement du territoire : entre h\u00e9ritage et modernit\u00e9\",\"datePublished\":\"2024-06-27T15:12:33+00:00\",\"dateModified\":\"2024-06-27T15:12:34+00:00\",\"mainEntityOfPage\":{\"@id\":\"https:\/\/territorialchallenges.com\/2024\/06\/27\/amenagement-du-territoire-entre-heritage-et-modernite\/122939\/\"},\"wordCount\":705,\"publisher\":{\"@id\":\"https:\/\/territorialchallenges.com\/#organization\"},\"articleSection\":[\"M\u00e9moire\"],\"inLanguage\":\"nl-NL\"},{\"@type\":\"WebPage\",\"@id\":\"https:\/\/territorialchallenges.com\/2024\/06\/27\/amenagement-du-territoire-entre-heritage-et-modernite\/122939\/\",\"url\":\"https:\/\/territorialchallenges.com\/2024\/06\/27\/amenagement-du-territoire-entre-heritage-et-modernite\/122939\/\",\"name\":\"Am\u00e9nagement du territoire : entre h\u00e9ritage et modernit\u00e9 - Territorial Challenges\",\"isPartOf\":{\"@id\":\"https:\/\/territorialchallenges.com\/#website\"},\"datePublished\":\"2024-06-27T15:12:33+00:00\",\"dateModified\":\"2024-06-27T15:12:34+00:00\",\"breadcrumb\":{\"@id\":\"https:\/\/territorialchallenges.com\/2024\/06\/27\/amenagement-du-territoire-entre-heritage-et-modernite\/122939\/#breadcrumb\"},\"inLanguage\":\"nl-NL\",\"potentialAction\":[{\"@type\":\"ReadAction\",\"target\":[\"https:\/\/territorialchallenges.com\/2024\/06\/27\/amenagement-du-territoire-entre-heritage-et-modernite\/122939\/\"]}]},{\"@type\":\"BreadcrumbList\",\"@id\":\"https:\/\/territorialchallenges.com\/2024\/06\/27\/amenagement-du-territoire-entre-heritage-et-modernite\/122939\/#breadcrumb\",\"itemListElement\":[{\"@type\":\"ListItem\",\"position\":1,\"name\":\"Home\",\"item\":\"https:\/\/territorialchallenges.com\/\"},{\"@type\":\"ListItem\",\"position\":2,\"name\":\"Am\u00e9nagement du territoire : entre h\u00e9ritage et modernit\u00e9\"}]},{\"@type\":\"WebSite\",\"@id\":\"https:\/\/territorialchallenges.com\/#website\",\"url\":\"https:\/\/territorialchallenges.com\/\",\"name\":\"Territorial Challenges\",\"description\":\"Veille Internationale - Strat\u00e9gie Intelligentes - Bonnes pratiques\",\"publisher\":{\"@id\":\"https:\/\/territorialchallenges.com\/#organization\"},\"potentialAction\":[{\"@type\":\"SearchAction\",\"target\":{\"@type\":\"EntryPoint\",\"urlTemplate\":\"https:\/\/territorialchallenges.com\/?s={search_term_string}\"},\"query-input\":\"required name=search_term_string\"}],\"inLanguage\":\"nl-NL\"},{\"@type\":\"Organization\",\"@id\":\"https:\/\/territorialchallenges.com\/#organization\",\"name\":\"Territorial Challenges\",\"url\":\"https:\/\/territorialchallenges.com\/\",\"logo\":{\"@type\":\"ImageObject\",\"inLanguage\":\"nl-NL\",\"@id\":\"https:\/\/territorialchallenges.com\/#\/schema\/logo\/image\/\",\"url\":\"https:\/\/territorialchallenges.com\/wp-content\/uploads\/2023\/10\/logo-1.png\",\"contentUrl\":\"https:\/\/territorialchallenges.com\/wp-content\/uploads\/2023\/10\/logo-1.png\",\"width\":1832,\"height\":576,\"caption\":\"Territorial Challenges\"},\"image\":{\"@id\":\"https:\/\/territorialchallenges.com\/#\/schema\/logo\/image\/\"}},{\"@type\":\"Person\",\"@id\":\"https:\/\/territorialchallenges.com\/#\/schema\/person\/098f145c7c61a021c425e010f840080f\",\"name\":\"ni.abdi\",\"image\":{\"@type\":\"ImageObject\",\"inLanguage\":\"nl-NL\",\"@id\":\"https:\/\/territorialchallenges.com\/#\/schema\/person\/image\/\",\"url\":\"https:\/\/secure.gravatar.com\/avatar\/2a2f2491f3c80039986ba989b1e4b510?s=96&d=identicon&r=g\",\"contentUrl\":\"https:\/\/secure.gravatar.com\/avatar\/2a2f2491f3c80039986ba989b1e4b510?s=96&d=identicon&r=g\",\"caption\":\"ni.abdi\"},\"sameAs\":[\"https:\/\/twitter.com\/Ni.abdi\"],\"url\":\"https:\/\/territorialchallenges.com\/nl\/author\/ni-abdi\/\"}]}<\/script>\n<!-- \/ Yoast SEO plugin. -->","yoast_head_json":{"title":"Am\u00e9nagement du territoire : entre h\u00e9ritage et modernit\u00e9 - Territorial Challenges","robots":{"index":"index","follow":"follow","max-snippet":"max-snippet:-1","max-image-preview":"max-image-preview:large","max-video-preview":"max-video-preview:-1"},"canonical":"https:\/\/territorialchallenges.com\/nl\/2024\/06\/27\/amenagement-du-territoire-entre-heritage-et-modernite\/122939\/","og_locale":"nl_NL","og_type":"article","og_title":"Am\u00e9nagement du territoire : entre h\u00e9ritage et modernit\u00e9 - Territorial Challenges","og_description":"La collection de novembre 1991 des \u00ab\u00a0Annales des Mines\u00a0\u00bb, dirig\u00e9e par Jean-Pierre Clamadieu et Thierry Michard, offre une analyse exhaustive et captivante de l&rsquo;am\u00e9nagement du territoire en France. Cet ouvrage, qui r\u00e9unit des contributions de nombreux experts, explore les enjeux, les acteurs et les outils de cette politique publique, tout en le confrontant aux exp\u00e9riences [&hellip;]","og_url":"https:\/\/territorialchallenges.com\/nl\/2024\/06\/27\/amenagement-du-territoire-entre-heritage-et-modernite\/122939\/","og_site_name":"Territorial Challenges","article_published_time":"2024-06-27T15:12:33+00:00","article_modified_time":"2024-06-27T15:12:34+00:00","og_image":[{"width":1024,"height":1494,"url":"https:\/\/territorialchallenges.com\/wp-content\/uploads\/2024\/06\/Memoire26.06.jpeg","type":"image\/jpeg"}],"author":"ni.abdi","twitter_card":"summary_large_image","twitter_creator":"@Ni.abdi","twitter_misc":{"Geschreven door":"ni.abdi","Geschatte leestijd":"4 minuten"},"schema":{"@context":"https:\/\/schema.org","@graph":[{"@type":"Article","@id":"https:\/\/territorialchallenges.com\/2024\/06\/27\/amenagement-du-territoire-entre-heritage-et-modernite\/122939\/#article","isPartOf":{"@id":"https:\/\/territorialchallenges.com\/2024\/06\/27\/amenagement-du-territoire-entre-heritage-et-modernite\/122939\/"},"author":{"name":"ni.abdi","@id":"https:\/\/territorialchallenges.com\/#\/schema\/person\/098f145c7c61a021c425e010f840080f"},"headline":"Am\u00e9nagement du territoire : entre h\u00e9ritage et modernit\u00e9","datePublished":"2024-06-27T15:12:33+00:00","dateModified":"2024-06-27T15:12:34+00:00","mainEntityOfPage":{"@id":"https:\/\/territorialchallenges.com\/2024\/06\/27\/amenagement-du-territoire-entre-heritage-et-modernite\/122939\/"},"wordCount":705,"publisher":{"@id":"https:\/\/territorialchallenges.com\/#organization"},"articleSection":["M\u00e9moire"],"inLanguage":"nl-NL"},{"@type":"WebPage","@id":"https:\/\/territorialchallenges.com\/2024\/06\/27\/amenagement-du-territoire-entre-heritage-et-modernite\/122939\/","url":"https:\/\/territorialchallenges.com\/2024\/06\/27\/amenagement-du-territoire-entre-heritage-et-modernite\/122939\/","name":"Am\u00e9nagement du territoire : entre h\u00e9ritage et modernit\u00e9 - Territorial Challenges","isPartOf":{"@id":"https:\/\/territorialchallenges.com\/#website"},"datePublished":"2024-06-27T15:12:33+00:00","dateModified":"2024-06-27T15:12:34+00:00","breadcrumb":{"@id":"https:\/\/territorialchallenges.com\/2024\/06\/27\/amenagement-du-territoire-entre-heritage-et-modernite\/122939\/#breadcrumb"},"inLanguage":"nl-NL","potentialAction":[{"@type":"ReadAction","target":["https:\/\/territorialchallenges.com\/2024\/06\/27\/amenagement-du-territoire-entre-heritage-et-modernite\/122939\/"]}]},{"@type":"BreadcrumbList","@id":"https:\/\/territorialchallenges.com\/2024\/06\/27\/amenagement-du-territoire-entre-heritage-et-modernite\/122939\/#breadcrumb","itemListElement":[{"@type":"ListItem","position":1,"name":"Home","item":"https:\/\/territorialchallenges.com\/"},{"@type":"ListItem","position":2,"name":"Am\u00e9nagement du territoire : entre h\u00e9ritage et modernit\u00e9"}]},{"@type":"WebSite","@id":"https:\/\/territorialchallenges.com\/#website","url":"https:\/\/territorialchallenges.com\/","name":"Territoriale uitdagingen","description":"Internationale monitoring - Slimme strategie\u00ebn - Beste praktijken","publisher":{"@id":"https:\/\/territorialchallenges.com\/#organization"},"potentialAction":[{"@type":"SearchAction","target":{"@type":"EntryPoint","urlTemplate":"https:\/\/territorialchallenges.com\/?s={search_term_string}"},"query-input":"required name=search_term_string"}],"inLanguage":"nl-NL"},{"@type":"Organization","@id":"https:\/\/territorialchallenges.com\/#organization","name":"Territoriale uitdagingen","url":"https:\/\/territorialchallenges.com\/","logo":{"@type":"ImageObject","inLanguage":"nl-NL","@id":"https:\/\/territorialchallenges.com\/#\/schema\/logo\/image\/","url":"https:\/\/territorialchallenges.com\/wp-content\/uploads\/2023\/10\/logo-1.png","contentUrl":"https:\/\/territorialchallenges.com\/wp-content\/uploads\/2023\/10\/logo-1.png","width":1832,"height":576,"caption":"Territorial Challenges"},"image":{"@id":"https:\/\/territorialchallenges.com\/#\/schema\/logo\/image\/"}},{"@type":"Person","@id":"https:\/\/territorialchallenges.com\/#\/schema\/person\/098f145c7c61a021c425e010f840080f","name":"ni.abdi","image":{"@type":"ImageObject","inLanguage":"nl-NL","@id":"https:\/\/territorialchallenges.com\/#\/schema\/person\/image\/","url":"https:\/\/secure.gravatar.com\/avatar\/2a2f2491f3c80039986ba989b1e4b510?s=96&d=identicon&r=g","contentUrl":"https:\/\/secure.gravatar.com\/avatar\/2a2f2491f3c80039986ba989b1e4b510?s=96&d=identicon&r=g","caption":"ni.abdi"},"sameAs":["https:\/\/twitter.com\/Ni.abdi"],"url":"https:\/\/territorialchallenges.com\/nl\/author\/ni-abdi\/"}]}},"_links":{"self":[{"href":"https:\/\/territorialchallenges.com\/nl\/wp-json\/wp\/v2\/posts\/122939"}],"collection":[{"href":"https:\/\/territorialchallenges.com\/nl\/wp-json\/wp\/v2\/posts"}],"about":[{"href":"https:\/\/territorialchallenges.com\/nl\/wp-json\/wp\/v2\/types\/post"}],"author":[{"embeddable":true,"href":"https:\/\/territorialchallenges.com\/nl\/wp-json\/wp\/v2\/users\/11"}],"replies":[{"embeddable":true,"href":"https:\/\/territorialchallenges.com\/nl\/wp-json\/wp\/v2\/comments?post=122939"}],"version-history":[{"count":1,"href":"https:\/\/territorialchallenges.com\/nl\/wp-json\/wp\/v2\/posts\/122939\/revisions"}],"predecessor-version":[{"id":122941,"href":"https:\/\/territorialchallenges.com\/nl\/wp-json\/wp\/v2\/posts\/122939\/revisions\/122941"}],"wp:featuredmedia":[{"embeddable":true,"href":"https:\/\/territorialchallenges.com\/nl\/wp-json\/wp\/v2\/media\/122940"}],"wp:attachment":[{"href":"https:\/\/territorialchallenges.com\/nl\/wp-json\/wp\/v2\/media?parent=122939"}],"wp:term":[{"taxonomy":"category","embeddable":true,"href":"https:\/\/territorialchallenges.com\/nl\/wp-json\/wp\/v2\/categories?post=122939"},{"taxonomy":"post_tag","embeddable":true,"href":"https:\/\/territorialchallenges.com\/nl\/wp-json\/wp\/v2\/tags?post=122939"}],"curies":[{"name":"wp","href":"https:\/\/api.w.org\/{rel}","templated":true}]}}