{"id":122838,"date":"2024-06-04T11:47:17","date_gmt":"2024-06-04T09:47:17","guid":{"rendered":"https:\/\/territorialchallenges.com\/?p=122838"},"modified":"2024-06-04T11:47:19","modified_gmt":"2024-06-04T09:47:19","slug":"le-futur-des-usines-selon-un-chercheur-tcheque-une-revolution-technologique-inevitable","status":"publish","type":"post","link":"https:\/\/territorialchallenges.com\/nl\/2024\/06\/04\/le-futur-des-usines-selon-un-chercheur-tcheque-une-revolution-technologique-inevitable\/122838\/","title":{"rendered":"De toekomst van fabrieken, volgens een Tsjechische onderzoeker: een onvermijdelijke technologische revolutie"},"content":{"rendered":"<p>De Tsjechische professor V\u00e1clav Hlav\u00e1\u010d, een vooraanstaand expert in robotica en machineperceptie, deelt zijn gedachten over de toekomst van fabrieken in het tijdperk van robotica en digitale technologie\u00ebn. Hij gelooft dat we afstevenen op geautomatiseerde, &quot;donkere&quot; fabrieken, waar de menselijke aanwezigheid tot een minimum beperkt zal zijn. Tussen optimisme en... <\/p>\n<div class=\"pmpro_content_message\">Artikel alleen beschikbaar voor abonnees.<br \/><a href=\"https:\/\/territorialchallenges.com\/wp-login.php\">Login<\/a><br \/><a href=\"https:\/\/territorialchallenges.com\/nl\/wp-login.php\/?action=register\">Register<\/a><\/div>","protected":false},"excerpt":{"rendered":"<p>Le professeur tch\u00e8que V\u00e1clav Hlav\u00e1\u010d, \u00e9minent sp\u00e9cialiste de la robotique et de la perception des machines, nous livre ses r\u00e9flexions sur l&rsquo;avenir des usines \u00e0 l&rsquo;\u00e8re de la robotique et des technologies num\u00e9riques. Selon lui, nous nous dirigeons vers des usines automatis\u00e9es et \u00ab\u00a0sombres\u00a0\u00bb, o\u00f9 la pr\u00e9sence humaine sera r\u00e9duite au minimum. Entre optimisme et... <\/p>\n<div class=\"pmpro_content_message\">Artikel alleen beschikbaar voor abonnees.<br \/><a href=\"https:\/\/territorialchallenges.com\/wp-login.php\">Login<\/a><br \/><a href=\"https:\/\/territorialchallenges.com\/nl\/wp-login.php\/?action=register\">Register<\/a><\/div>","protected":false},"author":11,"featured_media":122839,"comment_status":"closed","ping_status":"closed","sticky":true,"template":"","format":"standard","meta":{"pmpro_default_level":0,"footnotes":""},"categories":[17,127],"tags":[],"blocksy_meta":"","yoast_head":"<!-- This site is optimized with the Yoast SEO plugin v21.5 - https:\/\/yoast.com\/wordpress\/plugins\/seo\/ -->\n<title>Le futur des usines selon un chercheur tch\u00e8que : une r\u00e9volution technologique in\u00e9vitable - Territorial Challenges<\/title>\n<meta name=\"robots\" content=\"index, follow, max-snippet:-1, max-image-preview:large, max-video-preview:-1\" \/>\n<link rel=\"canonical\" href=\"https:\/\/territorialchallenges.com\/nl\/2024\/06\/04\/le-futur-des-usines-selon-un-chercheur-tcheque-une-revolution-technologique-inevitable\/122838\/\" \/>\n<meta property=\"og:locale\" content=\"nl_NL\" \/>\n<meta property=\"og:type\" content=\"article\" \/>\n<meta property=\"og:title\" content=\"Le futur des usines selon un chercheur tch\u00e8que : une r\u00e9volution technologique in\u00e9vitable - Territorial Challenges\" \/>\n<meta property=\"og:description\" content=\"Le professeur tch\u00e8que V\u00e1clav Hlav\u00e1\u010d, \u00e9minent sp\u00e9cialiste de la robotique et de la perception des machines, nous livre ses r\u00e9flexions sur l&rsquo;avenir des usines \u00e0 l&rsquo;\u00e8re de la robotique et des technologies num\u00e9riques. Selon lui, nous nous dirigeons vers des usines automatis\u00e9es et \u00ab\u00a0sombres\u00a0\u00bb, o\u00f9 la pr\u00e9sence humaine sera r\u00e9duite au minimum. Entre optimisme et [&hellip;]\" \/>\n<meta property=\"og:url\" content=\"https:\/\/territorialchallenges.com\/nl\/2024\/06\/04\/le-futur-des-usines-selon-un-chercheur-tcheque-une-revolution-technologique-inevitable\/122838\/\" \/>\n<meta property=\"og:site_name\" content=\"Territorial Challenges\" \/>\n<meta property=\"article:published_time\" content=\"2024-06-04T09:47:17+00:00\" \/>\n<meta property=\"article:modified_time\" content=\"2024-06-04T09:47:19+00:00\" \/>\n<meta property=\"og:image\" content=\"https:\/\/territorialchallenges.com\/wp-content\/uploads\/2024\/06\/industrie4.0.03.06.24Photo.jpg\" \/>\n\t<meta property=\"og:image:width\" content=\"1280\" \/>\n\t<meta property=\"og:image:height\" content=\"853\" \/>\n\t<meta property=\"og:image:type\" content=\"image\/jpeg\" \/>\n<meta name=\"author\" content=\"ni.abdi\" \/>\n<meta name=\"twitter:card\" content=\"summary_large_image\" \/>\n<meta name=\"twitter:creator\" content=\"@Ni.abdi\" \/>\n<meta name=\"twitter:label1\" content=\"Geschreven door\" \/>\n\t<meta name=\"twitter:data1\" content=\"ni.abdi\" \/>\n\t<meta name=\"twitter:label2\" content=\"Geschatte leestijd\" \/>\n\t<meta name=\"twitter:data2\" content=\"4 minuten\" \/>\n<script type=\"application\/ld+json\" class=\"yoast-schema-graph\">{\"@context\":\"https:\/\/schema.org\",\"@graph\":[{\"@type\":\"Article\",\"@id\":\"https:\/\/territorialchallenges.com\/2024\/06\/04\/le-futur-des-usines-selon-un-chercheur-tcheque-une-revolution-technologique-inevitable\/122838\/#article\",\"isPartOf\":{\"@id\":\"https:\/\/territorialchallenges.com\/2024\/06\/04\/le-futur-des-usines-selon-un-chercheur-tcheque-une-revolution-technologique-inevitable\/122838\/\"},\"author\":{\"name\":\"ni.abdi\",\"@id\":\"https:\/\/territorialchallenges.com\/#\/schema\/person\/098f145c7c61a021c425e010f840080f\"},\"headline\":\"Le futur des usines selon un chercheur tch\u00e8que : une r\u00e9volution technologique in\u00e9vitable\",\"datePublished\":\"2024-06-04T09:47:17+00:00\",\"dateModified\":\"2024-06-04T09:47:19+00:00\",\"mainEntityOfPage\":{\"@id\":\"https:\/\/territorialchallenges.com\/2024\/06\/04\/le-futur-des-usines-selon-un-chercheur-tcheque-une-revolution-technologique-inevitable\/122838\/\"},\"wordCount\":883,\"publisher\":{\"@id\":\"https:\/\/territorialchallenges.com\/#organization\"},\"articleSection\":[\"Industrie 5.0\",\"Actualit\u00e9 Europe\"],\"inLanguage\":\"nl-NL\"},{\"@type\":\"WebPage\",\"@id\":\"https:\/\/territorialchallenges.com\/2024\/06\/04\/le-futur-des-usines-selon-un-chercheur-tcheque-une-revolution-technologique-inevitable\/122838\/\",\"url\":\"https:\/\/territorialchallenges.com\/2024\/06\/04\/le-futur-des-usines-selon-un-chercheur-tcheque-une-revolution-technologique-inevitable\/122838\/\",\"name\":\"Le futur des usines selon un chercheur tch\u00e8que : une r\u00e9volution technologique in\u00e9vitable - Territorial Challenges\",\"isPartOf\":{\"@id\":\"https:\/\/territorialchallenges.com\/#website\"},\"datePublished\":\"2024-06-04T09:47:17+00:00\",\"dateModified\":\"2024-06-04T09:47:19+00:00\",\"breadcrumb\":{\"@id\":\"https:\/\/territorialchallenges.com\/2024\/06\/04\/le-futur-des-usines-selon-un-chercheur-tcheque-une-revolution-technologique-inevitable\/122838\/#breadcrumb\"},\"inLanguage\":\"nl-NL\",\"potentialAction\":[{\"@type\":\"ReadAction\",\"target\":[\"https:\/\/territorialchallenges.com\/2024\/06\/04\/le-futur-des-usines-selon-un-chercheur-tcheque-une-revolution-technologique-inevitable\/122838\/\"]}]},{\"@type\":\"BreadcrumbList\",\"@id\":\"https:\/\/territorialchallenges.com\/2024\/06\/04\/le-futur-des-usines-selon-un-chercheur-tcheque-une-revolution-technologique-inevitable\/122838\/#breadcrumb\",\"itemListElement\":[{\"@type\":\"ListItem\",\"position\":1,\"name\":\"Home\",\"item\":\"https:\/\/territorialchallenges.com\/\"},{\"@type\":\"ListItem\",\"position\":2,\"name\":\"Le futur des usines selon un chercheur tch\u00e8que : une r\u00e9volution technologique in\u00e9vitable\"}]},{\"@type\":\"WebSite\",\"@id\":\"https:\/\/territorialchallenges.com\/#website\",\"url\":\"https:\/\/territorialchallenges.com\/\",\"name\":\"Territorial Challenges\",\"description\":\"Veille Internationale - Strat\u00e9gie Intelligentes - Bonnes pratiques\",\"publisher\":{\"@id\":\"https:\/\/territorialchallenges.com\/#organization\"},\"potentialAction\":[{\"@type\":\"SearchAction\",\"target\":{\"@type\":\"EntryPoint\",\"urlTemplate\":\"https:\/\/territorialchallenges.com\/?s={search_term_string}\"},\"query-input\":\"required name=search_term_string\"}],\"inLanguage\":\"nl-NL\"},{\"@type\":\"Organization\",\"@id\":\"https:\/\/territorialchallenges.com\/#organization\",\"name\":\"Territorial Challenges\",\"url\":\"https:\/\/territorialchallenges.com\/\",\"logo\":{\"@type\":\"ImageObject\",\"inLanguage\":\"nl-NL\",\"@id\":\"https:\/\/territorialchallenges.com\/#\/schema\/logo\/image\/\",\"url\":\"https:\/\/territorialchallenges.com\/wp-content\/uploads\/2023\/10\/logo-1.png\",\"contentUrl\":\"https:\/\/territorialchallenges.com\/wp-content\/uploads\/2023\/10\/logo-1.png\",\"width\":1832,\"height\":576,\"caption\":\"Territorial Challenges\"},\"image\":{\"@id\":\"https:\/\/territorialchallenges.com\/#\/schema\/logo\/image\/\"}},{\"@type\":\"Person\",\"@id\":\"https:\/\/territorialchallenges.com\/#\/schema\/person\/098f145c7c61a021c425e010f840080f\",\"name\":\"ni.abdi\",\"image\":{\"@type\":\"ImageObject\",\"inLanguage\":\"nl-NL\",\"@id\":\"https:\/\/territorialchallenges.com\/#\/schema\/person\/image\/\",\"url\":\"https:\/\/secure.gravatar.com\/avatar\/2a2f2491f3c80039986ba989b1e4b510?s=96&d=identicon&r=g\",\"contentUrl\":\"https:\/\/secure.gravatar.com\/avatar\/2a2f2491f3c80039986ba989b1e4b510?s=96&d=identicon&r=g\",\"caption\":\"ni.abdi\"},\"sameAs\":[\"https:\/\/twitter.com\/Ni.abdi\"],\"url\":\"https:\/\/territorialchallenges.com\/nl\/author\/ni-abdi\/\"}]}<\/script>\n<!-- \/ Yoast SEO plugin. -->","yoast_head_json":{"title":"Le futur des usines selon un chercheur tch\u00e8que : une r\u00e9volution technologique in\u00e9vitable - Territorial Challenges","robots":{"index":"index","follow":"follow","max-snippet":"max-snippet:-1","max-image-preview":"max-image-preview:large","max-video-preview":"max-video-preview:-1"},"canonical":"https:\/\/territorialchallenges.com\/nl\/2024\/06\/04\/le-futur-des-usines-selon-un-chercheur-tcheque-une-revolution-technologique-inevitable\/122838\/","og_locale":"nl_NL","og_type":"article","og_title":"Le futur des usines selon un chercheur tch\u00e8que : une r\u00e9volution technologique in\u00e9vitable - Territorial Challenges","og_description":"Le professeur tch\u00e8que V\u00e1clav Hlav\u00e1\u010d, \u00e9minent sp\u00e9cialiste de la robotique et de la perception des machines, nous livre ses r\u00e9flexions sur l&rsquo;avenir des usines \u00e0 l&rsquo;\u00e8re de la robotique et des technologies num\u00e9riques. Selon lui, nous nous dirigeons vers des usines automatis\u00e9es et \u00ab\u00a0sombres\u00a0\u00bb, o\u00f9 la pr\u00e9sence humaine sera r\u00e9duite au minimum. Entre optimisme et [&hellip;]","og_url":"https:\/\/territorialchallenges.com\/nl\/2024\/06\/04\/le-futur-des-usines-selon-un-chercheur-tcheque-une-revolution-technologique-inevitable\/122838\/","og_site_name":"Territorial Challenges","article_published_time":"2024-06-04T09:47:17+00:00","article_modified_time":"2024-06-04T09:47:19+00:00","og_image":[{"width":1280,"height":853,"url":"https:\/\/territorialchallenges.com\/wp-content\/uploads\/2024\/06\/industrie4.0.03.06.24Photo.jpg","type":"image\/jpeg"}],"author":"ni.abdi","twitter_card":"summary_large_image","twitter_creator":"@Ni.abdi","twitter_misc":{"Geschreven door":"ni.abdi","Geschatte leestijd":"4 minuten"},"schema":{"@context":"https:\/\/schema.org","@graph":[{"@type":"Article","@id":"https:\/\/territorialchallenges.com\/2024\/06\/04\/le-futur-des-usines-selon-un-chercheur-tcheque-une-revolution-technologique-inevitable\/122838\/#article","isPartOf":{"@id":"https:\/\/territorialchallenges.com\/2024\/06\/04\/le-futur-des-usines-selon-un-chercheur-tcheque-une-revolution-technologique-inevitable\/122838\/"},"author":{"name":"ni.abdi","@id":"https:\/\/territorialchallenges.com\/#\/schema\/person\/098f145c7c61a021c425e010f840080f"},"headline":"Le futur des usines selon un chercheur tch\u00e8que : une r\u00e9volution technologique in\u00e9vitable","datePublished":"2024-06-04T09:47:17+00:00","dateModified":"2024-06-04T09:47:19+00:00","mainEntityOfPage":{"@id":"https:\/\/territorialchallenges.com\/2024\/06\/04\/le-futur-des-usines-selon-un-chercheur-tcheque-une-revolution-technologique-inevitable\/122838\/"},"wordCount":883,"publisher":{"@id":"https:\/\/territorialchallenges.com\/#organization"},"articleSection":["Industrie 5.0","Actualit\u00e9 Europe"],"inLanguage":"nl-NL"},{"@type":"WebPage","@id":"https:\/\/territorialchallenges.com\/2024\/06\/04\/le-futur-des-usines-selon-un-chercheur-tcheque-une-revolution-technologique-inevitable\/122838\/","url":"https:\/\/territorialchallenges.com\/2024\/06\/04\/le-futur-des-usines-selon-un-chercheur-tcheque-une-revolution-technologique-inevitable\/122838\/","name":"Le futur des usines selon un chercheur tch\u00e8que : une r\u00e9volution technologique in\u00e9vitable - Territorial Challenges","isPartOf":{"@id":"https:\/\/territorialchallenges.com\/#website"},"datePublished":"2024-06-04T09:47:17+00:00","dateModified":"2024-06-04T09:47:19+00:00","breadcrumb":{"@id":"https:\/\/territorialchallenges.com\/2024\/06\/04\/le-futur-des-usines-selon-un-chercheur-tcheque-une-revolution-technologique-inevitable\/122838\/#breadcrumb"},"inLanguage":"nl-NL","potentialAction":[{"@type":"ReadAction","target":["https:\/\/territorialchallenges.com\/2024\/06\/04\/le-futur-des-usines-selon-un-chercheur-tcheque-une-revolution-technologique-inevitable\/122838\/"]}]},{"@type":"BreadcrumbList","@id":"https:\/\/territorialchallenges.com\/2024\/06\/04\/le-futur-des-usines-selon-un-chercheur-tcheque-une-revolution-technologique-inevitable\/122838\/#breadcrumb","itemListElement":[{"@type":"ListItem","position":1,"name":"Home","item":"https:\/\/territorialchallenges.com\/"},{"@type":"ListItem","position":2,"name":"Le futur des usines selon un chercheur tch\u00e8que : une r\u00e9volution technologique in\u00e9vitable"}]},{"@type":"WebSite","@id":"https:\/\/territorialchallenges.com\/#website","url":"https:\/\/territorialchallenges.com\/","name":"Territoriale uitdagingen","description":"Internationale monitoring - Slimme strategie\u00ebn - Beste praktijken","publisher":{"@id":"https:\/\/territorialchallenges.com\/#organization"},"potentialAction":[{"@type":"SearchAction","target":{"@type":"EntryPoint","urlTemplate":"https:\/\/territorialchallenges.com\/?s={search_term_string}"},"query-input":"required name=search_term_string"}],"inLanguage":"nl-NL"},{"@type":"Organization","@id":"https:\/\/territorialchallenges.com\/#organization","name":"Territoriale uitdagingen","url":"https:\/\/territorialchallenges.com\/","logo":{"@type":"ImageObject","inLanguage":"nl-NL","@id":"https:\/\/territorialchallenges.com\/#\/schema\/logo\/image\/","url":"https:\/\/territorialchallenges.com\/wp-content\/uploads\/2023\/10\/logo-1.png","contentUrl":"https:\/\/territorialchallenges.com\/wp-content\/uploads\/2023\/10\/logo-1.png","width":1832,"height":576,"caption":"Territorial Challenges"},"image":{"@id":"https:\/\/territorialchallenges.com\/#\/schema\/logo\/image\/"}},{"@type":"Person","@id":"https:\/\/territorialchallenges.com\/#\/schema\/person\/098f145c7c61a021c425e010f840080f","name":"ni.abdi","image":{"@type":"ImageObject","inLanguage":"nl-NL","@id":"https:\/\/territorialchallenges.com\/#\/schema\/person\/image\/","url":"https:\/\/secure.gravatar.com\/avatar\/2a2f2491f3c80039986ba989b1e4b510?s=96&d=identicon&r=g","contentUrl":"https:\/\/secure.gravatar.com\/avatar\/2a2f2491f3c80039986ba989b1e4b510?s=96&d=identicon&r=g","caption":"ni.abdi"},"sameAs":["https:\/\/twitter.com\/Ni.abdi"],"url":"https:\/\/territorialchallenges.com\/nl\/author\/ni-abdi\/"}]}},"_links":{"self":[{"href":"https:\/\/territorialchallenges.com\/nl\/wp-json\/wp\/v2\/posts\/122838"}],"collection":[{"href":"https:\/\/territorialchallenges.com\/nl\/wp-json\/wp\/v2\/posts"}],"about":[{"href":"https:\/\/territorialchallenges.com\/nl\/wp-json\/wp\/v2\/types\/post"}],"author":[{"embeddable":true,"href":"https:\/\/territorialchallenges.com\/nl\/wp-json\/wp\/v2\/users\/11"}],"replies":[{"embeddable":true,"href":"https:\/\/territorialchallenges.com\/nl\/wp-json\/wp\/v2\/comments?post=122838"}],"version-history":[{"count":1,"href":"https:\/\/territorialchallenges.com\/nl\/wp-json\/wp\/v2\/posts\/122838\/revisions"}],"predecessor-version":[{"id":122840,"href":"https:\/\/territorialchallenges.com\/nl\/wp-json\/wp\/v2\/posts\/122838\/revisions\/122840"}],"wp:featuredmedia":[{"embeddable":true,"href":"https:\/\/territorialchallenges.com\/nl\/wp-json\/wp\/v2\/media\/122839"}],"wp:attachment":[{"href":"https:\/\/territorialchallenges.com\/nl\/wp-json\/wp\/v2\/media?parent=122838"}],"wp:term":[{"taxonomy":"category","embeddable":true,"href":"https:\/\/territorialchallenges.com\/nl\/wp-json\/wp\/v2\/categories?post=122838"},{"taxonomy":"post_tag","embeddable":true,"href":"https:\/\/territorialchallenges.com\/nl\/wp-json\/wp\/v2\/tags?post=122838"}],"curies":[{"name":"wp","href":"https:\/\/api.w.org\/{rel}","templated":true}]}}