{"id":122820,"date":"2024-05-29T13:53:39","date_gmt":"2024-05-29T11:53:39","guid":{"rendered":"https:\/\/territorialchallenges.com\/?p=122820"},"modified":"2024-05-29T13:53:40","modified_gmt":"2024-05-29T11:53:40","slug":"vivatech-2024-professeur-philipp-slusallek-ou-la-discrete-presence-de-lia-humaniste-et-cooperative","status":"publish","type":"post","link":"https:\/\/territorialchallenges.com\/nl\/2024\/05\/29\/vivatech-2024-professeur-philipp-slusallek-ou-la-discrete-presence-de-lia-humaniste-et-cooperative\/122820\/","title":{"rendered":"Vivatech 2024: Professor Philipp Slusallek of de discrete aanwezigheid van humanistische en co\u00f6peratieve AI"},"content":{"rendered":"<p>De vakbeurs Vivatech 2024, die van 22 tot en met 25 mei plaatsvond in de Porte de Versailles in Parijs, toonde opnieuw aan dat technologische innovatie een belangrijke internationale aangelegenheid is. Wat mij dit jaar vooral opviel, was de bundeling van wetenschappelijk onderzoek rond kunstmatige intelligentie (AI). Dit cruciale thema\u2026 <\/p>\n<div class=\"pmpro_content_message\">Artikel alleen beschikbaar voor abonnees.<br \/><a href=\"https:\/\/territorialchallenges.com\/wp-login.php\">Login<\/a><br \/><a href=\"https:\/\/territorialchallenges.com\/nl\/wp-login.php\/?action=register\">Register<\/a><\/div>","protected":false},"excerpt":{"rendered":"<p>Le salon Vivatech 2024, qui s&rsquo;est tenu du 22 au 25 mai \u00e0 la Porte de Versailles \u00e0 Paris, a une nouvelle fois montr\u00e9 que l&rsquo;innovation technologique est au c\u0153ur des pr\u00e9occupations internationales. Ce qui m\u2019a particuli\u00e8rement marqu\u00e9 cette ann\u00e9e, c\u2019est la mutualisation de la recherche scientifique autour de l\u2019intelligence artificielle (IA). Ce th\u00e8me crucial... <\/p>\n<div class=\"pmpro_content_message\">Artikel alleen beschikbaar voor abonnees.<br \/><a href=\"https:\/\/territorialchallenges.com\/wp-login.php\">Login<\/a><br \/><a href=\"https:\/\/territorialchallenges.com\/nl\/wp-login.php\/?action=register\">Register<\/a><\/div>","protected":false},"author":11,"featured_media":122821,"comment_status":"closed","ping_status":"closed","sticky":true,"template":"","format":"standard","meta":{"pmpro_default_level":0,"footnotes":""},"categories":[130,117],"tags":[],"blocksy_meta":"","yoast_head":"<!-- This site is optimized with the Yoast SEO plugin v21.5 - https:\/\/yoast.com\/wordpress\/plugins\/seo\/ -->\n<title>Vivatech 2024 : Professeur Philipp Slusallek ou la discr\u00e8te pr\u00e9sence de l&#039;IA humaniste et coop\u00e9rative - Territorial Challenges<\/title>\n<meta name=\"robots\" content=\"index, follow, max-snippet:-1, max-image-preview:large, max-video-preview:-1\" \/>\n<link rel=\"canonical\" href=\"https:\/\/territorialchallenges.com\/nl\/2024\/05\/29\/vivatech-2024-professeur-philipp-slusallek-ou-la-discrete-presence-de-lia-humaniste-et-cooperative\/122820\/\" \/>\n<meta property=\"og:locale\" content=\"nl_NL\" \/>\n<meta property=\"og:type\" content=\"article\" \/>\n<meta property=\"og:title\" content=\"Vivatech 2024 : Professeur Philipp Slusallek ou la discr\u00e8te pr\u00e9sence de l&#039;IA humaniste et coop\u00e9rative - Territorial Challenges\" \/>\n<meta property=\"og:description\" content=\"Le salon Vivatech 2024, qui s&rsquo;est tenu du 22 au 25 mai \u00e0 la Porte de Versailles \u00e0 Paris, a une nouvelle fois montr\u00e9 que l&rsquo;innovation technologique est au c\u0153ur des pr\u00e9occupations internationales. Ce qui m\u2019a particuli\u00e8rement marqu\u00e9 cette ann\u00e9e, c\u2019est la mutualisation de la recherche scientifique autour de l\u2019intelligence artificielle (IA). Ce th\u00e8me crucial [&hellip;]\" \/>\n<meta property=\"og:url\" content=\"https:\/\/territorialchallenges.com\/nl\/2024\/05\/29\/vivatech-2024-professeur-philipp-slusallek-ou-la-discrete-presence-de-lia-humaniste-et-cooperative\/122820\/\" \/>\n<meta property=\"og:site_name\" content=\"Territorial Challenges\" \/>\n<meta property=\"article:published_time\" content=\"2024-05-29T11:53:39+00:00\" \/>\n<meta property=\"article:modified_time\" content=\"2024-05-29T11:53:40+00:00\" \/>\n<meta property=\"og:image\" content=\"https:\/\/territorialchallenges.com\/wp-content\/uploads\/2024\/05\/reflexionfaiteclairePhoto.jpg\" \/>\n\t<meta property=\"og:image:width\" content=\"316\" \/>\n\t<meta property=\"og:image:height\" content=\"160\" \/>\n\t<meta property=\"og:image:type\" content=\"image\/jpeg\" \/>\n<meta name=\"author\" content=\"ni.abdi\" \/>\n<meta name=\"twitter:card\" content=\"summary_large_image\" \/>\n<meta name=\"twitter:creator\" content=\"@Ni.abdi\" \/>\n<meta name=\"twitter:label1\" content=\"Geschreven door\" \/>\n\t<meta name=\"twitter:data1\" content=\"ni.abdi\" \/>\n\t<meta name=\"twitter:label2\" content=\"Geschatte leestijd\" \/>\n\t<meta name=\"twitter:data2\" content=\"4 minuten\" \/>\n<script type=\"application\/ld+json\" class=\"yoast-schema-graph\">{\"@context\":\"https:\/\/schema.org\",\"@graph\":[{\"@type\":\"Article\",\"@id\":\"https:\/\/territorialchallenges.com\/2024\/05\/29\/vivatech-2024-professeur-philipp-slusallek-ou-la-discrete-presence-de-lia-humaniste-et-cooperative\/122820\/#article\",\"isPartOf\":{\"@id\":\"https:\/\/territorialchallenges.com\/2024\/05\/29\/vivatech-2024-professeur-philipp-slusallek-ou-la-discrete-presence-de-lia-humaniste-et-cooperative\/122820\/\"},\"author\":{\"name\":\"ni.abdi\",\"@id\":\"https:\/\/territorialchallenges.com\/#\/schema\/person\/098f145c7c61a021c425e010f840080f\"},\"headline\":\"Vivatech 2024 : Professeur Philipp Slusallek ou la discr\u00e8te pr\u00e9sence de l&rsquo;IA humaniste et coop\u00e9rative\",\"datePublished\":\"2024-05-29T11:53:39+00:00\",\"dateModified\":\"2024-05-29T11:53:40+00:00\",\"mainEntityOfPage\":{\"@id\":\"https:\/\/territorialchallenges.com\/2024\/05\/29\/vivatech-2024-professeur-philipp-slusallek-ou-la-discrete-presence-de-lia-humaniste-et-cooperative\/122820\/\"},\"wordCount\":744,\"publisher\":{\"@id\":\"https:\/\/territorialchallenges.com\/#organization\"},\"articleSection\":[\"R\u00e9flexion faite\",\"\u00c9cosyst\u00e8me\"],\"inLanguage\":\"nl-NL\"},{\"@type\":\"WebPage\",\"@id\":\"https:\/\/territorialchallenges.com\/2024\/05\/29\/vivatech-2024-professeur-philipp-slusallek-ou-la-discrete-presence-de-lia-humaniste-et-cooperative\/122820\/\",\"url\":\"https:\/\/territorialchallenges.com\/2024\/05\/29\/vivatech-2024-professeur-philipp-slusallek-ou-la-discrete-presence-de-lia-humaniste-et-cooperative\/122820\/\",\"name\":\"Vivatech 2024 : Professeur Philipp Slusallek ou la discr\u00e8te pr\u00e9sence de l'IA humaniste et coop\u00e9rative - Territorial Challenges\",\"isPartOf\":{\"@id\":\"https:\/\/territorialchallenges.com\/#website\"},\"datePublished\":\"2024-05-29T11:53:39+00:00\",\"dateModified\":\"2024-05-29T11:53:40+00:00\",\"breadcrumb\":{\"@id\":\"https:\/\/territorialchallenges.com\/2024\/05\/29\/vivatech-2024-professeur-philipp-slusallek-ou-la-discrete-presence-de-lia-humaniste-et-cooperative\/122820\/#breadcrumb\"},\"inLanguage\":\"nl-NL\",\"potentialAction\":[{\"@type\":\"ReadAction\",\"target\":[\"https:\/\/territorialchallenges.com\/2024\/05\/29\/vivatech-2024-professeur-philipp-slusallek-ou-la-discrete-presence-de-lia-humaniste-et-cooperative\/122820\/\"]}]},{\"@type\":\"BreadcrumbList\",\"@id\":\"https:\/\/territorialchallenges.com\/2024\/05\/29\/vivatech-2024-professeur-philipp-slusallek-ou-la-discrete-presence-de-lia-humaniste-et-cooperative\/122820\/#breadcrumb\",\"itemListElement\":[{\"@type\":\"ListItem\",\"position\":1,\"name\":\"Home\",\"item\":\"https:\/\/territorialchallenges.com\/\"},{\"@type\":\"ListItem\",\"position\":2,\"name\":\"Vivatech 2024 : Professeur Philipp Slusallek ou la discr\u00e8te pr\u00e9sence de l&rsquo;IA humaniste et coop\u00e9rative\"}]},{\"@type\":\"WebSite\",\"@id\":\"https:\/\/territorialchallenges.com\/#website\",\"url\":\"https:\/\/territorialchallenges.com\/\",\"name\":\"Territorial Challenges\",\"description\":\"Veille Internationale - Strat\u00e9gie Intelligentes - Bonnes pratiques\",\"publisher\":{\"@id\":\"https:\/\/territorialchallenges.com\/#organization\"},\"potentialAction\":[{\"@type\":\"SearchAction\",\"target\":{\"@type\":\"EntryPoint\",\"urlTemplate\":\"https:\/\/territorialchallenges.com\/?s={search_term_string}\"},\"query-input\":\"required name=search_term_string\"}],\"inLanguage\":\"nl-NL\"},{\"@type\":\"Organization\",\"@id\":\"https:\/\/territorialchallenges.com\/#organization\",\"name\":\"Territorial Challenges\",\"url\":\"https:\/\/territorialchallenges.com\/\",\"logo\":{\"@type\":\"ImageObject\",\"inLanguage\":\"nl-NL\",\"@id\":\"https:\/\/territorialchallenges.com\/#\/schema\/logo\/image\/\",\"url\":\"https:\/\/territorialchallenges.com\/wp-content\/uploads\/2023\/10\/logo-1.png\",\"contentUrl\":\"https:\/\/territorialchallenges.com\/wp-content\/uploads\/2023\/10\/logo-1.png\",\"width\":1832,\"height\":576,\"caption\":\"Territorial Challenges\"},\"image\":{\"@id\":\"https:\/\/territorialchallenges.com\/#\/schema\/logo\/image\/\"}},{\"@type\":\"Person\",\"@id\":\"https:\/\/territorialchallenges.com\/#\/schema\/person\/098f145c7c61a021c425e010f840080f\",\"name\":\"ni.abdi\",\"image\":{\"@type\":\"ImageObject\",\"inLanguage\":\"nl-NL\",\"@id\":\"https:\/\/territorialchallenges.com\/#\/schema\/person\/image\/\",\"url\":\"https:\/\/secure.gravatar.com\/avatar\/2a2f2491f3c80039986ba989b1e4b510?s=96&d=identicon&r=g\",\"contentUrl\":\"https:\/\/secure.gravatar.com\/avatar\/2a2f2491f3c80039986ba989b1e4b510?s=96&d=identicon&r=g\",\"caption\":\"ni.abdi\"},\"sameAs\":[\"https:\/\/twitter.com\/Ni.abdi\"],\"url\":\"https:\/\/territorialchallenges.com\/nl\/author\/ni-abdi\/\"}]}<\/script>\n<!-- \/ Yoast SEO plugin. -->","yoast_head_json":{"title":"Vivatech 2024 : Professeur Philipp Slusallek ou la discr\u00e8te pr\u00e9sence de l'IA humaniste et coop\u00e9rative - Territorial Challenges","robots":{"index":"index","follow":"follow","max-snippet":"max-snippet:-1","max-image-preview":"max-image-preview:large","max-video-preview":"max-video-preview:-1"},"canonical":"https:\/\/territorialchallenges.com\/nl\/2024\/05\/29\/vivatech-2024-professeur-philipp-slusallek-ou-la-discrete-presence-de-lia-humaniste-et-cooperative\/122820\/","og_locale":"nl_NL","og_type":"article","og_title":"Vivatech 2024 : Professeur Philipp Slusallek ou la discr\u00e8te pr\u00e9sence de l'IA humaniste et coop\u00e9rative - Territorial Challenges","og_description":"Le salon Vivatech 2024, qui s&rsquo;est tenu du 22 au 25 mai \u00e0 la Porte de Versailles \u00e0 Paris, a une nouvelle fois montr\u00e9 que l&rsquo;innovation technologique est au c\u0153ur des pr\u00e9occupations internationales. Ce qui m\u2019a particuli\u00e8rement marqu\u00e9 cette ann\u00e9e, c\u2019est la mutualisation de la recherche scientifique autour de l\u2019intelligence artificielle (IA). Ce th\u00e8me crucial [&hellip;]","og_url":"https:\/\/territorialchallenges.com\/nl\/2024\/05\/29\/vivatech-2024-professeur-philipp-slusallek-ou-la-discrete-presence-de-lia-humaniste-et-cooperative\/122820\/","og_site_name":"Territorial Challenges","article_published_time":"2024-05-29T11:53:39+00:00","article_modified_time":"2024-05-29T11:53:40+00:00","og_image":[{"width":316,"height":160,"url":"https:\/\/territorialchallenges.com\/wp-content\/uploads\/2024\/05\/reflexionfaiteclairePhoto.jpg","type":"image\/jpeg"}],"author":"ni.abdi","twitter_card":"summary_large_image","twitter_creator":"@Ni.abdi","twitter_misc":{"Geschreven door":"ni.abdi","Geschatte leestijd":"4 minuten"},"schema":{"@context":"https:\/\/schema.org","@graph":[{"@type":"Article","@id":"https:\/\/territorialchallenges.com\/2024\/05\/29\/vivatech-2024-professeur-philipp-slusallek-ou-la-discrete-presence-de-lia-humaniste-et-cooperative\/122820\/#article","isPartOf":{"@id":"https:\/\/territorialchallenges.com\/2024\/05\/29\/vivatech-2024-professeur-philipp-slusallek-ou-la-discrete-presence-de-lia-humaniste-et-cooperative\/122820\/"},"author":{"name":"ni.abdi","@id":"https:\/\/territorialchallenges.com\/#\/schema\/person\/098f145c7c61a021c425e010f840080f"},"headline":"Vivatech 2024 : Professeur Philipp Slusallek ou la discr\u00e8te pr\u00e9sence de l&rsquo;IA humaniste et coop\u00e9rative","datePublished":"2024-05-29T11:53:39+00:00","dateModified":"2024-05-29T11:53:40+00:00","mainEntityOfPage":{"@id":"https:\/\/territorialchallenges.com\/2024\/05\/29\/vivatech-2024-professeur-philipp-slusallek-ou-la-discrete-presence-de-lia-humaniste-et-cooperative\/122820\/"},"wordCount":744,"publisher":{"@id":"https:\/\/territorialchallenges.com\/#organization"},"articleSection":["R\u00e9flexion faite","\u00c9cosyst\u00e8me"],"inLanguage":"nl-NL"},{"@type":"WebPage","@id":"https:\/\/territorialchallenges.com\/2024\/05\/29\/vivatech-2024-professeur-philipp-slusallek-ou-la-discrete-presence-de-lia-humaniste-et-cooperative\/122820\/","url":"https:\/\/territorialchallenges.com\/2024\/05\/29\/vivatech-2024-professeur-philipp-slusallek-ou-la-discrete-presence-de-lia-humaniste-et-cooperative\/122820\/","name":"Vivatech 2024 : Professeur Philipp Slusallek ou la discr\u00e8te pr\u00e9sence de l'IA humaniste et coop\u00e9rative - Territorial Challenges","isPartOf":{"@id":"https:\/\/territorialchallenges.com\/#website"},"datePublished":"2024-05-29T11:53:39+00:00","dateModified":"2024-05-29T11:53:40+00:00","breadcrumb":{"@id":"https:\/\/territorialchallenges.com\/2024\/05\/29\/vivatech-2024-professeur-philipp-slusallek-ou-la-discrete-presence-de-lia-humaniste-et-cooperative\/122820\/#breadcrumb"},"inLanguage":"nl-NL","potentialAction":[{"@type":"ReadAction","target":["https:\/\/territorialchallenges.com\/2024\/05\/29\/vivatech-2024-professeur-philipp-slusallek-ou-la-discrete-presence-de-lia-humaniste-et-cooperative\/122820\/"]}]},{"@type":"BreadcrumbList","@id":"https:\/\/territorialchallenges.com\/2024\/05\/29\/vivatech-2024-professeur-philipp-slusallek-ou-la-discrete-presence-de-lia-humaniste-et-cooperative\/122820\/#breadcrumb","itemListElement":[{"@type":"ListItem","position":1,"name":"Home","item":"https:\/\/territorialchallenges.com\/"},{"@type":"ListItem","position":2,"name":"Vivatech 2024 : Professeur Philipp Slusallek ou la discr\u00e8te pr\u00e9sence de l&rsquo;IA humaniste et coop\u00e9rative"}]},{"@type":"WebSite","@id":"https:\/\/territorialchallenges.com\/#website","url":"https:\/\/territorialchallenges.com\/","name":"Territoriale uitdagingen","description":"Internationale monitoring - Slimme strategie\u00ebn - Beste praktijken","publisher":{"@id":"https:\/\/territorialchallenges.com\/#organization"},"potentialAction":[{"@type":"SearchAction","target":{"@type":"EntryPoint","urlTemplate":"https:\/\/territorialchallenges.com\/?s={search_term_string}"},"query-input":"required name=search_term_string"}],"inLanguage":"nl-NL"},{"@type":"Organization","@id":"https:\/\/territorialchallenges.com\/#organization","name":"Territoriale uitdagingen","url":"https:\/\/territorialchallenges.com\/","logo":{"@type":"ImageObject","inLanguage":"nl-NL","@id":"https:\/\/territorialchallenges.com\/#\/schema\/logo\/image\/","url":"https:\/\/territorialchallenges.com\/wp-content\/uploads\/2023\/10\/logo-1.png","contentUrl":"https:\/\/territorialchallenges.com\/wp-content\/uploads\/2023\/10\/logo-1.png","width":1832,"height":576,"caption":"Territorial Challenges"},"image":{"@id":"https:\/\/territorialchallenges.com\/#\/schema\/logo\/image\/"}},{"@type":"Person","@id":"https:\/\/territorialchallenges.com\/#\/schema\/person\/098f145c7c61a021c425e010f840080f","name":"ni.abdi","image":{"@type":"ImageObject","inLanguage":"nl-NL","@id":"https:\/\/territorialchallenges.com\/#\/schema\/person\/image\/","url":"https:\/\/secure.gravatar.com\/avatar\/2a2f2491f3c80039986ba989b1e4b510?s=96&d=identicon&r=g","contentUrl":"https:\/\/secure.gravatar.com\/avatar\/2a2f2491f3c80039986ba989b1e4b510?s=96&d=identicon&r=g","caption":"ni.abdi"},"sameAs":["https:\/\/twitter.com\/Ni.abdi"],"url":"https:\/\/territorialchallenges.com\/nl\/author\/ni-abdi\/"}]}},"_links":{"self":[{"href":"https:\/\/territorialchallenges.com\/nl\/wp-json\/wp\/v2\/posts\/122820"}],"collection":[{"href":"https:\/\/territorialchallenges.com\/nl\/wp-json\/wp\/v2\/posts"}],"about":[{"href":"https:\/\/territorialchallenges.com\/nl\/wp-json\/wp\/v2\/types\/post"}],"author":[{"embeddable":true,"href":"https:\/\/territorialchallenges.com\/nl\/wp-json\/wp\/v2\/users\/11"}],"replies":[{"embeddable":true,"href":"https:\/\/territorialchallenges.com\/nl\/wp-json\/wp\/v2\/comments?post=122820"}],"version-history":[{"count":1,"href":"https:\/\/territorialchallenges.com\/nl\/wp-json\/wp\/v2\/posts\/122820\/revisions"}],"predecessor-version":[{"id":122822,"href":"https:\/\/territorialchallenges.com\/nl\/wp-json\/wp\/v2\/posts\/122820\/revisions\/122822"}],"wp:featuredmedia":[{"embeddable":true,"href":"https:\/\/territorialchallenges.com\/nl\/wp-json\/wp\/v2\/media\/122821"}],"wp:attachment":[{"href":"https:\/\/territorialchallenges.com\/nl\/wp-json\/wp\/v2\/media?parent=122820"}],"wp:term":[{"taxonomy":"category","embeddable":true,"href":"https:\/\/territorialchallenges.com\/nl\/wp-json\/wp\/v2\/categories?post=122820"},{"taxonomy":"post_tag","embeddable":true,"href":"https:\/\/territorialchallenges.com\/nl\/wp-json\/wp\/v2\/tags?post=122820"}],"curies":[{"name":"wp","href":"https:\/\/api.w.org\/{rel}","templated":true}]}}