{"id":122813,"date":"2024-05-29T13:34:24","date_gmt":"2024-05-29T11:34:24","guid":{"rendered":"https:\/\/territorialchallenges.com\/?p=122813"},"modified":"2024-05-29T13:34:26","modified_gmt":"2024-05-29T11:34:26","slug":"espagne-un-hub-de-recharge-de-vehicules-electriques-pour-aider-a-decarboner-le-centre-logistique-de-valence","status":"publish","type":"post","link":"https:\/\/territorialchallenges.com\/nl\/2024\/05\/29\/espagne-un-hub-de-recharge-de-vehicules-electriques-pour-aider-a-decarboner-le-centre-logistique-de-valence\/122813\/","title":{"rendered":"Spanje: oplaadpunt voor elektrische voertuigen moet logistiek centrum van Valencia helpen koolstofvrij te maken"},"content":{"rendered":"<p>De haven van Valencia en MercaValencia werken aan het verminderen van de CO2-uitstoot van zware vrachtwagens via een ambitieus nieuw initiatief. In samenwerking met PragmaCharge opent MercaValencia een van de grootste laadpunten voor elektrische vrachtwagens in Spanje. Dit baanbrekende project heeft als doel het zware wegvervoer rond de haven te decarboniseren\u2026 <\/p>\n<div class=\"pmpro_content_message\">Artikel alleen beschikbaar voor abonnees.<br \/><a href=\"https:\/\/territorialchallenges.com\/wp-login.php\">Login<\/a><br \/><a href=\"https:\/\/territorialchallenges.com\/nl\/wp-login.php\/?action=register\">Register<\/a><\/div>","protected":false},"excerpt":{"rendered":"<p>Le port de Valence et MercaValencia s\u2019efforcent de r\u00e9duire les \u00e9missions de carbone des v\u00e9hicules de fret lourd gr\u00e2ce \u00e0 une nouvelle initiative ambitieuse. En collaboration avec PragmaCharge, MercaValencia inaugure l&rsquo;un des plus grands hubs de recharge pour camions \u00e9lectriques en Espagne. Ce projet pionnier vise \u00e0 d\u00e9carboner le transport routier lourd autour du port... <\/p>\n<div class=\"pmpro_content_message\">Artikel alleen beschikbaar voor abonnees.<br \/><a href=\"https:\/\/territorialchallenges.com\/wp-login.php\">Login<\/a><br \/><a href=\"https:\/\/territorialchallenges.com\/nl\/wp-login.php\/?action=register\">Register<\/a><\/div>","protected":false},"author":11,"featured_media":122814,"comment_status":"closed","ping_status":"closed","sticky":true,"template":"","format":"standard","meta":{"pmpro_default_level":0,"footnotes":""},"categories":[120,117],"tags":[],"blocksy_meta":"","yoast_head":"<!-- This site is optimized with the Yoast SEO plugin v21.5 - https:\/\/yoast.com\/wordpress\/plugins\/seo\/ -->\n<title>Espagne: un hub de recharge de v\u00e9hicules \u00e9lectriques pour aider \u00e0 d\u00e9carboner le centre logistique de Valence - Territorial Challenges<\/title>\n<meta name=\"robots\" content=\"index, follow, max-snippet:-1, max-image-preview:large, max-video-preview:-1\" \/>\n<link rel=\"canonical\" href=\"https:\/\/territorialchallenges.com\/nl\/2024\/05\/29\/espagne-un-hub-de-recharge-de-vehicules-electriques-pour-aider-a-decarboner-le-centre-logistique-de-valence\/122813\/\" \/>\n<meta property=\"og:locale\" content=\"nl_NL\" \/>\n<meta property=\"og:type\" content=\"article\" \/>\n<meta property=\"og:title\" content=\"Espagne: un hub de recharge de v\u00e9hicules \u00e9lectriques pour aider \u00e0 d\u00e9carboner le centre logistique de Valence - Territorial Challenges\" \/>\n<meta property=\"og:description\" content=\"Le port de Valence et MercaValencia s\u2019efforcent de r\u00e9duire les \u00e9missions de carbone des v\u00e9hicules de fret lourd gr\u00e2ce \u00e0 une nouvelle initiative ambitieuse. En collaboration avec PragmaCharge, MercaValencia inaugure l&rsquo;un des plus grands hubs de recharge pour camions \u00e9lectriques en Espagne. Ce projet pionnier vise \u00e0 d\u00e9carboner le transport routier lourd autour du port [&hellip;]\" \/>\n<meta property=\"og:url\" content=\"https:\/\/territorialchallenges.com\/nl\/2024\/05\/29\/espagne-un-hub-de-recharge-de-vehicules-electriques-pour-aider-a-decarboner-le-centre-logistique-de-valence\/122813\/\" \/>\n<meta property=\"og:site_name\" content=\"Territorial Challenges\" \/>\n<meta property=\"article:published_time\" content=\"2024-05-29T11:34:24+00:00\" \/>\n<meta property=\"article:modified_time\" content=\"2024-05-29T11:34:26+00:00\" \/>\n<meta property=\"og:image\" content=\"https:\/\/territorialchallenges.com\/wp-content\/uploads\/2024\/05\/ilsestpasseaPortdeValence.jpg\" \/>\n\t<meta property=\"og:image:width\" content=\"1280\" \/>\n\t<meta property=\"og:image:height\" content=\"853\" \/>\n\t<meta property=\"og:image:type\" content=\"image\/jpeg\" \/>\n<meta name=\"author\" content=\"ni.abdi\" \/>\n<meta name=\"twitter:card\" content=\"summary_large_image\" \/>\n<meta name=\"twitter:creator\" content=\"@Ni.abdi\" \/>\n<meta name=\"twitter:label1\" content=\"Geschreven door\" \/>\n\t<meta name=\"twitter:data1\" content=\"ni.abdi\" \/>\n\t<meta name=\"twitter:label2\" content=\"Geschatte leestijd\" \/>\n\t<meta name=\"twitter:data2\" content=\"4 minuten\" \/>\n<script type=\"application\/ld+json\" class=\"yoast-schema-graph\">{\"@context\":\"https:\/\/schema.org\",\"@graph\":[{\"@type\":\"Article\",\"@id\":\"https:\/\/territorialchallenges.com\/2024\/05\/29\/espagne-un-hub-de-recharge-de-vehicules-electriques-pour-aider-a-decarboner-le-centre-logistique-de-valence\/122813\/#article\",\"isPartOf\":{\"@id\":\"https:\/\/territorialchallenges.com\/2024\/05\/29\/espagne-un-hub-de-recharge-de-vehicules-electriques-pour-aider-a-decarboner-le-centre-logistique-de-valence\/122813\/\"},\"author\":{\"name\":\"ni.abdi\",\"@id\":\"https:\/\/territorialchallenges.com\/#\/schema\/person\/098f145c7c61a021c425e010f840080f\"},\"headline\":\"Espagne: un hub de recharge de v\u00e9hicules \u00e9lectriques pour aider \u00e0 d\u00e9carboner le centre logistique de Valence\",\"datePublished\":\"2024-05-29T11:34:24+00:00\",\"dateModified\":\"2024-05-29T11:34:26+00:00\",\"mainEntityOfPage\":{\"@id\":\"https:\/\/territorialchallenges.com\/2024\/05\/29\/espagne-un-hub-de-recharge-de-vehicules-electriques-pour-aider-a-decarboner-le-centre-logistique-de-valence\/122813\/\"},\"wordCount\":710,\"publisher\":{\"@id\":\"https:\/\/territorialchallenges.com\/#organization\"},\"articleSection\":[\"Il s'est pass\u00e9 \u00e0\",\"\u00c9cosyst\u00e8me\"],\"inLanguage\":\"nl-NL\"},{\"@type\":\"WebPage\",\"@id\":\"https:\/\/territorialchallenges.com\/2024\/05\/29\/espagne-un-hub-de-recharge-de-vehicules-electriques-pour-aider-a-decarboner-le-centre-logistique-de-valence\/122813\/\",\"url\":\"https:\/\/territorialchallenges.com\/2024\/05\/29\/espagne-un-hub-de-recharge-de-vehicules-electriques-pour-aider-a-decarboner-le-centre-logistique-de-valence\/122813\/\",\"name\":\"Espagne: un hub de recharge de v\u00e9hicules \u00e9lectriques pour aider \u00e0 d\u00e9carboner le centre logistique de Valence - Territorial Challenges\",\"isPartOf\":{\"@id\":\"https:\/\/territorialchallenges.com\/#website\"},\"datePublished\":\"2024-05-29T11:34:24+00:00\",\"dateModified\":\"2024-05-29T11:34:26+00:00\",\"breadcrumb\":{\"@id\":\"https:\/\/territorialchallenges.com\/2024\/05\/29\/espagne-un-hub-de-recharge-de-vehicules-electriques-pour-aider-a-decarboner-le-centre-logistique-de-valence\/122813\/#breadcrumb\"},\"inLanguage\":\"nl-NL\",\"potentialAction\":[{\"@type\":\"ReadAction\",\"target\":[\"https:\/\/territorialchallenges.com\/2024\/05\/29\/espagne-un-hub-de-recharge-de-vehicules-electriques-pour-aider-a-decarboner-le-centre-logistique-de-valence\/122813\/\"]}]},{\"@type\":\"BreadcrumbList\",\"@id\":\"https:\/\/territorialchallenges.com\/2024\/05\/29\/espagne-un-hub-de-recharge-de-vehicules-electriques-pour-aider-a-decarboner-le-centre-logistique-de-valence\/122813\/#breadcrumb\",\"itemListElement\":[{\"@type\":\"ListItem\",\"position\":1,\"name\":\"Home\",\"item\":\"https:\/\/territorialchallenges.com\/\"},{\"@type\":\"ListItem\",\"position\":2,\"name\":\"Espagne: un hub de recharge de v\u00e9hicules \u00e9lectriques pour aider \u00e0 d\u00e9carboner le centre logistique de Valence\"}]},{\"@type\":\"WebSite\",\"@id\":\"https:\/\/territorialchallenges.com\/#website\",\"url\":\"https:\/\/territorialchallenges.com\/\",\"name\":\"Territorial Challenges\",\"description\":\"Veille Internationale - Strat\u00e9gie Intelligentes - Bonnes pratiques\",\"publisher\":{\"@id\":\"https:\/\/territorialchallenges.com\/#organization\"},\"potentialAction\":[{\"@type\":\"SearchAction\",\"target\":{\"@type\":\"EntryPoint\",\"urlTemplate\":\"https:\/\/territorialchallenges.com\/?s={search_term_string}\"},\"query-input\":\"required name=search_term_string\"}],\"inLanguage\":\"nl-NL\"},{\"@type\":\"Organization\",\"@id\":\"https:\/\/territorialchallenges.com\/#organization\",\"name\":\"Territorial Challenges\",\"url\":\"https:\/\/territorialchallenges.com\/\",\"logo\":{\"@type\":\"ImageObject\",\"inLanguage\":\"nl-NL\",\"@id\":\"https:\/\/territorialchallenges.com\/#\/schema\/logo\/image\/\",\"url\":\"https:\/\/territorialchallenges.com\/wp-content\/uploads\/2023\/10\/logo-1.png\",\"contentUrl\":\"https:\/\/territorialchallenges.com\/wp-content\/uploads\/2023\/10\/logo-1.png\",\"width\":1832,\"height\":576,\"caption\":\"Territorial Challenges\"},\"image\":{\"@id\":\"https:\/\/territorialchallenges.com\/#\/schema\/logo\/image\/\"}},{\"@type\":\"Person\",\"@id\":\"https:\/\/territorialchallenges.com\/#\/schema\/person\/098f145c7c61a021c425e010f840080f\",\"name\":\"ni.abdi\",\"image\":{\"@type\":\"ImageObject\",\"inLanguage\":\"nl-NL\",\"@id\":\"https:\/\/territorialchallenges.com\/#\/schema\/person\/image\/\",\"url\":\"https:\/\/secure.gravatar.com\/avatar\/2a2f2491f3c80039986ba989b1e4b510?s=96&d=identicon&r=g\",\"contentUrl\":\"https:\/\/secure.gravatar.com\/avatar\/2a2f2491f3c80039986ba989b1e4b510?s=96&d=identicon&r=g\",\"caption\":\"ni.abdi\"},\"sameAs\":[\"https:\/\/twitter.com\/Ni.abdi\"],\"url\":\"https:\/\/territorialchallenges.com\/nl\/author\/ni-abdi\/\"}]}<\/script>\n<!-- \/ Yoast SEO plugin. -->","yoast_head_json":{"title":"Espagne: un hub de recharge de v\u00e9hicules \u00e9lectriques pour aider \u00e0 d\u00e9carboner le centre logistique de Valence - Territorial Challenges","robots":{"index":"index","follow":"follow","max-snippet":"max-snippet:-1","max-image-preview":"max-image-preview:large","max-video-preview":"max-video-preview:-1"},"canonical":"https:\/\/territorialchallenges.com\/nl\/2024\/05\/29\/espagne-un-hub-de-recharge-de-vehicules-electriques-pour-aider-a-decarboner-le-centre-logistique-de-valence\/122813\/","og_locale":"nl_NL","og_type":"article","og_title":"Espagne: un hub de recharge de v\u00e9hicules \u00e9lectriques pour aider \u00e0 d\u00e9carboner le centre logistique de Valence - Territorial Challenges","og_description":"Le port de Valence et MercaValencia s\u2019efforcent de r\u00e9duire les \u00e9missions de carbone des v\u00e9hicules de fret lourd gr\u00e2ce \u00e0 une nouvelle initiative ambitieuse. En collaboration avec PragmaCharge, MercaValencia inaugure l&rsquo;un des plus grands hubs de recharge pour camions \u00e9lectriques en Espagne. Ce projet pionnier vise \u00e0 d\u00e9carboner le transport routier lourd autour du port [&hellip;]","og_url":"https:\/\/territorialchallenges.com\/nl\/2024\/05\/29\/espagne-un-hub-de-recharge-de-vehicules-electriques-pour-aider-a-decarboner-le-centre-logistique-de-valence\/122813\/","og_site_name":"Territorial Challenges","article_published_time":"2024-05-29T11:34:24+00:00","article_modified_time":"2024-05-29T11:34:26+00:00","og_image":[{"width":1280,"height":853,"url":"https:\/\/territorialchallenges.com\/wp-content\/uploads\/2024\/05\/ilsestpasseaPortdeValence.jpg","type":"image\/jpeg"}],"author":"ni.abdi","twitter_card":"summary_large_image","twitter_creator":"@Ni.abdi","twitter_misc":{"Geschreven door":"ni.abdi","Geschatte leestijd":"4 minuten"},"schema":{"@context":"https:\/\/schema.org","@graph":[{"@type":"Article","@id":"https:\/\/territorialchallenges.com\/2024\/05\/29\/espagne-un-hub-de-recharge-de-vehicules-electriques-pour-aider-a-decarboner-le-centre-logistique-de-valence\/122813\/#article","isPartOf":{"@id":"https:\/\/territorialchallenges.com\/2024\/05\/29\/espagne-un-hub-de-recharge-de-vehicules-electriques-pour-aider-a-decarboner-le-centre-logistique-de-valence\/122813\/"},"author":{"name":"ni.abdi","@id":"https:\/\/territorialchallenges.com\/#\/schema\/person\/098f145c7c61a021c425e010f840080f"},"headline":"Espagne: un hub de recharge de v\u00e9hicules \u00e9lectriques pour aider \u00e0 d\u00e9carboner le centre logistique de Valence","datePublished":"2024-05-29T11:34:24+00:00","dateModified":"2024-05-29T11:34:26+00:00","mainEntityOfPage":{"@id":"https:\/\/territorialchallenges.com\/2024\/05\/29\/espagne-un-hub-de-recharge-de-vehicules-electriques-pour-aider-a-decarboner-le-centre-logistique-de-valence\/122813\/"},"wordCount":710,"publisher":{"@id":"https:\/\/territorialchallenges.com\/#organization"},"articleSection":["Il s'est pass\u00e9 \u00e0","\u00c9cosyst\u00e8me"],"inLanguage":"nl-NL"},{"@type":"WebPage","@id":"https:\/\/territorialchallenges.com\/2024\/05\/29\/espagne-un-hub-de-recharge-de-vehicules-electriques-pour-aider-a-decarboner-le-centre-logistique-de-valence\/122813\/","url":"https:\/\/territorialchallenges.com\/2024\/05\/29\/espagne-un-hub-de-recharge-de-vehicules-electriques-pour-aider-a-decarboner-le-centre-logistique-de-valence\/122813\/","name":"Espagne: un hub de recharge de v\u00e9hicules \u00e9lectriques pour aider \u00e0 d\u00e9carboner le centre logistique de Valence - Territorial Challenges","isPartOf":{"@id":"https:\/\/territorialchallenges.com\/#website"},"datePublished":"2024-05-29T11:34:24+00:00","dateModified":"2024-05-29T11:34:26+00:00","breadcrumb":{"@id":"https:\/\/territorialchallenges.com\/2024\/05\/29\/espagne-un-hub-de-recharge-de-vehicules-electriques-pour-aider-a-decarboner-le-centre-logistique-de-valence\/122813\/#breadcrumb"},"inLanguage":"nl-NL","potentialAction":[{"@type":"ReadAction","target":["https:\/\/territorialchallenges.com\/2024\/05\/29\/espagne-un-hub-de-recharge-de-vehicules-electriques-pour-aider-a-decarboner-le-centre-logistique-de-valence\/122813\/"]}]},{"@type":"BreadcrumbList","@id":"https:\/\/territorialchallenges.com\/2024\/05\/29\/espagne-un-hub-de-recharge-de-vehicules-electriques-pour-aider-a-decarboner-le-centre-logistique-de-valence\/122813\/#breadcrumb","itemListElement":[{"@type":"ListItem","position":1,"name":"Home","item":"https:\/\/territorialchallenges.com\/"},{"@type":"ListItem","position":2,"name":"Espagne: un hub de recharge de v\u00e9hicules \u00e9lectriques pour aider \u00e0 d\u00e9carboner le centre logistique de Valence"}]},{"@type":"WebSite","@id":"https:\/\/territorialchallenges.com\/#website","url":"https:\/\/territorialchallenges.com\/","name":"Territoriale uitdagingen","description":"Internationale monitoring - Slimme strategie\u00ebn - Beste praktijken","publisher":{"@id":"https:\/\/territorialchallenges.com\/#organization"},"potentialAction":[{"@type":"SearchAction","target":{"@type":"EntryPoint","urlTemplate":"https:\/\/territorialchallenges.com\/?s={search_term_string}"},"query-input":"required name=search_term_string"}],"inLanguage":"nl-NL"},{"@type":"Organization","@id":"https:\/\/territorialchallenges.com\/#organization","name":"Territoriale uitdagingen","url":"https:\/\/territorialchallenges.com\/","logo":{"@type":"ImageObject","inLanguage":"nl-NL","@id":"https:\/\/territorialchallenges.com\/#\/schema\/logo\/image\/","url":"https:\/\/territorialchallenges.com\/wp-content\/uploads\/2023\/10\/logo-1.png","contentUrl":"https:\/\/territorialchallenges.com\/wp-content\/uploads\/2023\/10\/logo-1.png","width":1832,"height":576,"caption":"Territorial Challenges"},"image":{"@id":"https:\/\/territorialchallenges.com\/#\/schema\/logo\/image\/"}},{"@type":"Person","@id":"https:\/\/territorialchallenges.com\/#\/schema\/person\/098f145c7c61a021c425e010f840080f","name":"ni.abdi","image":{"@type":"ImageObject","inLanguage":"nl-NL","@id":"https:\/\/territorialchallenges.com\/#\/schema\/person\/image\/","url":"https:\/\/secure.gravatar.com\/avatar\/2a2f2491f3c80039986ba989b1e4b510?s=96&d=identicon&r=g","contentUrl":"https:\/\/secure.gravatar.com\/avatar\/2a2f2491f3c80039986ba989b1e4b510?s=96&d=identicon&r=g","caption":"ni.abdi"},"sameAs":["https:\/\/twitter.com\/Ni.abdi"],"url":"https:\/\/territorialchallenges.com\/nl\/author\/ni-abdi\/"}]}},"_links":{"self":[{"href":"https:\/\/territorialchallenges.com\/nl\/wp-json\/wp\/v2\/posts\/122813"}],"collection":[{"href":"https:\/\/territorialchallenges.com\/nl\/wp-json\/wp\/v2\/posts"}],"about":[{"href":"https:\/\/territorialchallenges.com\/nl\/wp-json\/wp\/v2\/types\/post"}],"author":[{"embeddable":true,"href":"https:\/\/territorialchallenges.com\/nl\/wp-json\/wp\/v2\/users\/11"}],"replies":[{"embeddable":true,"href":"https:\/\/territorialchallenges.com\/nl\/wp-json\/wp\/v2\/comments?post=122813"}],"version-history":[{"count":1,"href":"https:\/\/territorialchallenges.com\/nl\/wp-json\/wp\/v2\/posts\/122813\/revisions"}],"predecessor-version":[{"id":122815,"href":"https:\/\/territorialchallenges.com\/nl\/wp-json\/wp\/v2\/posts\/122813\/revisions\/122815"}],"wp:featuredmedia":[{"embeddable":true,"href":"https:\/\/territorialchallenges.com\/nl\/wp-json\/wp\/v2\/media\/122814"}],"wp:attachment":[{"href":"https:\/\/territorialchallenges.com\/nl\/wp-json\/wp\/v2\/media?parent=122813"}],"wp:term":[{"taxonomy":"category","embeddable":true,"href":"https:\/\/territorialchallenges.com\/nl\/wp-json\/wp\/v2\/categories?post=122813"},{"taxonomy":"post_tag","embeddable":true,"href":"https:\/\/territorialchallenges.com\/nl\/wp-json\/wp\/v2\/tags?post=122813"}],"curies":[{"name":"wp","href":"https:\/\/api.w.org\/{rel}","templated":true}]}}