{"id":122701,"date":"2024-05-03T15:52:31","date_gmt":"2024-05-03T13:52:31","guid":{"rendered":"https:\/\/territorialchallenges.com\/?p=122701"},"modified":"2024-05-03T15:52:33","modified_gmt":"2024-05-03T13:52:33","slug":"dr-dariusz-prokopowicz-visionnaire-de-la-ville-intelligente-verte-en-pologne","status":"publish","type":"post","link":"https:\/\/territorialchallenges.com\/nl\/2024\/05\/03\/dr-dariusz-prokopowicz-visionnaire-de-la-ville-intelligente-verte-en-pologne\/122701\/","title":{"rendered":"Dr. Dariusz Prokopowicz: Visionair van de Groene Slimme Stad in Polen"},"content":{"rendered":"<p>Op het snijvlak van economie en technologie belichaamt Dr. Dariusz Prokopowicz de toekomst van slimme steden. Als vooraanstaand onderzoeker en vicevoorzitter van de KPH OIG Kamer van Koophandel, geven zijn inzichten in het optimaliseren van stedelijke systemen met behulp van kunstmatige intelligentie vorm aan de toekomst van moderne steden. Dariusz werd geboren in Warschau in 1971 en zijn carri\u00e8re\u2026 <\/p>\n<div class=\"pmpro_content_message\">Artikel alleen beschikbaar voor abonnees.<br \/><a href=\"https:\/\/territorialchallenges.com\/wp-login.php\">Login<\/a><br \/><a href=\"https:\/\/territorialchallenges.com\/nl\/wp-login.php\/?action=register\">Register<\/a><\/div>","protected":false},"excerpt":{"rendered":"<p>\u00c0 la crois\u00e9e de l&rsquo;\u00e9conomie et de la technologie, le Dr Dariusz Prokopowicz incarne le futur des villes intelligentes. Chercheur \u00e9m\u00e9rite et vice-pr\u00e9sident de la Chambre de commerce KPH OIG, ses r\u00e9flexions sur l&rsquo;optimisation des syst\u00e8mes urbains \u00e0 travers l&rsquo;intelligence artificielle redessinent l&rsquo;avenir des agglom\u00e9rations modernes. N\u00e9 en 1971 \u00e0 Varsovie, le parcours de Dariusz... <\/p>\n<div class=\"pmpro_content_message\">Artikel alleen beschikbaar voor abonnees.<br \/><a href=\"https:\/\/territorialchallenges.com\/wp-login.php\">Login<\/a><br \/><a href=\"https:\/\/territorialchallenges.com\/nl\/wp-login.php\/?action=register\">Register<\/a><\/div>","protected":false},"author":11,"featured_media":122702,"comment_status":"closed","ping_status":"closed","sticky":true,"template":"","format":"standard","meta":{"pmpro_default_level":0,"footnotes":""},"categories":[126,117],"tags":[],"blocksy_meta":"","yoast_head":"<!-- This site is optimized with the Yoast SEO plugin v21.5 - https:\/\/yoast.com\/wordpress\/plugins\/seo\/ -->\n<title>Dr Dariusz Prokopowicz : visionnaire de la ville intelligente verte en Pologne - Territorial Challenges<\/title>\n<meta name=\"robots\" content=\"index, follow, max-snippet:-1, max-image-preview:large, max-video-preview:-1\" \/>\n<link rel=\"canonical\" href=\"https:\/\/territorialchallenges.com\/nl\/2024\/05\/03\/dr-dariusz-prokopowicz-visionnaire-de-la-ville-intelligente-verte-en-pologne\/122701\/\" \/>\n<meta property=\"og:locale\" content=\"nl_NL\" \/>\n<meta property=\"og:type\" content=\"article\" \/>\n<meta property=\"og:title\" content=\"Dr Dariusz Prokopowicz : visionnaire de la ville intelligente verte en Pologne - Territorial Challenges\" \/>\n<meta property=\"og:description\" content=\"\u00c0 la crois\u00e9e de l&rsquo;\u00e9conomie et de la technologie, le Dr Dariusz Prokopowicz incarne le futur des villes intelligentes. Chercheur \u00e9m\u00e9rite et vice-pr\u00e9sident de la Chambre de commerce KPH OIG, ses r\u00e9flexions sur l&rsquo;optimisation des syst\u00e8mes urbains \u00e0 travers l&rsquo;intelligence artificielle redessinent l&rsquo;avenir des agglom\u00e9rations modernes. N\u00e9 en 1971 \u00e0 Varsovie, le parcours de Dariusz [&hellip;]\" \/>\n<meta property=\"og:url\" content=\"https:\/\/territorialchallenges.com\/nl\/2024\/05\/03\/dr-dariusz-prokopowicz-visionnaire-de-la-ville-intelligente-verte-en-pologne\/122701\/\" \/>\n<meta property=\"og:site_name\" content=\"Territorial Challenges\" \/>\n<meta property=\"article:published_time\" content=\"2024-05-03T13:52:31+00:00\" \/>\n<meta property=\"article:modified_time\" content=\"2024-05-03T13:52:33+00:00\" \/>\n<meta property=\"og:image\" content=\"https:\/\/territorialchallenges.com\/wp-content\/uploads\/2024\/05\/onparledeuxPlonaisPhoto.jpg\" \/>\n\t<meta property=\"og:image:width\" content=\"200\" \/>\n\t<meta property=\"og:image:height\" content=\"200\" \/>\n\t<meta property=\"og:image:type\" content=\"image\/jpeg\" \/>\n<meta name=\"author\" content=\"ni.abdi\" \/>\n<meta name=\"twitter:card\" content=\"summary_large_image\" \/>\n<meta name=\"twitter:creator\" content=\"@Ni.abdi\" \/>\n<meta name=\"twitter:label1\" content=\"Geschreven door\" \/>\n\t<meta name=\"twitter:data1\" content=\"ni.abdi\" \/>\n\t<meta name=\"twitter:label2\" content=\"Geschatte leestijd\" \/>\n\t<meta name=\"twitter:data2\" content=\"2 minuten\" \/>\n<script type=\"application\/ld+json\" class=\"yoast-schema-graph\">{\"@context\":\"https:\/\/schema.org\",\"@graph\":[{\"@type\":\"Article\",\"@id\":\"https:\/\/territorialchallenges.com\/2024\/05\/03\/dr-dariusz-prokopowicz-visionnaire-de-la-ville-intelligente-verte-en-pologne\/122701\/#article\",\"isPartOf\":{\"@id\":\"https:\/\/territorialchallenges.com\/2024\/05\/03\/dr-dariusz-prokopowicz-visionnaire-de-la-ville-intelligente-verte-en-pologne\/122701\/\"},\"author\":{\"name\":\"ni.abdi\",\"@id\":\"https:\/\/territorialchallenges.com\/#\/schema\/person\/098f145c7c61a021c425e010f840080f\"},\"headline\":\"Dr Dariusz Prokopowicz : visionnaire de la ville intelligente verte en Pologne\",\"datePublished\":\"2024-05-03T13:52:31+00:00\",\"dateModified\":\"2024-05-03T13:52:33+00:00\",\"mainEntityOfPage\":{\"@id\":\"https:\/\/territorialchallenges.com\/2024\/05\/03\/dr-dariusz-prokopowicz-visionnaire-de-la-ville-intelligente-verte-en-pologne\/122701\/\"},\"wordCount\":341,\"publisher\":{\"@id\":\"https:\/\/territorialchallenges.com\/#organization\"},\"articleSection\":[\"On parle d'eux\",\"\u00c9cosyst\u00e8me\"],\"inLanguage\":\"nl-NL\"},{\"@type\":\"WebPage\",\"@id\":\"https:\/\/territorialchallenges.com\/2024\/05\/03\/dr-dariusz-prokopowicz-visionnaire-de-la-ville-intelligente-verte-en-pologne\/122701\/\",\"url\":\"https:\/\/territorialchallenges.com\/2024\/05\/03\/dr-dariusz-prokopowicz-visionnaire-de-la-ville-intelligente-verte-en-pologne\/122701\/\",\"name\":\"Dr Dariusz Prokopowicz : visionnaire de la ville intelligente verte en Pologne - Territorial Challenges\",\"isPartOf\":{\"@id\":\"https:\/\/territorialchallenges.com\/#website\"},\"datePublished\":\"2024-05-03T13:52:31+00:00\",\"dateModified\":\"2024-05-03T13:52:33+00:00\",\"breadcrumb\":{\"@id\":\"https:\/\/territorialchallenges.com\/2024\/05\/03\/dr-dariusz-prokopowicz-visionnaire-de-la-ville-intelligente-verte-en-pologne\/122701\/#breadcrumb\"},\"inLanguage\":\"nl-NL\",\"potentialAction\":[{\"@type\":\"ReadAction\",\"target\":[\"https:\/\/territorialchallenges.com\/2024\/05\/03\/dr-dariusz-prokopowicz-visionnaire-de-la-ville-intelligente-verte-en-pologne\/122701\/\"]}]},{\"@type\":\"BreadcrumbList\",\"@id\":\"https:\/\/territorialchallenges.com\/2024\/05\/03\/dr-dariusz-prokopowicz-visionnaire-de-la-ville-intelligente-verte-en-pologne\/122701\/#breadcrumb\",\"itemListElement\":[{\"@type\":\"ListItem\",\"position\":1,\"name\":\"Home\",\"item\":\"https:\/\/territorialchallenges.com\/\"},{\"@type\":\"ListItem\",\"position\":2,\"name\":\"Dr Dariusz Prokopowicz : visionnaire de la ville intelligente verte en Pologne\"}]},{\"@type\":\"WebSite\",\"@id\":\"https:\/\/territorialchallenges.com\/#website\",\"url\":\"https:\/\/territorialchallenges.com\/\",\"name\":\"Territorial Challenges\",\"description\":\"Veille Internationale - Strat\u00e9gie Intelligentes - Bonnes pratiques\",\"publisher\":{\"@id\":\"https:\/\/territorialchallenges.com\/#organization\"},\"potentialAction\":[{\"@type\":\"SearchAction\",\"target\":{\"@type\":\"EntryPoint\",\"urlTemplate\":\"https:\/\/territorialchallenges.com\/?s={search_term_string}\"},\"query-input\":\"required name=search_term_string\"}],\"inLanguage\":\"nl-NL\"},{\"@type\":\"Organization\",\"@id\":\"https:\/\/territorialchallenges.com\/#organization\",\"name\":\"Territorial Challenges\",\"url\":\"https:\/\/territorialchallenges.com\/\",\"logo\":{\"@type\":\"ImageObject\",\"inLanguage\":\"nl-NL\",\"@id\":\"https:\/\/territorialchallenges.com\/#\/schema\/logo\/image\/\",\"url\":\"https:\/\/territorialchallenges.com\/wp-content\/uploads\/2023\/10\/logo-1.png\",\"contentUrl\":\"https:\/\/territorialchallenges.com\/wp-content\/uploads\/2023\/10\/logo-1.png\",\"width\":1832,\"height\":576,\"caption\":\"Territorial Challenges\"},\"image\":{\"@id\":\"https:\/\/territorialchallenges.com\/#\/schema\/logo\/image\/\"}},{\"@type\":\"Person\",\"@id\":\"https:\/\/territorialchallenges.com\/#\/schema\/person\/098f145c7c61a021c425e010f840080f\",\"name\":\"ni.abdi\",\"image\":{\"@type\":\"ImageObject\",\"inLanguage\":\"nl-NL\",\"@id\":\"https:\/\/territorialchallenges.com\/#\/schema\/person\/image\/\",\"url\":\"https:\/\/secure.gravatar.com\/avatar\/2a2f2491f3c80039986ba989b1e4b510?s=96&d=identicon&r=g\",\"contentUrl\":\"https:\/\/secure.gravatar.com\/avatar\/2a2f2491f3c80039986ba989b1e4b510?s=96&d=identicon&r=g\",\"caption\":\"ni.abdi\"},\"sameAs\":[\"https:\/\/twitter.com\/Ni.abdi\"],\"url\":\"https:\/\/territorialchallenges.com\/nl\/author\/ni-abdi\/\"}]}<\/script>\n<!-- \/ Yoast SEO plugin. -->","yoast_head_json":{"title":"Dr Dariusz Prokopowicz : visionnaire de la ville intelligente verte en Pologne - Territorial Challenges","robots":{"index":"index","follow":"follow","max-snippet":"max-snippet:-1","max-image-preview":"max-image-preview:large","max-video-preview":"max-video-preview:-1"},"canonical":"https:\/\/territorialchallenges.com\/nl\/2024\/05\/03\/dr-dariusz-prokopowicz-visionnaire-de-la-ville-intelligente-verte-en-pologne\/122701\/","og_locale":"nl_NL","og_type":"article","og_title":"Dr Dariusz Prokopowicz : visionnaire de la ville intelligente verte en Pologne - Territorial Challenges","og_description":"\u00c0 la crois\u00e9e de l&rsquo;\u00e9conomie et de la technologie, le Dr Dariusz Prokopowicz incarne le futur des villes intelligentes. Chercheur \u00e9m\u00e9rite et vice-pr\u00e9sident de la Chambre de commerce KPH OIG, ses r\u00e9flexions sur l&rsquo;optimisation des syst\u00e8mes urbains \u00e0 travers l&rsquo;intelligence artificielle redessinent l&rsquo;avenir des agglom\u00e9rations modernes. N\u00e9 en 1971 \u00e0 Varsovie, le parcours de Dariusz [&hellip;]","og_url":"https:\/\/territorialchallenges.com\/nl\/2024\/05\/03\/dr-dariusz-prokopowicz-visionnaire-de-la-ville-intelligente-verte-en-pologne\/122701\/","og_site_name":"Territorial Challenges","article_published_time":"2024-05-03T13:52:31+00:00","article_modified_time":"2024-05-03T13:52:33+00:00","og_image":[{"width":200,"height":200,"url":"https:\/\/territorialchallenges.com\/wp-content\/uploads\/2024\/05\/onparledeuxPlonaisPhoto.jpg","type":"image\/jpeg"}],"author":"ni.abdi","twitter_card":"summary_large_image","twitter_creator":"@Ni.abdi","twitter_misc":{"Geschreven door":"ni.abdi","Geschatte leestijd":"2 minuten"},"schema":{"@context":"https:\/\/schema.org","@graph":[{"@type":"Article","@id":"https:\/\/territorialchallenges.com\/2024\/05\/03\/dr-dariusz-prokopowicz-visionnaire-de-la-ville-intelligente-verte-en-pologne\/122701\/#article","isPartOf":{"@id":"https:\/\/territorialchallenges.com\/2024\/05\/03\/dr-dariusz-prokopowicz-visionnaire-de-la-ville-intelligente-verte-en-pologne\/122701\/"},"author":{"name":"ni.abdi","@id":"https:\/\/territorialchallenges.com\/#\/schema\/person\/098f145c7c61a021c425e010f840080f"},"headline":"Dr Dariusz Prokopowicz : visionnaire de la ville intelligente verte en Pologne","datePublished":"2024-05-03T13:52:31+00:00","dateModified":"2024-05-03T13:52:33+00:00","mainEntityOfPage":{"@id":"https:\/\/territorialchallenges.com\/2024\/05\/03\/dr-dariusz-prokopowicz-visionnaire-de-la-ville-intelligente-verte-en-pologne\/122701\/"},"wordCount":341,"publisher":{"@id":"https:\/\/territorialchallenges.com\/#organization"},"articleSection":["On parle d'eux","\u00c9cosyst\u00e8me"],"inLanguage":"nl-NL"},{"@type":"WebPage","@id":"https:\/\/territorialchallenges.com\/2024\/05\/03\/dr-dariusz-prokopowicz-visionnaire-de-la-ville-intelligente-verte-en-pologne\/122701\/","url":"https:\/\/territorialchallenges.com\/2024\/05\/03\/dr-dariusz-prokopowicz-visionnaire-de-la-ville-intelligente-verte-en-pologne\/122701\/","name":"Dr Dariusz Prokopowicz : visionnaire de la ville intelligente verte en Pologne - Territorial Challenges","isPartOf":{"@id":"https:\/\/territorialchallenges.com\/#website"},"datePublished":"2024-05-03T13:52:31+00:00","dateModified":"2024-05-03T13:52:33+00:00","breadcrumb":{"@id":"https:\/\/territorialchallenges.com\/2024\/05\/03\/dr-dariusz-prokopowicz-visionnaire-de-la-ville-intelligente-verte-en-pologne\/122701\/#breadcrumb"},"inLanguage":"nl-NL","potentialAction":[{"@type":"ReadAction","target":["https:\/\/territorialchallenges.com\/2024\/05\/03\/dr-dariusz-prokopowicz-visionnaire-de-la-ville-intelligente-verte-en-pologne\/122701\/"]}]},{"@type":"BreadcrumbList","@id":"https:\/\/territorialchallenges.com\/2024\/05\/03\/dr-dariusz-prokopowicz-visionnaire-de-la-ville-intelligente-verte-en-pologne\/122701\/#breadcrumb","itemListElement":[{"@type":"ListItem","position":1,"name":"Home","item":"https:\/\/territorialchallenges.com\/"},{"@type":"ListItem","position":2,"name":"Dr Dariusz Prokopowicz : visionnaire de la ville intelligente verte en Pologne"}]},{"@type":"WebSite","@id":"https:\/\/territorialchallenges.com\/#website","url":"https:\/\/territorialchallenges.com\/","name":"Territoriale uitdagingen","description":"Internationale monitoring - Slimme strategie\u00ebn - Beste praktijken","publisher":{"@id":"https:\/\/territorialchallenges.com\/#organization"},"potentialAction":[{"@type":"SearchAction","target":{"@type":"EntryPoint","urlTemplate":"https:\/\/territorialchallenges.com\/?s={search_term_string}"},"query-input":"required name=search_term_string"}],"inLanguage":"nl-NL"},{"@type":"Organization","@id":"https:\/\/territorialchallenges.com\/#organization","name":"Territoriale uitdagingen","url":"https:\/\/territorialchallenges.com\/","logo":{"@type":"ImageObject","inLanguage":"nl-NL","@id":"https:\/\/territorialchallenges.com\/#\/schema\/logo\/image\/","url":"https:\/\/territorialchallenges.com\/wp-content\/uploads\/2023\/10\/logo-1.png","contentUrl":"https:\/\/territorialchallenges.com\/wp-content\/uploads\/2023\/10\/logo-1.png","width":1832,"height":576,"caption":"Territorial Challenges"},"image":{"@id":"https:\/\/territorialchallenges.com\/#\/schema\/logo\/image\/"}},{"@type":"Person","@id":"https:\/\/territorialchallenges.com\/#\/schema\/person\/098f145c7c61a021c425e010f840080f","name":"ni.abdi","image":{"@type":"ImageObject","inLanguage":"nl-NL","@id":"https:\/\/territorialchallenges.com\/#\/schema\/person\/image\/","url":"https:\/\/secure.gravatar.com\/avatar\/2a2f2491f3c80039986ba989b1e4b510?s=96&d=identicon&r=g","contentUrl":"https:\/\/secure.gravatar.com\/avatar\/2a2f2491f3c80039986ba989b1e4b510?s=96&d=identicon&r=g","caption":"ni.abdi"},"sameAs":["https:\/\/twitter.com\/Ni.abdi"],"url":"https:\/\/territorialchallenges.com\/nl\/author\/ni-abdi\/"}]}},"_links":{"self":[{"href":"https:\/\/territorialchallenges.com\/nl\/wp-json\/wp\/v2\/posts\/122701"}],"collection":[{"href":"https:\/\/territorialchallenges.com\/nl\/wp-json\/wp\/v2\/posts"}],"about":[{"href":"https:\/\/territorialchallenges.com\/nl\/wp-json\/wp\/v2\/types\/post"}],"author":[{"embeddable":true,"href":"https:\/\/territorialchallenges.com\/nl\/wp-json\/wp\/v2\/users\/11"}],"replies":[{"embeddable":true,"href":"https:\/\/territorialchallenges.com\/nl\/wp-json\/wp\/v2\/comments?post=122701"}],"version-history":[{"count":1,"href":"https:\/\/territorialchallenges.com\/nl\/wp-json\/wp\/v2\/posts\/122701\/revisions"}],"predecessor-version":[{"id":122703,"href":"https:\/\/territorialchallenges.com\/nl\/wp-json\/wp\/v2\/posts\/122701\/revisions\/122703"}],"wp:featuredmedia":[{"embeddable":true,"href":"https:\/\/territorialchallenges.com\/nl\/wp-json\/wp\/v2\/media\/122702"}],"wp:attachment":[{"href":"https:\/\/territorialchallenges.com\/nl\/wp-json\/wp\/v2\/media?parent=122701"}],"wp:term":[{"taxonomy":"category","embeddable":true,"href":"https:\/\/territorialchallenges.com\/nl\/wp-json\/wp\/v2\/categories?post=122701"},{"taxonomy":"post_tag","embeddable":true,"href":"https:\/\/territorialchallenges.com\/nl\/wp-json\/wp\/v2\/tags?post=122701"}],"curies":[{"name":"wp","href":"https:\/\/api.w.org\/{rel}","templated":true}]}}