{"id":122698,"date":"2024-05-03T15:49:36","date_gmt":"2024-05-03T13:49:36","guid":{"rendered":"https:\/\/territorialchallenges.com\/?p=122698"},"modified":"2024-05-03T15:49:37","modified_gmt":"2024-05-03T13:49:37","slug":"allemagne-dortmund-lance-to-do-dortmunds-new-work-une-reflexion-sur-lavenir-du-travail","status":"publish","type":"post","link":"https:\/\/territorialchallenges.com\/nl\/2024\/05\/03\/allemagne-dortmund-lance-to-do-dortmunds-new-work-une-reflexion-sur-lavenir-du-travail\/122698\/","title":{"rendered":"Duitsland: Dortmund lanceert &#039;to:DO Dortmund&#039;s New Work&#039;, een reflectie op de toekomst van werk"},"content":{"rendered":"<p>Dortmund, bekend om zijn industri\u00eble geschiedenis en innovatieve geest, begint aan een intensieve week van reflectie en discussie over de toekomst van werk. Met het evenement &quot;to:DO Dortmund&#039;s New Work&quot; wil de stad met 603.609 inwoners de uitdagingen van de hedendaagse arbeidswereld aangaan, van digitalisering tot... <\/p>\n<div class=\"pmpro_content_message\">Artikel alleen beschikbaar voor abonnees.<br \/><a href=\"https:\/\/territorialchallenges.com\/wp-login.php\">Login<\/a><br \/><a href=\"https:\/\/territorialchallenges.com\/nl\/wp-login.php\/?action=register\">Register<\/a><\/div>","protected":false},"excerpt":{"rendered":"<p>Dortmund, c\u00e9l\u00e8bre pour son histoire industrielle et son esprit d&rsquo;innovation, se lance dans une semaine intense de r\u00e9flexion et de discussion sur l&rsquo;avenir du travail. \u00c0 travers l&rsquo;\u00e9v\u00e9nement \u00ab\u00a0to : DO Dortmund&rsquo;s New Work\u00a0\u00bb, la ville aux 603 609 habitants, cherche \u00e0 aborder les d\u00e9fis du monde du travail contemporain, de la num\u00e9risation \u00e0 la... <\/p>\n<div class=\"pmpro_content_message\">Artikel alleen beschikbaar voor abonnees.<br \/><a href=\"https:\/\/territorialchallenges.com\/wp-login.php\">Login<\/a><br \/><a href=\"https:\/\/territorialchallenges.com\/nl\/wp-login.php\/?action=register\">Register<\/a><\/div>","protected":false},"author":11,"featured_media":122699,"comment_status":"closed","ping_status":"closed","sticky":true,"template":"","format":"standard","meta":{"pmpro_default_level":0,"footnotes":""},"categories":[120,117],"tags":[],"blocksy_meta":"","yoast_head":"<!-- This site is optimized with the Yoast SEO plugin v21.5 - https:\/\/yoast.com\/wordpress\/plugins\/seo\/ -->\n<title>Allemagne: Dortmund lance &quot;to : DO Dortmund&#039;s New Work&quot;, une r\u00e9flexion sur l&#039;avenir du travail - Territorial Challenges<\/title>\n<meta name=\"robots\" content=\"index, follow, max-snippet:-1, max-image-preview:large, max-video-preview:-1\" \/>\n<link rel=\"canonical\" href=\"https:\/\/territorialchallenges.com\/nl\/2024\/05\/03\/allemagne-dortmund-lance-to-do-dortmunds-new-work-une-reflexion-sur-lavenir-du-travail\/122698\/\" \/>\n<meta property=\"og:locale\" content=\"nl_NL\" \/>\n<meta property=\"og:type\" content=\"article\" \/>\n<meta property=\"og:title\" content=\"Allemagne: Dortmund lance &quot;to : DO Dortmund&#039;s New Work&quot;, une r\u00e9flexion sur l&#039;avenir du travail - Territorial Challenges\" \/>\n<meta property=\"og:description\" content=\"Dortmund, c\u00e9l\u00e8bre pour son histoire industrielle et son esprit d&rsquo;innovation, se lance dans une semaine intense de r\u00e9flexion et de discussion sur l&rsquo;avenir du travail. \u00c0 travers l&rsquo;\u00e9v\u00e9nement \u00ab\u00a0to : DO Dortmund&rsquo;s New Work\u00a0\u00bb, la ville aux 603 609 habitants, cherche \u00e0 aborder les d\u00e9fis du monde du travail contemporain, de la num\u00e9risation \u00e0 la [&hellip;]\" \/>\n<meta property=\"og:url\" content=\"https:\/\/territorialchallenges.com\/nl\/2024\/05\/03\/allemagne-dortmund-lance-to-do-dortmunds-new-work-une-reflexion-sur-lavenir-du-travail\/122698\/\" \/>\n<meta property=\"og:site_name\" content=\"Territorial Challenges\" \/>\n<meta property=\"article:published_time\" content=\"2024-05-03T13:49:36+00:00\" \/>\n<meta property=\"article:modified_time\" content=\"2024-05-03T13:49:37+00:00\" \/>\n<meta property=\"og:image\" content=\"https:\/\/territorialchallenges.com\/wp-content\/uploads\/2024\/05\/ilsestpasseaPhoto.jpg\" \/>\n\t<meta property=\"og:image:width\" content=\"1280\" \/>\n\t<meta property=\"og:image:height\" content=\"853\" \/>\n\t<meta property=\"og:image:type\" content=\"image\/jpeg\" \/>\n<meta name=\"author\" content=\"ni.abdi\" \/>\n<meta name=\"twitter:card\" content=\"summary_large_image\" \/>\n<meta name=\"twitter:creator\" content=\"@Ni.abdi\" \/>\n<meta name=\"twitter:label1\" content=\"Geschreven door\" \/>\n\t<meta name=\"twitter:data1\" content=\"ni.abdi\" \/>\n\t<meta name=\"twitter:label2\" content=\"Geschatte leestijd\" \/>\n\t<meta name=\"twitter:data2\" content=\"4 minuten\" \/>\n<script type=\"application\/ld+json\" class=\"yoast-schema-graph\">{\"@context\":\"https:\/\/schema.org\",\"@graph\":[{\"@type\":\"Article\",\"@id\":\"https:\/\/territorialchallenges.com\/2024\/05\/03\/allemagne-dortmund-lance-to-do-dortmunds-new-work-une-reflexion-sur-lavenir-du-travail\/122698\/#article\",\"isPartOf\":{\"@id\":\"https:\/\/territorialchallenges.com\/2024\/05\/03\/allemagne-dortmund-lance-to-do-dortmunds-new-work-une-reflexion-sur-lavenir-du-travail\/122698\/\"},\"author\":{\"name\":\"ni.abdi\",\"@id\":\"https:\/\/territorialchallenges.com\/#\/schema\/person\/098f145c7c61a021c425e010f840080f\"},\"headline\":\"Allemagne: Dortmund lance \u00ab\u00a0to : DO Dortmund&rsquo;s New Work\u00a0\u00bb, une r\u00e9flexion sur l&rsquo;avenir du travail\",\"datePublished\":\"2024-05-03T13:49:36+00:00\",\"dateModified\":\"2024-05-03T13:49:37+00:00\",\"mainEntityOfPage\":{\"@id\":\"https:\/\/territorialchallenges.com\/2024\/05\/03\/allemagne-dortmund-lance-to-do-dortmunds-new-work-une-reflexion-sur-lavenir-du-travail\/122698\/\"},\"wordCount\":711,\"publisher\":{\"@id\":\"https:\/\/territorialchallenges.com\/#organization\"},\"articleSection\":[\"Il s'est pass\u00e9 \u00e0\",\"\u00c9cosyst\u00e8me\"],\"inLanguage\":\"nl-NL\"},{\"@type\":\"WebPage\",\"@id\":\"https:\/\/territorialchallenges.com\/2024\/05\/03\/allemagne-dortmund-lance-to-do-dortmunds-new-work-une-reflexion-sur-lavenir-du-travail\/122698\/\",\"url\":\"https:\/\/territorialchallenges.com\/2024\/05\/03\/allemagne-dortmund-lance-to-do-dortmunds-new-work-une-reflexion-sur-lavenir-du-travail\/122698\/\",\"name\":\"Allemagne: Dortmund lance \\\"to : DO Dortmund's New Work\\\", une r\u00e9flexion sur l'avenir du travail - Territorial Challenges\",\"isPartOf\":{\"@id\":\"https:\/\/territorialchallenges.com\/#website\"},\"datePublished\":\"2024-05-03T13:49:36+00:00\",\"dateModified\":\"2024-05-03T13:49:37+00:00\",\"breadcrumb\":{\"@id\":\"https:\/\/territorialchallenges.com\/2024\/05\/03\/allemagne-dortmund-lance-to-do-dortmunds-new-work-une-reflexion-sur-lavenir-du-travail\/122698\/#breadcrumb\"},\"inLanguage\":\"nl-NL\",\"potentialAction\":[{\"@type\":\"ReadAction\",\"target\":[\"https:\/\/territorialchallenges.com\/2024\/05\/03\/allemagne-dortmund-lance-to-do-dortmunds-new-work-une-reflexion-sur-lavenir-du-travail\/122698\/\"]}]},{\"@type\":\"BreadcrumbList\",\"@id\":\"https:\/\/territorialchallenges.com\/2024\/05\/03\/allemagne-dortmund-lance-to-do-dortmunds-new-work-une-reflexion-sur-lavenir-du-travail\/122698\/#breadcrumb\",\"itemListElement\":[{\"@type\":\"ListItem\",\"position\":1,\"name\":\"Home\",\"item\":\"https:\/\/territorialchallenges.com\/\"},{\"@type\":\"ListItem\",\"position\":2,\"name\":\"Allemagne: Dortmund lance \u00ab\u00a0to : DO Dortmund&rsquo;s New Work\u00a0\u00bb, une r\u00e9flexion sur l&rsquo;avenir du travail\"}]},{\"@type\":\"WebSite\",\"@id\":\"https:\/\/territorialchallenges.com\/#website\",\"url\":\"https:\/\/territorialchallenges.com\/\",\"name\":\"Territorial Challenges\",\"description\":\"Veille Internationale - Strat\u00e9gie Intelligentes - Bonnes pratiques\",\"publisher\":{\"@id\":\"https:\/\/territorialchallenges.com\/#organization\"},\"potentialAction\":[{\"@type\":\"SearchAction\",\"target\":{\"@type\":\"EntryPoint\",\"urlTemplate\":\"https:\/\/territorialchallenges.com\/?s={search_term_string}\"},\"query-input\":\"required name=search_term_string\"}],\"inLanguage\":\"nl-NL\"},{\"@type\":\"Organization\",\"@id\":\"https:\/\/territorialchallenges.com\/#organization\",\"name\":\"Territorial Challenges\",\"url\":\"https:\/\/territorialchallenges.com\/\",\"logo\":{\"@type\":\"ImageObject\",\"inLanguage\":\"nl-NL\",\"@id\":\"https:\/\/territorialchallenges.com\/#\/schema\/logo\/image\/\",\"url\":\"https:\/\/territorialchallenges.com\/wp-content\/uploads\/2023\/10\/logo-1.png\",\"contentUrl\":\"https:\/\/territorialchallenges.com\/wp-content\/uploads\/2023\/10\/logo-1.png\",\"width\":1832,\"height\":576,\"caption\":\"Territorial Challenges\"},\"image\":{\"@id\":\"https:\/\/territorialchallenges.com\/#\/schema\/logo\/image\/\"}},{\"@type\":\"Person\",\"@id\":\"https:\/\/territorialchallenges.com\/#\/schema\/person\/098f145c7c61a021c425e010f840080f\",\"name\":\"ni.abdi\",\"image\":{\"@type\":\"ImageObject\",\"inLanguage\":\"nl-NL\",\"@id\":\"https:\/\/territorialchallenges.com\/#\/schema\/person\/image\/\",\"url\":\"https:\/\/secure.gravatar.com\/avatar\/2a2f2491f3c80039986ba989b1e4b510?s=96&d=identicon&r=g\",\"contentUrl\":\"https:\/\/secure.gravatar.com\/avatar\/2a2f2491f3c80039986ba989b1e4b510?s=96&d=identicon&r=g\",\"caption\":\"ni.abdi\"},\"sameAs\":[\"https:\/\/twitter.com\/Ni.abdi\"],\"url\":\"https:\/\/territorialchallenges.com\/nl\/author\/ni-abdi\/\"}]}<\/script>\n<!-- \/ Yoast SEO plugin. -->","yoast_head_json":{"title":"Allemagne: Dortmund lance \"to : DO Dortmund's New Work\", une r\u00e9flexion sur l'avenir du travail - Territorial Challenges","robots":{"index":"index","follow":"follow","max-snippet":"max-snippet:-1","max-image-preview":"max-image-preview:large","max-video-preview":"max-video-preview:-1"},"canonical":"https:\/\/territorialchallenges.com\/nl\/2024\/05\/03\/allemagne-dortmund-lance-to-do-dortmunds-new-work-une-reflexion-sur-lavenir-du-travail\/122698\/","og_locale":"nl_NL","og_type":"article","og_title":"Allemagne: Dortmund lance \"to : DO Dortmund's New Work\", une r\u00e9flexion sur l'avenir du travail - Territorial Challenges","og_description":"Dortmund, c\u00e9l\u00e8bre pour son histoire industrielle et son esprit d&rsquo;innovation, se lance dans une semaine intense de r\u00e9flexion et de discussion sur l&rsquo;avenir du travail. \u00c0 travers l&rsquo;\u00e9v\u00e9nement \u00ab\u00a0to : DO Dortmund&rsquo;s New Work\u00a0\u00bb, la ville aux 603 609 habitants, cherche \u00e0 aborder les d\u00e9fis du monde du travail contemporain, de la num\u00e9risation \u00e0 la [&hellip;]","og_url":"https:\/\/territorialchallenges.com\/nl\/2024\/05\/03\/allemagne-dortmund-lance-to-do-dortmunds-new-work-une-reflexion-sur-lavenir-du-travail\/122698\/","og_site_name":"Territorial Challenges","article_published_time":"2024-05-03T13:49:36+00:00","article_modified_time":"2024-05-03T13:49:37+00:00","og_image":[{"width":1280,"height":853,"url":"https:\/\/territorialchallenges.com\/wp-content\/uploads\/2024\/05\/ilsestpasseaPhoto.jpg","type":"image\/jpeg"}],"author":"ni.abdi","twitter_card":"summary_large_image","twitter_creator":"@Ni.abdi","twitter_misc":{"Geschreven door":"ni.abdi","Geschatte leestijd":"4 minuten"},"schema":{"@context":"https:\/\/schema.org","@graph":[{"@type":"Article","@id":"https:\/\/territorialchallenges.com\/2024\/05\/03\/allemagne-dortmund-lance-to-do-dortmunds-new-work-une-reflexion-sur-lavenir-du-travail\/122698\/#article","isPartOf":{"@id":"https:\/\/territorialchallenges.com\/2024\/05\/03\/allemagne-dortmund-lance-to-do-dortmunds-new-work-une-reflexion-sur-lavenir-du-travail\/122698\/"},"author":{"name":"ni.abdi","@id":"https:\/\/territorialchallenges.com\/#\/schema\/person\/098f145c7c61a021c425e010f840080f"},"headline":"Allemagne: Dortmund lance \u00ab\u00a0to : DO Dortmund&rsquo;s New Work\u00a0\u00bb, une r\u00e9flexion sur l&rsquo;avenir du travail","datePublished":"2024-05-03T13:49:36+00:00","dateModified":"2024-05-03T13:49:37+00:00","mainEntityOfPage":{"@id":"https:\/\/territorialchallenges.com\/2024\/05\/03\/allemagne-dortmund-lance-to-do-dortmunds-new-work-une-reflexion-sur-lavenir-du-travail\/122698\/"},"wordCount":711,"publisher":{"@id":"https:\/\/territorialchallenges.com\/#organization"},"articleSection":["Il s'est pass\u00e9 \u00e0","\u00c9cosyst\u00e8me"],"inLanguage":"nl-NL"},{"@type":"WebPage","@id":"https:\/\/territorialchallenges.com\/2024\/05\/03\/allemagne-dortmund-lance-to-do-dortmunds-new-work-une-reflexion-sur-lavenir-du-travail\/122698\/","url":"https:\/\/territorialchallenges.com\/2024\/05\/03\/allemagne-dortmund-lance-to-do-dortmunds-new-work-une-reflexion-sur-lavenir-du-travail\/122698\/","name":"Allemagne: Dortmund lance \"to : DO Dortmund's New Work\", une r\u00e9flexion sur l'avenir du travail - Territorial Challenges","isPartOf":{"@id":"https:\/\/territorialchallenges.com\/#website"},"datePublished":"2024-05-03T13:49:36+00:00","dateModified":"2024-05-03T13:49:37+00:00","breadcrumb":{"@id":"https:\/\/territorialchallenges.com\/2024\/05\/03\/allemagne-dortmund-lance-to-do-dortmunds-new-work-une-reflexion-sur-lavenir-du-travail\/122698\/#breadcrumb"},"inLanguage":"nl-NL","potentialAction":[{"@type":"ReadAction","target":["https:\/\/territorialchallenges.com\/2024\/05\/03\/allemagne-dortmund-lance-to-do-dortmunds-new-work-une-reflexion-sur-lavenir-du-travail\/122698\/"]}]},{"@type":"BreadcrumbList","@id":"https:\/\/territorialchallenges.com\/2024\/05\/03\/allemagne-dortmund-lance-to-do-dortmunds-new-work-une-reflexion-sur-lavenir-du-travail\/122698\/#breadcrumb","itemListElement":[{"@type":"ListItem","position":1,"name":"Home","item":"https:\/\/territorialchallenges.com\/"},{"@type":"ListItem","position":2,"name":"Allemagne: Dortmund lance \u00ab\u00a0to : DO Dortmund&rsquo;s New Work\u00a0\u00bb, une r\u00e9flexion sur l&rsquo;avenir du travail"}]},{"@type":"WebSite","@id":"https:\/\/territorialchallenges.com\/#website","url":"https:\/\/territorialchallenges.com\/","name":"Territoriale uitdagingen","description":"Internationale monitoring - Slimme strategie\u00ebn - Beste praktijken","publisher":{"@id":"https:\/\/territorialchallenges.com\/#organization"},"potentialAction":[{"@type":"SearchAction","target":{"@type":"EntryPoint","urlTemplate":"https:\/\/territorialchallenges.com\/?s={search_term_string}"},"query-input":"required name=search_term_string"}],"inLanguage":"nl-NL"},{"@type":"Organization","@id":"https:\/\/territorialchallenges.com\/#organization","name":"Territoriale uitdagingen","url":"https:\/\/territorialchallenges.com\/","logo":{"@type":"ImageObject","inLanguage":"nl-NL","@id":"https:\/\/territorialchallenges.com\/#\/schema\/logo\/image\/","url":"https:\/\/territorialchallenges.com\/wp-content\/uploads\/2023\/10\/logo-1.png","contentUrl":"https:\/\/territorialchallenges.com\/wp-content\/uploads\/2023\/10\/logo-1.png","width":1832,"height":576,"caption":"Territorial Challenges"},"image":{"@id":"https:\/\/territorialchallenges.com\/#\/schema\/logo\/image\/"}},{"@type":"Person","@id":"https:\/\/territorialchallenges.com\/#\/schema\/person\/098f145c7c61a021c425e010f840080f","name":"ni.abdi","image":{"@type":"ImageObject","inLanguage":"nl-NL","@id":"https:\/\/territorialchallenges.com\/#\/schema\/person\/image\/","url":"https:\/\/secure.gravatar.com\/avatar\/2a2f2491f3c80039986ba989b1e4b510?s=96&d=identicon&r=g","contentUrl":"https:\/\/secure.gravatar.com\/avatar\/2a2f2491f3c80039986ba989b1e4b510?s=96&d=identicon&r=g","caption":"ni.abdi"},"sameAs":["https:\/\/twitter.com\/Ni.abdi"],"url":"https:\/\/territorialchallenges.com\/nl\/author\/ni-abdi\/"}]}},"_links":{"self":[{"href":"https:\/\/territorialchallenges.com\/nl\/wp-json\/wp\/v2\/posts\/122698"}],"collection":[{"href":"https:\/\/territorialchallenges.com\/nl\/wp-json\/wp\/v2\/posts"}],"about":[{"href":"https:\/\/territorialchallenges.com\/nl\/wp-json\/wp\/v2\/types\/post"}],"author":[{"embeddable":true,"href":"https:\/\/territorialchallenges.com\/nl\/wp-json\/wp\/v2\/users\/11"}],"replies":[{"embeddable":true,"href":"https:\/\/territorialchallenges.com\/nl\/wp-json\/wp\/v2\/comments?post=122698"}],"version-history":[{"count":1,"href":"https:\/\/territorialchallenges.com\/nl\/wp-json\/wp\/v2\/posts\/122698\/revisions"}],"predecessor-version":[{"id":122700,"href":"https:\/\/territorialchallenges.com\/nl\/wp-json\/wp\/v2\/posts\/122698\/revisions\/122700"}],"wp:featuredmedia":[{"embeddable":true,"href":"https:\/\/territorialchallenges.com\/nl\/wp-json\/wp\/v2\/media\/122699"}],"wp:attachment":[{"href":"https:\/\/territorialchallenges.com\/nl\/wp-json\/wp\/v2\/media?parent=122698"}],"wp:term":[{"taxonomy":"category","embeddable":true,"href":"https:\/\/territorialchallenges.com\/nl\/wp-json\/wp\/v2\/categories?post=122698"},{"taxonomy":"post_tag","embeddable":true,"href":"https:\/\/territorialchallenges.com\/nl\/wp-json\/wp\/v2\/tags?post=122698"}],"curies":[{"name":"wp","href":"https:\/\/api.w.org\/{rel}","templated":true}]}}