{"id":122692,"date":"2024-05-03T15:35:00","date_gmt":"2024-05-03T13:35:00","guid":{"rendered":"https:\/\/territorialchallenges.com\/?p=122692"},"modified":"2024-05-03T15:35:01","modified_gmt":"2024-05-03T13:35:01","slug":"lintelligence-artificielle-au-coeur-de-la-transformation-energetique-un-recapitulatif-du-26e-congres-mondial-de-lenergie","status":"publish","type":"post","link":"https:\/\/territorialchallenges.com\/nl\/2024\/05\/03\/lintelligence-artificielle-au-coeur-de-la-transformation-energetique-un-recapitulatif-du-26e-congres-mondial-de-lenergie\/122692\/","title":{"rendered":"Kunstmatige intelligentie als kern van de energietransitie: een samenvatting van het 26e Wereldenergiecongres"},"content":{"rendered":"<p>Tijdens het recente 26e Wereldenergiecongres in Rotterdam, dat van 22 tot en met 25 april plaatsvond, kwam kunstmatige intelligentie (AI) naar voren als een cruciaal element in de discussie over transformatieve technologie\u00ebn voor de energietoekomst. Experts van over de hele wereld benadrukten het belang van samenwerking en implementatie\u2026 <\/p>\n<div class=\"pmpro_content_message\">Artikel alleen beschikbaar voor abonnees.<br \/><a href=\"https:\/\/territorialchallenges.com\/wp-login.php\">Login<\/a><br \/><a href=\"https:\/\/territorialchallenges.com\/nl\/wp-login.php\/?action=register\">Register<\/a><\/div>","protected":false},"excerpt":{"rendered":"<p>Lors du r\u00e9cent 26e Congr\u00e8s Mondial de l\u2019\u00c9nergie \u00e0 Rotterdam, qui s&rsquo;est tenu entre le 22 et le 25 avril, l&rsquo;intelligence artificielle (IA) s&rsquo;est affirm\u00e9e comme un \u00e9l\u00e9ment crucial dans la discussion sur les technologies transformatrices pour l&rsquo;avenir \u00e9nerg\u00e9tique. Des experts du monde entier ont mis en avant l&rsquo;importance de la collaboration et de l&rsquo;adoption... <\/p>\n<div class=\"pmpro_content_message\">Artikel alleen beschikbaar voor abonnees.<br \/><a href=\"https:\/\/territorialchallenges.com\/wp-login.php\">Login<\/a><br \/><a href=\"https:\/\/territorialchallenges.com\/nl\/wp-login.php\/?action=register\">Register<\/a><\/div>","protected":false},"author":11,"featured_media":122693,"comment_status":"closed","ping_status":"closed","sticky":true,"template":"","format":"standard","meta":{"pmpro_default_level":0,"footnotes":""},"categories":[18,127],"tags":[],"blocksy_meta":"","yoast_head":"<!-- This site is optimized with the Yoast SEO plugin v21.5 - https:\/\/yoast.com\/wordpress\/plugins\/seo\/ -->\n<title>L\u2019intelligence artificielle au c\u0153ur de la transformation \u00e9nerg\u00e9tique : un r\u00e9capitulatif du 26e Congr\u00e8s Mondial de l\u2019\u00c9nergie - Territorial Challenges<\/title>\n<meta name=\"robots\" content=\"index, follow, max-snippet:-1, max-image-preview:large, max-video-preview:-1\" \/>\n<link rel=\"canonical\" href=\"https:\/\/territorialchallenges.com\/nl\/2024\/05\/03\/lintelligence-artificielle-au-coeur-de-la-transformation-energetique-un-recapitulatif-du-26e-congres-mondial-de-lenergie\/122692\/\" \/>\n<meta property=\"og:locale\" content=\"nl_NL\" \/>\n<meta property=\"og:type\" content=\"article\" \/>\n<meta property=\"og:title\" content=\"L\u2019intelligence artificielle au c\u0153ur de la transformation \u00e9nerg\u00e9tique : un r\u00e9capitulatif du 26e Congr\u00e8s Mondial de l\u2019\u00c9nergie - Territorial Challenges\" \/>\n<meta property=\"og:description\" content=\"Lors du r\u00e9cent 26e Congr\u00e8s Mondial de l\u2019\u00c9nergie \u00e0 Rotterdam, qui s&rsquo;est tenu entre le 22 et le 25 avril, l&rsquo;intelligence artificielle (IA) s&rsquo;est affirm\u00e9e comme un \u00e9l\u00e9ment crucial dans la discussion sur les technologies transformatrices pour l&rsquo;avenir \u00e9nerg\u00e9tique. Des experts du monde entier ont mis en avant l&rsquo;importance de la collaboration et de l&rsquo;adoption [&hellip;]\" \/>\n<meta property=\"og:url\" content=\"https:\/\/territorialchallenges.com\/nl\/2024\/05\/03\/lintelligence-artificielle-au-coeur-de-la-transformation-energetique-un-recapitulatif-du-26e-congres-mondial-de-lenergie\/122692\/\" \/>\n<meta property=\"og:site_name\" content=\"Territorial Challenges\" \/>\n<meta property=\"article:published_time\" content=\"2024-05-03T13:35:00+00:00\" \/>\n<meta property=\"article:modified_time\" content=\"2024-05-03T13:35:01+00:00\" \/>\n<meta property=\"og:image\" content=\"https:\/\/territorialchallenges.com\/wp-content\/uploads\/2024\/05\/transitionenergetiquePhoto.jpg\" \/>\n\t<meta property=\"og:image:width\" content=\"1280\" \/>\n\t<meta property=\"og:image:height\" content=\"853\" \/>\n\t<meta property=\"og:image:type\" content=\"image\/jpeg\" \/>\n<meta name=\"author\" content=\"ni.abdi\" \/>\n<meta name=\"twitter:card\" content=\"summary_large_image\" \/>\n<meta name=\"twitter:creator\" content=\"@Ni.abdi\" \/>\n<meta name=\"twitter:label1\" content=\"Geschreven door\" \/>\n\t<meta name=\"twitter:data1\" content=\"ni.abdi\" \/>\n\t<meta name=\"twitter:label2\" content=\"Geschatte leestijd\" \/>\n\t<meta name=\"twitter:data2\" content=\"3 minuten\" \/>\n<script type=\"application\/ld+json\" class=\"yoast-schema-graph\">{\"@context\":\"https:\/\/schema.org\",\"@graph\":[{\"@type\":\"Article\",\"@id\":\"https:\/\/territorialchallenges.com\/2024\/05\/03\/lintelligence-artificielle-au-coeur-de-la-transformation-energetique-un-recapitulatif-du-26e-congres-mondial-de-lenergie\/122692\/#article\",\"isPartOf\":{\"@id\":\"https:\/\/territorialchallenges.com\/2024\/05\/03\/lintelligence-artificielle-au-coeur-de-la-transformation-energetique-un-recapitulatif-du-26e-congres-mondial-de-lenergie\/122692\/\"},\"author\":{\"name\":\"ni.abdi\",\"@id\":\"https:\/\/territorialchallenges.com\/#\/schema\/person\/098f145c7c61a021c425e010f840080f\"},\"headline\":\"L\u2019intelligence artificielle au c\u0153ur de la transformation \u00e9nerg\u00e9tique : un r\u00e9capitulatif du 26e Congr\u00e8s Mondial de l\u2019\u00c9nergie\",\"datePublished\":\"2024-05-03T13:35:00+00:00\",\"dateModified\":\"2024-05-03T13:35:01+00:00\",\"mainEntityOfPage\":{\"@id\":\"https:\/\/territorialchallenges.com\/2024\/05\/03\/lintelligence-artificielle-au-coeur-de-la-transformation-energetique-un-recapitulatif-du-26e-congres-mondial-de-lenergie\/122692\/\"},\"wordCount\":549,\"publisher\":{\"@id\":\"https:\/\/territorialchallenges.com\/#organization\"},\"articleSection\":[\"Transition \u00c9nerg\u00e9tique\",\"Actualit\u00e9 Europe\"],\"inLanguage\":\"nl-NL\"},{\"@type\":\"WebPage\",\"@id\":\"https:\/\/territorialchallenges.com\/2024\/05\/03\/lintelligence-artificielle-au-coeur-de-la-transformation-energetique-un-recapitulatif-du-26e-congres-mondial-de-lenergie\/122692\/\",\"url\":\"https:\/\/territorialchallenges.com\/2024\/05\/03\/lintelligence-artificielle-au-coeur-de-la-transformation-energetique-un-recapitulatif-du-26e-congres-mondial-de-lenergie\/122692\/\",\"name\":\"L\u2019intelligence artificielle au c\u0153ur de la transformation \u00e9nerg\u00e9tique : un r\u00e9capitulatif du 26e Congr\u00e8s Mondial de l\u2019\u00c9nergie - Territorial Challenges\",\"isPartOf\":{\"@id\":\"https:\/\/territorialchallenges.com\/#website\"},\"datePublished\":\"2024-05-03T13:35:00+00:00\",\"dateModified\":\"2024-05-03T13:35:01+00:00\",\"breadcrumb\":{\"@id\":\"https:\/\/territorialchallenges.com\/2024\/05\/03\/lintelligence-artificielle-au-coeur-de-la-transformation-energetique-un-recapitulatif-du-26e-congres-mondial-de-lenergie\/122692\/#breadcrumb\"},\"inLanguage\":\"nl-NL\",\"potentialAction\":[{\"@type\":\"ReadAction\",\"target\":[\"https:\/\/territorialchallenges.com\/2024\/05\/03\/lintelligence-artificielle-au-coeur-de-la-transformation-energetique-un-recapitulatif-du-26e-congres-mondial-de-lenergie\/122692\/\"]}]},{\"@type\":\"BreadcrumbList\",\"@id\":\"https:\/\/territorialchallenges.com\/2024\/05\/03\/lintelligence-artificielle-au-coeur-de-la-transformation-energetique-un-recapitulatif-du-26e-congres-mondial-de-lenergie\/122692\/#breadcrumb\",\"itemListElement\":[{\"@type\":\"ListItem\",\"position\":1,\"name\":\"Home\",\"item\":\"https:\/\/territorialchallenges.com\/\"},{\"@type\":\"ListItem\",\"position\":2,\"name\":\"L\u2019intelligence artificielle au c\u0153ur de la transformation \u00e9nerg\u00e9tique : un r\u00e9capitulatif du 26e Congr\u00e8s Mondial de l\u2019\u00c9nergie\"}]},{\"@type\":\"WebSite\",\"@id\":\"https:\/\/territorialchallenges.com\/#website\",\"url\":\"https:\/\/territorialchallenges.com\/\",\"name\":\"Territorial Challenges\",\"description\":\"Veille Internationale - Strat\u00e9gie Intelligentes - Bonnes pratiques\",\"publisher\":{\"@id\":\"https:\/\/territorialchallenges.com\/#organization\"},\"potentialAction\":[{\"@type\":\"SearchAction\",\"target\":{\"@type\":\"EntryPoint\",\"urlTemplate\":\"https:\/\/territorialchallenges.com\/?s={search_term_string}\"},\"query-input\":\"required name=search_term_string\"}],\"inLanguage\":\"nl-NL\"},{\"@type\":\"Organization\",\"@id\":\"https:\/\/territorialchallenges.com\/#organization\",\"name\":\"Territorial Challenges\",\"url\":\"https:\/\/territorialchallenges.com\/\",\"logo\":{\"@type\":\"ImageObject\",\"inLanguage\":\"nl-NL\",\"@id\":\"https:\/\/territorialchallenges.com\/#\/schema\/logo\/image\/\",\"url\":\"https:\/\/territorialchallenges.com\/wp-content\/uploads\/2023\/10\/logo-1.png\",\"contentUrl\":\"https:\/\/territorialchallenges.com\/wp-content\/uploads\/2023\/10\/logo-1.png\",\"width\":1832,\"height\":576,\"caption\":\"Territorial Challenges\"},\"image\":{\"@id\":\"https:\/\/territorialchallenges.com\/#\/schema\/logo\/image\/\"}},{\"@type\":\"Person\",\"@id\":\"https:\/\/territorialchallenges.com\/#\/schema\/person\/098f145c7c61a021c425e010f840080f\",\"name\":\"ni.abdi\",\"image\":{\"@type\":\"ImageObject\",\"inLanguage\":\"nl-NL\",\"@id\":\"https:\/\/territorialchallenges.com\/#\/schema\/person\/image\/\",\"url\":\"https:\/\/secure.gravatar.com\/avatar\/2a2f2491f3c80039986ba989b1e4b510?s=96&d=identicon&r=g\",\"contentUrl\":\"https:\/\/secure.gravatar.com\/avatar\/2a2f2491f3c80039986ba989b1e4b510?s=96&d=identicon&r=g\",\"caption\":\"ni.abdi\"},\"sameAs\":[\"https:\/\/twitter.com\/Ni.abdi\"],\"url\":\"https:\/\/territorialchallenges.com\/nl\/author\/ni-abdi\/\"}]}<\/script>\n<!-- \/ Yoast SEO plugin. -->","yoast_head_json":{"title":"L\u2019intelligence artificielle au c\u0153ur de la transformation \u00e9nerg\u00e9tique : un r\u00e9capitulatif du 26e Congr\u00e8s Mondial de l\u2019\u00c9nergie - Territorial Challenges","robots":{"index":"index","follow":"follow","max-snippet":"max-snippet:-1","max-image-preview":"max-image-preview:large","max-video-preview":"max-video-preview:-1"},"canonical":"https:\/\/territorialchallenges.com\/nl\/2024\/05\/03\/lintelligence-artificielle-au-coeur-de-la-transformation-energetique-un-recapitulatif-du-26e-congres-mondial-de-lenergie\/122692\/","og_locale":"nl_NL","og_type":"article","og_title":"L\u2019intelligence artificielle au c\u0153ur de la transformation \u00e9nerg\u00e9tique : un r\u00e9capitulatif du 26e Congr\u00e8s Mondial de l\u2019\u00c9nergie - Territorial Challenges","og_description":"Lors du r\u00e9cent 26e Congr\u00e8s Mondial de l\u2019\u00c9nergie \u00e0 Rotterdam, qui s&rsquo;est tenu entre le 22 et le 25 avril, l&rsquo;intelligence artificielle (IA) s&rsquo;est affirm\u00e9e comme un \u00e9l\u00e9ment crucial dans la discussion sur les technologies transformatrices pour l&rsquo;avenir \u00e9nerg\u00e9tique. Des experts du monde entier ont mis en avant l&rsquo;importance de la collaboration et de l&rsquo;adoption [&hellip;]","og_url":"https:\/\/territorialchallenges.com\/nl\/2024\/05\/03\/lintelligence-artificielle-au-coeur-de-la-transformation-energetique-un-recapitulatif-du-26e-congres-mondial-de-lenergie\/122692\/","og_site_name":"Territorial Challenges","article_published_time":"2024-05-03T13:35:00+00:00","article_modified_time":"2024-05-03T13:35:01+00:00","og_image":[{"width":1280,"height":853,"url":"https:\/\/territorialchallenges.com\/wp-content\/uploads\/2024\/05\/transitionenergetiquePhoto.jpg","type":"image\/jpeg"}],"author":"ni.abdi","twitter_card":"summary_large_image","twitter_creator":"@Ni.abdi","twitter_misc":{"Geschreven door":"ni.abdi","Geschatte leestijd":"3 minuten"},"schema":{"@context":"https:\/\/schema.org","@graph":[{"@type":"Article","@id":"https:\/\/territorialchallenges.com\/2024\/05\/03\/lintelligence-artificielle-au-coeur-de-la-transformation-energetique-un-recapitulatif-du-26e-congres-mondial-de-lenergie\/122692\/#article","isPartOf":{"@id":"https:\/\/territorialchallenges.com\/2024\/05\/03\/lintelligence-artificielle-au-coeur-de-la-transformation-energetique-un-recapitulatif-du-26e-congres-mondial-de-lenergie\/122692\/"},"author":{"name":"ni.abdi","@id":"https:\/\/territorialchallenges.com\/#\/schema\/person\/098f145c7c61a021c425e010f840080f"},"headline":"L\u2019intelligence artificielle au c\u0153ur de la transformation \u00e9nerg\u00e9tique : un r\u00e9capitulatif du 26e Congr\u00e8s Mondial de l\u2019\u00c9nergie","datePublished":"2024-05-03T13:35:00+00:00","dateModified":"2024-05-03T13:35:01+00:00","mainEntityOfPage":{"@id":"https:\/\/territorialchallenges.com\/2024\/05\/03\/lintelligence-artificielle-au-coeur-de-la-transformation-energetique-un-recapitulatif-du-26e-congres-mondial-de-lenergie\/122692\/"},"wordCount":549,"publisher":{"@id":"https:\/\/territorialchallenges.com\/#organization"},"articleSection":["Transition \u00c9nerg\u00e9tique","Actualit\u00e9 Europe"],"inLanguage":"nl-NL"},{"@type":"WebPage","@id":"https:\/\/territorialchallenges.com\/2024\/05\/03\/lintelligence-artificielle-au-coeur-de-la-transformation-energetique-un-recapitulatif-du-26e-congres-mondial-de-lenergie\/122692\/","url":"https:\/\/territorialchallenges.com\/2024\/05\/03\/lintelligence-artificielle-au-coeur-de-la-transformation-energetique-un-recapitulatif-du-26e-congres-mondial-de-lenergie\/122692\/","name":"L\u2019intelligence artificielle au c\u0153ur de la transformation \u00e9nerg\u00e9tique : un r\u00e9capitulatif du 26e Congr\u00e8s Mondial de l\u2019\u00c9nergie - Territorial Challenges","isPartOf":{"@id":"https:\/\/territorialchallenges.com\/#website"},"datePublished":"2024-05-03T13:35:00+00:00","dateModified":"2024-05-03T13:35:01+00:00","breadcrumb":{"@id":"https:\/\/territorialchallenges.com\/2024\/05\/03\/lintelligence-artificielle-au-coeur-de-la-transformation-energetique-un-recapitulatif-du-26e-congres-mondial-de-lenergie\/122692\/#breadcrumb"},"inLanguage":"nl-NL","potentialAction":[{"@type":"ReadAction","target":["https:\/\/territorialchallenges.com\/2024\/05\/03\/lintelligence-artificielle-au-coeur-de-la-transformation-energetique-un-recapitulatif-du-26e-congres-mondial-de-lenergie\/122692\/"]}]},{"@type":"BreadcrumbList","@id":"https:\/\/territorialchallenges.com\/2024\/05\/03\/lintelligence-artificielle-au-coeur-de-la-transformation-energetique-un-recapitulatif-du-26e-congres-mondial-de-lenergie\/122692\/#breadcrumb","itemListElement":[{"@type":"ListItem","position":1,"name":"Home","item":"https:\/\/territorialchallenges.com\/"},{"@type":"ListItem","position":2,"name":"L\u2019intelligence artificielle au c\u0153ur de la transformation \u00e9nerg\u00e9tique : un r\u00e9capitulatif du 26e Congr\u00e8s Mondial de l\u2019\u00c9nergie"}]},{"@type":"WebSite","@id":"https:\/\/territorialchallenges.com\/#website","url":"https:\/\/territorialchallenges.com\/","name":"Territoriale uitdagingen","description":"Internationale monitoring - Slimme strategie\u00ebn - Beste praktijken","publisher":{"@id":"https:\/\/territorialchallenges.com\/#organization"},"potentialAction":[{"@type":"SearchAction","target":{"@type":"EntryPoint","urlTemplate":"https:\/\/territorialchallenges.com\/?s={search_term_string}"},"query-input":"required name=search_term_string"}],"inLanguage":"nl-NL"},{"@type":"Organization","@id":"https:\/\/territorialchallenges.com\/#organization","name":"Territoriale uitdagingen","url":"https:\/\/territorialchallenges.com\/","logo":{"@type":"ImageObject","inLanguage":"nl-NL","@id":"https:\/\/territorialchallenges.com\/#\/schema\/logo\/image\/","url":"https:\/\/territorialchallenges.com\/wp-content\/uploads\/2023\/10\/logo-1.png","contentUrl":"https:\/\/territorialchallenges.com\/wp-content\/uploads\/2023\/10\/logo-1.png","width":1832,"height":576,"caption":"Territorial Challenges"},"image":{"@id":"https:\/\/territorialchallenges.com\/#\/schema\/logo\/image\/"}},{"@type":"Person","@id":"https:\/\/territorialchallenges.com\/#\/schema\/person\/098f145c7c61a021c425e010f840080f","name":"ni.abdi","image":{"@type":"ImageObject","inLanguage":"nl-NL","@id":"https:\/\/territorialchallenges.com\/#\/schema\/person\/image\/","url":"https:\/\/secure.gravatar.com\/avatar\/2a2f2491f3c80039986ba989b1e4b510?s=96&d=identicon&r=g","contentUrl":"https:\/\/secure.gravatar.com\/avatar\/2a2f2491f3c80039986ba989b1e4b510?s=96&d=identicon&r=g","caption":"ni.abdi"},"sameAs":["https:\/\/twitter.com\/Ni.abdi"],"url":"https:\/\/territorialchallenges.com\/nl\/author\/ni-abdi\/"}]}},"_links":{"self":[{"href":"https:\/\/territorialchallenges.com\/nl\/wp-json\/wp\/v2\/posts\/122692"}],"collection":[{"href":"https:\/\/territorialchallenges.com\/nl\/wp-json\/wp\/v2\/posts"}],"about":[{"href":"https:\/\/territorialchallenges.com\/nl\/wp-json\/wp\/v2\/types\/post"}],"author":[{"embeddable":true,"href":"https:\/\/territorialchallenges.com\/nl\/wp-json\/wp\/v2\/users\/11"}],"replies":[{"embeddable":true,"href":"https:\/\/territorialchallenges.com\/nl\/wp-json\/wp\/v2\/comments?post=122692"}],"version-history":[{"count":1,"href":"https:\/\/territorialchallenges.com\/nl\/wp-json\/wp\/v2\/posts\/122692\/revisions"}],"predecessor-version":[{"id":122694,"href":"https:\/\/territorialchallenges.com\/nl\/wp-json\/wp\/v2\/posts\/122692\/revisions\/122694"}],"wp:featuredmedia":[{"embeddable":true,"href":"https:\/\/territorialchallenges.com\/nl\/wp-json\/wp\/v2\/media\/122693"}],"wp:attachment":[{"href":"https:\/\/territorialchallenges.com\/nl\/wp-json\/wp\/v2\/media?parent=122692"}],"wp:term":[{"taxonomy":"category","embeddable":true,"href":"https:\/\/territorialchallenges.com\/nl\/wp-json\/wp\/v2\/categories?post=122692"},{"taxonomy":"post_tag","embeddable":true,"href":"https:\/\/territorialchallenges.com\/nl\/wp-json\/wp\/v2\/tags?post=122692"}],"curies":[{"name":"wp","href":"https:\/\/api.w.org\/{rel}","templated":true}]}}