{"id":122530,"date":"2024-04-01T17:55:43","date_gmt":"2024-04-01T15:55:43","guid":{"rendered":"https:\/\/territorialchallenges.com\/?p=122530"},"modified":"2024-04-01T17:55:45","modified_gmt":"2024-04-01T15:55:45","slug":"horizon-europe-2025-2027-le-chemin-vers-une-transition-energetique-durable","status":"publish","type":"post","link":"https:\/\/territorialchallenges.com\/nl\/2024\/04\/01\/horizon-europe-2025-2027-le-chemin-vers-une-transition-energetique-durable\/122530\/","title":{"rendered":"Horizon Europa 2025-2027: de weg naar een duurzame energietransitie"},"content":{"rendered":"<p>Horizon Europa presenteert zijn strategisch plan voor 2025-2027, met een ambitieuze visie voor een duurzame energie- en klimaattransitie. Het plan, gericht op de Europese Green Deal, beoogt de veerkracht van de EU te versterken en tegelijkertijd het concurrentievermogen en de creatie van hoogwaardige groene banen te bevorderen. Hier is een overzicht van\u2026 <\/p>\n<div class=\"pmpro_content_message\">Artikel alleen beschikbaar voor abonnees.<br \/><a href=\"https:\/\/territorialchallenges.com\/wp-login.php\">Login<\/a><br \/><a href=\"https:\/\/territorialchallenges.com\/nl\/wp-login.php\/?action=register\">Register<\/a><\/div>","protected":false},"excerpt":{"rendered":"<p>Horizon Europe d\u00e9voile son plan strat\u00e9gique pour les ann\u00e9es 2025-2027, mettant en avant une vision ambitieuse pour une transition \u00e9nerg\u00e9tique et climatique durable. Ax\u00e9 sur le Pacte Vert pour l&rsquo;Europe, ce plan vise \u00e0 renforcer la r\u00e9silience de l&rsquo;UE tout en favorisant une comp\u00e9titivit\u00e9 accrue et des emplois verts de qualit\u00e9. Voici un aper\u00e7u des... <\/p>\n<div class=\"pmpro_content_message\">Artikel alleen beschikbaar voor abonnees.<br \/><a href=\"https:\/\/territorialchallenges.com\/wp-login.php\">Login<\/a><br \/><a href=\"https:\/\/territorialchallenges.com\/nl\/wp-login.php\/?action=register\">Register<\/a><\/div>","protected":false},"author":11,"featured_media":122531,"comment_status":"closed","ping_status":"closed","sticky":true,"template":"","format":"standard","meta":{"pmpro_default_level":0,"footnotes":""},"categories":[18,127],"tags":[],"blocksy_meta":"","yoast_head":"<!-- This site is optimized with the Yoast SEO plugin v21.5 - https:\/\/yoast.com\/wordpress\/plugins\/seo\/ -->\n<title>Horizon Europe 2025-2027 : le chemin vers une transition \u00e9nerg\u00e9tique durable - Territorial Challenges<\/title>\n<meta name=\"robots\" content=\"index, follow, max-snippet:-1, max-image-preview:large, max-video-preview:-1\" \/>\n<link rel=\"canonical\" href=\"https:\/\/territorialchallenges.com\/nl\/2024\/04\/01\/horizon-europe-2025-2027-le-chemin-vers-une-transition-energetique-durable\/122530\/\" \/>\n<meta property=\"og:locale\" content=\"nl_NL\" \/>\n<meta property=\"og:type\" content=\"article\" \/>\n<meta property=\"og:title\" content=\"Horizon Europe 2025-2027 : le chemin vers une transition \u00e9nerg\u00e9tique durable - Territorial Challenges\" \/>\n<meta property=\"og:description\" content=\"Horizon Europe d\u00e9voile son plan strat\u00e9gique pour les ann\u00e9es 2025-2027, mettant en avant une vision ambitieuse pour une transition \u00e9nerg\u00e9tique et climatique durable. Ax\u00e9 sur le Pacte Vert pour l&rsquo;Europe, ce plan vise \u00e0 renforcer la r\u00e9silience de l&rsquo;UE tout en favorisant une comp\u00e9titivit\u00e9 accrue et des emplois verts de qualit\u00e9. Voici un aper\u00e7u des [&hellip;]\" \/>\n<meta property=\"og:url\" content=\"https:\/\/territorialchallenges.com\/nl\/2024\/04\/01\/horizon-europe-2025-2027-le-chemin-vers-une-transition-energetique-durable\/122530\/\" \/>\n<meta property=\"og:site_name\" content=\"Territorial Challenges\" \/>\n<meta property=\"article:published_time\" content=\"2024-04-01T15:55:43+00:00\" \/>\n<meta property=\"article:modified_time\" content=\"2024-04-01T15:55:45+00:00\" \/>\n<meta property=\"og:image\" content=\"https:\/\/territorialchallenges.com\/wp-content\/uploads\/2024\/04\/transitionenergetiqueEuropePhoto.jpg\" \/>\n\t<meta property=\"og:image:width\" content=\"1280\" \/>\n\t<meta property=\"og:image:height\" content=\"853\" \/>\n\t<meta property=\"og:image:type\" content=\"image\/jpeg\" \/>\n<meta name=\"author\" content=\"ni.abdi\" \/>\n<meta name=\"twitter:card\" content=\"summary_large_image\" \/>\n<meta name=\"twitter:creator\" content=\"@Ni.abdi\" \/>\n<meta name=\"twitter:label1\" content=\"Geschreven door\" \/>\n\t<meta name=\"twitter:data1\" content=\"ni.abdi\" \/>\n\t<meta name=\"twitter:label2\" content=\"Geschatte leestijd\" \/>\n\t<meta name=\"twitter:data2\" content=\"3 minuten\" \/>\n<script type=\"application\/ld+json\" class=\"yoast-schema-graph\">{\"@context\":\"https:\/\/schema.org\",\"@graph\":[{\"@type\":\"Article\",\"@id\":\"https:\/\/territorialchallenges.com\/2024\/04\/01\/horizon-europe-2025-2027-le-chemin-vers-une-transition-energetique-durable\/122530\/#article\",\"isPartOf\":{\"@id\":\"https:\/\/territorialchallenges.com\/2024\/04\/01\/horizon-europe-2025-2027-le-chemin-vers-une-transition-energetique-durable\/122530\/\"},\"author\":{\"name\":\"ni.abdi\",\"@id\":\"https:\/\/territorialchallenges.com\/#\/schema\/person\/098f145c7c61a021c425e010f840080f\"},\"headline\":\"Horizon Europe 2025-2027 : le chemin vers une transition \u00e9nerg\u00e9tique durable\",\"datePublished\":\"2024-04-01T15:55:43+00:00\",\"dateModified\":\"2024-04-01T15:55:45+00:00\",\"mainEntityOfPage\":{\"@id\":\"https:\/\/territorialchallenges.com\/2024\/04\/01\/horizon-europe-2025-2027-le-chemin-vers-une-transition-energetique-durable\/122530\/\"},\"wordCount\":563,\"publisher\":{\"@id\":\"https:\/\/territorialchallenges.com\/#organization\"},\"articleSection\":[\"Transition \u00c9nerg\u00e9tique\",\"Actualit\u00e9 Europe\"],\"inLanguage\":\"nl-NL\"},{\"@type\":\"WebPage\",\"@id\":\"https:\/\/territorialchallenges.com\/2024\/04\/01\/horizon-europe-2025-2027-le-chemin-vers-une-transition-energetique-durable\/122530\/\",\"url\":\"https:\/\/territorialchallenges.com\/2024\/04\/01\/horizon-europe-2025-2027-le-chemin-vers-une-transition-energetique-durable\/122530\/\",\"name\":\"Horizon Europe 2025-2027 : le chemin vers une transition \u00e9nerg\u00e9tique durable - Territorial Challenges\",\"isPartOf\":{\"@id\":\"https:\/\/territorialchallenges.com\/#website\"},\"datePublished\":\"2024-04-01T15:55:43+00:00\",\"dateModified\":\"2024-04-01T15:55:45+00:00\",\"breadcrumb\":{\"@id\":\"https:\/\/territorialchallenges.com\/2024\/04\/01\/horizon-europe-2025-2027-le-chemin-vers-une-transition-energetique-durable\/122530\/#breadcrumb\"},\"inLanguage\":\"nl-NL\",\"potentialAction\":[{\"@type\":\"ReadAction\",\"target\":[\"https:\/\/territorialchallenges.com\/2024\/04\/01\/horizon-europe-2025-2027-le-chemin-vers-une-transition-energetique-durable\/122530\/\"]}]},{\"@type\":\"BreadcrumbList\",\"@id\":\"https:\/\/territorialchallenges.com\/2024\/04\/01\/horizon-europe-2025-2027-le-chemin-vers-une-transition-energetique-durable\/122530\/#breadcrumb\",\"itemListElement\":[{\"@type\":\"ListItem\",\"position\":1,\"name\":\"Home\",\"item\":\"https:\/\/territorialchallenges.com\/\"},{\"@type\":\"ListItem\",\"position\":2,\"name\":\"Horizon Europe 2025-2027 : le chemin vers une transition \u00e9nerg\u00e9tique durable\"}]},{\"@type\":\"WebSite\",\"@id\":\"https:\/\/territorialchallenges.com\/#website\",\"url\":\"https:\/\/territorialchallenges.com\/\",\"name\":\"Territorial Challenges\",\"description\":\"Veille Internationale - Strat\u00e9gie Intelligentes - Bonnes pratiques\",\"publisher\":{\"@id\":\"https:\/\/territorialchallenges.com\/#organization\"},\"potentialAction\":[{\"@type\":\"SearchAction\",\"target\":{\"@type\":\"EntryPoint\",\"urlTemplate\":\"https:\/\/territorialchallenges.com\/?s={search_term_string}\"},\"query-input\":\"required name=search_term_string\"}],\"inLanguage\":\"nl-NL\"},{\"@type\":\"Organization\",\"@id\":\"https:\/\/territorialchallenges.com\/#organization\",\"name\":\"Territorial Challenges\",\"url\":\"https:\/\/territorialchallenges.com\/\",\"logo\":{\"@type\":\"ImageObject\",\"inLanguage\":\"nl-NL\",\"@id\":\"https:\/\/territorialchallenges.com\/#\/schema\/logo\/image\/\",\"url\":\"https:\/\/territorialchallenges.com\/wp-content\/uploads\/2023\/10\/logo-1.png\",\"contentUrl\":\"https:\/\/territorialchallenges.com\/wp-content\/uploads\/2023\/10\/logo-1.png\",\"width\":1832,\"height\":576,\"caption\":\"Territorial Challenges\"},\"image\":{\"@id\":\"https:\/\/territorialchallenges.com\/#\/schema\/logo\/image\/\"}},{\"@type\":\"Person\",\"@id\":\"https:\/\/territorialchallenges.com\/#\/schema\/person\/098f145c7c61a021c425e010f840080f\",\"name\":\"ni.abdi\",\"image\":{\"@type\":\"ImageObject\",\"inLanguage\":\"nl-NL\",\"@id\":\"https:\/\/territorialchallenges.com\/#\/schema\/person\/image\/\",\"url\":\"https:\/\/secure.gravatar.com\/avatar\/2a2f2491f3c80039986ba989b1e4b510?s=96&d=identicon&r=g\",\"contentUrl\":\"https:\/\/secure.gravatar.com\/avatar\/2a2f2491f3c80039986ba989b1e4b510?s=96&d=identicon&r=g\",\"caption\":\"ni.abdi\"},\"sameAs\":[\"https:\/\/twitter.com\/Ni.abdi\"],\"url\":\"https:\/\/territorialchallenges.com\/nl\/author\/ni-abdi\/\"}]}<\/script>\n<!-- \/ Yoast SEO plugin. -->","yoast_head_json":{"title":"Horizon Europe 2025-2027 : le chemin vers une transition \u00e9nerg\u00e9tique durable - Territorial Challenges","robots":{"index":"index","follow":"follow","max-snippet":"max-snippet:-1","max-image-preview":"max-image-preview:large","max-video-preview":"max-video-preview:-1"},"canonical":"https:\/\/territorialchallenges.com\/nl\/2024\/04\/01\/horizon-europe-2025-2027-le-chemin-vers-une-transition-energetique-durable\/122530\/","og_locale":"nl_NL","og_type":"article","og_title":"Horizon Europe 2025-2027 : le chemin vers une transition \u00e9nerg\u00e9tique durable - Territorial Challenges","og_description":"Horizon Europe d\u00e9voile son plan strat\u00e9gique pour les ann\u00e9es 2025-2027, mettant en avant une vision ambitieuse pour une transition \u00e9nerg\u00e9tique et climatique durable. Ax\u00e9 sur le Pacte Vert pour l&rsquo;Europe, ce plan vise \u00e0 renforcer la r\u00e9silience de l&rsquo;UE tout en favorisant une comp\u00e9titivit\u00e9 accrue et des emplois verts de qualit\u00e9. Voici un aper\u00e7u des [&hellip;]","og_url":"https:\/\/territorialchallenges.com\/nl\/2024\/04\/01\/horizon-europe-2025-2027-le-chemin-vers-une-transition-energetique-durable\/122530\/","og_site_name":"Territorial Challenges","article_published_time":"2024-04-01T15:55:43+00:00","article_modified_time":"2024-04-01T15:55:45+00:00","og_image":[{"width":1280,"height":853,"url":"https:\/\/territorialchallenges.com\/wp-content\/uploads\/2024\/04\/transitionenergetiqueEuropePhoto.jpg","type":"image\/jpeg"}],"author":"ni.abdi","twitter_card":"summary_large_image","twitter_creator":"@Ni.abdi","twitter_misc":{"Geschreven door":"ni.abdi","Geschatte leestijd":"3 minuten"},"schema":{"@context":"https:\/\/schema.org","@graph":[{"@type":"Article","@id":"https:\/\/territorialchallenges.com\/2024\/04\/01\/horizon-europe-2025-2027-le-chemin-vers-une-transition-energetique-durable\/122530\/#article","isPartOf":{"@id":"https:\/\/territorialchallenges.com\/2024\/04\/01\/horizon-europe-2025-2027-le-chemin-vers-une-transition-energetique-durable\/122530\/"},"author":{"name":"ni.abdi","@id":"https:\/\/territorialchallenges.com\/#\/schema\/person\/098f145c7c61a021c425e010f840080f"},"headline":"Horizon Europe 2025-2027 : le chemin vers une transition \u00e9nerg\u00e9tique durable","datePublished":"2024-04-01T15:55:43+00:00","dateModified":"2024-04-01T15:55:45+00:00","mainEntityOfPage":{"@id":"https:\/\/territorialchallenges.com\/2024\/04\/01\/horizon-europe-2025-2027-le-chemin-vers-une-transition-energetique-durable\/122530\/"},"wordCount":563,"publisher":{"@id":"https:\/\/territorialchallenges.com\/#organization"},"articleSection":["Transition \u00c9nerg\u00e9tique","Actualit\u00e9 Europe"],"inLanguage":"nl-NL"},{"@type":"WebPage","@id":"https:\/\/territorialchallenges.com\/2024\/04\/01\/horizon-europe-2025-2027-le-chemin-vers-une-transition-energetique-durable\/122530\/","url":"https:\/\/territorialchallenges.com\/2024\/04\/01\/horizon-europe-2025-2027-le-chemin-vers-une-transition-energetique-durable\/122530\/","name":"Horizon Europe 2025-2027 : le chemin vers une transition \u00e9nerg\u00e9tique durable - Territorial Challenges","isPartOf":{"@id":"https:\/\/territorialchallenges.com\/#website"},"datePublished":"2024-04-01T15:55:43+00:00","dateModified":"2024-04-01T15:55:45+00:00","breadcrumb":{"@id":"https:\/\/territorialchallenges.com\/2024\/04\/01\/horizon-europe-2025-2027-le-chemin-vers-une-transition-energetique-durable\/122530\/#breadcrumb"},"inLanguage":"nl-NL","potentialAction":[{"@type":"ReadAction","target":["https:\/\/territorialchallenges.com\/2024\/04\/01\/horizon-europe-2025-2027-le-chemin-vers-une-transition-energetique-durable\/122530\/"]}]},{"@type":"BreadcrumbList","@id":"https:\/\/territorialchallenges.com\/2024\/04\/01\/horizon-europe-2025-2027-le-chemin-vers-une-transition-energetique-durable\/122530\/#breadcrumb","itemListElement":[{"@type":"ListItem","position":1,"name":"Home","item":"https:\/\/territorialchallenges.com\/"},{"@type":"ListItem","position":2,"name":"Horizon Europe 2025-2027 : le chemin vers une transition \u00e9nerg\u00e9tique durable"}]},{"@type":"WebSite","@id":"https:\/\/territorialchallenges.com\/#website","url":"https:\/\/territorialchallenges.com\/","name":"Territoriale uitdagingen","description":"Internationale monitoring - Slimme strategie\u00ebn - Beste praktijken","publisher":{"@id":"https:\/\/territorialchallenges.com\/#organization"},"potentialAction":[{"@type":"SearchAction","target":{"@type":"EntryPoint","urlTemplate":"https:\/\/territorialchallenges.com\/?s={search_term_string}"},"query-input":"required name=search_term_string"}],"inLanguage":"nl-NL"},{"@type":"Organization","@id":"https:\/\/territorialchallenges.com\/#organization","name":"Territoriale uitdagingen","url":"https:\/\/territorialchallenges.com\/","logo":{"@type":"ImageObject","inLanguage":"nl-NL","@id":"https:\/\/territorialchallenges.com\/#\/schema\/logo\/image\/","url":"https:\/\/territorialchallenges.com\/wp-content\/uploads\/2023\/10\/logo-1.png","contentUrl":"https:\/\/territorialchallenges.com\/wp-content\/uploads\/2023\/10\/logo-1.png","width":1832,"height":576,"caption":"Territorial Challenges"},"image":{"@id":"https:\/\/territorialchallenges.com\/#\/schema\/logo\/image\/"}},{"@type":"Person","@id":"https:\/\/territorialchallenges.com\/#\/schema\/person\/098f145c7c61a021c425e010f840080f","name":"ni.abdi","image":{"@type":"ImageObject","inLanguage":"nl-NL","@id":"https:\/\/territorialchallenges.com\/#\/schema\/person\/image\/","url":"https:\/\/secure.gravatar.com\/avatar\/2a2f2491f3c80039986ba989b1e4b510?s=96&d=identicon&r=g","contentUrl":"https:\/\/secure.gravatar.com\/avatar\/2a2f2491f3c80039986ba989b1e4b510?s=96&d=identicon&r=g","caption":"ni.abdi"},"sameAs":["https:\/\/twitter.com\/Ni.abdi"],"url":"https:\/\/territorialchallenges.com\/nl\/author\/ni-abdi\/"}]}},"_links":{"self":[{"href":"https:\/\/territorialchallenges.com\/nl\/wp-json\/wp\/v2\/posts\/122530"}],"collection":[{"href":"https:\/\/territorialchallenges.com\/nl\/wp-json\/wp\/v2\/posts"}],"about":[{"href":"https:\/\/territorialchallenges.com\/nl\/wp-json\/wp\/v2\/types\/post"}],"author":[{"embeddable":true,"href":"https:\/\/territorialchallenges.com\/nl\/wp-json\/wp\/v2\/users\/11"}],"replies":[{"embeddable":true,"href":"https:\/\/territorialchallenges.com\/nl\/wp-json\/wp\/v2\/comments?post=122530"}],"version-history":[{"count":1,"href":"https:\/\/territorialchallenges.com\/nl\/wp-json\/wp\/v2\/posts\/122530\/revisions"}],"predecessor-version":[{"id":122532,"href":"https:\/\/territorialchallenges.com\/nl\/wp-json\/wp\/v2\/posts\/122530\/revisions\/122532"}],"wp:featuredmedia":[{"embeddable":true,"href":"https:\/\/territorialchallenges.com\/nl\/wp-json\/wp\/v2\/media\/122531"}],"wp:attachment":[{"href":"https:\/\/territorialchallenges.com\/nl\/wp-json\/wp\/v2\/media?parent=122530"}],"wp:term":[{"taxonomy":"category","embeddable":true,"href":"https:\/\/territorialchallenges.com\/nl\/wp-json\/wp\/v2\/categories?post=122530"},{"taxonomy":"post_tag","embeddable":true,"href":"https:\/\/territorialchallenges.com\/nl\/wp-json\/wp\/v2\/tags?post=122530"}],"curies":[{"name":"wp","href":"https:\/\/api.w.org\/{rel}","templated":true}]}}