{"id":122435,"date":"2024-03-11T21:11:12","date_gmt":"2024-03-11T20:11:12","guid":{"rendered":"https:\/\/territorialchallenges.com\/?p=122435"},"modified":"2024-03-11T21:11:13","modified_gmt":"2024-03-11T20:11:13","slug":"mexico-lance-linitiative-laneshift-pour-decarboner-le-fret-routier-et-ameliorer-la-qualite-de-lair","status":"publish","type":"post","link":"https:\/\/territorialchallenges.com\/nl\/2024\/03\/11\/mexico-lance-linitiative-laneshift-pour-decarboner-le-fret-routier-et-ameliorer-la-qualite-de-lair\/122435\/","title":{"rendered":"Mexico lanceert Laneshift-initiatief om wegvrachtvervoer te decarboniseren en de luchtkwaliteit te verbeteren"},"content":{"rendered":"<p>Mexico-Stad heeft, in samenwerking met Climate Pledge (mede opgericht door Amazon en Global Optimism) en C40 Cities, het Laneshift-initiatief gelanceerd om de ontwikkeling van infrastructuur voor elektrische voertuigen en de inzet van elektrische vrachtwagens te versnellen. Het doel is om de uitstoot van broeikasgassen te verminderen en de kwaliteit van\u2026 <\/p>\n<div class=\"pmpro_content_message\">Artikel alleen beschikbaar voor abonnees.<br \/><a href=\"https:\/\/territorialchallenges.com\/wp-login.php\">Login<\/a><br \/><a href=\"https:\/\/territorialchallenges.com\/nl\/wp-login.php\/?action=register\">Register<\/a><\/div>","protected":false},"excerpt":{"rendered":"<p>La ville de Mexico, en partenariat avec Climate Pledge, cofond\u00e9 par Amazon et Global Optimism, et C40 Cities, a lanc\u00e9 l&rsquo;initiative Laneshift pour acc\u00e9l\u00e9rer le d\u00e9veloppement de l&rsquo;infrastructure des v\u00e9hicules \u00e9lectriques et le d\u00e9ploiement de camions lourds \u00e9lectriques. L&rsquo;objectif est de r\u00e9duire les \u00e9missions de gaz \u00e0 effet de serre et d&rsquo;am\u00e9liorer la qualit\u00e9 de... <\/p>\n<div class=\"pmpro_content_message\">Artikel alleen beschikbaar voor abonnees.<br \/><a href=\"https:\/\/territorialchallenges.com\/wp-login.php\">Login<\/a><br \/><a href=\"https:\/\/territorialchallenges.com\/nl\/wp-login.php\/?action=register\">Register<\/a><\/div>","protected":false},"author":11,"featured_media":122436,"comment_status":"closed","ping_status":"closed","sticky":true,"template":"","format":"standard","meta":{"pmpro_default_level":0,"footnotes":""},"categories":[120,117],"tags":[],"blocksy_meta":"","yoast_head":"<!-- This site is optimized with the Yoast SEO plugin v21.5 - https:\/\/yoast.com\/wordpress\/plugins\/seo\/ -->\n<title>Mexico lance l&#039;initiative Laneshift pour d\u00e9carboner le fret routier et am\u00e9liorer la qualit\u00e9 de l&#039;air - Territorial Challenges<\/title>\n<meta name=\"robots\" content=\"index, follow, max-snippet:-1, max-image-preview:large, max-video-preview:-1\" \/>\n<link rel=\"canonical\" href=\"https:\/\/territorialchallenges.com\/nl\/2024\/03\/11\/mexico-lance-linitiative-laneshift-pour-decarboner-le-fret-routier-et-ameliorer-la-qualite-de-lair\/122435\/\" \/>\n<meta property=\"og:locale\" content=\"nl_NL\" \/>\n<meta property=\"og:type\" content=\"article\" \/>\n<meta property=\"og:title\" content=\"Mexico lance l&#039;initiative Laneshift pour d\u00e9carboner le fret routier et am\u00e9liorer la qualit\u00e9 de l&#039;air - Territorial Challenges\" \/>\n<meta property=\"og:description\" content=\"La ville de Mexico, en partenariat avec Climate Pledge, cofond\u00e9 par Amazon et Global Optimism, et C40 Cities, a lanc\u00e9 l&rsquo;initiative Laneshift pour acc\u00e9l\u00e9rer le d\u00e9veloppement de l&rsquo;infrastructure des v\u00e9hicules \u00e9lectriques et le d\u00e9ploiement de camions lourds \u00e9lectriques. L&rsquo;objectif est de r\u00e9duire les \u00e9missions de gaz \u00e0 effet de serre et d&rsquo;am\u00e9liorer la qualit\u00e9 de [&hellip;]\" \/>\n<meta property=\"og:url\" content=\"https:\/\/territorialchallenges.com\/nl\/2024\/03\/11\/mexico-lance-linitiative-laneshift-pour-decarboner-le-fret-routier-et-ameliorer-la-qualite-de-lair\/122435\/\" \/>\n<meta property=\"og:site_name\" content=\"Territorial Challenges\" \/>\n<meta property=\"article:published_time\" content=\"2024-03-11T20:11:12+00:00\" \/>\n<meta property=\"article:modified_time\" content=\"2024-03-11T20:11:13+00:00\" \/>\n<meta property=\"og:image\" content=\"https:\/\/territorialchallenges.com\/wp-content\/uploads\/2024\/03\/MexicoIlsestpassea.jpg\" \/>\n\t<meta property=\"og:image:width\" content=\"1280\" \/>\n\t<meta property=\"og:image:height\" content=\"946\" \/>\n\t<meta property=\"og:image:type\" content=\"image\/jpeg\" \/>\n<meta name=\"author\" content=\"ni.abdi\" \/>\n<meta name=\"twitter:card\" content=\"summary_large_image\" \/>\n<meta name=\"twitter:creator\" content=\"@Ni.abdi\" \/>\n<meta name=\"twitter:label1\" content=\"Geschreven door\" \/>\n\t<meta name=\"twitter:data1\" content=\"ni.abdi\" \/>\n\t<meta name=\"twitter:label2\" content=\"Geschatte leestijd\" \/>\n\t<meta name=\"twitter:data2\" content=\"4 minuten\" \/>\n<script type=\"application\/ld+json\" class=\"yoast-schema-graph\">{\"@context\":\"https:\/\/schema.org\",\"@graph\":[{\"@type\":\"Article\",\"@id\":\"https:\/\/territorialchallenges.com\/2024\/03\/11\/mexico-lance-linitiative-laneshift-pour-decarboner-le-fret-routier-et-ameliorer-la-qualite-de-lair\/122435\/#article\",\"isPartOf\":{\"@id\":\"https:\/\/territorialchallenges.com\/2024\/03\/11\/mexico-lance-linitiative-laneshift-pour-decarboner-le-fret-routier-et-ameliorer-la-qualite-de-lair\/122435\/\"},\"author\":{\"name\":\"ni.abdi\",\"@id\":\"https:\/\/territorialchallenges.com\/#\/schema\/person\/098f145c7c61a021c425e010f840080f\"},\"headline\":\"Mexico lance l&rsquo;initiative Laneshift pour d\u00e9carboner le fret routier et am\u00e9liorer la qualit\u00e9 de l&rsquo;air\",\"datePublished\":\"2024-03-11T20:11:12+00:00\",\"dateModified\":\"2024-03-11T20:11:13+00:00\",\"mainEntityOfPage\":{\"@id\":\"https:\/\/territorialchallenges.com\/2024\/03\/11\/mexico-lance-linitiative-laneshift-pour-decarboner-le-fret-routier-et-ameliorer-la-qualite-de-lair\/122435\/\"},\"wordCount\":721,\"publisher\":{\"@id\":\"https:\/\/territorialchallenges.com\/#organization\"},\"articleSection\":[\"Il s'est pass\u00e9 \u00e0\",\"\u00c9cosyst\u00e8me\"],\"inLanguage\":\"nl-NL\"},{\"@type\":\"WebPage\",\"@id\":\"https:\/\/territorialchallenges.com\/2024\/03\/11\/mexico-lance-linitiative-laneshift-pour-decarboner-le-fret-routier-et-ameliorer-la-qualite-de-lair\/122435\/\",\"url\":\"https:\/\/territorialchallenges.com\/2024\/03\/11\/mexico-lance-linitiative-laneshift-pour-decarboner-le-fret-routier-et-ameliorer-la-qualite-de-lair\/122435\/\",\"name\":\"Mexico lance l'initiative Laneshift pour d\u00e9carboner le fret routier et am\u00e9liorer la qualit\u00e9 de l'air - Territorial Challenges\",\"isPartOf\":{\"@id\":\"https:\/\/territorialchallenges.com\/#website\"},\"datePublished\":\"2024-03-11T20:11:12+00:00\",\"dateModified\":\"2024-03-11T20:11:13+00:00\",\"breadcrumb\":{\"@id\":\"https:\/\/territorialchallenges.com\/2024\/03\/11\/mexico-lance-linitiative-laneshift-pour-decarboner-le-fret-routier-et-ameliorer-la-qualite-de-lair\/122435\/#breadcrumb\"},\"inLanguage\":\"nl-NL\",\"potentialAction\":[{\"@type\":\"ReadAction\",\"target\":[\"https:\/\/territorialchallenges.com\/2024\/03\/11\/mexico-lance-linitiative-laneshift-pour-decarboner-le-fret-routier-et-ameliorer-la-qualite-de-lair\/122435\/\"]}]},{\"@type\":\"BreadcrumbList\",\"@id\":\"https:\/\/territorialchallenges.com\/2024\/03\/11\/mexico-lance-linitiative-laneshift-pour-decarboner-le-fret-routier-et-ameliorer-la-qualite-de-lair\/122435\/#breadcrumb\",\"itemListElement\":[{\"@type\":\"ListItem\",\"position\":1,\"name\":\"Home\",\"item\":\"https:\/\/territorialchallenges.com\/\"},{\"@type\":\"ListItem\",\"position\":2,\"name\":\"Mexico lance l&rsquo;initiative Laneshift pour d\u00e9carboner le fret routier et am\u00e9liorer la qualit\u00e9 de l&rsquo;air\"}]},{\"@type\":\"WebSite\",\"@id\":\"https:\/\/territorialchallenges.com\/#website\",\"url\":\"https:\/\/territorialchallenges.com\/\",\"name\":\"Territorial Challenges\",\"description\":\"Veille Internationale - Strat\u00e9gie Intelligentes - Bonnes pratiques\",\"publisher\":{\"@id\":\"https:\/\/territorialchallenges.com\/#organization\"},\"potentialAction\":[{\"@type\":\"SearchAction\",\"target\":{\"@type\":\"EntryPoint\",\"urlTemplate\":\"https:\/\/territorialchallenges.com\/?s={search_term_string}\"},\"query-input\":\"required name=search_term_string\"}],\"inLanguage\":\"nl-NL\"},{\"@type\":\"Organization\",\"@id\":\"https:\/\/territorialchallenges.com\/#organization\",\"name\":\"Territorial Challenges\",\"url\":\"https:\/\/territorialchallenges.com\/\",\"logo\":{\"@type\":\"ImageObject\",\"inLanguage\":\"nl-NL\",\"@id\":\"https:\/\/territorialchallenges.com\/#\/schema\/logo\/image\/\",\"url\":\"https:\/\/territorialchallenges.com\/wp-content\/uploads\/2023\/10\/logo-1.png\",\"contentUrl\":\"https:\/\/territorialchallenges.com\/wp-content\/uploads\/2023\/10\/logo-1.png\",\"width\":1832,\"height\":576,\"caption\":\"Territorial Challenges\"},\"image\":{\"@id\":\"https:\/\/territorialchallenges.com\/#\/schema\/logo\/image\/\"}},{\"@type\":\"Person\",\"@id\":\"https:\/\/territorialchallenges.com\/#\/schema\/person\/098f145c7c61a021c425e010f840080f\",\"name\":\"ni.abdi\",\"image\":{\"@type\":\"ImageObject\",\"inLanguage\":\"nl-NL\",\"@id\":\"https:\/\/territorialchallenges.com\/#\/schema\/person\/image\/\",\"url\":\"https:\/\/secure.gravatar.com\/avatar\/2a2f2491f3c80039986ba989b1e4b510?s=96&d=identicon&r=g\",\"contentUrl\":\"https:\/\/secure.gravatar.com\/avatar\/2a2f2491f3c80039986ba989b1e4b510?s=96&d=identicon&r=g\",\"caption\":\"ni.abdi\"},\"sameAs\":[\"https:\/\/twitter.com\/Ni.abdi\"],\"url\":\"https:\/\/territorialchallenges.com\/nl\/author\/ni-abdi\/\"}]}<\/script>\n<!-- \/ Yoast SEO plugin. -->","yoast_head_json":{"title":"Mexico lance l'initiative Laneshift pour d\u00e9carboner le fret routier et am\u00e9liorer la qualit\u00e9 de l'air - Territorial Challenges","robots":{"index":"index","follow":"follow","max-snippet":"max-snippet:-1","max-image-preview":"max-image-preview:large","max-video-preview":"max-video-preview:-1"},"canonical":"https:\/\/territorialchallenges.com\/nl\/2024\/03\/11\/mexico-lance-linitiative-laneshift-pour-decarboner-le-fret-routier-et-ameliorer-la-qualite-de-lair\/122435\/","og_locale":"nl_NL","og_type":"article","og_title":"Mexico lance l'initiative Laneshift pour d\u00e9carboner le fret routier et am\u00e9liorer la qualit\u00e9 de l'air - Territorial Challenges","og_description":"La ville de Mexico, en partenariat avec Climate Pledge, cofond\u00e9 par Amazon et Global Optimism, et C40 Cities, a lanc\u00e9 l&rsquo;initiative Laneshift pour acc\u00e9l\u00e9rer le d\u00e9veloppement de l&rsquo;infrastructure des v\u00e9hicules \u00e9lectriques et le d\u00e9ploiement de camions lourds \u00e9lectriques. L&rsquo;objectif est de r\u00e9duire les \u00e9missions de gaz \u00e0 effet de serre et d&rsquo;am\u00e9liorer la qualit\u00e9 de [&hellip;]","og_url":"https:\/\/territorialchallenges.com\/nl\/2024\/03\/11\/mexico-lance-linitiative-laneshift-pour-decarboner-le-fret-routier-et-ameliorer-la-qualite-de-lair\/122435\/","og_site_name":"Territorial Challenges","article_published_time":"2024-03-11T20:11:12+00:00","article_modified_time":"2024-03-11T20:11:13+00:00","og_image":[{"width":1280,"height":946,"url":"https:\/\/territorialchallenges.com\/wp-content\/uploads\/2024\/03\/MexicoIlsestpassea.jpg","type":"image\/jpeg"}],"author":"ni.abdi","twitter_card":"summary_large_image","twitter_creator":"@Ni.abdi","twitter_misc":{"Geschreven door":"ni.abdi","Geschatte leestijd":"4 minuten"},"schema":{"@context":"https:\/\/schema.org","@graph":[{"@type":"Article","@id":"https:\/\/territorialchallenges.com\/2024\/03\/11\/mexico-lance-linitiative-laneshift-pour-decarboner-le-fret-routier-et-ameliorer-la-qualite-de-lair\/122435\/#article","isPartOf":{"@id":"https:\/\/territorialchallenges.com\/2024\/03\/11\/mexico-lance-linitiative-laneshift-pour-decarboner-le-fret-routier-et-ameliorer-la-qualite-de-lair\/122435\/"},"author":{"name":"ni.abdi","@id":"https:\/\/territorialchallenges.com\/#\/schema\/person\/098f145c7c61a021c425e010f840080f"},"headline":"Mexico lance l&rsquo;initiative Laneshift pour d\u00e9carboner le fret routier et am\u00e9liorer la qualit\u00e9 de l&rsquo;air","datePublished":"2024-03-11T20:11:12+00:00","dateModified":"2024-03-11T20:11:13+00:00","mainEntityOfPage":{"@id":"https:\/\/territorialchallenges.com\/2024\/03\/11\/mexico-lance-linitiative-laneshift-pour-decarboner-le-fret-routier-et-ameliorer-la-qualite-de-lair\/122435\/"},"wordCount":721,"publisher":{"@id":"https:\/\/territorialchallenges.com\/#organization"},"articleSection":["Il s'est pass\u00e9 \u00e0","\u00c9cosyst\u00e8me"],"inLanguage":"nl-NL"},{"@type":"WebPage","@id":"https:\/\/territorialchallenges.com\/2024\/03\/11\/mexico-lance-linitiative-laneshift-pour-decarboner-le-fret-routier-et-ameliorer-la-qualite-de-lair\/122435\/","url":"https:\/\/territorialchallenges.com\/2024\/03\/11\/mexico-lance-linitiative-laneshift-pour-decarboner-le-fret-routier-et-ameliorer-la-qualite-de-lair\/122435\/","name":"Mexico lance l'initiative Laneshift pour d\u00e9carboner le fret routier et am\u00e9liorer la qualit\u00e9 de l'air - Territorial Challenges","isPartOf":{"@id":"https:\/\/territorialchallenges.com\/#website"},"datePublished":"2024-03-11T20:11:12+00:00","dateModified":"2024-03-11T20:11:13+00:00","breadcrumb":{"@id":"https:\/\/territorialchallenges.com\/2024\/03\/11\/mexico-lance-linitiative-laneshift-pour-decarboner-le-fret-routier-et-ameliorer-la-qualite-de-lair\/122435\/#breadcrumb"},"inLanguage":"nl-NL","potentialAction":[{"@type":"ReadAction","target":["https:\/\/territorialchallenges.com\/2024\/03\/11\/mexico-lance-linitiative-laneshift-pour-decarboner-le-fret-routier-et-ameliorer-la-qualite-de-lair\/122435\/"]}]},{"@type":"BreadcrumbList","@id":"https:\/\/territorialchallenges.com\/2024\/03\/11\/mexico-lance-linitiative-laneshift-pour-decarboner-le-fret-routier-et-ameliorer-la-qualite-de-lair\/122435\/#breadcrumb","itemListElement":[{"@type":"ListItem","position":1,"name":"Home","item":"https:\/\/territorialchallenges.com\/"},{"@type":"ListItem","position":2,"name":"Mexico lance l&rsquo;initiative Laneshift pour d\u00e9carboner le fret routier et am\u00e9liorer la qualit\u00e9 de l&rsquo;air"}]},{"@type":"WebSite","@id":"https:\/\/territorialchallenges.com\/#website","url":"https:\/\/territorialchallenges.com\/","name":"Territoriale uitdagingen","description":"Internationale monitoring - Slimme strategie\u00ebn - Beste praktijken","publisher":{"@id":"https:\/\/territorialchallenges.com\/#organization"},"potentialAction":[{"@type":"SearchAction","target":{"@type":"EntryPoint","urlTemplate":"https:\/\/territorialchallenges.com\/?s={search_term_string}"},"query-input":"required name=search_term_string"}],"inLanguage":"nl-NL"},{"@type":"Organization","@id":"https:\/\/territorialchallenges.com\/#organization","name":"Territoriale uitdagingen","url":"https:\/\/territorialchallenges.com\/","logo":{"@type":"ImageObject","inLanguage":"nl-NL","@id":"https:\/\/territorialchallenges.com\/#\/schema\/logo\/image\/","url":"https:\/\/territorialchallenges.com\/wp-content\/uploads\/2023\/10\/logo-1.png","contentUrl":"https:\/\/territorialchallenges.com\/wp-content\/uploads\/2023\/10\/logo-1.png","width":1832,"height":576,"caption":"Territorial Challenges"},"image":{"@id":"https:\/\/territorialchallenges.com\/#\/schema\/logo\/image\/"}},{"@type":"Person","@id":"https:\/\/territorialchallenges.com\/#\/schema\/person\/098f145c7c61a021c425e010f840080f","name":"ni.abdi","image":{"@type":"ImageObject","inLanguage":"nl-NL","@id":"https:\/\/territorialchallenges.com\/#\/schema\/person\/image\/","url":"https:\/\/secure.gravatar.com\/avatar\/2a2f2491f3c80039986ba989b1e4b510?s=96&d=identicon&r=g","contentUrl":"https:\/\/secure.gravatar.com\/avatar\/2a2f2491f3c80039986ba989b1e4b510?s=96&d=identicon&r=g","caption":"ni.abdi"},"sameAs":["https:\/\/twitter.com\/Ni.abdi"],"url":"https:\/\/territorialchallenges.com\/nl\/author\/ni-abdi\/"}]}},"_links":{"self":[{"href":"https:\/\/territorialchallenges.com\/nl\/wp-json\/wp\/v2\/posts\/122435"}],"collection":[{"href":"https:\/\/territorialchallenges.com\/nl\/wp-json\/wp\/v2\/posts"}],"about":[{"href":"https:\/\/territorialchallenges.com\/nl\/wp-json\/wp\/v2\/types\/post"}],"author":[{"embeddable":true,"href":"https:\/\/territorialchallenges.com\/nl\/wp-json\/wp\/v2\/users\/11"}],"replies":[{"embeddable":true,"href":"https:\/\/territorialchallenges.com\/nl\/wp-json\/wp\/v2\/comments?post=122435"}],"version-history":[{"count":1,"href":"https:\/\/territorialchallenges.com\/nl\/wp-json\/wp\/v2\/posts\/122435\/revisions"}],"predecessor-version":[{"id":122437,"href":"https:\/\/territorialchallenges.com\/nl\/wp-json\/wp\/v2\/posts\/122435\/revisions\/122437"}],"wp:featuredmedia":[{"embeddable":true,"href":"https:\/\/territorialchallenges.com\/nl\/wp-json\/wp\/v2\/media\/122436"}],"wp:attachment":[{"href":"https:\/\/territorialchallenges.com\/nl\/wp-json\/wp\/v2\/media?parent=122435"}],"wp:term":[{"taxonomy":"category","embeddable":true,"href":"https:\/\/territorialchallenges.com\/nl\/wp-json\/wp\/v2\/categories?post=122435"},{"taxonomy":"post_tag","embeddable":true,"href":"https:\/\/territorialchallenges.com\/nl\/wp-json\/wp\/v2\/tags?post=122435"}],"curies":[{"name":"wp","href":"https:\/\/api.w.org\/{rel}","templated":true}]}}