{"id":122399,"date":"2024-03-05T21:31:35","date_gmt":"2024-03-05T20:31:35","guid":{"rendered":"https:\/\/territorialchallenges.com\/?p=122399"},"modified":"2024-03-05T21:32:21","modified_gmt":"2024-03-05T20:32:21","slug":"allemagne-le-quartier-europeen-de-lia-du-futur-a-heilbronn","status":"publish","type":"post","link":"https:\/\/territorialchallenges.com\/nl\/2024\/03\/05\/allemagne-le-quartier-europeen-de-lia-du-futur-a-heilbronn\/122399\/","title":{"rendered":"Duitsland: Het Europese AI-district van de toekomst in Heilbronn"},"content":{"rendered":"<p>Vanaf 2024 zal de stad Heilbronn, ten noorden van Stuttgart, op het Stein\u00e4ckerterrein een internationaal en innovatief ecosysteem huisvesten dat zich richt op kunstmatige intelligentie (AI). Het project, onder leiding van het Innovation Park Artificial Intelligence (IPAI), belooft het grootste AI-ecosysteem van Europa te worden. Ontdek de details van deze nieuwe wijk, die\u2026 <\/p>\n<div class=\"pmpro_content_message\">Artikel alleen beschikbaar voor abonnees.<br \/><a href=\"https:\/\/territorialchallenges.com\/wp-login.php\">Login<\/a><br \/><a href=\"https:\/\/territorialchallenges.com\/nl\/wp-login.php\/?action=register\">Register<\/a><\/div>","protected":false},"excerpt":{"rendered":"<p>\u00c0 partir de 2024, la ville de Heilbronn au nord de Stuttgart, accueillera un \u00e9cosyst\u00e8me international et novateur d\u00e9di\u00e9 \u00e0 l&rsquo;intelligence artificielle (IA) sur le site de Stein\u00e4cker. Le projet, port\u00e9 par l&rsquo;Innovation Park Artificial Intelligence (IPAI), promet de devenir le plus grand \u00e9cosyst\u00e8me d&rsquo;IA en Europe. D\u00e9couvrez les d\u00e9tails de ce nouveau quartier qui... <\/p>\n<div class=\"pmpro_content_message\">Artikel alleen beschikbaar voor abonnees.<br \/><a href=\"https:\/\/territorialchallenges.com\/wp-login.php\">Login<\/a><br \/><a href=\"https:\/\/territorialchallenges.com\/nl\/wp-login.php\/?action=register\">Register<\/a><\/div>","protected":false},"author":11,"featured_media":122400,"comment_status":"closed","ping_status":"closed","sticky":true,"template":"","format":"standard","meta":{"pmpro_default_level":0,"footnotes":""},"categories":[120,117],"tags":[],"blocksy_meta":"","yoast_head":"<!-- This site is optimized with the Yoast SEO plugin v21.5 - https:\/\/yoast.com\/wordpress\/plugins\/seo\/ -->\n<title>Allemagne: le quartier europ\u00e9en de l&#039;IA du futur \u00e0 Heilbronn - Territorial Challenges<\/title>\n<meta name=\"robots\" content=\"index, follow, max-snippet:-1, max-image-preview:large, max-video-preview:-1\" \/>\n<link rel=\"canonical\" href=\"https:\/\/territorialchallenges.com\/nl\/2024\/03\/05\/allemagne-le-quartier-europeen-de-lia-du-futur-a-heilbronn\/122399\/\" \/>\n<meta property=\"og:locale\" content=\"nl_NL\" \/>\n<meta property=\"og:type\" content=\"article\" \/>\n<meta property=\"og:title\" content=\"Allemagne: le quartier europ\u00e9en de l&#039;IA du futur \u00e0 Heilbronn - Territorial Challenges\" \/>\n<meta property=\"og:description\" content=\"\u00c0 partir de 2024, la ville de Heilbronn au nord de Stuttgart, accueillera un \u00e9cosyst\u00e8me international et novateur d\u00e9di\u00e9 \u00e0 l&rsquo;intelligence artificielle (IA) sur le site de Stein\u00e4cker. Le projet, port\u00e9 par l&rsquo;Innovation Park Artificial Intelligence (IPAI), promet de devenir le plus grand \u00e9cosyst\u00e8me d&rsquo;IA en Europe. D\u00e9couvrez les d\u00e9tails de ce nouveau quartier qui [&hellip;]\" \/>\n<meta property=\"og:url\" content=\"https:\/\/territorialchallenges.com\/nl\/2024\/03\/05\/allemagne-le-quartier-europeen-de-lia-du-futur-a-heilbronn\/122399\/\" \/>\n<meta property=\"og:site_name\" content=\"Territorial Challenges\" \/>\n<meta property=\"article:published_time\" content=\"2024-03-05T20:31:35+00:00\" \/>\n<meta property=\"article:modified_time\" content=\"2024-03-05T20:32:21+00:00\" \/>\n<meta property=\"og:image\" content=\"https:\/\/territorialchallenges.com\/wp-content\/uploads\/2024\/03\/IlsestpasseaPhoto.jpg\" \/>\n\t<meta property=\"og:image:width\" content=\"1280\" \/>\n\t<meta property=\"og:image:height\" content=\"960\" \/>\n\t<meta property=\"og:image:type\" content=\"image\/jpeg\" \/>\n<meta name=\"author\" content=\"ni.abdi\" \/>\n<meta name=\"twitter:card\" content=\"summary_large_image\" \/>\n<meta name=\"twitter:creator\" content=\"@Ni.abdi\" \/>\n<meta name=\"twitter:label1\" content=\"Geschreven door\" \/>\n\t<meta name=\"twitter:data1\" content=\"ni.abdi\" \/>\n\t<meta name=\"twitter:label2\" content=\"Geschatte leestijd\" \/>\n\t<meta name=\"twitter:data2\" content=\"3 minuten\" \/>\n<script type=\"application\/ld+json\" class=\"yoast-schema-graph\">{\"@context\":\"https:\/\/schema.org\",\"@graph\":[{\"@type\":\"Article\",\"@id\":\"https:\/\/territorialchallenges.com\/2024\/03\/05\/allemagne-le-quartier-europeen-de-lia-du-futur-a-heilbronn\/122399\/#article\",\"isPartOf\":{\"@id\":\"https:\/\/territorialchallenges.com\/2024\/03\/05\/allemagne-le-quartier-europeen-de-lia-du-futur-a-heilbronn\/122399\/\"},\"author\":{\"name\":\"ni.abdi\",\"@id\":\"https:\/\/territorialchallenges.com\/#\/schema\/person\/098f145c7c61a021c425e010f840080f\"},\"headline\":\"Allemagne: le quartier europ\u00e9en de l&rsquo;IA du futur \u00e0 Heilbronn\",\"datePublished\":\"2024-03-05T20:31:35+00:00\",\"dateModified\":\"2024-03-05T20:32:21+00:00\",\"mainEntityOfPage\":{\"@id\":\"https:\/\/territorialchallenges.com\/2024\/03\/05\/allemagne-le-quartier-europeen-de-lia-du-futur-a-heilbronn\/122399\/\"},\"wordCount\":624,\"publisher\":{\"@id\":\"https:\/\/territorialchallenges.com\/#organization\"},\"articleSection\":[\"Il s'est pass\u00e9 \u00e0\",\"\u00c9cosyst\u00e8me\"],\"inLanguage\":\"nl-NL\"},{\"@type\":\"WebPage\",\"@id\":\"https:\/\/territorialchallenges.com\/2024\/03\/05\/allemagne-le-quartier-europeen-de-lia-du-futur-a-heilbronn\/122399\/\",\"url\":\"https:\/\/territorialchallenges.com\/2024\/03\/05\/allemagne-le-quartier-europeen-de-lia-du-futur-a-heilbronn\/122399\/\",\"name\":\"Allemagne: le quartier europ\u00e9en de l'IA du futur \u00e0 Heilbronn - Territorial Challenges\",\"isPartOf\":{\"@id\":\"https:\/\/territorialchallenges.com\/#website\"},\"datePublished\":\"2024-03-05T20:31:35+00:00\",\"dateModified\":\"2024-03-05T20:32:21+00:00\",\"breadcrumb\":{\"@id\":\"https:\/\/territorialchallenges.com\/2024\/03\/05\/allemagne-le-quartier-europeen-de-lia-du-futur-a-heilbronn\/122399\/#breadcrumb\"},\"inLanguage\":\"nl-NL\",\"potentialAction\":[{\"@type\":\"ReadAction\",\"target\":[\"https:\/\/territorialchallenges.com\/2024\/03\/05\/allemagne-le-quartier-europeen-de-lia-du-futur-a-heilbronn\/122399\/\"]}]},{\"@type\":\"BreadcrumbList\",\"@id\":\"https:\/\/territorialchallenges.com\/2024\/03\/05\/allemagne-le-quartier-europeen-de-lia-du-futur-a-heilbronn\/122399\/#breadcrumb\",\"itemListElement\":[{\"@type\":\"ListItem\",\"position\":1,\"name\":\"Home\",\"item\":\"https:\/\/territorialchallenges.com\/\"},{\"@type\":\"ListItem\",\"position\":2,\"name\":\"Allemagne: le quartier europ\u00e9en de l&rsquo;IA du futur \u00e0 Heilbronn\"}]},{\"@type\":\"WebSite\",\"@id\":\"https:\/\/territorialchallenges.com\/#website\",\"url\":\"https:\/\/territorialchallenges.com\/\",\"name\":\"Territorial Challenges\",\"description\":\"Veille Internationale - Strat\u00e9gie Intelligentes - Bonnes pratiques\",\"publisher\":{\"@id\":\"https:\/\/territorialchallenges.com\/#organization\"},\"potentialAction\":[{\"@type\":\"SearchAction\",\"target\":{\"@type\":\"EntryPoint\",\"urlTemplate\":\"https:\/\/territorialchallenges.com\/?s={search_term_string}\"},\"query-input\":\"required name=search_term_string\"}],\"inLanguage\":\"nl-NL\"},{\"@type\":\"Organization\",\"@id\":\"https:\/\/territorialchallenges.com\/#organization\",\"name\":\"Territorial Challenges\",\"url\":\"https:\/\/territorialchallenges.com\/\",\"logo\":{\"@type\":\"ImageObject\",\"inLanguage\":\"nl-NL\",\"@id\":\"https:\/\/territorialchallenges.com\/#\/schema\/logo\/image\/\",\"url\":\"https:\/\/territorialchallenges.com\/wp-content\/uploads\/2023\/10\/logo-1.png\",\"contentUrl\":\"https:\/\/territorialchallenges.com\/wp-content\/uploads\/2023\/10\/logo-1.png\",\"width\":1832,\"height\":576,\"caption\":\"Territorial Challenges\"},\"image\":{\"@id\":\"https:\/\/territorialchallenges.com\/#\/schema\/logo\/image\/\"}},{\"@type\":\"Person\",\"@id\":\"https:\/\/territorialchallenges.com\/#\/schema\/person\/098f145c7c61a021c425e010f840080f\",\"name\":\"ni.abdi\",\"image\":{\"@type\":\"ImageObject\",\"inLanguage\":\"nl-NL\",\"@id\":\"https:\/\/territorialchallenges.com\/#\/schema\/person\/image\/\",\"url\":\"https:\/\/secure.gravatar.com\/avatar\/2a2f2491f3c80039986ba989b1e4b510?s=96&d=identicon&r=g\",\"contentUrl\":\"https:\/\/secure.gravatar.com\/avatar\/2a2f2491f3c80039986ba989b1e4b510?s=96&d=identicon&r=g\",\"caption\":\"ni.abdi\"},\"sameAs\":[\"https:\/\/twitter.com\/Ni.abdi\"],\"url\":\"https:\/\/territorialchallenges.com\/nl\/author\/ni-abdi\/\"}]}<\/script>\n<!-- \/ Yoast SEO plugin. -->","yoast_head_json":{"title":"Allemagne: le quartier europ\u00e9en de l'IA du futur \u00e0 Heilbronn - Territorial Challenges","robots":{"index":"index","follow":"follow","max-snippet":"max-snippet:-1","max-image-preview":"max-image-preview:large","max-video-preview":"max-video-preview:-1"},"canonical":"https:\/\/territorialchallenges.com\/nl\/2024\/03\/05\/allemagne-le-quartier-europeen-de-lia-du-futur-a-heilbronn\/122399\/","og_locale":"nl_NL","og_type":"article","og_title":"Allemagne: le quartier europ\u00e9en de l'IA du futur \u00e0 Heilbronn - Territorial Challenges","og_description":"\u00c0 partir de 2024, la ville de Heilbronn au nord de Stuttgart, accueillera un \u00e9cosyst\u00e8me international et novateur d\u00e9di\u00e9 \u00e0 l&rsquo;intelligence artificielle (IA) sur le site de Stein\u00e4cker. Le projet, port\u00e9 par l&rsquo;Innovation Park Artificial Intelligence (IPAI), promet de devenir le plus grand \u00e9cosyst\u00e8me d&rsquo;IA en Europe. D\u00e9couvrez les d\u00e9tails de ce nouveau quartier qui [&hellip;]","og_url":"https:\/\/territorialchallenges.com\/nl\/2024\/03\/05\/allemagne-le-quartier-europeen-de-lia-du-futur-a-heilbronn\/122399\/","og_site_name":"Territorial Challenges","article_published_time":"2024-03-05T20:31:35+00:00","article_modified_time":"2024-03-05T20:32:21+00:00","og_image":[{"width":1280,"height":960,"url":"https:\/\/territorialchallenges.com\/wp-content\/uploads\/2024\/03\/IlsestpasseaPhoto.jpg","type":"image\/jpeg"}],"author":"ni.abdi","twitter_card":"summary_large_image","twitter_creator":"@Ni.abdi","twitter_misc":{"Geschreven door":"ni.abdi","Geschatte leestijd":"3 minuten"},"schema":{"@context":"https:\/\/schema.org","@graph":[{"@type":"Article","@id":"https:\/\/territorialchallenges.com\/2024\/03\/05\/allemagne-le-quartier-europeen-de-lia-du-futur-a-heilbronn\/122399\/#article","isPartOf":{"@id":"https:\/\/territorialchallenges.com\/2024\/03\/05\/allemagne-le-quartier-europeen-de-lia-du-futur-a-heilbronn\/122399\/"},"author":{"name":"ni.abdi","@id":"https:\/\/territorialchallenges.com\/#\/schema\/person\/098f145c7c61a021c425e010f840080f"},"headline":"Allemagne: le quartier europ\u00e9en de l&rsquo;IA du futur \u00e0 Heilbronn","datePublished":"2024-03-05T20:31:35+00:00","dateModified":"2024-03-05T20:32:21+00:00","mainEntityOfPage":{"@id":"https:\/\/territorialchallenges.com\/2024\/03\/05\/allemagne-le-quartier-europeen-de-lia-du-futur-a-heilbronn\/122399\/"},"wordCount":624,"publisher":{"@id":"https:\/\/territorialchallenges.com\/#organization"},"articleSection":["Il s'est pass\u00e9 \u00e0","\u00c9cosyst\u00e8me"],"inLanguage":"nl-NL"},{"@type":"WebPage","@id":"https:\/\/territorialchallenges.com\/2024\/03\/05\/allemagne-le-quartier-europeen-de-lia-du-futur-a-heilbronn\/122399\/","url":"https:\/\/territorialchallenges.com\/2024\/03\/05\/allemagne-le-quartier-europeen-de-lia-du-futur-a-heilbronn\/122399\/","name":"Allemagne: le quartier europ\u00e9en de l'IA du futur \u00e0 Heilbronn - Territorial Challenges","isPartOf":{"@id":"https:\/\/territorialchallenges.com\/#website"},"datePublished":"2024-03-05T20:31:35+00:00","dateModified":"2024-03-05T20:32:21+00:00","breadcrumb":{"@id":"https:\/\/territorialchallenges.com\/2024\/03\/05\/allemagne-le-quartier-europeen-de-lia-du-futur-a-heilbronn\/122399\/#breadcrumb"},"inLanguage":"nl-NL","potentialAction":[{"@type":"ReadAction","target":["https:\/\/territorialchallenges.com\/2024\/03\/05\/allemagne-le-quartier-europeen-de-lia-du-futur-a-heilbronn\/122399\/"]}]},{"@type":"BreadcrumbList","@id":"https:\/\/territorialchallenges.com\/2024\/03\/05\/allemagne-le-quartier-europeen-de-lia-du-futur-a-heilbronn\/122399\/#breadcrumb","itemListElement":[{"@type":"ListItem","position":1,"name":"Home","item":"https:\/\/territorialchallenges.com\/"},{"@type":"ListItem","position":2,"name":"Allemagne: le quartier europ\u00e9en de l&rsquo;IA du futur \u00e0 Heilbronn"}]},{"@type":"WebSite","@id":"https:\/\/territorialchallenges.com\/#website","url":"https:\/\/territorialchallenges.com\/","name":"Territoriale uitdagingen","description":"Internationale monitoring - Slimme strategie\u00ebn - Beste praktijken","publisher":{"@id":"https:\/\/territorialchallenges.com\/#organization"},"potentialAction":[{"@type":"SearchAction","target":{"@type":"EntryPoint","urlTemplate":"https:\/\/territorialchallenges.com\/?s={search_term_string}"},"query-input":"required name=search_term_string"}],"inLanguage":"nl-NL"},{"@type":"Organization","@id":"https:\/\/territorialchallenges.com\/#organization","name":"Territoriale uitdagingen","url":"https:\/\/territorialchallenges.com\/","logo":{"@type":"ImageObject","inLanguage":"nl-NL","@id":"https:\/\/territorialchallenges.com\/#\/schema\/logo\/image\/","url":"https:\/\/territorialchallenges.com\/wp-content\/uploads\/2023\/10\/logo-1.png","contentUrl":"https:\/\/territorialchallenges.com\/wp-content\/uploads\/2023\/10\/logo-1.png","width":1832,"height":576,"caption":"Territorial Challenges"},"image":{"@id":"https:\/\/territorialchallenges.com\/#\/schema\/logo\/image\/"}},{"@type":"Person","@id":"https:\/\/territorialchallenges.com\/#\/schema\/person\/098f145c7c61a021c425e010f840080f","name":"ni.abdi","image":{"@type":"ImageObject","inLanguage":"nl-NL","@id":"https:\/\/territorialchallenges.com\/#\/schema\/person\/image\/","url":"https:\/\/secure.gravatar.com\/avatar\/2a2f2491f3c80039986ba989b1e4b510?s=96&d=identicon&r=g","contentUrl":"https:\/\/secure.gravatar.com\/avatar\/2a2f2491f3c80039986ba989b1e4b510?s=96&d=identicon&r=g","caption":"ni.abdi"},"sameAs":["https:\/\/twitter.com\/Ni.abdi"],"url":"https:\/\/territorialchallenges.com\/nl\/author\/ni-abdi\/"}]}},"_links":{"self":[{"href":"https:\/\/territorialchallenges.com\/nl\/wp-json\/wp\/v2\/posts\/122399"}],"collection":[{"href":"https:\/\/territorialchallenges.com\/nl\/wp-json\/wp\/v2\/posts"}],"about":[{"href":"https:\/\/territorialchallenges.com\/nl\/wp-json\/wp\/v2\/types\/post"}],"author":[{"embeddable":true,"href":"https:\/\/territorialchallenges.com\/nl\/wp-json\/wp\/v2\/users\/11"}],"replies":[{"embeddable":true,"href":"https:\/\/territorialchallenges.com\/nl\/wp-json\/wp\/v2\/comments?post=122399"}],"version-history":[{"count":2,"href":"https:\/\/territorialchallenges.com\/nl\/wp-json\/wp\/v2\/posts\/122399\/revisions"}],"predecessor-version":[{"id":122402,"href":"https:\/\/territorialchallenges.com\/nl\/wp-json\/wp\/v2\/posts\/122399\/revisions\/122402"}],"wp:featuredmedia":[{"embeddable":true,"href":"https:\/\/territorialchallenges.com\/nl\/wp-json\/wp\/v2\/media\/122400"}],"wp:attachment":[{"href":"https:\/\/territorialchallenges.com\/nl\/wp-json\/wp\/v2\/media?parent=122399"}],"wp:term":[{"taxonomy":"category","embeddable":true,"href":"https:\/\/territorialchallenges.com\/nl\/wp-json\/wp\/v2\/categories?post=122399"},{"taxonomy":"post_tag","embeddable":true,"href":"https:\/\/territorialchallenges.com\/nl\/wp-json\/wp\/v2\/tags?post=122399"}],"curies":[{"name":"wp","href":"https:\/\/api.w.org\/{rel}","templated":true}]}}