{"id":122391,"date":"2024-03-05T21:18:49","date_gmt":"2024-03-05T20:18:49","guid":{"rendered":"https:\/\/territorialchallenges.com\/?p=122391"},"modified":"2024-03-05T21:18:51","modified_gmt":"2024-03-05T20:18:51","slug":"lia-industrielle-un-imperatif-pour-le-developpement-economique-des-collectivites","status":"publish","type":"post","link":"https:\/\/territorialchallenges.com\/nl\/2024\/03\/05\/lia-industrielle-un-imperatif-pour-le-developpement-economique-des-collectivites\/122391\/","title":{"rendered":"Industri\u00eble AI: een noodzaak voor de economische ontwikkeling van gemeenschappen"},"content":{"rendered":"<p>In een constant veranderende wereld blijkt industri\u00eble kunstmatige intelligentie (AI) de drijvende kracht te zijn achter een diepgaande transformatie van de industrie. De impact ervan reikt verder dan de grenzen van bedrijven en reikt tot het beleid van lokale overheden. Het huidige industri\u00eble landschap ondergaat een radicale metamorfose dankzij de integratie van kunstmatige intelligentie (AI). Deze revolutie, gedreven door technologie\u00ebn zoals... <\/p>\n<div class=\"pmpro_content_message\">Artikel alleen beschikbaar voor abonnees.<br \/><a href=\"https:\/\/territorialchallenges.com\/wp-login.php\">Login<\/a><br \/><a href=\"https:\/\/territorialchallenges.com\/nl\/wp-login.php\/?action=register\">Register<\/a><\/div>","protected":false},"excerpt":{"rendered":"<p>Dans un monde en perp\u00e9tuelle \u00e9volution, l&rsquo;intelligence artificielle (IA) industrielle se r\u00e9v\u00e8le \u00eatre le moteur d&rsquo;une transformation profonde de l&rsquo;industrie. Au-del\u00e0 des fronti\u00e8res des entreprises, son impact s&rsquo;\u00e9tend aux politiques publiques des collectivit\u00e9s. Le paysage industriel actuel subit une m\u00e9tamorphose radicale gr\u00e2ce \u00e0 l&rsquo;int\u00e9gration de l&rsquo;Intelligence Artificielle (IA). Cette r\u00e9volution, propuls\u00e9e par des technologies telles... <\/p>\n<div class=\"pmpro_content_message\">Artikel alleen beschikbaar voor abonnees.<br \/><a href=\"https:\/\/territorialchallenges.com\/wp-login.php\">Login<\/a><br \/><a href=\"https:\/\/territorialchallenges.com\/nl\/wp-login.php\/?action=register\">Register<\/a><\/div>","protected":false},"author":11,"featured_media":122385,"comment_status":"closed","ping_status":"closed","sticky":true,"template":"","format":"standard","meta":{"pmpro_default_level":0,"footnotes":""},"categories":[17,124],"tags":[],"blocksy_meta":"","yoast_head":"<!-- This site is optimized with the Yoast SEO plugin v21.5 - https:\/\/yoast.com\/wordpress\/plugins\/seo\/ -->\n<title>L&#039;IA industrielle : un imp\u00e9ratif pour le d\u00e9veloppement \u00e9conomique des collectivit\u00e9s - Territorial Challenges<\/title>\n<meta name=\"robots\" content=\"index, follow, max-snippet:-1, max-image-preview:large, max-video-preview:-1\" \/>\n<link rel=\"canonical\" href=\"https:\/\/territorialchallenges.com\/nl\/2024\/03\/05\/lia-industrielle-un-imperatif-pour-le-developpement-economique-des-collectivites\/122391\/\" \/>\n<meta property=\"og:locale\" content=\"nl_NL\" \/>\n<meta property=\"og:type\" content=\"article\" \/>\n<meta property=\"og:title\" content=\"L&#039;IA industrielle : un imp\u00e9ratif pour le d\u00e9veloppement \u00e9conomique des collectivit\u00e9s - Territorial Challenges\" \/>\n<meta property=\"og:description\" content=\"Dans un monde en perp\u00e9tuelle \u00e9volution, l&rsquo;intelligence artificielle (IA) industrielle se r\u00e9v\u00e8le \u00eatre le moteur d&rsquo;une transformation profonde de l&rsquo;industrie. Au-del\u00e0 des fronti\u00e8res des entreprises, son impact s&rsquo;\u00e9tend aux politiques publiques des collectivit\u00e9s. Le paysage industriel actuel subit une m\u00e9tamorphose radicale gr\u00e2ce \u00e0 l&rsquo;int\u00e9gration de l&rsquo;Intelligence Artificielle (IA). Cette r\u00e9volution, propuls\u00e9e par des technologies telles [&hellip;]\" \/>\n<meta property=\"og:url\" content=\"https:\/\/territorialchallenges.com\/nl\/2024\/03\/05\/lia-industrielle-un-imperatif-pour-le-developpement-economique-des-collectivites\/122391\/\" \/>\n<meta property=\"og:site_name\" content=\"Territorial Challenges\" \/>\n<meta property=\"article:published_time\" content=\"2024-03-05T20:18:49+00:00\" \/>\n<meta property=\"article:modified_time\" content=\"2024-03-05T20:18:51+00:00\" \/>\n<meta property=\"og:image\" content=\"https:\/\/territorialchallenges.com\/wp-content\/uploads\/2024\/03\/industrie4.0.04.03Photo.jpg\" \/>\n\t<meta property=\"og:image:width\" content=\"1280\" \/>\n\t<meta property=\"og:image:height\" content=\"853\" \/>\n\t<meta property=\"og:image:type\" content=\"image\/jpeg\" \/>\n<meta name=\"author\" content=\"ni.abdi\" \/>\n<meta name=\"twitter:card\" content=\"summary_large_image\" \/>\n<meta name=\"twitter:creator\" content=\"@Ni.abdi\" \/>\n<meta name=\"twitter:label1\" content=\"Geschreven door\" \/>\n\t<meta name=\"twitter:data1\" content=\"ni.abdi\" \/>\n\t<meta name=\"twitter:label2\" content=\"Geschatte leestijd\" \/>\n\t<meta name=\"twitter:data2\" content=\"3 minuten\" \/>\n<script type=\"application\/ld+json\" class=\"yoast-schema-graph\">{\"@context\":\"https:\/\/schema.org\",\"@graph\":[{\"@type\":\"Article\",\"@id\":\"https:\/\/territorialchallenges.com\/2024\/03\/05\/lia-industrielle-un-imperatif-pour-le-developpement-economique-des-collectivites\/122391\/#article\",\"isPartOf\":{\"@id\":\"https:\/\/territorialchallenges.com\/2024\/03\/05\/lia-industrielle-un-imperatif-pour-le-developpement-economique-des-collectivites\/122391\/\"},\"author\":{\"name\":\"ni.abdi\",\"@id\":\"https:\/\/territorialchallenges.com\/#\/schema\/person\/098f145c7c61a021c425e010f840080f\"},\"headline\":\"L&rsquo;IA industrielle : un imp\u00e9ratif pour le d\u00e9veloppement \u00e9conomique des collectivit\u00e9s\",\"datePublished\":\"2024-03-05T20:18:49+00:00\",\"dateModified\":\"2024-03-05T20:18:51+00:00\",\"mainEntityOfPage\":{\"@id\":\"https:\/\/territorialchallenges.com\/2024\/03\/05\/lia-industrielle-un-imperatif-pour-le-developpement-economique-des-collectivites\/122391\/\"},\"wordCount\":600,\"publisher\":{\"@id\":\"https:\/\/territorialchallenges.com\/#organization\"},\"articleSection\":[\"Industrie 5.0\",\"Actualit\u00e9 internationale\"],\"inLanguage\":\"nl-NL\"},{\"@type\":\"WebPage\",\"@id\":\"https:\/\/territorialchallenges.com\/2024\/03\/05\/lia-industrielle-un-imperatif-pour-le-developpement-economique-des-collectivites\/122391\/\",\"url\":\"https:\/\/territorialchallenges.com\/2024\/03\/05\/lia-industrielle-un-imperatif-pour-le-developpement-economique-des-collectivites\/122391\/\",\"name\":\"L'IA industrielle : un imp\u00e9ratif pour le d\u00e9veloppement \u00e9conomique des collectivit\u00e9s - Territorial Challenges\",\"isPartOf\":{\"@id\":\"https:\/\/territorialchallenges.com\/#website\"},\"datePublished\":\"2024-03-05T20:18:49+00:00\",\"dateModified\":\"2024-03-05T20:18:51+00:00\",\"breadcrumb\":{\"@id\":\"https:\/\/territorialchallenges.com\/2024\/03\/05\/lia-industrielle-un-imperatif-pour-le-developpement-economique-des-collectivites\/122391\/#breadcrumb\"},\"inLanguage\":\"nl-NL\",\"potentialAction\":[{\"@type\":\"ReadAction\",\"target\":[\"https:\/\/territorialchallenges.com\/2024\/03\/05\/lia-industrielle-un-imperatif-pour-le-developpement-economique-des-collectivites\/122391\/\"]}]},{\"@type\":\"BreadcrumbList\",\"@id\":\"https:\/\/territorialchallenges.com\/2024\/03\/05\/lia-industrielle-un-imperatif-pour-le-developpement-economique-des-collectivites\/122391\/#breadcrumb\",\"itemListElement\":[{\"@type\":\"ListItem\",\"position\":1,\"name\":\"Home\",\"item\":\"https:\/\/territorialchallenges.com\/\"},{\"@type\":\"ListItem\",\"position\":2,\"name\":\"L&rsquo;IA industrielle : un imp\u00e9ratif pour le d\u00e9veloppement \u00e9conomique des collectivit\u00e9s\"}]},{\"@type\":\"WebSite\",\"@id\":\"https:\/\/territorialchallenges.com\/#website\",\"url\":\"https:\/\/territorialchallenges.com\/\",\"name\":\"Territorial Challenges\",\"description\":\"Veille Internationale - Strat\u00e9gie Intelligentes - Bonnes pratiques\",\"publisher\":{\"@id\":\"https:\/\/territorialchallenges.com\/#organization\"},\"potentialAction\":[{\"@type\":\"SearchAction\",\"target\":{\"@type\":\"EntryPoint\",\"urlTemplate\":\"https:\/\/territorialchallenges.com\/?s={search_term_string}\"},\"query-input\":\"required name=search_term_string\"}],\"inLanguage\":\"nl-NL\"},{\"@type\":\"Organization\",\"@id\":\"https:\/\/territorialchallenges.com\/#organization\",\"name\":\"Territorial Challenges\",\"url\":\"https:\/\/territorialchallenges.com\/\",\"logo\":{\"@type\":\"ImageObject\",\"inLanguage\":\"nl-NL\",\"@id\":\"https:\/\/territorialchallenges.com\/#\/schema\/logo\/image\/\",\"url\":\"https:\/\/territorialchallenges.com\/wp-content\/uploads\/2023\/10\/logo-1.png\",\"contentUrl\":\"https:\/\/territorialchallenges.com\/wp-content\/uploads\/2023\/10\/logo-1.png\",\"width\":1832,\"height\":576,\"caption\":\"Territorial Challenges\"},\"image\":{\"@id\":\"https:\/\/territorialchallenges.com\/#\/schema\/logo\/image\/\"}},{\"@type\":\"Person\",\"@id\":\"https:\/\/territorialchallenges.com\/#\/schema\/person\/098f145c7c61a021c425e010f840080f\",\"name\":\"ni.abdi\",\"image\":{\"@type\":\"ImageObject\",\"inLanguage\":\"nl-NL\",\"@id\":\"https:\/\/territorialchallenges.com\/#\/schema\/person\/image\/\",\"url\":\"https:\/\/secure.gravatar.com\/avatar\/2a2f2491f3c80039986ba989b1e4b510?s=96&d=identicon&r=g\",\"contentUrl\":\"https:\/\/secure.gravatar.com\/avatar\/2a2f2491f3c80039986ba989b1e4b510?s=96&d=identicon&r=g\",\"caption\":\"ni.abdi\"},\"sameAs\":[\"https:\/\/twitter.com\/Ni.abdi\"],\"url\":\"https:\/\/territorialchallenges.com\/nl\/author\/ni-abdi\/\"}]}<\/script>\n<!-- \/ Yoast SEO plugin. -->","yoast_head_json":{"title":"L'IA industrielle : un imp\u00e9ratif pour le d\u00e9veloppement \u00e9conomique des collectivit\u00e9s - Territorial Challenges","robots":{"index":"index","follow":"follow","max-snippet":"max-snippet:-1","max-image-preview":"max-image-preview:large","max-video-preview":"max-video-preview:-1"},"canonical":"https:\/\/territorialchallenges.com\/nl\/2024\/03\/05\/lia-industrielle-un-imperatif-pour-le-developpement-economique-des-collectivites\/122391\/","og_locale":"nl_NL","og_type":"article","og_title":"L'IA industrielle : un imp\u00e9ratif pour le d\u00e9veloppement \u00e9conomique des collectivit\u00e9s - Territorial Challenges","og_description":"Dans un monde en perp\u00e9tuelle \u00e9volution, l&rsquo;intelligence artificielle (IA) industrielle se r\u00e9v\u00e8le \u00eatre le moteur d&rsquo;une transformation profonde de l&rsquo;industrie. Au-del\u00e0 des fronti\u00e8res des entreprises, son impact s&rsquo;\u00e9tend aux politiques publiques des collectivit\u00e9s. Le paysage industriel actuel subit une m\u00e9tamorphose radicale gr\u00e2ce \u00e0 l&rsquo;int\u00e9gration de l&rsquo;Intelligence Artificielle (IA). Cette r\u00e9volution, propuls\u00e9e par des technologies telles [&hellip;]","og_url":"https:\/\/territorialchallenges.com\/nl\/2024\/03\/05\/lia-industrielle-un-imperatif-pour-le-developpement-economique-des-collectivites\/122391\/","og_site_name":"Territorial Challenges","article_published_time":"2024-03-05T20:18:49+00:00","article_modified_time":"2024-03-05T20:18:51+00:00","og_image":[{"width":1280,"height":853,"url":"https:\/\/territorialchallenges.com\/wp-content\/uploads\/2024\/03\/industrie4.0.04.03Photo.jpg","type":"image\/jpeg"}],"author":"ni.abdi","twitter_card":"summary_large_image","twitter_creator":"@Ni.abdi","twitter_misc":{"Geschreven door":"ni.abdi","Geschatte leestijd":"3 minuten"},"schema":{"@context":"https:\/\/schema.org","@graph":[{"@type":"Article","@id":"https:\/\/territorialchallenges.com\/2024\/03\/05\/lia-industrielle-un-imperatif-pour-le-developpement-economique-des-collectivites\/122391\/#article","isPartOf":{"@id":"https:\/\/territorialchallenges.com\/2024\/03\/05\/lia-industrielle-un-imperatif-pour-le-developpement-economique-des-collectivites\/122391\/"},"author":{"name":"ni.abdi","@id":"https:\/\/territorialchallenges.com\/#\/schema\/person\/098f145c7c61a021c425e010f840080f"},"headline":"L&rsquo;IA industrielle : un imp\u00e9ratif pour le d\u00e9veloppement \u00e9conomique des collectivit\u00e9s","datePublished":"2024-03-05T20:18:49+00:00","dateModified":"2024-03-05T20:18:51+00:00","mainEntityOfPage":{"@id":"https:\/\/territorialchallenges.com\/2024\/03\/05\/lia-industrielle-un-imperatif-pour-le-developpement-economique-des-collectivites\/122391\/"},"wordCount":600,"publisher":{"@id":"https:\/\/territorialchallenges.com\/#organization"},"articleSection":["Industrie 5.0","Actualit\u00e9 internationale"],"inLanguage":"nl-NL"},{"@type":"WebPage","@id":"https:\/\/territorialchallenges.com\/2024\/03\/05\/lia-industrielle-un-imperatif-pour-le-developpement-economique-des-collectivites\/122391\/","url":"https:\/\/territorialchallenges.com\/2024\/03\/05\/lia-industrielle-un-imperatif-pour-le-developpement-economique-des-collectivites\/122391\/","name":"L'IA industrielle : un imp\u00e9ratif pour le d\u00e9veloppement \u00e9conomique des collectivit\u00e9s - Territorial Challenges","isPartOf":{"@id":"https:\/\/territorialchallenges.com\/#website"},"datePublished":"2024-03-05T20:18:49+00:00","dateModified":"2024-03-05T20:18:51+00:00","breadcrumb":{"@id":"https:\/\/territorialchallenges.com\/2024\/03\/05\/lia-industrielle-un-imperatif-pour-le-developpement-economique-des-collectivites\/122391\/#breadcrumb"},"inLanguage":"nl-NL","potentialAction":[{"@type":"ReadAction","target":["https:\/\/territorialchallenges.com\/2024\/03\/05\/lia-industrielle-un-imperatif-pour-le-developpement-economique-des-collectivites\/122391\/"]}]},{"@type":"BreadcrumbList","@id":"https:\/\/territorialchallenges.com\/2024\/03\/05\/lia-industrielle-un-imperatif-pour-le-developpement-economique-des-collectivites\/122391\/#breadcrumb","itemListElement":[{"@type":"ListItem","position":1,"name":"Home","item":"https:\/\/territorialchallenges.com\/"},{"@type":"ListItem","position":2,"name":"L&rsquo;IA industrielle : un imp\u00e9ratif pour le d\u00e9veloppement \u00e9conomique des collectivit\u00e9s"}]},{"@type":"WebSite","@id":"https:\/\/territorialchallenges.com\/#website","url":"https:\/\/territorialchallenges.com\/","name":"Territoriale uitdagingen","description":"Internationale monitoring - Slimme strategie\u00ebn - Beste praktijken","publisher":{"@id":"https:\/\/territorialchallenges.com\/#organization"},"potentialAction":[{"@type":"SearchAction","target":{"@type":"EntryPoint","urlTemplate":"https:\/\/territorialchallenges.com\/?s={search_term_string}"},"query-input":"required name=search_term_string"}],"inLanguage":"nl-NL"},{"@type":"Organization","@id":"https:\/\/territorialchallenges.com\/#organization","name":"Territoriale uitdagingen","url":"https:\/\/territorialchallenges.com\/","logo":{"@type":"ImageObject","inLanguage":"nl-NL","@id":"https:\/\/territorialchallenges.com\/#\/schema\/logo\/image\/","url":"https:\/\/territorialchallenges.com\/wp-content\/uploads\/2023\/10\/logo-1.png","contentUrl":"https:\/\/territorialchallenges.com\/wp-content\/uploads\/2023\/10\/logo-1.png","width":1832,"height":576,"caption":"Territorial Challenges"},"image":{"@id":"https:\/\/territorialchallenges.com\/#\/schema\/logo\/image\/"}},{"@type":"Person","@id":"https:\/\/territorialchallenges.com\/#\/schema\/person\/098f145c7c61a021c425e010f840080f","name":"ni.abdi","image":{"@type":"ImageObject","inLanguage":"nl-NL","@id":"https:\/\/territorialchallenges.com\/#\/schema\/person\/image\/","url":"https:\/\/secure.gravatar.com\/avatar\/2a2f2491f3c80039986ba989b1e4b510?s=96&d=identicon&r=g","contentUrl":"https:\/\/secure.gravatar.com\/avatar\/2a2f2491f3c80039986ba989b1e4b510?s=96&d=identicon&r=g","caption":"ni.abdi"},"sameAs":["https:\/\/twitter.com\/Ni.abdi"],"url":"https:\/\/territorialchallenges.com\/nl\/author\/ni-abdi\/"}]}},"_links":{"self":[{"href":"https:\/\/territorialchallenges.com\/nl\/wp-json\/wp\/v2\/posts\/122391"}],"collection":[{"href":"https:\/\/territorialchallenges.com\/nl\/wp-json\/wp\/v2\/posts"}],"about":[{"href":"https:\/\/territorialchallenges.com\/nl\/wp-json\/wp\/v2\/types\/post"}],"author":[{"embeddable":true,"href":"https:\/\/territorialchallenges.com\/nl\/wp-json\/wp\/v2\/users\/11"}],"replies":[{"embeddable":true,"href":"https:\/\/territorialchallenges.com\/nl\/wp-json\/wp\/v2\/comments?post=122391"}],"version-history":[{"count":1,"href":"https:\/\/territorialchallenges.com\/nl\/wp-json\/wp\/v2\/posts\/122391\/revisions"}],"predecessor-version":[{"id":122392,"href":"https:\/\/territorialchallenges.com\/nl\/wp-json\/wp\/v2\/posts\/122391\/revisions\/122392"}],"wp:featuredmedia":[{"embeddable":true,"href":"https:\/\/territorialchallenges.com\/nl\/wp-json\/wp\/v2\/media\/122385"}],"wp:attachment":[{"href":"https:\/\/territorialchallenges.com\/nl\/wp-json\/wp\/v2\/media?parent=122391"}],"wp:term":[{"taxonomy":"category","embeddable":true,"href":"https:\/\/territorialchallenges.com\/nl\/wp-json\/wp\/v2\/categories?post=122391"},{"taxonomy":"post_tag","embeddable":true,"href":"https:\/\/territorialchallenges.com\/nl\/wp-json\/wp\/v2\/tags?post=122391"}],"curies":[{"name":"wp","href":"https:\/\/api.w.org\/{rel}","templated":true}]}}