{"id":122323,"date":"2024-02-19T23:43:59","date_gmt":"2024-02-19T22:43:59","guid":{"rendered":"https:\/\/territorialchallenges.com\/?p=122323"},"modified":"2024-02-19T23:44:40","modified_gmt":"2024-02-19T22:44:40","slug":"geelong-la-ville-darbres-intelligente-une-odyssee-vers-linnovation-durable","status":"publish","type":"post","link":"https:\/\/territorialchallenges.com\/nl\/2024\/02\/19\/geelong-la-ville-darbres-intelligente-une-odyssee-vers-linnovation-durable\/122323\/","title":{"rendered":"Geelong, de slimme bomenstad: een odyssee naar duurzame innovatie"},"content":{"rendered":"<p>De stad Greater Geelong, gelegen in het zuiden van Victoria, Australi\u00eb, is bekend om haar visionaire fusie in 1994, waarbij de graafschappen Barrabool, Bannockburn, Bellarine en Corio, en de steden Geelong, Geelong West, Newtown en South Barwon werden samengevoegd. Met een bevolking van 271.057 inwoners staat Geelong niet alleen bekend om zijn verleden\u2026 <\/p>\n<div class=\"pmpro_content_message\">Artikel alleen beschikbaar voor abonnees.<br \/><a href=\"https:\/\/territorialchallenges.com\/wp-login.php\">Login<\/a><br \/><a href=\"https:\/\/territorialchallenges.com\/nl\/wp-login.php\/?action=register\">Register<\/a><\/div>","protected":false},"excerpt":{"rendered":"<p>Situ\u00e9e dans le sud du Victoria en Australie, la Ville du Grand Geelong se distingue par sa fusion visionnaire en 1994, regroupant les comt\u00e9s de Barrabool, Bannockburn, Bellarine, Corio, et les villes de Geelong, Geelong West, Newtown, et South Barwon. Avec une population de 271 057 habitants, Geelong se r\u00e9v\u00e8le non seulement par son pass\u00e9... <\/p>\n<div class=\"pmpro_content_message\">Artikel alleen beschikbaar voor abonnees.<br \/><a href=\"https:\/\/territorialchallenges.com\/wp-login.php\">Login<\/a><br \/><a href=\"https:\/\/territorialchallenges.com\/nl\/wp-login.php\/?action=register\">Register<\/a><\/div>","protected":false},"author":11,"featured_media":122324,"comment_status":"closed","ping_status":"closed","sticky":true,"template":"","format":"standard","meta":{"pmpro_default_level":0,"footnotes":""},"categories":[120,117],"tags":[],"blocksy_meta":"","yoast_head":"<!-- This site is optimized with the Yoast SEO plugin v21.5 - https:\/\/yoast.com\/wordpress\/plugins\/seo\/ -->\n<title>Geelong, la ville d&#039;arbres intelligente : Une odyss\u00e9e vers l&#039;innovation durable - Territorial Challenges<\/title>\n<meta name=\"robots\" content=\"index, follow, max-snippet:-1, max-image-preview:large, max-video-preview:-1\" \/>\n<link rel=\"canonical\" href=\"https:\/\/territorialchallenges.com\/nl\/2024\/02\/19\/geelong-la-ville-darbres-intelligente-une-odyssee-vers-linnovation-durable\/122323\/\" \/>\n<meta property=\"og:locale\" content=\"nl_NL\" \/>\n<meta property=\"og:type\" content=\"article\" \/>\n<meta property=\"og:title\" content=\"Geelong, la ville d&#039;arbres intelligente : Une odyss\u00e9e vers l&#039;innovation durable - Territorial Challenges\" \/>\n<meta property=\"og:description\" content=\"Situ\u00e9e dans le sud du Victoria en Australie, la Ville du Grand Geelong se distingue par sa fusion visionnaire en 1994, regroupant les comt\u00e9s de Barrabool, Bannockburn, Bellarine, Corio, et les villes de Geelong, Geelong West, Newtown, et South Barwon. Avec une population de 271 057 habitants, Geelong se r\u00e9v\u00e8le non seulement par son pass\u00e9 [&hellip;]\" \/>\n<meta property=\"og:url\" content=\"https:\/\/territorialchallenges.com\/nl\/2024\/02\/19\/geelong-la-ville-darbres-intelligente-une-odyssee-vers-linnovation-durable\/122323\/\" \/>\n<meta property=\"og:site_name\" content=\"Territorial Challenges\" \/>\n<meta property=\"article:published_time\" content=\"2024-02-19T22:43:59+00:00\" \/>\n<meta property=\"article:modified_time\" content=\"2024-02-19T22:44:40+00:00\" \/>\n<meta property=\"og:image\" content=\"https:\/\/territorialchallenges.com\/wp-content\/uploads\/2024\/02\/ilsestpassea.PHOTO_.jpg\" \/>\n\t<meta property=\"og:image:width\" content=\"1280\" \/>\n\t<meta property=\"og:image:height\" content=\"701\" \/>\n\t<meta property=\"og:image:type\" content=\"image\/jpeg\" \/>\n<meta name=\"author\" content=\"ni.abdi\" \/>\n<meta name=\"twitter:card\" content=\"summary_large_image\" \/>\n<meta name=\"twitter:creator\" content=\"@Ni.abdi\" \/>\n<meta name=\"twitter:label1\" content=\"Geschreven door\" \/>\n\t<meta name=\"twitter:data1\" content=\"ni.abdi\" \/>\n\t<meta name=\"twitter:label2\" content=\"Geschatte leestijd\" \/>\n\t<meta name=\"twitter:data2\" content=\"3 minuten\" \/>\n<script type=\"application\/ld+json\" class=\"yoast-schema-graph\">{\"@context\":\"https:\/\/schema.org\",\"@graph\":[{\"@type\":\"Article\",\"@id\":\"https:\/\/territorialchallenges.com\/2024\/02\/19\/geelong-la-ville-darbres-intelligente-une-odyssee-vers-linnovation-durable\/122323\/#article\",\"isPartOf\":{\"@id\":\"https:\/\/territorialchallenges.com\/2024\/02\/19\/geelong-la-ville-darbres-intelligente-une-odyssee-vers-linnovation-durable\/122323\/\"},\"author\":{\"name\":\"ni.abdi\",\"@id\":\"https:\/\/territorialchallenges.com\/#\/schema\/person\/098f145c7c61a021c425e010f840080f\"},\"headline\":\"Geelong, la ville d&rsquo;arbres intelligente : Une odyss\u00e9e vers l&rsquo;innovation durable\",\"datePublished\":\"2024-02-19T22:43:59+00:00\",\"dateModified\":\"2024-02-19T22:44:40+00:00\",\"mainEntityOfPage\":{\"@id\":\"https:\/\/territorialchallenges.com\/2024\/02\/19\/geelong-la-ville-darbres-intelligente-une-odyssee-vers-linnovation-durable\/122323\/\"},\"wordCount\":629,\"publisher\":{\"@id\":\"https:\/\/territorialchallenges.com\/#organization\"},\"articleSection\":[\"Il s'est pass\u00e9 \u00e0\",\"\u00c9cosyst\u00e8me\"],\"inLanguage\":\"nl-NL\"},{\"@type\":\"WebPage\",\"@id\":\"https:\/\/territorialchallenges.com\/2024\/02\/19\/geelong-la-ville-darbres-intelligente-une-odyssee-vers-linnovation-durable\/122323\/\",\"url\":\"https:\/\/territorialchallenges.com\/2024\/02\/19\/geelong-la-ville-darbres-intelligente-une-odyssee-vers-linnovation-durable\/122323\/\",\"name\":\"Geelong, la ville d'arbres intelligente : Une odyss\u00e9e vers l'innovation durable - Territorial Challenges\",\"isPartOf\":{\"@id\":\"https:\/\/territorialchallenges.com\/#website\"},\"datePublished\":\"2024-02-19T22:43:59+00:00\",\"dateModified\":\"2024-02-19T22:44:40+00:00\",\"breadcrumb\":{\"@id\":\"https:\/\/territorialchallenges.com\/2024\/02\/19\/geelong-la-ville-darbres-intelligente-une-odyssee-vers-linnovation-durable\/122323\/#breadcrumb\"},\"inLanguage\":\"nl-NL\",\"potentialAction\":[{\"@type\":\"ReadAction\",\"target\":[\"https:\/\/territorialchallenges.com\/2024\/02\/19\/geelong-la-ville-darbres-intelligente-une-odyssee-vers-linnovation-durable\/122323\/\"]}]},{\"@type\":\"BreadcrumbList\",\"@id\":\"https:\/\/territorialchallenges.com\/2024\/02\/19\/geelong-la-ville-darbres-intelligente-une-odyssee-vers-linnovation-durable\/122323\/#breadcrumb\",\"itemListElement\":[{\"@type\":\"ListItem\",\"position\":1,\"name\":\"Home\",\"item\":\"https:\/\/territorialchallenges.com\/\"},{\"@type\":\"ListItem\",\"position\":2,\"name\":\"Geelong, la ville d&rsquo;arbres intelligente : Une odyss\u00e9e vers l&rsquo;innovation durable\"}]},{\"@type\":\"WebSite\",\"@id\":\"https:\/\/territorialchallenges.com\/#website\",\"url\":\"https:\/\/territorialchallenges.com\/\",\"name\":\"Territorial Challenges\",\"description\":\"Veille Internationale - Strat\u00e9gie Intelligentes - Bonnes pratiques\",\"publisher\":{\"@id\":\"https:\/\/territorialchallenges.com\/#organization\"},\"potentialAction\":[{\"@type\":\"SearchAction\",\"target\":{\"@type\":\"EntryPoint\",\"urlTemplate\":\"https:\/\/territorialchallenges.com\/?s={search_term_string}\"},\"query-input\":\"required name=search_term_string\"}],\"inLanguage\":\"nl-NL\"},{\"@type\":\"Organization\",\"@id\":\"https:\/\/territorialchallenges.com\/#organization\",\"name\":\"Territorial Challenges\",\"url\":\"https:\/\/territorialchallenges.com\/\",\"logo\":{\"@type\":\"ImageObject\",\"inLanguage\":\"nl-NL\",\"@id\":\"https:\/\/territorialchallenges.com\/#\/schema\/logo\/image\/\",\"url\":\"https:\/\/territorialchallenges.com\/wp-content\/uploads\/2023\/10\/logo-1.png\",\"contentUrl\":\"https:\/\/territorialchallenges.com\/wp-content\/uploads\/2023\/10\/logo-1.png\",\"width\":1832,\"height\":576,\"caption\":\"Territorial Challenges\"},\"image\":{\"@id\":\"https:\/\/territorialchallenges.com\/#\/schema\/logo\/image\/\"}},{\"@type\":\"Person\",\"@id\":\"https:\/\/territorialchallenges.com\/#\/schema\/person\/098f145c7c61a021c425e010f840080f\",\"name\":\"ni.abdi\",\"image\":{\"@type\":\"ImageObject\",\"inLanguage\":\"nl-NL\",\"@id\":\"https:\/\/territorialchallenges.com\/#\/schema\/person\/image\/\",\"url\":\"https:\/\/secure.gravatar.com\/avatar\/2a2f2491f3c80039986ba989b1e4b510?s=96&d=identicon&r=g\",\"contentUrl\":\"https:\/\/secure.gravatar.com\/avatar\/2a2f2491f3c80039986ba989b1e4b510?s=96&d=identicon&r=g\",\"caption\":\"ni.abdi\"},\"sameAs\":[\"https:\/\/twitter.com\/Ni.abdi\"],\"url\":\"https:\/\/territorialchallenges.com\/nl\/author\/ni-abdi\/\"}]}<\/script>\n<!-- \/ Yoast SEO plugin. -->","yoast_head_json":{"title":"Geelong, la ville d'arbres intelligente : Une odyss\u00e9e vers l'innovation durable - Territorial Challenges","robots":{"index":"index","follow":"follow","max-snippet":"max-snippet:-1","max-image-preview":"max-image-preview:large","max-video-preview":"max-video-preview:-1"},"canonical":"https:\/\/territorialchallenges.com\/nl\/2024\/02\/19\/geelong-la-ville-darbres-intelligente-une-odyssee-vers-linnovation-durable\/122323\/","og_locale":"nl_NL","og_type":"article","og_title":"Geelong, la ville d'arbres intelligente : Une odyss\u00e9e vers l'innovation durable - Territorial Challenges","og_description":"Situ\u00e9e dans le sud du Victoria en Australie, la Ville du Grand Geelong se distingue par sa fusion visionnaire en 1994, regroupant les comt\u00e9s de Barrabool, Bannockburn, Bellarine, Corio, et les villes de Geelong, Geelong West, Newtown, et South Barwon. Avec une population de 271 057 habitants, Geelong se r\u00e9v\u00e8le non seulement par son pass\u00e9 [&hellip;]","og_url":"https:\/\/territorialchallenges.com\/nl\/2024\/02\/19\/geelong-la-ville-darbres-intelligente-une-odyssee-vers-linnovation-durable\/122323\/","og_site_name":"Territorial Challenges","article_published_time":"2024-02-19T22:43:59+00:00","article_modified_time":"2024-02-19T22:44:40+00:00","og_image":[{"width":1280,"height":701,"url":"https:\/\/territorialchallenges.com\/wp-content\/uploads\/2024\/02\/ilsestpassea.PHOTO_.jpg","type":"image\/jpeg"}],"author":"ni.abdi","twitter_card":"summary_large_image","twitter_creator":"@Ni.abdi","twitter_misc":{"Geschreven door":"ni.abdi","Geschatte leestijd":"3 minuten"},"schema":{"@context":"https:\/\/schema.org","@graph":[{"@type":"Article","@id":"https:\/\/territorialchallenges.com\/2024\/02\/19\/geelong-la-ville-darbres-intelligente-une-odyssee-vers-linnovation-durable\/122323\/#article","isPartOf":{"@id":"https:\/\/territorialchallenges.com\/2024\/02\/19\/geelong-la-ville-darbres-intelligente-une-odyssee-vers-linnovation-durable\/122323\/"},"author":{"name":"ni.abdi","@id":"https:\/\/territorialchallenges.com\/#\/schema\/person\/098f145c7c61a021c425e010f840080f"},"headline":"Geelong, la ville d&rsquo;arbres intelligente : Une odyss\u00e9e vers l&rsquo;innovation durable","datePublished":"2024-02-19T22:43:59+00:00","dateModified":"2024-02-19T22:44:40+00:00","mainEntityOfPage":{"@id":"https:\/\/territorialchallenges.com\/2024\/02\/19\/geelong-la-ville-darbres-intelligente-une-odyssee-vers-linnovation-durable\/122323\/"},"wordCount":629,"publisher":{"@id":"https:\/\/territorialchallenges.com\/#organization"},"articleSection":["Il s'est pass\u00e9 \u00e0","\u00c9cosyst\u00e8me"],"inLanguage":"nl-NL"},{"@type":"WebPage","@id":"https:\/\/territorialchallenges.com\/2024\/02\/19\/geelong-la-ville-darbres-intelligente-une-odyssee-vers-linnovation-durable\/122323\/","url":"https:\/\/territorialchallenges.com\/2024\/02\/19\/geelong-la-ville-darbres-intelligente-une-odyssee-vers-linnovation-durable\/122323\/","name":"Geelong, la ville d'arbres intelligente : Une odyss\u00e9e vers l'innovation durable - Territorial Challenges","isPartOf":{"@id":"https:\/\/territorialchallenges.com\/#website"},"datePublished":"2024-02-19T22:43:59+00:00","dateModified":"2024-02-19T22:44:40+00:00","breadcrumb":{"@id":"https:\/\/territorialchallenges.com\/2024\/02\/19\/geelong-la-ville-darbres-intelligente-une-odyssee-vers-linnovation-durable\/122323\/#breadcrumb"},"inLanguage":"nl-NL","potentialAction":[{"@type":"ReadAction","target":["https:\/\/territorialchallenges.com\/2024\/02\/19\/geelong-la-ville-darbres-intelligente-une-odyssee-vers-linnovation-durable\/122323\/"]}]},{"@type":"BreadcrumbList","@id":"https:\/\/territorialchallenges.com\/2024\/02\/19\/geelong-la-ville-darbres-intelligente-une-odyssee-vers-linnovation-durable\/122323\/#breadcrumb","itemListElement":[{"@type":"ListItem","position":1,"name":"Home","item":"https:\/\/territorialchallenges.com\/"},{"@type":"ListItem","position":2,"name":"Geelong, la ville d&rsquo;arbres intelligente : Une odyss\u00e9e vers l&rsquo;innovation durable"}]},{"@type":"WebSite","@id":"https:\/\/territorialchallenges.com\/#website","url":"https:\/\/territorialchallenges.com\/","name":"Territoriale uitdagingen","description":"Internationale monitoring - Slimme strategie\u00ebn - Beste praktijken","publisher":{"@id":"https:\/\/territorialchallenges.com\/#organization"},"potentialAction":[{"@type":"SearchAction","target":{"@type":"EntryPoint","urlTemplate":"https:\/\/territorialchallenges.com\/?s={search_term_string}"},"query-input":"required name=search_term_string"}],"inLanguage":"nl-NL"},{"@type":"Organization","@id":"https:\/\/territorialchallenges.com\/#organization","name":"Territoriale uitdagingen","url":"https:\/\/territorialchallenges.com\/","logo":{"@type":"ImageObject","inLanguage":"nl-NL","@id":"https:\/\/territorialchallenges.com\/#\/schema\/logo\/image\/","url":"https:\/\/territorialchallenges.com\/wp-content\/uploads\/2023\/10\/logo-1.png","contentUrl":"https:\/\/territorialchallenges.com\/wp-content\/uploads\/2023\/10\/logo-1.png","width":1832,"height":576,"caption":"Territorial Challenges"},"image":{"@id":"https:\/\/territorialchallenges.com\/#\/schema\/logo\/image\/"}},{"@type":"Person","@id":"https:\/\/territorialchallenges.com\/#\/schema\/person\/098f145c7c61a021c425e010f840080f","name":"ni.abdi","image":{"@type":"ImageObject","inLanguage":"nl-NL","@id":"https:\/\/territorialchallenges.com\/#\/schema\/person\/image\/","url":"https:\/\/secure.gravatar.com\/avatar\/2a2f2491f3c80039986ba989b1e4b510?s=96&d=identicon&r=g","contentUrl":"https:\/\/secure.gravatar.com\/avatar\/2a2f2491f3c80039986ba989b1e4b510?s=96&d=identicon&r=g","caption":"ni.abdi"},"sameAs":["https:\/\/twitter.com\/Ni.abdi"],"url":"https:\/\/territorialchallenges.com\/nl\/author\/ni-abdi\/"}]}},"_links":{"self":[{"href":"https:\/\/territorialchallenges.com\/nl\/wp-json\/wp\/v2\/posts\/122323"}],"collection":[{"href":"https:\/\/territorialchallenges.com\/nl\/wp-json\/wp\/v2\/posts"}],"about":[{"href":"https:\/\/territorialchallenges.com\/nl\/wp-json\/wp\/v2\/types\/post"}],"author":[{"embeddable":true,"href":"https:\/\/territorialchallenges.com\/nl\/wp-json\/wp\/v2\/users\/11"}],"replies":[{"embeddable":true,"href":"https:\/\/territorialchallenges.com\/nl\/wp-json\/wp\/v2\/comments?post=122323"}],"version-history":[{"count":1,"href":"https:\/\/territorialchallenges.com\/nl\/wp-json\/wp\/v2\/posts\/122323\/revisions"}],"predecessor-version":[{"id":122325,"href":"https:\/\/territorialchallenges.com\/nl\/wp-json\/wp\/v2\/posts\/122323\/revisions\/122325"}],"wp:featuredmedia":[{"embeddable":true,"href":"https:\/\/territorialchallenges.com\/nl\/wp-json\/wp\/v2\/media\/122324"}],"wp:attachment":[{"href":"https:\/\/territorialchallenges.com\/nl\/wp-json\/wp\/v2\/media?parent=122323"}],"wp:term":[{"taxonomy":"category","embeddable":true,"href":"https:\/\/territorialchallenges.com\/nl\/wp-json\/wp\/v2\/categories?post=122323"},{"taxonomy":"post_tag","embeddable":true,"href":"https:\/\/territorialchallenges.com\/nl\/wp-json\/wp\/v2\/tags?post=122323"}],"curies":[{"name":"wp","href":"https:\/\/api.w.org\/{rel}","templated":true}]}}