{"id":122288,"date":"2024-02-12T19:38:06","date_gmt":"2024-02-12T18:38:06","guid":{"rendered":"https:\/\/territorialchallenges.com\/?p=122288"},"modified":"2024-02-12T19:38:08","modified_gmt":"2024-02-12T18:38:08","slug":"monika-adamczyk-sentinelle-de-leurope-dans-le-monde-virtuel","status":"publish","type":"post","link":"https:\/\/territorialchallenges.com\/nl\/2024\/02\/12\/monika-adamczyk-sentinelle-de-leurope-dans-le-monde-virtuel\/122288\/","title":{"rendered":"Monika Adamczyk: Europa&#039;s schildwacht in de virtuele wereld"},"content":{"rendered":"<p>Dompel jezelf onder in de wereld van Monika Adamczyk, een vooraanstaand cybersecurity-expert die als speerpunt van het Cybersecurity Agentschap van de Europese Unie (ENISA) de digitale verdediging van de Europese Unie vormgeeft. Haar unieke expertise in kunstmatige intelligentie en cybersecurity positioneert haar als een belangrijke speler in de bescherming van opkomende technologie\u00ebn. Monika Adamczyk,\u2026 <\/p>\n<div class=\"pmpro_content_message\">Artikel alleen beschikbaar voor abonnees.<br \/><a href=\"https:\/\/territorialchallenges.com\/wp-login.php\">Login<\/a><br \/><a href=\"https:\/\/territorialchallenges.com\/nl\/wp-login.php\/?action=register\">Register<\/a><\/div>","protected":false},"excerpt":{"rendered":"<p>Plongez dans le monde de Monika Adamczyk, une experte en cybers\u00e9curit\u00e9 \u00e9m\u00e9rite, qui, en tant que fer de lance de l&rsquo;Agence europ\u00e9enne pour la cybers\u00e9curit\u00e9 (ENISA), fa\u00e7onne la d\u00e9fense num\u00e9rique de l&rsquo;Union europ\u00e9enne. Son expertise unique en intelligence artificielle et cybers\u00e9curit\u00e9 la positionne comme une actrice cl\u00e9 dans la protection des technologies \u00e9mergentes. Monika Adamczyk,... <\/p>\n<div class=\"pmpro_content_message\">Artikel alleen beschikbaar voor abonnees.<br \/><a href=\"https:\/\/territorialchallenges.com\/wp-login.php\">Login<\/a><br \/><a href=\"https:\/\/territorialchallenges.com\/nl\/wp-login.php\/?action=register\">Register<\/a><\/div>","protected":false},"author":11,"featured_media":122289,"comment_status":"closed","ping_status":"closed","sticky":true,"template":"","format":"standard","meta":{"pmpro_default_level":0,"footnotes":""},"categories":[126,117],"tags":[],"blocksy_meta":"","yoast_head":"<!-- This site is optimized with the Yoast SEO plugin v21.5 - https:\/\/yoast.com\/wordpress\/plugins\/seo\/ -->\n<title>Monika Adamczyk : sentinelle de l&#039;Europe dans le monde virtuel - Territorial Challenges<\/title>\n<meta name=\"robots\" content=\"index, follow, max-snippet:-1, max-image-preview:large, max-video-preview:-1\" \/>\n<link rel=\"canonical\" href=\"https:\/\/territorialchallenges.com\/nl\/2024\/02\/12\/monika-adamczyk-sentinelle-de-leurope-dans-le-monde-virtuel\/122288\/\" \/>\n<meta property=\"og:locale\" content=\"nl_NL\" \/>\n<meta property=\"og:type\" content=\"article\" \/>\n<meta property=\"og:title\" content=\"Monika Adamczyk : sentinelle de l&#039;Europe dans le monde virtuel - Territorial Challenges\" \/>\n<meta property=\"og:description\" content=\"Plongez dans le monde de Monika Adamczyk, une experte en cybers\u00e9curit\u00e9 \u00e9m\u00e9rite, qui, en tant que fer de lance de l&rsquo;Agence europ\u00e9enne pour la cybers\u00e9curit\u00e9 (ENISA), fa\u00e7onne la d\u00e9fense num\u00e9rique de l&rsquo;Union europ\u00e9enne. Son expertise unique en intelligence artificielle et cybers\u00e9curit\u00e9 la positionne comme une actrice cl\u00e9 dans la protection des technologies \u00e9mergentes. Monika Adamczyk, [&hellip;]\" \/>\n<meta property=\"og:url\" content=\"https:\/\/territorialchallenges.com\/nl\/2024\/02\/12\/monika-adamczyk-sentinelle-de-leurope-dans-le-monde-virtuel\/122288\/\" \/>\n<meta property=\"og:site_name\" content=\"Territorial Challenges\" \/>\n<meta property=\"article:published_time\" content=\"2024-02-12T18:38:06+00:00\" \/>\n<meta property=\"article:modified_time\" content=\"2024-02-12T18:38:08+00:00\" \/>\n<meta property=\"og:image\" content=\"https:\/\/territorialchallenges.com\/wp-content\/uploads\/2024\/02\/Onparledeux12.02.24.jpeg\" \/>\n\t<meta property=\"og:image:width\" content=\"450\" \/>\n\t<meta property=\"og:image:height\" content=\"450\" \/>\n\t<meta property=\"og:image:type\" content=\"image\/jpeg\" \/>\n<meta name=\"author\" content=\"ni.abdi\" \/>\n<meta name=\"twitter:card\" content=\"summary_large_image\" \/>\n<meta name=\"twitter:creator\" content=\"@Ni.abdi\" \/>\n<meta name=\"twitter:label1\" content=\"Geschreven door\" \/>\n\t<meta name=\"twitter:data1\" content=\"ni.abdi\" \/>\n\t<meta name=\"twitter:label2\" content=\"Geschatte leestijd\" \/>\n\t<meta name=\"twitter:data2\" content=\"4 minuten\" \/>\n<script type=\"application\/ld+json\" class=\"yoast-schema-graph\">{\"@context\":\"https:\/\/schema.org\",\"@graph\":[{\"@type\":\"Article\",\"@id\":\"https:\/\/territorialchallenges.com\/2024\/02\/12\/monika-adamczyk-sentinelle-de-leurope-dans-le-monde-virtuel\/122288\/#article\",\"isPartOf\":{\"@id\":\"https:\/\/territorialchallenges.com\/2024\/02\/12\/monika-adamczyk-sentinelle-de-leurope-dans-le-monde-virtuel\/122288\/\"},\"author\":{\"name\":\"ni.abdi\",\"@id\":\"https:\/\/territorialchallenges.com\/#\/schema\/person\/098f145c7c61a021c425e010f840080f\"},\"headline\":\"Monika Adamczyk : sentinelle de l&rsquo;Europe dans le monde virtuel\",\"datePublished\":\"2024-02-12T18:38:06+00:00\",\"dateModified\":\"2024-02-12T18:38:08+00:00\",\"mainEntityOfPage\":{\"@id\":\"https:\/\/territorialchallenges.com\/2024\/02\/12\/monika-adamczyk-sentinelle-de-leurope-dans-le-monde-virtuel\/122288\/\"},\"wordCount\":745,\"publisher\":{\"@id\":\"https:\/\/territorialchallenges.com\/#organization\"},\"articleSection\":[\"On parle d'eux\",\"\u00c9cosyst\u00e8me\"],\"inLanguage\":\"nl-NL\"},{\"@type\":\"WebPage\",\"@id\":\"https:\/\/territorialchallenges.com\/2024\/02\/12\/monika-adamczyk-sentinelle-de-leurope-dans-le-monde-virtuel\/122288\/\",\"url\":\"https:\/\/territorialchallenges.com\/2024\/02\/12\/monika-adamczyk-sentinelle-de-leurope-dans-le-monde-virtuel\/122288\/\",\"name\":\"Monika Adamczyk : sentinelle de l'Europe dans le monde virtuel - Territorial Challenges\",\"isPartOf\":{\"@id\":\"https:\/\/territorialchallenges.com\/#website\"},\"datePublished\":\"2024-02-12T18:38:06+00:00\",\"dateModified\":\"2024-02-12T18:38:08+00:00\",\"breadcrumb\":{\"@id\":\"https:\/\/territorialchallenges.com\/2024\/02\/12\/monika-adamczyk-sentinelle-de-leurope-dans-le-monde-virtuel\/122288\/#breadcrumb\"},\"inLanguage\":\"nl-NL\",\"potentialAction\":[{\"@type\":\"ReadAction\",\"target\":[\"https:\/\/territorialchallenges.com\/2024\/02\/12\/monika-adamczyk-sentinelle-de-leurope-dans-le-monde-virtuel\/122288\/\"]}]},{\"@type\":\"BreadcrumbList\",\"@id\":\"https:\/\/territorialchallenges.com\/2024\/02\/12\/monika-adamczyk-sentinelle-de-leurope-dans-le-monde-virtuel\/122288\/#breadcrumb\",\"itemListElement\":[{\"@type\":\"ListItem\",\"position\":1,\"name\":\"Home\",\"item\":\"https:\/\/territorialchallenges.com\/\"},{\"@type\":\"ListItem\",\"position\":2,\"name\":\"Monika Adamczyk : sentinelle de l&rsquo;Europe dans le monde virtuel\"}]},{\"@type\":\"WebSite\",\"@id\":\"https:\/\/territorialchallenges.com\/#website\",\"url\":\"https:\/\/territorialchallenges.com\/\",\"name\":\"Territorial Challenges\",\"description\":\"Veille Internationale - Strat\u00e9gie Intelligentes - Bonnes pratiques\",\"publisher\":{\"@id\":\"https:\/\/territorialchallenges.com\/#organization\"},\"potentialAction\":[{\"@type\":\"SearchAction\",\"target\":{\"@type\":\"EntryPoint\",\"urlTemplate\":\"https:\/\/territorialchallenges.com\/?s={search_term_string}\"},\"query-input\":\"required name=search_term_string\"}],\"inLanguage\":\"nl-NL\"},{\"@type\":\"Organization\",\"@id\":\"https:\/\/territorialchallenges.com\/#organization\",\"name\":\"Territorial Challenges\",\"url\":\"https:\/\/territorialchallenges.com\/\",\"logo\":{\"@type\":\"ImageObject\",\"inLanguage\":\"nl-NL\",\"@id\":\"https:\/\/territorialchallenges.com\/#\/schema\/logo\/image\/\",\"url\":\"https:\/\/territorialchallenges.com\/wp-content\/uploads\/2023\/10\/logo-1.png\",\"contentUrl\":\"https:\/\/territorialchallenges.com\/wp-content\/uploads\/2023\/10\/logo-1.png\",\"width\":1832,\"height\":576,\"caption\":\"Territorial Challenges\"},\"image\":{\"@id\":\"https:\/\/territorialchallenges.com\/#\/schema\/logo\/image\/\"}},{\"@type\":\"Person\",\"@id\":\"https:\/\/territorialchallenges.com\/#\/schema\/person\/098f145c7c61a021c425e010f840080f\",\"name\":\"ni.abdi\",\"image\":{\"@type\":\"ImageObject\",\"inLanguage\":\"nl-NL\",\"@id\":\"https:\/\/territorialchallenges.com\/#\/schema\/person\/image\/\",\"url\":\"https:\/\/secure.gravatar.com\/avatar\/2a2f2491f3c80039986ba989b1e4b510?s=96&d=identicon&r=g\",\"contentUrl\":\"https:\/\/secure.gravatar.com\/avatar\/2a2f2491f3c80039986ba989b1e4b510?s=96&d=identicon&r=g\",\"caption\":\"ni.abdi\"},\"sameAs\":[\"https:\/\/twitter.com\/Ni.abdi\"],\"url\":\"https:\/\/territorialchallenges.com\/nl\/author\/ni-abdi\/\"}]}<\/script>\n<!-- \/ Yoast SEO plugin. -->","yoast_head_json":{"title":"Monika Adamczyk : sentinelle de l'Europe dans le monde virtuel - Territorial Challenges","robots":{"index":"index","follow":"follow","max-snippet":"max-snippet:-1","max-image-preview":"max-image-preview:large","max-video-preview":"max-video-preview:-1"},"canonical":"https:\/\/territorialchallenges.com\/nl\/2024\/02\/12\/monika-adamczyk-sentinelle-de-leurope-dans-le-monde-virtuel\/122288\/","og_locale":"nl_NL","og_type":"article","og_title":"Monika Adamczyk : sentinelle de l'Europe dans le monde virtuel - Territorial Challenges","og_description":"Plongez dans le monde de Monika Adamczyk, une experte en cybers\u00e9curit\u00e9 \u00e9m\u00e9rite, qui, en tant que fer de lance de l&rsquo;Agence europ\u00e9enne pour la cybers\u00e9curit\u00e9 (ENISA), fa\u00e7onne la d\u00e9fense num\u00e9rique de l&rsquo;Union europ\u00e9enne. Son expertise unique en intelligence artificielle et cybers\u00e9curit\u00e9 la positionne comme une actrice cl\u00e9 dans la protection des technologies \u00e9mergentes. Monika Adamczyk, [&hellip;]","og_url":"https:\/\/territorialchallenges.com\/nl\/2024\/02\/12\/monika-adamczyk-sentinelle-de-leurope-dans-le-monde-virtuel\/122288\/","og_site_name":"Territorial Challenges","article_published_time":"2024-02-12T18:38:06+00:00","article_modified_time":"2024-02-12T18:38:08+00:00","og_image":[{"width":450,"height":450,"url":"https:\/\/territorialchallenges.com\/wp-content\/uploads\/2024\/02\/Onparledeux12.02.24.jpeg","type":"image\/jpeg"}],"author":"ni.abdi","twitter_card":"summary_large_image","twitter_creator":"@Ni.abdi","twitter_misc":{"Geschreven door":"ni.abdi","Geschatte leestijd":"4 minuten"},"schema":{"@context":"https:\/\/schema.org","@graph":[{"@type":"Article","@id":"https:\/\/territorialchallenges.com\/2024\/02\/12\/monika-adamczyk-sentinelle-de-leurope-dans-le-monde-virtuel\/122288\/#article","isPartOf":{"@id":"https:\/\/territorialchallenges.com\/2024\/02\/12\/monika-adamczyk-sentinelle-de-leurope-dans-le-monde-virtuel\/122288\/"},"author":{"name":"ni.abdi","@id":"https:\/\/territorialchallenges.com\/#\/schema\/person\/098f145c7c61a021c425e010f840080f"},"headline":"Monika Adamczyk : sentinelle de l&rsquo;Europe dans le monde virtuel","datePublished":"2024-02-12T18:38:06+00:00","dateModified":"2024-02-12T18:38:08+00:00","mainEntityOfPage":{"@id":"https:\/\/territorialchallenges.com\/2024\/02\/12\/monika-adamczyk-sentinelle-de-leurope-dans-le-monde-virtuel\/122288\/"},"wordCount":745,"publisher":{"@id":"https:\/\/territorialchallenges.com\/#organization"},"articleSection":["On parle d'eux","\u00c9cosyst\u00e8me"],"inLanguage":"nl-NL"},{"@type":"WebPage","@id":"https:\/\/territorialchallenges.com\/2024\/02\/12\/monika-adamczyk-sentinelle-de-leurope-dans-le-monde-virtuel\/122288\/","url":"https:\/\/territorialchallenges.com\/2024\/02\/12\/monika-adamczyk-sentinelle-de-leurope-dans-le-monde-virtuel\/122288\/","name":"Monika Adamczyk : sentinelle de l'Europe dans le monde virtuel - Territorial Challenges","isPartOf":{"@id":"https:\/\/territorialchallenges.com\/#website"},"datePublished":"2024-02-12T18:38:06+00:00","dateModified":"2024-02-12T18:38:08+00:00","breadcrumb":{"@id":"https:\/\/territorialchallenges.com\/2024\/02\/12\/monika-adamczyk-sentinelle-de-leurope-dans-le-monde-virtuel\/122288\/#breadcrumb"},"inLanguage":"nl-NL","potentialAction":[{"@type":"ReadAction","target":["https:\/\/territorialchallenges.com\/2024\/02\/12\/monika-adamczyk-sentinelle-de-leurope-dans-le-monde-virtuel\/122288\/"]}]},{"@type":"BreadcrumbList","@id":"https:\/\/territorialchallenges.com\/2024\/02\/12\/monika-adamczyk-sentinelle-de-leurope-dans-le-monde-virtuel\/122288\/#breadcrumb","itemListElement":[{"@type":"ListItem","position":1,"name":"Home","item":"https:\/\/territorialchallenges.com\/"},{"@type":"ListItem","position":2,"name":"Monika Adamczyk : sentinelle de l&rsquo;Europe dans le monde virtuel"}]},{"@type":"WebSite","@id":"https:\/\/territorialchallenges.com\/#website","url":"https:\/\/territorialchallenges.com\/","name":"Territoriale uitdagingen","description":"Internationale monitoring - Slimme strategie\u00ebn - Beste praktijken","publisher":{"@id":"https:\/\/territorialchallenges.com\/#organization"},"potentialAction":[{"@type":"SearchAction","target":{"@type":"EntryPoint","urlTemplate":"https:\/\/territorialchallenges.com\/?s={search_term_string}"},"query-input":"required name=search_term_string"}],"inLanguage":"nl-NL"},{"@type":"Organization","@id":"https:\/\/territorialchallenges.com\/#organization","name":"Territoriale uitdagingen","url":"https:\/\/territorialchallenges.com\/","logo":{"@type":"ImageObject","inLanguage":"nl-NL","@id":"https:\/\/territorialchallenges.com\/#\/schema\/logo\/image\/","url":"https:\/\/territorialchallenges.com\/wp-content\/uploads\/2023\/10\/logo-1.png","contentUrl":"https:\/\/territorialchallenges.com\/wp-content\/uploads\/2023\/10\/logo-1.png","width":1832,"height":576,"caption":"Territorial Challenges"},"image":{"@id":"https:\/\/territorialchallenges.com\/#\/schema\/logo\/image\/"}},{"@type":"Person","@id":"https:\/\/territorialchallenges.com\/#\/schema\/person\/098f145c7c61a021c425e010f840080f","name":"ni.abdi","image":{"@type":"ImageObject","inLanguage":"nl-NL","@id":"https:\/\/territorialchallenges.com\/#\/schema\/person\/image\/","url":"https:\/\/secure.gravatar.com\/avatar\/2a2f2491f3c80039986ba989b1e4b510?s=96&d=identicon&r=g","contentUrl":"https:\/\/secure.gravatar.com\/avatar\/2a2f2491f3c80039986ba989b1e4b510?s=96&d=identicon&r=g","caption":"ni.abdi"},"sameAs":["https:\/\/twitter.com\/Ni.abdi"],"url":"https:\/\/territorialchallenges.com\/nl\/author\/ni-abdi\/"}]}},"_links":{"self":[{"href":"https:\/\/territorialchallenges.com\/nl\/wp-json\/wp\/v2\/posts\/122288"}],"collection":[{"href":"https:\/\/territorialchallenges.com\/nl\/wp-json\/wp\/v2\/posts"}],"about":[{"href":"https:\/\/territorialchallenges.com\/nl\/wp-json\/wp\/v2\/types\/post"}],"author":[{"embeddable":true,"href":"https:\/\/territorialchallenges.com\/nl\/wp-json\/wp\/v2\/users\/11"}],"replies":[{"embeddable":true,"href":"https:\/\/territorialchallenges.com\/nl\/wp-json\/wp\/v2\/comments?post=122288"}],"version-history":[{"count":1,"href":"https:\/\/territorialchallenges.com\/nl\/wp-json\/wp\/v2\/posts\/122288\/revisions"}],"predecessor-version":[{"id":122290,"href":"https:\/\/territorialchallenges.com\/nl\/wp-json\/wp\/v2\/posts\/122288\/revisions\/122290"}],"wp:featuredmedia":[{"embeddable":true,"href":"https:\/\/territorialchallenges.com\/nl\/wp-json\/wp\/v2\/media\/122289"}],"wp:attachment":[{"href":"https:\/\/territorialchallenges.com\/nl\/wp-json\/wp\/v2\/media?parent=122288"}],"wp:term":[{"taxonomy":"category","embeddable":true,"href":"https:\/\/territorialchallenges.com\/nl\/wp-json\/wp\/v2\/categories?post=122288"},{"taxonomy":"post_tag","embeddable":true,"href":"https:\/\/territorialchallenges.com\/nl\/wp-json\/wp\/v2\/tags?post=122288"}],"curies":[{"name":"wp","href":"https:\/\/api.w.org\/{rel}","templated":true}]}}