{"id":122259,"date":"2024-02-05T22:14:04","date_gmt":"2024-02-05T21:14:04","guid":{"rendered":"https:\/\/territorialchallenges.com\/?p=122259"},"modified":"2024-02-06T02:59:24","modified_gmt":"2024-02-06T01:59:24","slug":"securite-numerique-et-collectivites-locales-limperatif-de-la-cybersecurite-dans-lere-de-lintelligence-artificielle","status":"publish","type":"post","link":"https:\/\/territorialchallenges.com\/nl\/2024\/02\/05\/securite-numerique-et-collectivites-locales-limperatif-de-la-cybersecurite-dans-lere-de-lintelligence-artificielle\/122259\/","title":{"rendered":"Digitale veiligheid en lokale gemeenschappen: de noodzaak van cyberbeveiliging in het tijdperk van kunstmatige intelligentie"},"content":{"rendered":"<p>Nu lokale overheden kunstmatige intelligentie (AI) omarmen om hun digitale projecten te ondersteunen, onderstreept de groeiende dreiging van cybercriminaliteit die deze technologie\u00ebn gebruikt de dringende behoefte aan een ge\u00efntegreerde cybersecuritystrategie. Geconfronteerd met beperkte budgetten bevinden lokale overheden zich in een race tegen de klok om hun digitale infrastructuur te beschermen. Dit redactioneel artikel onderzoekt de\u2026 <\/p>\n<div class=\"pmpro_content_message\">Artikel alleen beschikbaar voor abonnees.<br \/><a href=\"https:\/\/territorialchallenges.com\/wp-login.php\">Login<\/a><br \/><a href=\"https:\/\/territorialchallenges.com\/nl\/wp-login.php\/?action=register\">Register<\/a><\/div>","protected":false},"excerpt":{"rendered":"<p>Alors que les collectivit\u00e9s territoriales embrassent l&rsquo;intelligence artificielle (IA) pour propulser leurs projets num\u00e9riques, la menace grandissante de la cybercriminalit\u00e9 utilisant ces technologies souligne l&rsquo;urgence d&rsquo;une strat\u00e9gie de cybers\u00e9curit\u00e9 int\u00e9gr\u00e9e. Face \u00e0 des budgets limit\u00e9s, les collectivit\u00e9s locales se retrouvent dans une course contre la montre pour prot\u00e9ger leurs infrastructures num\u00e9riques. Cet \u00e9dito explore les... <\/p>\n<div class=\"pmpro_content_message\">Artikel alleen beschikbaar voor abonnees.<br \/><a href=\"https:\/\/territorialchallenges.com\/wp-login.php\">Login<\/a><br \/><a href=\"https:\/\/territorialchallenges.com\/nl\/wp-login.php\/?action=register\">Register<\/a><\/div>","protected":false},"author":11,"featured_media":122260,"comment_status":"closed","ping_status":"closed","sticky":true,"template":"","format":"standard","meta":{"pmpro_default_level":0,"footnotes":""},"categories":[130,117],"tags":[],"blocksy_meta":"","yoast_head":"<!-- This site is optimized with the Yoast SEO plugin v21.5 - https:\/\/yoast.com\/wordpress\/plugins\/seo\/ -->\n<title>S\u00e9curit\u00e9 num\u00e9rique et collectivit\u00e9s locales : L&#039;imp\u00e9ratif de la cybers\u00e9curit\u00e9 dans l&#039;\u00e8re de l&#039;intelligence artificielle - Territorial Challenges<\/title>\n<meta name=\"robots\" content=\"index, follow, max-snippet:-1, max-image-preview:large, max-video-preview:-1\" \/>\n<link rel=\"canonical\" href=\"https:\/\/territorialchallenges.com\/nl\/2024\/02\/05\/securite-numerique-et-collectivites-locales-limperatif-de-la-cybersecurite-dans-lere-de-lintelligence-artificielle\/122259\/\" \/>\n<meta property=\"og:locale\" content=\"nl_NL\" \/>\n<meta property=\"og:type\" content=\"article\" \/>\n<meta property=\"og:title\" content=\"S\u00e9curit\u00e9 num\u00e9rique et collectivit\u00e9s locales : L&#039;imp\u00e9ratif de la cybers\u00e9curit\u00e9 dans l&#039;\u00e8re de l&#039;intelligence artificielle - Territorial Challenges\" \/>\n<meta property=\"og:description\" content=\"Alors que les collectivit\u00e9s territoriales embrassent l&rsquo;intelligence artificielle (IA) pour propulser leurs projets num\u00e9riques, la menace grandissante de la cybercriminalit\u00e9 utilisant ces technologies souligne l&rsquo;urgence d&rsquo;une strat\u00e9gie de cybers\u00e9curit\u00e9 int\u00e9gr\u00e9e. Face \u00e0 des budgets limit\u00e9s, les collectivit\u00e9s locales se retrouvent dans une course contre la montre pour prot\u00e9ger leurs infrastructures num\u00e9riques. Cet \u00e9dito explore les [&hellip;]\" \/>\n<meta property=\"og:url\" content=\"https:\/\/territorialchallenges.com\/nl\/2024\/02\/05\/securite-numerique-et-collectivites-locales-limperatif-de-la-cybersecurite-dans-lere-de-lintelligence-artificielle\/122259\/\" \/>\n<meta property=\"og:site_name\" content=\"Territorial Challenges\" \/>\n<meta property=\"article:published_time\" content=\"2024-02-05T21:14:04+00:00\" \/>\n<meta property=\"article:modified_time\" content=\"2024-02-06T01:59:24+00:00\" \/>\n<meta property=\"og:image\" content=\"https:\/\/territorialchallenges.com\/wp-content\/uploads\/2024\/02\/reflexionfaitePhoto.jpg\" \/>\n\t<meta property=\"og:image:width\" content=\"1280\" \/>\n\t<meta property=\"og:image:height\" content=\"853\" \/>\n\t<meta property=\"og:image:type\" content=\"image\/jpeg\" \/>\n<meta name=\"author\" content=\"ni.abdi\" \/>\n<meta name=\"twitter:card\" content=\"summary_large_image\" \/>\n<meta name=\"twitter:creator\" content=\"@Ni.abdi\" \/>\n<meta name=\"twitter:label1\" content=\"Geschreven door\" \/>\n\t<meta name=\"twitter:data1\" content=\"ni.abdi\" \/>\n\t<meta name=\"twitter:label2\" content=\"Geschatte leestijd\" \/>\n\t<meta name=\"twitter:data2\" content=\"5 minuten\" \/>\n<script type=\"application\/ld+json\" class=\"yoast-schema-graph\">{\"@context\":\"https:\/\/schema.org\",\"@graph\":[{\"@type\":\"Article\",\"@id\":\"https:\/\/territorialchallenges.com\/2024\/02\/05\/securite-numerique-et-collectivites-locales-limperatif-de-la-cybersecurite-dans-lere-de-lintelligence-artificielle\/122259\/#article\",\"isPartOf\":{\"@id\":\"https:\/\/territorialchallenges.com\/2024\/02\/05\/securite-numerique-et-collectivites-locales-limperatif-de-la-cybersecurite-dans-lere-de-lintelligence-artificielle\/122259\/\"},\"author\":{\"name\":\"ni.abdi\",\"@id\":\"https:\/\/territorialchallenges.com\/#\/schema\/person\/098f145c7c61a021c425e010f840080f\"},\"headline\":\"S\u00e9curit\u00e9 num\u00e9rique et collectivit\u00e9s locales : L&rsquo;imp\u00e9ratif de la cybers\u00e9curit\u00e9 dans l&rsquo;\u00e8re de l&rsquo;intelligence artificielle\",\"datePublished\":\"2024-02-05T21:14:04+00:00\",\"dateModified\":\"2024-02-06T01:59:24+00:00\",\"mainEntityOfPage\":{\"@id\":\"https:\/\/territorialchallenges.com\/2024\/02\/05\/securite-numerique-et-collectivites-locales-limperatif-de-la-cybersecurite-dans-lere-de-lintelligence-artificielle\/122259\/\"},\"wordCount\":995,\"publisher\":{\"@id\":\"https:\/\/territorialchallenges.com\/#organization\"},\"articleSection\":[\"R\u00e9flexion faite\",\"\u00c9cosyst\u00e8me\"],\"inLanguage\":\"nl-NL\"},{\"@type\":\"WebPage\",\"@id\":\"https:\/\/territorialchallenges.com\/2024\/02\/05\/securite-numerique-et-collectivites-locales-limperatif-de-la-cybersecurite-dans-lere-de-lintelligence-artificielle\/122259\/\",\"url\":\"https:\/\/territorialchallenges.com\/2024\/02\/05\/securite-numerique-et-collectivites-locales-limperatif-de-la-cybersecurite-dans-lere-de-lintelligence-artificielle\/122259\/\",\"name\":\"S\u00e9curit\u00e9 num\u00e9rique et collectivit\u00e9s locales : L'imp\u00e9ratif de la cybers\u00e9curit\u00e9 dans l'\u00e8re de l'intelligence artificielle - Territorial Challenges\",\"isPartOf\":{\"@id\":\"https:\/\/territorialchallenges.com\/#website\"},\"datePublished\":\"2024-02-05T21:14:04+00:00\",\"dateModified\":\"2024-02-06T01:59:24+00:00\",\"breadcrumb\":{\"@id\":\"https:\/\/territorialchallenges.com\/2024\/02\/05\/securite-numerique-et-collectivites-locales-limperatif-de-la-cybersecurite-dans-lere-de-lintelligence-artificielle\/122259\/#breadcrumb\"},\"inLanguage\":\"nl-NL\",\"potentialAction\":[{\"@type\":\"ReadAction\",\"target\":[\"https:\/\/territorialchallenges.com\/2024\/02\/05\/securite-numerique-et-collectivites-locales-limperatif-de-la-cybersecurite-dans-lere-de-lintelligence-artificielle\/122259\/\"]}]},{\"@type\":\"BreadcrumbList\",\"@id\":\"https:\/\/territorialchallenges.com\/2024\/02\/05\/securite-numerique-et-collectivites-locales-limperatif-de-la-cybersecurite-dans-lere-de-lintelligence-artificielle\/122259\/#breadcrumb\",\"itemListElement\":[{\"@type\":\"ListItem\",\"position\":1,\"name\":\"Home\",\"item\":\"https:\/\/territorialchallenges.com\/\"},{\"@type\":\"ListItem\",\"position\":2,\"name\":\"S\u00e9curit\u00e9 num\u00e9rique et collectivit\u00e9s locales : L&rsquo;imp\u00e9ratif de la cybers\u00e9curit\u00e9 dans l&rsquo;\u00e8re de l&rsquo;intelligence artificielle\"}]},{\"@type\":\"WebSite\",\"@id\":\"https:\/\/territorialchallenges.com\/#website\",\"url\":\"https:\/\/territorialchallenges.com\/\",\"name\":\"Territorial Challenges\",\"description\":\"Veille Internationale - Strat\u00e9gie Intelligentes - Bonnes pratiques\",\"publisher\":{\"@id\":\"https:\/\/territorialchallenges.com\/#organization\"},\"potentialAction\":[{\"@type\":\"SearchAction\",\"target\":{\"@type\":\"EntryPoint\",\"urlTemplate\":\"https:\/\/territorialchallenges.com\/?s={search_term_string}\"},\"query-input\":\"required name=search_term_string\"}],\"inLanguage\":\"nl-NL\"},{\"@type\":\"Organization\",\"@id\":\"https:\/\/territorialchallenges.com\/#organization\",\"name\":\"Territorial Challenges\",\"url\":\"https:\/\/territorialchallenges.com\/\",\"logo\":{\"@type\":\"ImageObject\",\"inLanguage\":\"nl-NL\",\"@id\":\"https:\/\/territorialchallenges.com\/#\/schema\/logo\/image\/\",\"url\":\"https:\/\/territorialchallenges.com\/wp-content\/uploads\/2023\/10\/logo-1.png\",\"contentUrl\":\"https:\/\/territorialchallenges.com\/wp-content\/uploads\/2023\/10\/logo-1.png\",\"width\":1832,\"height\":576,\"caption\":\"Territorial Challenges\"},\"image\":{\"@id\":\"https:\/\/territorialchallenges.com\/#\/schema\/logo\/image\/\"}},{\"@type\":\"Person\",\"@id\":\"https:\/\/territorialchallenges.com\/#\/schema\/person\/098f145c7c61a021c425e010f840080f\",\"name\":\"ni.abdi\",\"image\":{\"@type\":\"ImageObject\",\"inLanguage\":\"nl-NL\",\"@id\":\"https:\/\/territorialchallenges.com\/#\/schema\/person\/image\/\",\"url\":\"https:\/\/secure.gravatar.com\/avatar\/2a2f2491f3c80039986ba989b1e4b510?s=96&d=identicon&r=g\",\"contentUrl\":\"https:\/\/secure.gravatar.com\/avatar\/2a2f2491f3c80039986ba989b1e4b510?s=96&d=identicon&r=g\",\"caption\":\"ni.abdi\"},\"sameAs\":[\"https:\/\/twitter.com\/Ni.abdi\"],\"url\":\"https:\/\/territorialchallenges.com\/nl\/author\/ni-abdi\/\"}]}<\/script>\n<!-- \/ Yoast SEO plugin. -->","yoast_head_json":{"title":"S\u00e9curit\u00e9 num\u00e9rique et collectivit\u00e9s locales : L'imp\u00e9ratif de la cybers\u00e9curit\u00e9 dans l'\u00e8re de l'intelligence artificielle - Territorial Challenges","robots":{"index":"index","follow":"follow","max-snippet":"max-snippet:-1","max-image-preview":"max-image-preview:large","max-video-preview":"max-video-preview:-1"},"canonical":"https:\/\/territorialchallenges.com\/nl\/2024\/02\/05\/securite-numerique-et-collectivites-locales-limperatif-de-la-cybersecurite-dans-lere-de-lintelligence-artificielle\/122259\/","og_locale":"nl_NL","og_type":"article","og_title":"S\u00e9curit\u00e9 num\u00e9rique et collectivit\u00e9s locales : L'imp\u00e9ratif de la cybers\u00e9curit\u00e9 dans l'\u00e8re de l'intelligence artificielle - Territorial Challenges","og_description":"Alors que les collectivit\u00e9s territoriales embrassent l&rsquo;intelligence artificielle (IA) pour propulser leurs projets num\u00e9riques, la menace grandissante de la cybercriminalit\u00e9 utilisant ces technologies souligne l&rsquo;urgence d&rsquo;une strat\u00e9gie de cybers\u00e9curit\u00e9 int\u00e9gr\u00e9e. Face \u00e0 des budgets limit\u00e9s, les collectivit\u00e9s locales se retrouvent dans une course contre la montre pour prot\u00e9ger leurs infrastructures num\u00e9riques. Cet \u00e9dito explore les [&hellip;]","og_url":"https:\/\/territorialchallenges.com\/nl\/2024\/02\/05\/securite-numerique-et-collectivites-locales-limperatif-de-la-cybersecurite-dans-lere-de-lintelligence-artificielle\/122259\/","og_site_name":"Territorial Challenges","article_published_time":"2024-02-05T21:14:04+00:00","article_modified_time":"2024-02-06T01:59:24+00:00","og_image":[{"width":1280,"height":853,"url":"https:\/\/territorialchallenges.com\/wp-content\/uploads\/2024\/02\/reflexionfaitePhoto.jpg","type":"image\/jpeg"}],"author":"ni.abdi","twitter_card":"summary_large_image","twitter_creator":"@Ni.abdi","twitter_misc":{"Geschreven door":"ni.abdi","Geschatte leestijd":"5 minuten"},"schema":{"@context":"https:\/\/schema.org","@graph":[{"@type":"Article","@id":"https:\/\/territorialchallenges.com\/2024\/02\/05\/securite-numerique-et-collectivites-locales-limperatif-de-la-cybersecurite-dans-lere-de-lintelligence-artificielle\/122259\/#article","isPartOf":{"@id":"https:\/\/territorialchallenges.com\/2024\/02\/05\/securite-numerique-et-collectivites-locales-limperatif-de-la-cybersecurite-dans-lere-de-lintelligence-artificielle\/122259\/"},"author":{"name":"ni.abdi","@id":"https:\/\/territorialchallenges.com\/#\/schema\/person\/098f145c7c61a021c425e010f840080f"},"headline":"S\u00e9curit\u00e9 num\u00e9rique et collectivit\u00e9s locales : L&rsquo;imp\u00e9ratif de la cybers\u00e9curit\u00e9 dans l&rsquo;\u00e8re de l&rsquo;intelligence artificielle","datePublished":"2024-02-05T21:14:04+00:00","dateModified":"2024-02-06T01:59:24+00:00","mainEntityOfPage":{"@id":"https:\/\/territorialchallenges.com\/2024\/02\/05\/securite-numerique-et-collectivites-locales-limperatif-de-la-cybersecurite-dans-lere-de-lintelligence-artificielle\/122259\/"},"wordCount":995,"publisher":{"@id":"https:\/\/territorialchallenges.com\/#organization"},"articleSection":["R\u00e9flexion faite","\u00c9cosyst\u00e8me"],"inLanguage":"nl-NL"},{"@type":"WebPage","@id":"https:\/\/territorialchallenges.com\/2024\/02\/05\/securite-numerique-et-collectivites-locales-limperatif-de-la-cybersecurite-dans-lere-de-lintelligence-artificielle\/122259\/","url":"https:\/\/territorialchallenges.com\/2024\/02\/05\/securite-numerique-et-collectivites-locales-limperatif-de-la-cybersecurite-dans-lere-de-lintelligence-artificielle\/122259\/","name":"S\u00e9curit\u00e9 num\u00e9rique et collectivit\u00e9s locales : L'imp\u00e9ratif de la cybers\u00e9curit\u00e9 dans l'\u00e8re de l'intelligence artificielle - Territorial Challenges","isPartOf":{"@id":"https:\/\/territorialchallenges.com\/#website"},"datePublished":"2024-02-05T21:14:04+00:00","dateModified":"2024-02-06T01:59:24+00:00","breadcrumb":{"@id":"https:\/\/territorialchallenges.com\/2024\/02\/05\/securite-numerique-et-collectivites-locales-limperatif-de-la-cybersecurite-dans-lere-de-lintelligence-artificielle\/122259\/#breadcrumb"},"inLanguage":"nl-NL","potentialAction":[{"@type":"ReadAction","target":["https:\/\/territorialchallenges.com\/2024\/02\/05\/securite-numerique-et-collectivites-locales-limperatif-de-la-cybersecurite-dans-lere-de-lintelligence-artificielle\/122259\/"]}]},{"@type":"BreadcrumbList","@id":"https:\/\/territorialchallenges.com\/2024\/02\/05\/securite-numerique-et-collectivites-locales-limperatif-de-la-cybersecurite-dans-lere-de-lintelligence-artificielle\/122259\/#breadcrumb","itemListElement":[{"@type":"ListItem","position":1,"name":"Home","item":"https:\/\/territorialchallenges.com\/"},{"@type":"ListItem","position":2,"name":"S\u00e9curit\u00e9 num\u00e9rique et collectivit\u00e9s locales : L&rsquo;imp\u00e9ratif de la cybers\u00e9curit\u00e9 dans l&rsquo;\u00e8re de l&rsquo;intelligence artificielle"}]},{"@type":"WebSite","@id":"https:\/\/territorialchallenges.com\/#website","url":"https:\/\/territorialchallenges.com\/","name":"Territoriale uitdagingen","description":"Internationale monitoring - Slimme strategie\u00ebn - Beste praktijken","publisher":{"@id":"https:\/\/territorialchallenges.com\/#organization"},"potentialAction":[{"@type":"SearchAction","target":{"@type":"EntryPoint","urlTemplate":"https:\/\/territorialchallenges.com\/?s={search_term_string}"},"query-input":"required name=search_term_string"}],"inLanguage":"nl-NL"},{"@type":"Organization","@id":"https:\/\/territorialchallenges.com\/#organization","name":"Territoriale uitdagingen","url":"https:\/\/territorialchallenges.com\/","logo":{"@type":"ImageObject","inLanguage":"nl-NL","@id":"https:\/\/territorialchallenges.com\/#\/schema\/logo\/image\/","url":"https:\/\/territorialchallenges.com\/wp-content\/uploads\/2023\/10\/logo-1.png","contentUrl":"https:\/\/territorialchallenges.com\/wp-content\/uploads\/2023\/10\/logo-1.png","width":1832,"height":576,"caption":"Territorial Challenges"},"image":{"@id":"https:\/\/territorialchallenges.com\/#\/schema\/logo\/image\/"}},{"@type":"Person","@id":"https:\/\/territorialchallenges.com\/#\/schema\/person\/098f145c7c61a021c425e010f840080f","name":"ni.abdi","image":{"@type":"ImageObject","inLanguage":"nl-NL","@id":"https:\/\/territorialchallenges.com\/#\/schema\/person\/image\/","url":"https:\/\/secure.gravatar.com\/avatar\/2a2f2491f3c80039986ba989b1e4b510?s=96&d=identicon&r=g","contentUrl":"https:\/\/secure.gravatar.com\/avatar\/2a2f2491f3c80039986ba989b1e4b510?s=96&d=identicon&r=g","caption":"ni.abdi"},"sameAs":["https:\/\/twitter.com\/Ni.abdi"],"url":"https:\/\/territorialchallenges.com\/nl\/author\/ni-abdi\/"}]}},"_links":{"self":[{"href":"https:\/\/territorialchallenges.com\/nl\/wp-json\/wp\/v2\/posts\/122259"}],"collection":[{"href":"https:\/\/territorialchallenges.com\/nl\/wp-json\/wp\/v2\/posts"}],"about":[{"href":"https:\/\/territorialchallenges.com\/nl\/wp-json\/wp\/v2\/types\/post"}],"author":[{"embeddable":true,"href":"https:\/\/territorialchallenges.com\/nl\/wp-json\/wp\/v2\/users\/11"}],"replies":[{"embeddable":true,"href":"https:\/\/territorialchallenges.com\/nl\/wp-json\/wp\/v2\/comments?post=122259"}],"version-history":[{"count":2,"href":"https:\/\/territorialchallenges.com\/nl\/wp-json\/wp\/v2\/posts\/122259\/revisions"}],"predecessor-version":[{"id":122264,"href":"https:\/\/territorialchallenges.com\/nl\/wp-json\/wp\/v2\/posts\/122259\/revisions\/122264"}],"wp:featuredmedia":[{"embeddable":true,"href":"https:\/\/territorialchallenges.com\/nl\/wp-json\/wp\/v2\/media\/122260"}],"wp:attachment":[{"href":"https:\/\/territorialchallenges.com\/nl\/wp-json\/wp\/v2\/media?parent=122259"}],"wp:term":[{"taxonomy":"category","embeddable":true,"href":"https:\/\/territorialchallenges.com\/nl\/wp-json\/wp\/v2\/categories?post=122259"},{"taxonomy":"post_tag","embeddable":true,"href":"https:\/\/territorialchallenges.com\/nl\/wp-json\/wp\/v2\/tags?post=122259"}],"curies":[{"name":"wp","href":"https:\/\/api.w.org\/{rel}","templated":true}]}}