{"id":122246,"date":"2024-02-05T21:58:11","date_gmt":"2024-02-05T20:58:11","guid":{"rendered":"https:\/\/territorialchallenges.com\/?p=122246"},"modified":"2024-02-05T22:03:48","modified_gmt":"2024-02-05T21:03:48","slug":"renforcement-de-la-surveillance-des-donnees-la-strategie-actualisee-de-lagence-danoise-de-protection-des-donnees","status":"publish","type":"post","link":"https:\/\/territorialchallenges.com\/nl\/2024\/02\/05\/renforcement-de-la-surveillance-des-donnees-la-strategie-actualisee-de-lagence-danoise-de-protection-des-donnees\/122246\/","title":{"rendered":"Versterking van gegevensbewaking: de bijgewerkte strategie van het Deense Agentschap voor gegevensbescherming"},"content":{"rendered":"<p>Op 25 januari 2024 presenteerde de Deense Autoriteit Persoonsgegevens haar vernieuwde strategie, waarmee een significante verschuiving in haar aanpak van datagedreven en risicogebaseerd werken werd gemarkeerd. Deze update belicht 12 nieuwe initiatieven die erop gericht zijn toezichthouders beter in staat te stellen controles te sturen waar... <\/p>\n<div class=\"pmpro_content_message\">Artikel alleen beschikbaar voor abonnees.<br \/><a href=\"https:\/\/territorialchallenges.com\/wp-login.php\">Login<\/a><br \/><a href=\"https:\/\/territorialchallenges.com\/nl\/wp-login.php\/?action=register\">Register<\/a><\/div>","protected":false},"excerpt":{"rendered":"<p>Le 25 janvier 2024, l&rsquo;Agence danoise de protection des donn\u00e9es a d\u00e9voil\u00e9 sa strat\u00e9gie actualis\u00e9e, marquant une \u00e9volution significative dans son approche du travail bas\u00e9 sur les donn\u00e9es et les risques. Cette mise \u00e0 jour met en lumi\u00e8re 12 nouvelles initiatives visant \u00e0 renforcer la capacit\u00e9 des superviseurs \u00e0 cibler les contr\u00f4les l\u00e0 o\u00f9 les... <\/p>\n<div class=\"pmpro_content_message\">Artikel alleen beschikbaar voor abonnees.<br \/><a href=\"https:\/\/territorialchallenges.com\/wp-login.php\">Login<\/a><br \/><a href=\"https:\/\/territorialchallenges.com\/nl\/wp-login.php\/?action=register\">Register<\/a><\/div>","protected":false},"author":11,"featured_media":122249,"comment_status":"closed","ping_status":"closed","sticky":true,"template":"","format":"standard","meta":{"pmpro_default_level":0,"footnotes":""},"categories":[120,117],"tags":[],"blocksy_meta":"","yoast_head":"<!-- This site is optimized with the Yoast SEO plugin v21.5 - https:\/\/yoast.com\/wordpress\/plugins\/seo\/ -->\n<title>Renforcement de la surveillance des donn\u00e9es: La strat\u00e9gie actualis\u00e9e de l&#039;Agence danoise de protection des donn\u00e9es - Territorial Challenges<\/title>\n<meta name=\"robots\" content=\"index, follow, max-snippet:-1, max-image-preview:large, max-video-preview:-1\" \/>\n<link rel=\"canonical\" href=\"https:\/\/territorialchallenges.com\/nl\/2024\/02\/05\/renforcement-de-la-surveillance-des-donnees-la-strategie-actualisee-de-lagence-danoise-de-protection-des-donnees\/122246\/\" \/>\n<meta property=\"og:locale\" content=\"nl_NL\" \/>\n<meta property=\"og:type\" content=\"article\" \/>\n<meta property=\"og:title\" content=\"Renforcement de la surveillance des donn\u00e9es: La strat\u00e9gie actualis\u00e9e de l&#039;Agence danoise de protection des donn\u00e9es - Territorial Challenges\" \/>\n<meta property=\"og:description\" content=\"Le 25 janvier 2024, l&rsquo;Agence danoise de protection des donn\u00e9es a d\u00e9voil\u00e9 sa strat\u00e9gie actualis\u00e9e, marquant une \u00e9volution significative dans son approche du travail bas\u00e9 sur les donn\u00e9es et les risques. Cette mise \u00e0 jour met en lumi\u00e8re 12 nouvelles initiatives visant \u00e0 renforcer la capacit\u00e9 des superviseurs \u00e0 cibler les contr\u00f4les l\u00e0 o\u00f9 les [&hellip;]\" \/>\n<meta property=\"og:url\" content=\"https:\/\/territorialchallenges.com\/nl\/2024\/02\/05\/renforcement-de-la-surveillance-des-donnees-la-strategie-actualisee-de-lagence-danoise-de-protection-des-donnees\/122246\/\" \/>\n<meta property=\"og:site_name\" content=\"Territorial Challenges\" \/>\n<meta property=\"article:published_time\" content=\"2024-02-05T20:58:11+00:00\" \/>\n<meta property=\"article:modified_time\" content=\"2024-02-05T21:03:48+00:00\" \/>\n<meta property=\"og:image\" content=\"https:\/\/territorialchallenges.com\/wp-content\/uploads\/2024\/02\/letters-1659715_1280.jpg\" \/>\n\t<meta property=\"og:image:width\" content=\"1280\" \/>\n\t<meta property=\"og:image:height\" content=\"1104\" \/>\n\t<meta property=\"og:image:type\" content=\"image\/jpeg\" \/>\n<meta name=\"author\" content=\"ni.abdi\" \/>\n<meta name=\"twitter:card\" content=\"summary_large_image\" \/>\n<meta name=\"twitter:creator\" content=\"@Ni.abdi\" \/>\n<meta name=\"twitter:label1\" content=\"Geschreven door\" \/>\n\t<meta name=\"twitter:data1\" content=\"ni.abdi\" \/>\n\t<meta name=\"twitter:label2\" content=\"Geschatte leestijd\" \/>\n\t<meta name=\"twitter:data2\" content=\"4 minuten\" \/>\n<script type=\"application\/ld+json\" class=\"yoast-schema-graph\">{\"@context\":\"https:\/\/schema.org\",\"@graph\":[{\"@type\":\"Article\",\"@id\":\"https:\/\/territorialchallenges.com\/2024\/02\/05\/renforcement-de-la-surveillance-des-donnees-la-strategie-actualisee-de-lagence-danoise-de-protection-des-donnees\/122246\/#article\",\"isPartOf\":{\"@id\":\"https:\/\/territorialchallenges.com\/2024\/02\/05\/renforcement-de-la-surveillance-des-donnees-la-strategie-actualisee-de-lagence-danoise-de-protection-des-donnees\/122246\/\"},\"author\":{\"name\":\"ni.abdi\",\"@id\":\"https:\/\/territorialchallenges.com\/#\/schema\/person\/098f145c7c61a021c425e010f840080f\"},\"headline\":\"Renforcement de la surveillance des donn\u00e9es: La strat\u00e9gie actualis\u00e9e de l&rsquo;Agence danoise de protection des donn\u00e9es\",\"datePublished\":\"2024-02-05T20:58:11+00:00\",\"dateModified\":\"2024-02-05T21:03:48+00:00\",\"mainEntityOfPage\":{\"@id\":\"https:\/\/territorialchallenges.com\/2024\/02\/05\/renforcement-de-la-surveillance-des-donnees-la-strategie-actualisee-de-lagence-danoise-de-protection-des-donnees\/122246\/\"},\"wordCount\":802,\"publisher\":{\"@id\":\"https:\/\/territorialchallenges.com\/#organization\"},\"articleSection\":[\"Il s'est pass\u00e9 \u00e0\",\"\u00c9cosyst\u00e8me\"],\"inLanguage\":\"nl-NL\"},{\"@type\":\"WebPage\",\"@id\":\"https:\/\/territorialchallenges.com\/2024\/02\/05\/renforcement-de-la-surveillance-des-donnees-la-strategie-actualisee-de-lagence-danoise-de-protection-des-donnees\/122246\/\",\"url\":\"https:\/\/territorialchallenges.com\/2024\/02\/05\/renforcement-de-la-surveillance-des-donnees-la-strategie-actualisee-de-lagence-danoise-de-protection-des-donnees\/122246\/\",\"name\":\"Renforcement de la surveillance des donn\u00e9es: La strat\u00e9gie actualis\u00e9e de l'Agence danoise de protection des donn\u00e9es - Territorial Challenges\",\"isPartOf\":{\"@id\":\"https:\/\/territorialchallenges.com\/#website\"},\"datePublished\":\"2024-02-05T20:58:11+00:00\",\"dateModified\":\"2024-02-05T21:03:48+00:00\",\"breadcrumb\":{\"@id\":\"https:\/\/territorialchallenges.com\/2024\/02\/05\/renforcement-de-la-surveillance-des-donnees-la-strategie-actualisee-de-lagence-danoise-de-protection-des-donnees\/122246\/#breadcrumb\"},\"inLanguage\":\"nl-NL\",\"potentialAction\":[{\"@type\":\"ReadAction\",\"target\":[\"https:\/\/territorialchallenges.com\/2024\/02\/05\/renforcement-de-la-surveillance-des-donnees-la-strategie-actualisee-de-lagence-danoise-de-protection-des-donnees\/122246\/\"]}]},{\"@type\":\"BreadcrumbList\",\"@id\":\"https:\/\/territorialchallenges.com\/2024\/02\/05\/renforcement-de-la-surveillance-des-donnees-la-strategie-actualisee-de-lagence-danoise-de-protection-des-donnees\/122246\/#breadcrumb\",\"itemListElement\":[{\"@type\":\"ListItem\",\"position\":1,\"name\":\"Home\",\"item\":\"https:\/\/territorialchallenges.com\/\"},{\"@type\":\"ListItem\",\"position\":2,\"name\":\"Renforcement de la surveillance des donn\u00e9es: La strat\u00e9gie actualis\u00e9e de l&rsquo;Agence danoise de protection des donn\u00e9es\"}]},{\"@type\":\"WebSite\",\"@id\":\"https:\/\/territorialchallenges.com\/#website\",\"url\":\"https:\/\/territorialchallenges.com\/\",\"name\":\"Territorial Challenges\",\"description\":\"Veille Internationale - Strat\u00e9gie Intelligentes - Bonnes pratiques\",\"publisher\":{\"@id\":\"https:\/\/territorialchallenges.com\/#organization\"},\"potentialAction\":[{\"@type\":\"SearchAction\",\"target\":{\"@type\":\"EntryPoint\",\"urlTemplate\":\"https:\/\/territorialchallenges.com\/?s={search_term_string}\"},\"query-input\":\"required name=search_term_string\"}],\"inLanguage\":\"nl-NL\"},{\"@type\":\"Organization\",\"@id\":\"https:\/\/territorialchallenges.com\/#organization\",\"name\":\"Territorial Challenges\",\"url\":\"https:\/\/territorialchallenges.com\/\",\"logo\":{\"@type\":\"ImageObject\",\"inLanguage\":\"nl-NL\",\"@id\":\"https:\/\/territorialchallenges.com\/#\/schema\/logo\/image\/\",\"url\":\"https:\/\/territorialchallenges.com\/wp-content\/uploads\/2023\/10\/logo-1.png\",\"contentUrl\":\"https:\/\/territorialchallenges.com\/wp-content\/uploads\/2023\/10\/logo-1.png\",\"width\":1832,\"height\":576,\"caption\":\"Territorial Challenges\"},\"image\":{\"@id\":\"https:\/\/territorialchallenges.com\/#\/schema\/logo\/image\/\"}},{\"@type\":\"Person\",\"@id\":\"https:\/\/territorialchallenges.com\/#\/schema\/person\/098f145c7c61a021c425e010f840080f\",\"name\":\"ni.abdi\",\"image\":{\"@type\":\"ImageObject\",\"inLanguage\":\"nl-NL\",\"@id\":\"https:\/\/territorialchallenges.com\/#\/schema\/person\/image\/\",\"url\":\"https:\/\/secure.gravatar.com\/avatar\/2a2f2491f3c80039986ba989b1e4b510?s=96&d=identicon&r=g\",\"contentUrl\":\"https:\/\/secure.gravatar.com\/avatar\/2a2f2491f3c80039986ba989b1e4b510?s=96&d=identicon&r=g\",\"caption\":\"ni.abdi\"},\"sameAs\":[\"https:\/\/twitter.com\/Ni.abdi\"],\"url\":\"https:\/\/territorialchallenges.com\/nl\/author\/ni-abdi\/\"}]}<\/script>\n<!-- \/ Yoast SEO plugin. -->","yoast_head_json":{"title":"Renforcement de la surveillance des donn\u00e9es: La strat\u00e9gie actualis\u00e9e de l'Agence danoise de protection des donn\u00e9es - Territorial Challenges","robots":{"index":"index","follow":"follow","max-snippet":"max-snippet:-1","max-image-preview":"max-image-preview:large","max-video-preview":"max-video-preview:-1"},"canonical":"https:\/\/territorialchallenges.com\/nl\/2024\/02\/05\/renforcement-de-la-surveillance-des-donnees-la-strategie-actualisee-de-lagence-danoise-de-protection-des-donnees\/122246\/","og_locale":"nl_NL","og_type":"article","og_title":"Renforcement de la surveillance des donn\u00e9es: La strat\u00e9gie actualis\u00e9e de l'Agence danoise de protection des donn\u00e9es - Territorial Challenges","og_description":"Le 25 janvier 2024, l&rsquo;Agence danoise de protection des donn\u00e9es a d\u00e9voil\u00e9 sa strat\u00e9gie actualis\u00e9e, marquant une \u00e9volution significative dans son approche du travail bas\u00e9 sur les donn\u00e9es et les risques. Cette mise \u00e0 jour met en lumi\u00e8re 12 nouvelles initiatives visant \u00e0 renforcer la capacit\u00e9 des superviseurs \u00e0 cibler les contr\u00f4les l\u00e0 o\u00f9 les [&hellip;]","og_url":"https:\/\/territorialchallenges.com\/nl\/2024\/02\/05\/renforcement-de-la-surveillance-des-donnees-la-strategie-actualisee-de-lagence-danoise-de-protection-des-donnees\/122246\/","og_site_name":"Territorial Challenges","article_published_time":"2024-02-05T20:58:11+00:00","article_modified_time":"2024-02-05T21:03:48+00:00","og_image":[{"width":1280,"height":1104,"url":"https:\/\/territorialchallenges.com\/wp-content\/uploads\/2024\/02\/letters-1659715_1280.jpg","type":"image\/jpeg"}],"author":"ni.abdi","twitter_card":"summary_large_image","twitter_creator":"@Ni.abdi","twitter_misc":{"Geschreven door":"ni.abdi","Geschatte leestijd":"4 minuten"},"schema":{"@context":"https:\/\/schema.org","@graph":[{"@type":"Article","@id":"https:\/\/territorialchallenges.com\/2024\/02\/05\/renforcement-de-la-surveillance-des-donnees-la-strategie-actualisee-de-lagence-danoise-de-protection-des-donnees\/122246\/#article","isPartOf":{"@id":"https:\/\/territorialchallenges.com\/2024\/02\/05\/renforcement-de-la-surveillance-des-donnees-la-strategie-actualisee-de-lagence-danoise-de-protection-des-donnees\/122246\/"},"author":{"name":"ni.abdi","@id":"https:\/\/territorialchallenges.com\/#\/schema\/person\/098f145c7c61a021c425e010f840080f"},"headline":"Renforcement de la surveillance des donn\u00e9es: La strat\u00e9gie actualis\u00e9e de l&rsquo;Agence danoise de protection des donn\u00e9es","datePublished":"2024-02-05T20:58:11+00:00","dateModified":"2024-02-05T21:03:48+00:00","mainEntityOfPage":{"@id":"https:\/\/territorialchallenges.com\/2024\/02\/05\/renforcement-de-la-surveillance-des-donnees-la-strategie-actualisee-de-lagence-danoise-de-protection-des-donnees\/122246\/"},"wordCount":802,"publisher":{"@id":"https:\/\/territorialchallenges.com\/#organization"},"articleSection":["Il s'est pass\u00e9 \u00e0","\u00c9cosyst\u00e8me"],"inLanguage":"nl-NL"},{"@type":"WebPage","@id":"https:\/\/territorialchallenges.com\/2024\/02\/05\/renforcement-de-la-surveillance-des-donnees-la-strategie-actualisee-de-lagence-danoise-de-protection-des-donnees\/122246\/","url":"https:\/\/territorialchallenges.com\/2024\/02\/05\/renforcement-de-la-surveillance-des-donnees-la-strategie-actualisee-de-lagence-danoise-de-protection-des-donnees\/122246\/","name":"Renforcement de la surveillance des donn\u00e9es: La strat\u00e9gie actualis\u00e9e de l'Agence danoise de protection des donn\u00e9es - Territorial Challenges","isPartOf":{"@id":"https:\/\/territorialchallenges.com\/#website"},"datePublished":"2024-02-05T20:58:11+00:00","dateModified":"2024-02-05T21:03:48+00:00","breadcrumb":{"@id":"https:\/\/territorialchallenges.com\/2024\/02\/05\/renforcement-de-la-surveillance-des-donnees-la-strategie-actualisee-de-lagence-danoise-de-protection-des-donnees\/122246\/#breadcrumb"},"inLanguage":"nl-NL","potentialAction":[{"@type":"ReadAction","target":["https:\/\/territorialchallenges.com\/2024\/02\/05\/renforcement-de-la-surveillance-des-donnees-la-strategie-actualisee-de-lagence-danoise-de-protection-des-donnees\/122246\/"]}]},{"@type":"BreadcrumbList","@id":"https:\/\/territorialchallenges.com\/2024\/02\/05\/renforcement-de-la-surveillance-des-donnees-la-strategie-actualisee-de-lagence-danoise-de-protection-des-donnees\/122246\/#breadcrumb","itemListElement":[{"@type":"ListItem","position":1,"name":"Home","item":"https:\/\/territorialchallenges.com\/"},{"@type":"ListItem","position":2,"name":"Renforcement de la surveillance des donn\u00e9es: La strat\u00e9gie actualis\u00e9e de l&rsquo;Agence danoise de protection des donn\u00e9es"}]},{"@type":"WebSite","@id":"https:\/\/territorialchallenges.com\/#website","url":"https:\/\/territorialchallenges.com\/","name":"Territoriale uitdagingen","description":"Internationale monitoring - Slimme strategie\u00ebn - Beste praktijken","publisher":{"@id":"https:\/\/territorialchallenges.com\/#organization"},"potentialAction":[{"@type":"SearchAction","target":{"@type":"EntryPoint","urlTemplate":"https:\/\/territorialchallenges.com\/?s={search_term_string}"},"query-input":"required name=search_term_string"}],"inLanguage":"nl-NL"},{"@type":"Organization","@id":"https:\/\/territorialchallenges.com\/#organization","name":"Territoriale uitdagingen","url":"https:\/\/territorialchallenges.com\/","logo":{"@type":"ImageObject","inLanguage":"nl-NL","@id":"https:\/\/territorialchallenges.com\/#\/schema\/logo\/image\/","url":"https:\/\/territorialchallenges.com\/wp-content\/uploads\/2023\/10\/logo-1.png","contentUrl":"https:\/\/territorialchallenges.com\/wp-content\/uploads\/2023\/10\/logo-1.png","width":1832,"height":576,"caption":"Territorial Challenges"},"image":{"@id":"https:\/\/territorialchallenges.com\/#\/schema\/logo\/image\/"}},{"@type":"Person","@id":"https:\/\/territorialchallenges.com\/#\/schema\/person\/098f145c7c61a021c425e010f840080f","name":"ni.abdi","image":{"@type":"ImageObject","inLanguage":"nl-NL","@id":"https:\/\/territorialchallenges.com\/#\/schema\/person\/image\/","url":"https:\/\/secure.gravatar.com\/avatar\/2a2f2491f3c80039986ba989b1e4b510?s=96&d=identicon&r=g","contentUrl":"https:\/\/secure.gravatar.com\/avatar\/2a2f2491f3c80039986ba989b1e4b510?s=96&d=identicon&r=g","caption":"ni.abdi"},"sameAs":["https:\/\/twitter.com\/Ni.abdi"],"url":"https:\/\/territorialchallenges.com\/nl\/author\/ni-abdi\/"}]}},"_links":{"self":[{"href":"https:\/\/territorialchallenges.com\/nl\/wp-json\/wp\/v2\/posts\/122246"}],"collection":[{"href":"https:\/\/territorialchallenges.com\/nl\/wp-json\/wp\/v2\/posts"}],"about":[{"href":"https:\/\/territorialchallenges.com\/nl\/wp-json\/wp\/v2\/types\/post"}],"author":[{"embeddable":true,"href":"https:\/\/territorialchallenges.com\/nl\/wp-json\/wp\/v2\/users\/11"}],"replies":[{"embeddable":true,"href":"https:\/\/territorialchallenges.com\/nl\/wp-json\/wp\/v2\/comments?post=122246"}],"version-history":[{"count":1,"href":"https:\/\/territorialchallenges.com\/nl\/wp-json\/wp\/v2\/posts\/122246\/revisions"}],"predecessor-version":[{"id":122248,"href":"https:\/\/territorialchallenges.com\/nl\/wp-json\/wp\/v2\/posts\/122246\/revisions\/122248"}],"wp:featuredmedia":[{"embeddable":true,"href":"https:\/\/territorialchallenges.com\/nl\/wp-json\/wp\/v2\/media\/122249"}],"wp:attachment":[{"href":"https:\/\/territorialchallenges.com\/nl\/wp-json\/wp\/v2\/media?parent=122246"}],"wp:term":[{"taxonomy":"category","embeddable":true,"href":"https:\/\/territorialchallenges.com\/nl\/wp-json\/wp\/v2\/categories?post=122246"},{"taxonomy":"post_tag","embeddable":true,"href":"https:\/\/territorialchallenges.com\/nl\/wp-json\/wp\/v2\/tags?post=122246"}],"curies":[{"name":"wp","href":"https:\/\/api.w.org\/{rel}","templated":true}]}}