{"id":122231,"date":"2024-02-05T21:23:13","date_gmt":"2024-02-05T20:23:13","guid":{"rendered":"https:\/\/territorialchallenges.com\/?p=122231"},"modified":"2024-02-05T21:23:15","modified_gmt":"2024-02-05T20:23:15","slug":"intelligence-naturelle-et-intelligence-artificielle-un-dialogue-interdisciplinaire-sous-la-direction-de-jean-francois-le-ny","status":"publish","type":"post","link":"https:\/\/territorialchallenges.com\/nl\/2024\/02\/05\/intelligence-naturelle-et-intelligence-artificielle-un-dialogue-interdisciplinaire-sous-la-direction-de-jean-francois-le-ny\/122231\/","title":{"rendered":"Natuurlijke intelligentie en kunstmatige intelligentie: een interdisciplinaire dialoog onder leiding van Jean-Fran\u00e7ois Le Ny"},"content":{"rendered":"<p>Het 23e symposium van de Franstalige Vereniging voor Wetenschappelijke Psychologie, gehouden in Rome in 1991, was een sleutelmoment in de verkenning van de verbanden tussen natuurlijke en kunstmatige intelligentie. Onder de verlichte leiding van Jean-Fran\u00e7ois Le Ny resulteerde dit symposium in een gelijknamig boek dat zijn stempel op het landschap heeft gedrukt... <\/p>\n<div class=\"pmpro_content_message\">Artikel alleen beschikbaar voor abonnees.<br \/><a href=\"https:\/\/territorialchallenges.com\/wp-login.php\">Login<\/a><br \/><a href=\"https:\/\/territorialchallenges.com\/nl\/wp-login.php\/?action=register\">Register<\/a><\/div>","protected":false},"excerpt":{"rendered":"<p>Le XXIIIe Symposium de l&rsquo;Association de Psychologie Scientifique de Langue Fran\u00e7aise, qui s&rsquo;est tenu \u00e0 Rome en 1991, a \u00e9t\u00e9 un moment cl\u00e9 dans l&rsquo;exploration des liens entre l&rsquo;intelligence naturelle et l&rsquo;intelligence artificielle. Sous la direction \u00e9clair\u00e9e de Jean-Fran\u00e7ois Le Ny, ce symposium a donn\u00e9 naissance \u00e0 un ouvrage \u00e9ponyme qui a marqu\u00e9 le paysage... <\/p>\n<div class=\"pmpro_content_message\">Artikel alleen beschikbaar voor abonnees.<br \/><a href=\"https:\/\/territorialchallenges.com\/wp-login.php\">Login<\/a><br \/><a href=\"https:\/\/territorialchallenges.com\/nl\/wp-login.php\/?action=register\">Register<\/a><\/div>","protected":false},"author":11,"featured_media":122232,"comment_status":"closed","ping_status":"closed","sticky":true,"template":"","format":"standard","meta":{"pmpro_default_level":0,"footnotes":""},"categories":[121],"tags":[],"blocksy_meta":"","yoast_head":"<!-- This site is optimized with the Yoast SEO plugin v21.5 - https:\/\/yoast.com\/wordpress\/plugins\/seo\/ -->\n<title>Intelligence naturelle et intelligence artificielle : un dialogue interdisciplinaire sous la direction de Jean-Fran\u00e7ois Le Ny - Territorial Challenges<\/title>\n<meta name=\"robots\" content=\"index, follow, max-snippet:-1, max-image-preview:large, max-video-preview:-1\" \/>\n<link rel=\"canonical\" href=\"https:\/\/territorialchallenges.com\/nl\/2024\/02\/05\/intelligence-naturelle-et-intelligence-artificielle-un-dialogue-interdisciplinaire-sous-la-direction-de-jean-francois-le-ny\/122231\/\" \/>\n<meta property=\"og:locale\" content=\"nl_NL\" \/>\n<meta property=\"og:type\" content=\"article\" \/>\n<meta property=\"og:title\" content=\"Intelligence naturelle et intelligence artificielle : un dialogue interdisciplinaire sous la direction de Jean-Fran\u00e7ois Le Ny - Territorial Challenges\" \/>\n<meta property=\"og:description\" content=\"Le XXIIIe Symposium de l&rsquo;Association de Psychologie Scientifique de Langue Fran\u00e7aise, qui s&rsquo;est tenu \u00e0 Rome en 1991, a \u00e9t\u00e9 un moment cl\u00e9 dans l&rsquo;exploration des liens entre l&rsquo;intelligence naturelle et l&rsquo;intelligence artificielle. Sous la direction \u00e9clair\u00e9e de Jean-Fran\u00e7ois Le Ny, ce symposium a donn\u00e9 naissance \u00e0 un ouvrage \u00e9ponyme qui a marqu\u00e9 le paysage [&hellip;]\" \/>\n<meta property=\"og:url\" content=\"https:\/\/territorialchallenges.com\/nl\/2024\/02\/05\/intelligence-naturelle-et-intelligence-artificielle-un-dialogue-interdisciplinaire-sous-la-direction-de-jean-francois-le-ny\/122231\/\" \/>\n<meta property=\"og:site_name\" content=\"Territorial Challenges\" \/>\n<meta property=\"article:published_time\" content=\"2024-02-05T20:23:13+00:00\" \/>\n<meta property=\"article:modified_time\" content=\"2024-02-05T20:23:15+00:00\" \/>\n<meta property=\"og:image\" content=\"https:\/\/territorialchallenges.com\/wp-content\/uploads\/2024\/02\/MemoireLeNyPhoto.jpeg\" \/>\n\t<meta property=\"og:image:width\" content=\"1021\" \/>\n\t<meta property=\"og:image:height\" content=\"1566\" \/>\n\t<meta property=\"og:image:type\" content=\"image\/jpeg\" \/>\n<meta name=\"author\" content=\"ni.abdi\" \/>\n<meta name=\"twitter:card\" content=\"summary_large_image\" \/>\n<meta name=\"twitter:creator\" content=\"@Ni.abdi\" \/>\n<meta name=\"twitter:label1\" content=\"Geschreven door\" \/>\n\t<meta name=\"twitter:data1\" content=\"ni.abdi\" \/>\n\t<meta name=\"twitter:label2\" content=\"Geschatte leestijd\" \/>\n\t<meta name=\"twitter:data2\" content=\"3 minuten\" \/>\n<script type=\"application\/ld+json\" class=\"yoast-schema-graph\">{\"@context\":\"https:\/\/schema.org\",\"@graph\":[{\"@type\":\"Article\",\"@id\":\"https:\/\/territorialchallenges.com\/2024\/02\/05\/intelligence-naturelle-et-intelligence-artificielle-un-dialogue-interdisciplinaire-sous-la-direction-de-jean-francois-le-ny\/122231\/#article\",\"isPartOf\":{\"@id\":\"https:\/\/territorialchallenges.com\/2024\/02\/05\/intelligence-naturelle-et-intelligence-artificielle-un-dialogue-interdisciplinaire-sous-la-direction-de-jean-francois-le-ny\/122231\/\"},\"author\":{\"name\":\"ni.abdi\",\"@id\":\"https:\/\/territorialchallenges.com\/#\/schema\/person\/098f145c7c61a021c425e010f840080f\"},\"headline\":\"Intelligence naturelle et intelligence artificielle : un dialogue interdisciplinaire sous la direction de Jean-Fran\u00e7ois Le Ny\",\"datePublished\":\"2024-02-05T20:23:13+00:00\",\"dateModified\":\"2024-02-05T20:23:15+00:00\",\"mainEntityOfPage\":{\"@id\":\"https:\/\/territorialchallenges.com\/2024\/02\/05\/intelligence-naturelle-et-intelligence-artificielle-un-dialogue-interdisciplinaire-sous-la-direction-de-jean-francois-le-ny\/122231\/\"},\"wordCount\":534,\"publisher\":{\"@id\":\"https:\/\/territorialchallenges.com\/#organization\"},\"articleSection\":[\"M\u00e9moire\"],\"inLanguage\":\"nl-NL\"},{\"@type\":\"WebPage\",\"@id\":\"https:\/\/territorialchallenges.com\/2024\/02\/05\/intelligence-naturelle-et-intelligence-artificielle-un-dialogue-interdisciplinaire-sous-la-direction-de-jean-francois-le-ny\/122231\/\",\"url\":\"https:\/\/territorialchallenges.com\/2024\/02\/05\/intelligence-naturelle-et-intelligence-artificielle-un-dialogue-interdisciplinaire-sous-la-direction-de-jean-francois-le-ny\/122231\/\",\"name\":\"Intelligence naturelle et intelligence artificielle : un dialogue interdisciplinaire sous la direction de Jean-Fran\u00e7ois Le Ny - Territorial Challenges\",\"isPartOf\":{\"@id\":\"https:\/\/territorialchallenges.com\/#website\"},\"datePublished\":\"2024-02-05T20:23:13+00:00\",\"dateModified\":\"2024-02-05T20:23:15+00:00\",\"breadcrumb\":{\"@id\":\"https:\/\/territorialchallenges.com\/2024\/02\/05\/intelligence-naturelle-et-intelligence-artificielle-un-dialogue-interdisciplinaire-sous-la-direction-de-jean-francois-le-ny\/122231\/#breadcrumb\"},\"inLanguage\":\"nl-NL\",\"potentialAction\":[{\"@type\":\"ReadAction\",\"target\":[\"https:\/\/territorialchallenges.com\/2024\/02\/05\/intelligence-naturelle-et-intelligence-artificielle-un-dialogue-interdisciplinaire-sous-la-direction-de-jean-francois-le-ny\/122231\/\"]}]},{\"@type\":\"BreadcrumbList\",\"@id\":\"https:\/\/territorialchallenges.com\/2024\/02\/05\/intelligence-naturelle-et-intelligence-artificielle-un-dialogue-interdisciplinaire-sous-la-direction-de-jean-francois-le-ny\/122231\/#breadcrumb\",\"itemListElement\":[{\"@type\":\"ListItem\",\"position\":1,\"name\":\"Home\",\"item\":\"https:\/\/territorialchallenges.com\/\"},{\"@type\":\"ListItem\",\"position\":2,\"name\":\"Intelligence naturelle et intelligence artificielle : un dialogue interdisciplinaire sous la direction de Jean-Fran\u00e7ois Le Ny\"}]},{\"@type\":\"WebSite\",\"@id\":\"https:\/\/territorialchallenges.com\/#website\",\"url\":\"https:\/\/territorialchallenges.com\/\",\"name\":\"Territorial Challenges\",\"description\":\"Veille Internationale - Strat\u00e9gie Intelligentes - Bonnes pratiques\",\"publisher\":{\"@id\":\"https:\/\/territorialchallenges.com\/#organization\"},\"potentialAction\":[{\"@type\":\"SearchAction\",\"target\":{\"@type\":\"EntryPoint\",\"urlTemplate\":\"https:\/\/territorialchallenges.com\/?s={search_term_string}\"},\"query-input\":\"required name=search_term_string\"}],\"inLanguage\":\"nl-NL\"},{\"@type\":\"Organization\",\"@id\":\"https:\/\/territorialchallenges.com\/#organization\",\"name\":\"Territorial Challenges\",\"url\":\"https:\/\/territorialchallenges.com\/\",\"logo\":{\"@type\":\"ImageObject\",\"inLanguage\":\"nl-NL\",\"@id\":\"https:\/\/territorialchallenges.com\/#\/schema\/logo\/image\/\",\"url\":\"https:\/\/territorialchallenges.com\/wp-content\/uploads\/2023\/10\/logo-1.png\",\"contentUrl\":\"https:\/\/territorialchallenges.com\/wp-content\/uploads\/2023\/10\/logo-1.png\",\"width\":1832,\"height\":576,\"caption\":\"Territorial Challenges\"},\"image\":{\"@id\":\"https:\/\/territorialchallenges.com\/#\/schema\/logo\/image\/\"}},{\"@type\":\"Person\",\"@id\":\"https:\/\/territorialchallenges.com\/#\/schema\/person\/098f145c7c61a021c425e010f840080f\",\"name\":\"ni.abdi\",\"image\":{\"@type\":\"ImageObject\",\"inLanguage\":\"nl-NL\",\"@id\":\"https:\/\/territorialchallenges.com\/#\/schema\/person\/image\/\",\"url\":\"https:\/\/secure.gravatar.com\/avatar\/2a2f2491f3c80039986ba989b1e4b510?s=96&d=identicon&r=g\",\"contentUrl\":\"https:\/\/secure.gravatar.com\/avatar\/2a2f2491f3c80039986ba989b1e4b510?s=96&d=identicon&r=g\",\"caption\":\"ni.abdi\"},\"sameAs\":[\"https:\/\/twitter.com\/Ni.abdi\"],\"url\":\"https:\/\/territorialchallenges.com\/nl\/author\/ni-abdi\/\"}]}<\/script>\n<!-- \/ Yoast SEO plugin. -->","yoast_head_json":{"title":"Intelligence naturelle et intelligence artificielle : un dialogue interdisciplinaire sous la direction de Jean-Fran\u00e7ois Le Ny - Territorial Challenges","robots":{"index":"index","follow":"follow","max-snippet":"max-snippet:-1","max-image-preview":"max-image-preview:large","max-video-preview":"max-video-preview:-1"},"canonical":"https:\/\/territorialchallenges.com\/nl\/2024\/02\/05\/intelligence-naturelle-et-intelligence-artificielle-un-dialogue-interdisciplinaire-sous-la-direction-de-jean-francois-le-ny\/122231\/","og_locale":"nl_NL","og_type":"article","og_title":"Intelligence naturelle et intelligence artificielle : un dialogue interdisciplinaire sous la direction de Jean-Fran\u00e7ois Le Ny - Territorial Challenges","og_description":"Le XXIIIe Symposium de l&rsquo;Association de Psychologie Scientifique de Langue Fran\u00e7aise, qui s&rsquo;est tenu \u00e0 Rome en 1991, a \u00e9t\u00e9 un moment cl\u00e9 dans l&rsquo;exploration des liens entre l&rsquo;intelligence naturelle et l&rsquo;intelligence artificielle. Sous la direction \u00e9clair\u00e9e de Jean-Fran\u00e7ois Le Ny, ce symposium a donn\u00e9 naissance \u00e0 un ouvrage \u00e9ponyme qui a marqu\u00e9 le paysage [&hellip;]","og_url":"https:\/\/territorialchallenges.com\/nl\/2024\/02\/05\/intelligence-naturelle-et-intelligence-artificielle-un-dialogue-interdisciplinaire-sous-la-direction-de-jean-francois-le-ny\/122231\/","og_site_name":"Territorial Challenges","article_published_time":"2024-02-05T20:23:13+00:00","article_modified_time":"2024-02-05T20:23:15+00:00","og_image":[{"width":1021,"height":1566,"url":"https:\/\/territorialchallenges.com\/wp-content\/uploads\/2024\/02\/MemoireLeNyPhoto.jpeg","type":"image\/jpeg"}],"author":"ni.abdi","twitter_card":"summary_large_image","twitter_creator":"@Ni.abdi","twitter_misc":{"Geschreven door":"ni.abdi","Geschatte leestijd":"3 minuten"},"schema":{"@context":"https:\/\/schema.org","@graph":[{"@type":"Article","@id":"https:\/\/territorialchallenges.com\/2024\/02\/05\/intelligence-naturelle-et-intelligence-artificielle-un-dialogue-interdisciplinaire-sous-la-direction-de-jean-francois-le-ny\/122231\/#article","isPartOf":{"@id":"https:\/\/territorialchallenges.com\/2024\/02\/05\/intelligence-naturelle-et-intelligence-artificielle-un-dialogue-interdisciplinaire-sous-la-direction-de-jean-francois-le-ny\/122231\/"},"author":{"name":"ni.abdi","@id":"https:\/\/territorialchallenges.com\/#\/schema\/person\/098f145c7c61a021c425e010f840080f"},"headline":"Intelligence naturelle et intelligence artificielle : un dialogue interdisciplinaire sous la direction de Jean-Fran\u00e7ois Le Ny","datePublished":"2024-02-05T20:23:13+00:00","dateModified":"2024-02-05T20:23:15+00:00","mainEntityOfPage":{"@id":"https:\/\/territorialchallenges.com\/2024\/02\/05\/intelligence-naturelle-et-intelligence-artificielle-un-dialogue-interdisciplinaire-sous-la-direction-de-jean-francois-le-ny\/122231\/"},"wordCount":534,"publisher":{"@id":"https:\/\/territorialchallenges.com\/#organization"},"articleSection":["M\u00e9moire"],"inLanguage":"nl-NL"},{"@type":"WebPage","@id":"https:\/\/territorialchallenges.com\/2024\/02\/05\/intelligence-naturelle-et-intelligence-artificielle-un-dialogue-interdisciplinaire-sous-la-direction-de-jean-francois-le-ny\/122231\/","url":"https:\/\/territorialchallenges.com\/2024\/02\/05\/intelligence-naturelle-et-intelligence-artificielle-un-dialogue-interdisciplinaire-sous-la-direction-de-jean-francois-le-ny\/122231\/","name":"Intelligence naturelle et intelligence artificielle : un dialogue interdisciplinaire sous la direction de Jean-Fran\u00e7ois Le Ny - Territorial Challenges","isPartOf":{"@id":"https:\/\/territorialchallenges.com\/#website"},"datePublished":"2024-02-05T20:23:13+00:00","dateModified":"2024-02-05T20:23:15+00:00","breadcrumb":{"@id":"https:\/\/territorialchallenges.com\/2024\/02\/05\/intelligence-naturelle-et-intelligence-artificielle-un-dialogue-interdisciplinaire-sous-la-direction-de-jean-francois-le-ny\/122231\/#breadcrumb"},"inLanguage":"nl-NL","potentialAction":[{"@type":"ReadAction","target":["https:\/\/territorialchallenges.com\/2024\/02\/05\/intelligence-naturelle-et-intelligence-artificielle-un-dialogue-interdisciplinaire-sous-la-direction-de-jean-francois-le-ny\/122231\/"]}]},{"@type":"BreadcrumbList","@id":"https:\/\/territorialchallenges.com\/2024\/02\/05\/intelligence-naturelle-et-intelligence-artificielle-un-dialogue-interdisciplinaire-sous-la-direction-de-jean-francois-le-ny\/122231\/#breadcrumb","itemListElement":[{"@type":"ListItem","position":1,"name":"Home","item":"https:\/\/territorialchallenges.com\/"},{"@type":"ListItem","position":2,"name":"Intelligence naturelle et intelligence artificielle : un dialogue interdisciplinaire sous la direction de Jean-Fran\u00e7ois Le Ny"}]},{"@type":"WebSite","@id":"https:\/\/territorialchallenges.com\/#website","url":"https:\/\/territorialchallenges.com\/","name":"Territoriale uitdagingen","description":"Internationale monitoring - Slimme strategie\u00ebn - Beste praktijken","publisher":{"@id":"https:\/\/territorialchallenges.com\/#organization"},"potentialAction":[{"@type":"SearchAction","target":{"@type":"EntryPoint","urlTemplate":"https:\/\/territorialchallenges.com\/?s={search_term_string}"},"query-input":"required name=search_term_string"}],"inLanguage":"nl-NL"},{"@type":"Organization","@id":"https:\/\/territorialchallenges.com\/#organization","name":"Territoriale uitdagingen","url":"https:\/\/territorialchallenges.com\/","logo":{"@type":"ImageObject","inLanguage":"nl-NL","@id":"https:\/\/territorialchallenges.com\/#\/schema\/logo\/image\/","url":"https:\/\/territorialchallenges.com\/wp-content\/uploads\/2023\/10\/logo-1.png","contentUrl":"https:\/\/territorialchallenges.com\/wp-content\/uploads\/2023\/10\/logo-1.png","width":1832,"height":576,"caption":"Territorial Challenges"},"image":{"@id":"https:\/\/territorialchallenges.com\/#\/schema\/logo\/image\/"}},{"@type":"Person","@id":"https:\/\/territorialchallenges.com\/#\/schema\/person\/098f145c7c61a021c425e010f840080f","name":"ni.abdi","image":{"@type":"ImageObject","inLanguage":"nl-NL","@id":"https:\/\/territorialchallenges.com\/#\/schema\/person\/image\/","url":"https:\/\/secure.gravatar.com\/avatar\/2a2f2491f3c80039986ba989b1e4b510?s=96&d=identicon&r=g","contentUrl":"https:\/\/secure.gravatar.com\/avatar\/2a2f2491f3c80039986ba989b1e4b510?s=96&d=identicon&r=g","caption":"ni.abdi"},"sameAs":["https:\/\/twitter.com\/Ni.abdi"],"url":"https:\/\/territorialchallenges.com\/nl\/author\/ni-abdi\/"}]}},"_links":{"self":[{"href":"https:\/\/territorialchallenges.com\/nl\/wp-json\/wp\/v2\/posts\/122231"}],"collection":[{"href":"https:\/\/territorialchallenges.com\/nl\/wp-json\/wp\/v2\/posts"}],"about":[{"href":"https:\/\/territorialchallenges.com\/nl\/wp-json\/wp\/v2\/types\/post"}],"author":[{"embeddable":true,"href":"https:\/\/territorialchallenges.com\/nl\/wp-json\/wp\/v2\/users\/11"}],"replies":[{"embeddable":true,"href":"https:\/\/territorialchallenges.com\/nl\/wp-json\/wp\/v2\/comments?post=122231"}],"version-history":[{"count":1,"href":"https:\/\/territorialchallenges.com\/nl\/wp-json\/wp\/v2\/posts\/122231\/revisions"}],"predecessor-version":[{"id":122233,"href":"https:\/\/territorialchallenges.com\/nl\/wp-json\/wp\/v2\/posts\/122231\/revisions\/122233"}],"wp:featuredmedia":[{"embeddable":true,"href":"https:\/\/territorialchallenges.com\/nl\/wp-json\/wp\/v2\/media\/122232"}],"wp:attachment":[{"href":"https:\/\/territorialchallenges.com\/nl\/wp-json\/wp\/v2\/media?parent=122231"}],"wp:term":[{"taxonomy":"category","embeddable":true,"href":"https:\/\/territorialchallenges.com\/nl\/wp-json\/wp\/v2\/categories?post=122231"},{"taxonomy":"post_tag","embeddable":true,"href":"https:\/\/territorialchallenges.com\/nl\/wp-json\/wp\/v2\/tags?post=122231"}],"curies":[{"name":"wp","href":"https:\/\/api.w.org\/{rel}","templated":true}]}}