{"id":122211,"date":"2024-01-29T15:15:26","date_gmt":"2024-01-29T14:15:26","guid":{"rendered":"https:\/\/territorialchallenges.com\/?p=122211"},"modified":"2024-01-29T15:38:07","modified_gmt":"2024-01-29T14:38:07","slug":"californie-le-comte-de-san-mateo-pionnier-dans-la-protection-de-lemploi-face-a-lia","status":"publish","type":"post","link":"https:\/\/territorialchallenges.com\/nl\/2024\/01\/29\/californie-le-comte-de-san-mateo-pionnier-dans-la-protection-de-lemploi-face-a-lia\/122211\/","title":{"rendered":"Californi\u00eb: San Mateo County pleit voor bescherming van banen tegen AI"},"content":{"rendered":"<p>San Mateo County, Californi\u00eb, neemt een gedurfde stap door een historische resolutie aan te nemen om de banen van haar werknemers te beschermen tegen de mogelijke gevolgen van kunstmatige intelligentie (AI). Het unanieme besluit van de Raad van Toezicht, onder leiding van toezichthouder Ray Mueller, belooft geen werknemers van de county te vervangen door... <\/p>\n<div class=\"pmpro_content_message\">Artikel alleen beschikbaar voor abonnees.<br \/><a href=\"https:\/\/territorialchallenges.com\/wp-login.php\">Login<\/a><br \/><a href=\"https:\/\/territorialchallenges.com\/nl\/wp-login.php\/?action=register\">Register<\/a><\/div>","protected":false},"excerpt":{"rendered":"<p>Le comt\u00e9 de San Mateo, en Californie, fait un pas audacieux en adoptant une r\u00e9solution historique visant \u00e0 prot\u00e9ger les emplois de ses salari\u00e9s contre les effets potentiels de l&rsquo;intelligence artificielle (IA). La d\u00e9cision unanime du conseil des superviseurs, dirig\u00e9e par le superviseur Ray Mueller, promet de ne pas remplacer les employ\u00e9s du comt\u00e9 par... <\/p>\n<div class=\"pmpro_content_message\">Artikel alleen beschikbaar voor abonnees.<br \/><a href=\"https:\/\/territorialchallenges.com\/wp-login.php\">Login<\/a><br \/><a href=\"https:\/\/territorialchallenges.com\/nl\/wp-login.php\/?action=register\">Register<\/a><\/div>","protected":false},"author":11,"featured_media":122212,"comment_status":"closed","ping_status":"closed","sticky":true,"template":"","format":"standard","meta":{"pmpro_default_level":0,"footnotes":""},"categories":[120,117],"tags":[],"blocksy_meta":"","yoast_head":"<!-- This site is optimized with the Yoast SEO plugin v21.5 - https:\/\/yoast.com\/wordpress\/plugins\/seo\/ -->\n<title>Californie: le comt\u00e9 de San Mateo pr\u00f4ne la protection de l&#039;emploi face \u00e0 l&#039;IA - Territorial Challenges<\/title>\n<meta name=\"robots\" content=\"index, follow, max-snippet:-1, max-image-preview:large, max-video-preview:-1\" \/>\n<link rel=\"canonical\" href=\"https:\/\/territorialchallenges.com\/nl\/2024\/01\/29\/californie-le-comte-de-san-mateo-pionnier-dans-la-protection-de-lemploi-face-a-lia\/122211\/\" \/>\n<meta property=\"og:locale\" content=\"nl_NL\" \/>\n<meta property=\"og:type\" content=\"article\" \/>\n<meta property=\"og:title\" content=\"Californie: le comt\u00e9 de San Mateo pr\u00f4ne la protection de l&#039;emploi face \u00e0 l&#039;IA - Territorial Challenges\" \/>\n<meta property=\"og:description\" content=\"Le comt\u00e9 de San Mateo, en Californie, fait un pas audacieux en adoptant une r\u00e9solution historique visant \u00e0 prot\u00e9ger les emplois de ses salari\u00e9s contre les effets potentiels de l&rsquo;intelligence artificielle (IA). La d\u00e9cision unanime du conseil des superviseurs, dirig\u00e9e par le superviseur Ray Mueller, promet de ne pas remplacer les employ\u00e9s du comt\u00e9 par [&hellip;]\" \/>\n<meta property=\"og:url\" content=\"https:\/\/territorialchallenges.com\/nl\/2024\/01\/29\/californie-le-comte-de-san-mateo-pionnier-dans-la-protection-de-lemploi-face-a-lia\/122211\/\" \/>\n<meta property=\"og:site_name\" content=\"Territorial Challenges\" \/>\n<meta property=\"article:published_time\" content=\"2024-01-29T14:15:26+00:00\" \/>\n<meta property=\"article:modified_time\" content=\"2024-01-29T14:38:07+00:00\" \/>\n<meta property=\"og:image\" content=\"https:\/\/territorialchallenges.com\/wp-content\/uploads\/2024\/01\/SanMateo.jpg\" \/>\n\t<meta property=\"og:image:width\" content=\"1280\" \/>\n\t<meta property=\"og:image:height\" content=\"720\" \/>\n\t<meta property=\"og:image:type\" content=\"image\/jpeg\" \/>\n<meta name=\"author\" content=\"ni.abdi\" \/>\n<meta name=\"twitter:card\" content=\"summary_large_image\" \/>\n<meta name=\"twitter:creator\" content=\"@Ni.abdi\" \/>\n<meta name=\"twitter:label1\" content=\"Geschreven door\" \/>\n\t<meta name=\"twitter:data1\" content=\"ni.abdi\" \/>\n\t<meta name=\"twitter:label2\" content=\"Geschatte leestijd\" \/>\n\t<meta name=\"twitter:data2\" content=\"3 minuten\" \/>\n<script type=\"application\/ld+json\" class=\"yoast-schema-graph\">{\"@context\":\"https:\/\/schema.org\",\"@graph\":[{\"@type\":\"Article\",\"@id\":\"https:\/\/territorialchallenges.com\/2024\/01\/29\/californie-le-comte-de-san-mateo-pionnier-dans-la-protection-de-lemploi-face-a-lia\/122211\/#article\",\"isPartOf\":{\"@id\":\"https:\/\/territorialchallenges.com\/2024\/01\/29\/californie-le-comte-de-san-mateo-pionnier-dans-la-protection-de-lemploi-face-a-lia\/122211\/\"},\"author\":{\"name\":\"ni.abdi\",\"@id\":\"https:\/\/territorialchallenges.com\/#\/schema\/person\/098f145c7c61a021c425e010f840080f\"},\"headline\":\"Californie: le comt\u00e9 de San Mateo pr\u00f4ne la protection de l&#8217;emploi face \u00e0 l&rsquo;IA\",\"datePublished\":\"2024-01-29T14:15:26+00:00\",\"dateModified\":\"2024-01-29T14:38:07+00:00\",\"mainEntityOfPage\":{\"@id\":\"https:\/\/territorialchallenges.com\/2024\/01\/29\/californie-le-comte-de-san-mateo-pionnier-dans-la-protection-de-lemploi-face-a-lia\/122211\/\"},\"wordCount\":633,\"publisher\":{\"@id\":\"https:\/\/territorialchallenges.com\/#organization\"},\"articleSection\":[\"Il s'est pass\u00e9 \u00e0\",\"\u00c9cosyst\u00e8me\"],\"inLanguage\":\"nl-NL\"},{\"@type\":\"WebPage\",\"@id\":\"https:\/\/territorialchallenges.com\/2024\/01\/29\/californie-le-comte-de-san-mateo-pionnier-dans-la-protection-de-lemploi-face-a-lia\/122211\/\",\"url\":\"https:\/\/territorialchallenges.com\/2024\/01\/29\/californie-le-comte-de-san-mateo-pionnier-dans-la-protection-de-lemploi-face-a-lia\/122211\/\",\"name\":\"Californie: le comt\u00e9 de San Mateo pr\u00f4ne la protection de l'emploi face \u00e0 l'IA - Territorial Challenges\",\"isPartOf\":{\"@id\":\"https:\/\/territorialchallenges.com\/#website\"},\"datePublished\":\"2024-01-29T14:15:26+00:00\",\"dateModified\":\"2024-01-29T14:38:07+00:00\",\"breadcrumb\":{\"@id\":\"https:\/\/territorialchallenges.com\/2024\/01\/29\/californie-le-comte-de-san-mateo-pionnier-dans-la-protection-de-lemploi-face-a-lia\/122211\/#breadcrumb\"},\"inLanguage\":\"nl-NL\",\"potentialAction\":[{\"@type\":\"ReadAction\",\"target\":[\"https:\/\/territorialchallenges.com\/2024\/01\/29\/californie-le-comte-de-san-mateo-pionnier-dans-la-protection-de-lemploi-face-a-lia\/122211\/\"]}]},{\"@type\":\"BreadcrumbList\",\"@id\":\"https:\/\/territorialchallenges.com\/2024\/01\/29\/californie-le-comte-de-san-mateo-pionnier-dans-la-protection-de-lemploi-face-a-lia\/122211\/#breadcrumb\",\"itemListElement\":[{\"@type\":\"ListItem\",\"position\":1,\"name\":\"Home\",\"item\":\"https:\/\/territorialchallenges.com\/\"},{\"@type\":\"ListItem\",\"position\":2,\"name\":\"Californie: le comt\u00e9 de San Mateo pr\u00f4ne la protection de l&#8217;emploi face \u00e0 l&rsquo;IA\"}]},{\"@type\":\"WebSite\",\"@id\":\"https:\/\/territorialchallenges.com\/#website\",\"url\":\"https:\/\/territorialchallenges.com\/\",\"name\":\"Territorial Challenges\",\"description\":\"Veille Internationale - Strat\u00e9gie Intelligentes - Bonnes pratiques\",\"publisher\":{\"@id\":\"https:\/\/territorialchallenges.com\/#organization\"},\"potentialAction\":[{\"@type\":\"SearchAction\",\"target\":{\"@type\":\"EntryPoint\",\"urlTemplate\":\"https:\/\/territorialchallenges.com\/?s={search_term_string}\"},\"query-input\":\"required name=search_term_string\"}],\"inLanguage\":\"nl-NL\"},{\"@type\":\"Organization\",\"@id\":\"https:\/\/territorialchallenges.com\/#organization\",\"name\":\"Territorial Challenges\",\"url\":\"https:\/\/territorialchallenges.com\/\",\"logo\":{\"@type\":\"ImageObject\",\"inLanguage\":\"nl-NL\",\"@id\":\"https:\/\/territorialchallenges.com\/#\/schema\/logo\/image\/\",\"url\":\"https:\/\/territorialchallenges.com\/wp-content\/uploads\/2023\/10\/logo-1.png\",\"contentUrl\":\"https:\/\/territorialchallenges.com\/wp-content\/uploads\/2023\/10\/logo-1.png\",\"width\":1832,\"height\":576,\"caption\":\"Territorial Challenges\"},\"image\":{\"@id\":\"https:\/\/territorialchallenges.com\/#\/schema\/logo\/image\/\"}},{\"@type\":\"Person\",\"@id\":\"https:\/\/territorialchallenges.com\/#\/schema\/person\/098f145c7c61a021c425e010f840080f\",\"name\":\"ni.abdi\",\"image\":{\"@type\":\"ImageObject\",\"inLanguage\":\"nl-NL\",\"@id\":\"https:\/\/territorialchallenges.com\/#\/schema\/person\/image\/\",\"url\":\"https:\/\/secure.gravatar.com\/avatar\/2a2f2491f3c80039986ba989b1e4b510?s=96&d=identicon&r=g\",\"contentUrl\":\"https:\/\/secure.gravatar.com\/avatar\/2a2f2491f3c80039986ba989b1e4b510?s=96&d=identicon&r=g\",\"caption\":\"ni.abdi\"},\"sameAs\":[\"https:\/\/twitter.com\/Ni.abdi\"],\"url\":\"https:\/\/territorialchallenges.com\/nl\/author\/ni-abdi\/\"}]}<\/script>\n<!-- \/ Yoast SEO plugin. -->","yoast_head_json":{"title":"Californie: le comt\u00e9 de San Mateo pr\u00f4ne la protection de l'emploi face \u00e0 l'IA - Territorial Challenges","robots":{"index":"index","follow":"follow","max-snippet":"max-snippet:-1","max-image-preview":"max-image-preview:large","max-video-preview":"max-video-preview:-1"},"canonical":"https:\/\/territorialchallenges.com\/nl\/2024\/01\/29\/californie-le-comte-de-san-mateo-pionnier-dans-la-protection-de-lemploi-face-a-lia\/122211\/","og_locale":"nl_NL","og_type":"article","og_title":"Californie: le comt\u00e9 de San Mateo pr\u00f4ne la protection de l'emploi face \u00e0 l'IA - Territorial Challenges","og_description":"Le comt\u00e9 de San Mateo, en Californie, fait un pas audacieux en adoptant une r\u00e9solution historique visant \u00e0 prot\u00e9ger les emplois de ses salari\u00e9s contre les effets potentiels de l&rsquo;intelligence artificielle (IA). La d\u00e9cision unanime du conseil des superviseurs, dirig\u00e9e par le superviseur Ray Mueller, promet de ne pas remplacer les employ\u00e9s du comt\u00e9 par [&hellip;]","og_url":"https:\/\/territorialchallenges.com\/nl\/2024\/01\/29\/californie-le-comte-de-san-mateo-pionnier-dans-la-protection-de-lemploi-face-a-lia\/122211\/","og_site_name":"Territorial Challenges","article_published_time":"2024-01-29T14:15:26+00:00","article_modified_time":"2024-01-29T14:38:07+00:00","og_image":[{"width":1280,"height":720,"url":"https:\/\/territorialchallenges.com\/wp-content\/uploads\/2024\/01\/SanMateo.jpg","type":"image\/jpeg"}],"author":"ni.abdi","twitter_card":"summary_large_image","twitter_creator":"@Ni.abdi","twitter_misc":{"Geschreven door":"ni.abdi","Geschatte leestijd":"3 minuten"},"schema":{"@context":"https:\/\/schema.org","@graph":[{"@type":"Article","@id":"https:\/\/territorialchallenges.com\/2024\/01\/29\/californie-le-comte-de-san-mateo-pionnier-dans-la-protection-de-lemploi-face-a-lia\/122211\/#article","isPartOf":{"@id":"https:\/\/territorialchallenges.com\/2024\/01\/29\/californie-le-comte-de-san-mateo-pionnier-dans-la-protection-de-lemploi-face-a-lia\/122211\/"},"author":{"name":"ni.abdi","@id":"https:\/\/territorialchallenges.com\/#\/schema\/person\/098f145c7c61a021c425e010f840080f"},"headline":"Californie: le comt\u00e9 de San Mateo pr\u00f4ne la protection de l&#8217;emploi face \u00e0 l&rsquo;IA","datePublished":"2024-01-29T14:15:26+00:00","dateModified":"2024-01-29T14:38:07+00:00","mainEntityOfPage":{"@id":"https:\/\/territorialchallenges.com\/2024\/01\/29\/californie-le-comte-de-san-mateo-pionnier-dans-la-protection-de-lemploi-face-a-lia\/122211\/"},"wordCount":633,"publisher":{"@id":"https:\/\/territorialchallenges.com\/#organization"},"articleSection":["Il s'est pass\u00e9 \u00e0","\u00c9cosyst\u00e8me"],"inLanguage":"nl-NL"},{"@type":"WebPage","@id":"https:\/\/territorialchallenges.com\/2024\/01\/29\/californie-le-comte-de-san-mateo-pionnier-dans-la-protection-de-lemploi-face-a-lia\/122211\/","url":"https:\/\/territorialchallenges.com\/2024\/01\/29\/californie-le-comte-de-san-mateo-pionnier-dans-la-protection-de-lemploi-face-a-lia\/122211\/","name":"Californie: le comt\u00e9 de San Mateo pr\u00f4ne la protection de l'emploi face \u00e0 l'IA - Territorial Challenges","isPartOf":{"@id":"https:\/\/territorialchallenges.com\/#website"},"datePublished":"2024-01-29T14:15:26+00:00","dateModified":"2024-01-29T14:38:07+00:00","breadcrumb":{"@id":"https:\/\/territorialchallenges.com\/2024\/01\/29\/californie-le-comte-de-san-mateo-pionnier-dans-la-protection-de-lemploi-face-a-lia\/122211\/#breadcrumb"},"inLanguage":"nl-NL","potentialAction":[{"@type":"ReadAction","target":["https:\/\/territorialchallenges.com\/2024\/01\/29\/californie-le-comte-de-san-mateo-pionnier-dans-la-protection-de-lemploi-face-a-lia\/122211\/"]}]},{"@type":"BreadcrumbList","@id":"https:\/\/territorialchallenges.com\/2024\/01\/29\/californie-le-comte-de-san-mateo-pionnier-dans-la-protection-de-lemploi-face-a-lia\/122211\/#breadcrumb","itemListElement":[{"@type":"ListItem","position":1,"name":"Home","item":"https:\/\/territorialchallenges.com\/"},{"@type":"ListItem","position":2,"name":"Californie: le comt\u00e9 de San Mateo pr\u00f4ne la protection de l&#8217;emploi face \u00e0 l&rsquo;IA"}]},{"@type":"WebSite","@id":"https:\/\/territorialchallenges.com\/#website","url":"https:\/\/territorialchallenges.com\/","name":"Territoriale uitdagingen","description":"Internationale monitoring - Slimme strategie\u00ebn - Beste praktijken","publisher":{"@id":"https:\/\/territorialchallenges.com\/#organization"},"potentialAction":[{"@type":"SearchAction","target":{"@type":"EntryPoint","urlTemplate":"https:\/\/territorialchallenges.com\/?s={search_term_string}"},"query-input":"required name=search_term_string"}],"inLanguage":"nl-NL"},{"@type":"Organization","@id":"https:\/\/territorialchallenges.com\/#organization","name":"Territoriale uitdagingen","url":"https:\/\/territorialchallenges.com\/","logo":{"@type":"ImageObject","inLanguage":"nl-NL","@id":"https:\/\/territorialchallenges.com\/#\/schema\/logo\/image\/","url":"https:\/\/territorialchallenges.com\/wp-content\/uploads\/2023\/10\/logo-1.png","contentUrl":"https:\/\/territorialchallenges.com\/wp-content\/uploads\/2023\/10\/logo-1.png","width":1832,"height":576,"caption":"Territorial Challenges"},"image":{"@id":"https:\/\/territorialchallenges.com\/#\/schema\/logo\/image\/"}},{"@type":"Person","@id":"https:\/\/territorialchallenges.com\/#\/schema\/person\/098f145c7c61a021c425e010f840080f","name":"ni.abdi","image":{"@type":"ImageObject","inLanguage":"nl-NL","@id":"https:\/\/territorialchallenges.com\/#\/schema\/person\/image\/","url":"https:\/\/secure.gravatar.com\/avatar\/2a2f2491f3c80039986ba989b1e4b510?s=96&d=identicon&r=g","contentUrl":"https:\/\/secure.gravatar.com\/avatar\/2a2f2491f3c80039986ba989b1e4b510?s=96&d=identicon&r=g","caption":"ni.abdi"},"sameAs":["https:\/\/twitter.com\/Ni.abdi"],"url":"https:\/\/territorialchallenges.com\/nl\/author\/ni-abdi\/"}]}},"_links":{"self":[{"href":"https:\/\/territorialchallenges.com\/nl\/wp-json\/wp\/v2\/posts\/122211"}],"collection":[{"href":"https:\/\/territorialchallenges.com\/nl\/wp-json\/wp\/v2\/posts"}],"about":[{"href":"https:\/\/territorialchallenges.com\/nl\/wp-json\/wp\/v2\/types\/post"}],"author":[{"embeddable":true,"href":"https:\/\/territorialchallenges.com\/nl\/wp-json\/wp\/v2\/users\/11"}],"replies":[{"embeddable":true,"href":"https:\/\/territorialchallenges.com\/nl\/wp-json\/wp\/v2\/comments?post=122211"}],"version-history":[{"count":2,"href":"https:\/\/territorialchallenges.com\/nl\/wp-json\/wp\/v2\/posts\/122211\/revisions"}],"predecessor-version":[{"id":122220,"href":"https:\/\/territorialchallenges.com\/nl\/wp-json\/wp\/v2\/posts\/122211\/revisions\/122220"}],"wp:featuredmedia":[{"embeddable":true,"href":"https:\/\/territorialchallenges.com\/nl\/wp-json\/wp\/v2\/media\/122212"}],"wp:attachment":[{"href":"https:\/\/territorialchallenges.com\/nl\/wp-json\/wp\/v2\/media?parent=122211"}],"wp:term":[{"taxonomy":"category","embeddable":true,"href":"https:\/\/territorialchallenges.com\/nl\/wp-json\/wp\/v2\/categories?post=122211"},{"taxonomy":"post_tag","embeddable":true,"href":"https:\/\/territorialchallenges.com\/nl\/wp-json\/wp\/v2\/tags?post=122211"}],"curies":[{"name":"wp","href":"https:\/\/api.w.org\/{rel}","templated":true}]}}