{"id":122152,"date":"2024-01-22T21:18:06","date_gmt":"2024-01-22T20:18:06","guid":{"rendered":"https:\/\/territorialchallenges.com\/?p=122152"},"modified":"2024-01-22T21:18:08","modified_gmt":"2024-01-22T20:18:08","slug":"jacques-pitrat-architecte-visionnaire-de-lintelligence-artificielle-en-france","status":"publish","type":"post","link":"https:\/\/territorialchallenges.com\/nl\/2024\/01\/22\/jacques-pitrat-architecte-visionnaire-de-lintelligence-artificielle-en-france\/122152\/","title":{"rendered":"Jacques Pitrat, visionair architect van kunstmatige intelligentie in Frankrijk"},"content":{"rendered":"<p>Jacques Pitrat, geboren in februari 1934 en overleden in oktober 2019, blijft een van de Franse pioniers op het gebied van symbolische kunstmatige intelligentie. Als algemeen ingenieur van de bewapening en afgestudeerd aan de \u00c9cole Polytechnique, baande hij de weg voor AI in Frankrijk door innovatieve kennisgebaseerde systemen te ontwikkelen. Deze visionaire architect wijdde zijn leven aan... <\/p>\n<div class=\"pmpro_content_message\">Artikel alleen beschikbaar voor abonnees.<br \/><a href=\"https:\/\/territorialchallenges.com\/wp-login.php\">Login<\/a><br \/><a href=\"https:\/\/territorialchallenges.com\/nl\/wp-login.php\/?action=register\">Register<\/a><\/div>","protected":false},"excerpt":{"rendered":"<p>Jacques Pitrat, n\u00e9 en f\u00e9vrier 1934 et d\u00e9c\u00e9d\u00e9 en octobre 2019, demeure l&rsquo;un des pionniers fran\u00e7ais de l&rsquo;intelligence artificielle symbolique. Ing\u00e9nieur g\u00e9n\u00e9ral de l&rsquo;Armement, dipl\u00f4m\u00e9 de l&rsquo;\u00c9cole polytechnique, il a trac\u00e9 la voie pour l&rsquo;IA en France en d\u00e9veloppant des syst\u00e8mes innovants bas\u00e9s sur la connaissance. Cet architecte visionnaire a consacr\u00e9 sa vie \u00e0 la... <\/p>\n<div class=\"pmpro_content_message\">Artikel alleen beschikbaar voor abonnees.<br \/><a href=\"https:\/\/territorialchallenges.com\/wp-login.php\">Login<\/a><br \/><a href=\"https:\/\/territorialchallenges.com\/nl\/wp-login.php\/?action=register\">Register<\/a><\/div>","protected":false},"author":11,"featured_media":122154,"comment_status":"closed","ping_status":"closed","sticky":true,"template":"","format":"standard","meta":{"pmpro_default_level":0,"footnotes":""},"categories":[121],"tags":[],"blocksy_meta":"","yoast_head":"<!-- This site is optimized with the Yoast SEO plugin v21.5 - https:\/\/yoast.com\/wordpress\/plugins\/seo\/ -->\n<title>Jacques Pitrat, architecte visionnaire de l&#039;intelligence artificielle en France - Territorial Challenges<\/title>\n<meta name=\"robots\" content=\"index, follow, max-snippet:-1, max-image-preview:large, max-video-preview:-1\" \/>\n<link rel=\"canonical\" href=\"https:\/\/territorialchallenges.com\/nl\/2024\/01\/22\/jacques-pitrat-architecte-visionnaire-de-lintelligence-artificielle-en-france\/122152\/\" \/>\n<meta property=\"og:locale\" content=\"nl_NL\" \/>\n<meta property=\"og:type\" content=\"article\" \/>\n<meta property=\"og:title\" content=\"Jacques Pitrat, architecte visionnaire de l&#039;intelligence artificielle en France - Territorial Challenges\" \/>\n<meta property=\"og:description\" content=\"Jacques Pitrat, n\u00e9 en f\u00e9vrier 1934 et d\u00e9c\u00e9d\u00e9 en octobre 2019, demeure l&rsquo;un des pionniers fran\u00e7ais de l&rsquo;intelligence artificielle symbolique. Ing\u00e9nieur g\u00e9n\u00e9ral de l&rsquo;Armement, dipl\u00f4m\u00e9 de l&rsquo;\u00c9cole polytechnique, il a trac\u00e9 la voie pour l&rsquo;IA en France en d\u00e9veloppant des syst\u00e8mes innovants bas\u00e9s sur la connaissance. Cet architecte visionnaire a consacr\u00e9 sa vie \u00e0 la [&hellip;]\" \/>\n<meta property=\"og:url\" content=\"https:\/\/territorialchallenges.com\/nl\/2024\/01\/22\/jacques-pitrat-architecte-visionnaire-de-lintelligence-artificielle-en-france\/122152\/\" \/>\n<meta property=\"og:site_name\" content=\"Territorial Challenges\" \/>\n<meta property=\"article:published_time\" content=\"2024-01-22T20:18:06+00:00\" \/>\n<meta property=\"article:modified_time\" content=\"2024-01-22T20:18:08+00:00\" \/>\n<meta property=\"og:image\" content=\"https:\/\/territorialchallenges.com\/wp-content\/uploads\/2024\/01\/memoirejacquespitrat.jpeg\" \/>\n\t<meta property=\"og:image:width\" content=\"230\" \/>\n\t<meta property=\"og:image:height\" content=\"219\" \/>\n\t<meta property=\"og:image:type\" content=\"image\/jpeg\" \/>\n<meta name=\"author\" content=\"ni.abdi\" \/>\n<meta name=\"twitter:card\" content=\"summary_large_image\" \/>\n<meta name=\"twitter:creator\" content=\"@Ni.abdi\" \/>\n<meta name=\"twitter:label1\" content=\"Geschreven door\" \/>\n\t<meta name=\"twitter:data1\" content=\"ni.abdi\" \/>\n\t<meta name=\"twitter:label2\" content=\"Geschatte leestijd\" \/>\n\t<meta name=\"twitter:data2\" content=\"3 minuten\" \/>\n<script type=\"application\/ld+json\" class=\"yoast-schema-graph\">{\"@context\":\"https:\/\/schema.org\",\"@graph\":[{\"@type\":\"Article\",\"@id\":\"https:\/\/territorialchallenges.com\/2024\/01\/22\/jacques-pitrat-architecte-visionnaire-de-lintelligence-artificielle-en-france\/122152\/#article\",\"isPartOf\":{\"@id\":\"https:\/\/territorialchallenges.com\/2024\/01\/22\/jacques-pitrat-architecte-visionnaire-de-lintelligence-artificielle-en-france\/122152\/\"},\"author\":{\"name\":\"ni.abdi\",\"@id\":\"https:\/\/territorialchallenges.com\/#\/schema\/person\/098f145c7c61a021c425e010f840080f\"},\"headline\":\"Jacques Pitrat, architecte visionnaire de l&rsquo;intelligence artificielle en France\",\"datePublished\":\"2024-01-22T20:18:06+00:00\",\"dateModified\":\"2024-01-22T20:18:08+00:00\",\"mainEntityOfPage\":{\"@id\":\"https:\/\/territorialchallenges.com\/2024\/01\/22\/jacques-pitrat-architecte-visionnaire-de-lintelligence-artificielle-en-france\/122152\/\"},\"wordCount\":649,\"publisher\":{\"@id\":\"https:\/\/territorialchallenges.com\/#organization\"},\"articleSection\":[\"M\u00e9moire\"],\"inLanguage\":\"nl-NL\"},{\"@type\":\"WebPage\",\"@id\":\"https:\/\/territorialchallenges.com\/2024\/01\/22\/jacques-pitrat-architecte-visionnaire-de-lintelligence-artificielle-en-france\/122152\/\",\"url\":\"https:\/\/territorialchallenges.com\/2024\/01\/22\/jacques-pitrat-architecte-visionnaire-de-lintelligence-artificielle-en-france\/122152\/\",\"name\":\"Jacques Pitrat, architecte visionnaire de l'intelligence artificielle en France - Territorial Challenges\",\"isPartOf\":{\"@id\":\"https:\/\/territorialchallenges.com\/#website\"},\"datePublished\":\"2024-01-22T20:18:06+00:00\",\"dateModified\":\"2024-01-22T20:18:08+00:00\",\"breadcrumb\":{\"@id\":\"https:\/\/territorialchallenges.com\/2024\/01\/22\/jacques-pitrat-architecte-visionnaire-de-lintelligence-artificielle-en-france\/122152\/#breadcrumb\"},\"inLanguage\":\"nl-NL\",\"potentialAction\":[{\"@type\":\"ReadAction\",\"target\":[\"https:\/\/territorialchallenges.com\/2024\/01\/22\/jacques-pitrat-architecte-visionnaire-de-lintelligence-artificielle-en-france\/122152\/\"]}]},{\"@type\":\"BreadcrumbList\",\"@id\":\"https:\/\/territorialchallenges.com\/2024\/01\/22\/jacques-pitrat-architecte-visionnaire-de-lintelligence-artificielle-en-france\/122152\/#breadcrumb\",\"itemListElement\":[{\"@type\":\"ListItem\",\"position\":1,\"name\":\"Home\",\"item\":\"https:\/\/territorialchallenges.com\/\"},{\"@type\":\"ListItem\",\"position\":2,\"name\":\"Jacques Pitrat, architecte visionnaire de l&rsquo;intelligence artificielle en France\"}]},{\"@type\":\"WebSite\",\"@id\":\"https:\/\/territorialchallenges.com\/#website\",\"url\":\"https:\/\/territorialchallenges.com\/\",\"name\":\"Territorial Challenges\",\"description\":\"Veille Internationale - Strat\u00e9gie Intelligentes - Bonnes pratiques\",\"publisher\":{\"@id\":\"https:\/\/territorialchallenges.com\/#organization\"},\"potentialAction\":[{\"@type\":\"SearchAction\",\"target\":{\"@type\":\"EntryPoint\",\"urlTemplate\":\"https:\/\/territorialchallenges.com\/?s={search_term_string}\"},\"query-input\":\"required name=search_term_string\"}],\"inLanguage\":\"nl-NL\"},{\"@type\":\"Organization\",\"@id\":\"https:\/\/territorialchallenges.com\/#organization\",\"name\":\"Territorial Challenges\",\"url\":\"https:\/\/territorialchallenges.com\/\",\"logo\":{\"@type\":\"ImageObject\",\"inLanguage\":\"nl-NL\",\"@id\":\"https:\/\/territorialchallenges.com\/#\/schema\/logo\/image\/\",\"url\":\"https:\/\/territorialchallenges.com\/wp-content\/uploads\/2023\/10\/logo-1.png\",\"contentUrl\":\"https:\/\/territorialchallenges.com\/wp-content\/uploads\/2023\/10\/logo-1.png\",\"width\":1832,\"height\":576,\"caption\":\"Territorial Challenges\"},\"image\":{\"@id\":\"https:\/\/territorialchallenges.com\/#\/schema\/logo\/image\/\"}},{\"@type\":\"Person\",\"@id\":\"https:\/\/territorialchallenges.com\/#\/schema\/person\/098f145c7c61a021c425e010f840080f\",\"name\":\"ni.abdi\",\"image\":{\"@type\":\"ImageObject\",\"inLanguage\":\"nl-NL\",\"@id\":\"https:\/\/territorialchallenges.com\/#\/schema\/person\/image\/\",\"url\":\"https:\/\/secure.gravatar.com\/avatar\/2a2f2491f3c80039986ba989b1e4b510?s=96&d=identicon&r=g\",\"contentUrl\":\"https:\/\/secure.gravatar.com\/avatar\/2a2f2491f3c80039986ba989b1e4b510?s=96&d=identicon&r=g\",\"caption\":\"ni.abdi\"},\"sameAs\":[\"https:\/\/twitter.com\/Ni.abdi\"],\"url\":\"https:\/\/territorialchallenges.com\/nl\/author\/ni-abdi\/\"}]}<\/script>\n<!-- \/ Yoast SEO plugin. -->","yoast_head_json":{"title":"Jacques Pitrat, architecte visionnaire de l'intelligence artificielle en France - Territorial Challenges","robots":{"index":"index","follow":"follow","max-snippet":"max-snippet:-1","max-image-preview":"max-image-preview:large","max-video-preview":"max-video-preview:-1"},"canonical":"https:\/\/territorialchallenges.com\/nl\/2024\/01\/22\/jacques-pitrat-architecte-visionnaire-de-lintelligence-artificielle-en-france\/122152\/","og_locale":"nl_NL","og_type":"article","og_title":"Jacques Pitrat, architecte visionnaire de l'intelligence artificielle en France - Territorial Challenges","og_description":"Jacques Pitrat, n\u00e9 en f\u00e9vrier 1934 et d\u00e9c\u00e9d\u00e9 en octobre 2019, demeure l&rsquo;un des pionniers fran\u00e7ais de l&rsquo;intelligence artificielle symbolique. Ing\u00e9nieur g\u00e9n\u00e9ral de l&rsquo;Armement, dipl\u00f4m\u00e9 de l&rsquo;\u00c9cole polytechnique, il a trac\u00e9 la voie pour l&rsquo;IA en France en d\u00e9veloppant des syst\u00e8mes innovants bas\u00e9s sur la connaissance. Cet architecte visionnaire a consacr\u00e9 sa vie \u00e0 la [&hellip;]","og_url":"https:\/\/territorialchallenges.com\/nl\/2024\/01\/22\/jacques-pitrat-architecte-visionnaire-de-lintelligence-artificielle-en-france\/122152\/","og_site_name":"Territorial Challenges","article_published_time":"2024-01-22T20:18:06+00:00","article_modified_time":"2024-01-22T20:18:08+00:00","og_image":[{"width":230,"height":219,"url":"https:\/\/territorialchallenges.com\/wp-content\/uploads\/2024\/01\/memoirejacquespitrat.jpeg","type":"image\/jpeg"}],"author":"ni.abdi","twitter_card":"summary_large_image","twitter_creator":"@Ni.abdi","twitter_misc":{"Geschreven door":"ni.abdi","Geschatte leestijd":"3 minuten"},"schema":{"@context":"https:\/\/schema.org","@graph":[{"@type":"Article","@id":"https:\/\/territorialchallenges.com\/2024\/01\/22\/jacques-pitrat-architecte-visionnaire-de-lintelligence-artificielle-en-france\/122152\/#article","isPartOf":{"@id":"https:\/\/territorialchallenges.com\/2024\/01\/22\/jacques-pitrat-architecte-visionnaire-de-lintelligence-artificielle-en-france\/122152\/"},"author":{"name":"ni.abdi","@id":"https:\/\/territorialchallenges.com\/#\/schema\/person\/098f145c7c61a021c425e010f840080f"},"headline":"Jacques Pitrat, architecte visionnaire de l&rsquo;intelligence artificielle en France","datePublished":"2024-01-22T20:18:06+00:00","dateModified":"2024-01-22T20:18:08+00:00","mainEntityOfPage":{"@id":"https:\/\/territorialchallenges.com\/2024\/01\/22\/jacques-pitrat-architecte-visionnaire-de-lintelligence-artificielle-en-france\/122152\/"},"wordCount":649,"publisher":{"@id":"https:\/\/territorialchallenges.com\/#organization"},"articleSection":["M\u00e9moire"],"inLanguage":"nl-NL"},{"@type":"WebPage","@id":"https:\/\/territorialchallenges.com\/2024\/01\/22\/jacques-pitrat-architecte-visionnaire-de-lintelligence-artificielle-en-france\/122152\/","url":"https:\/\/territorialchallenges.com\/2024\/01\/22\/jacques-pitrat-architecte-visionnaire-de-lintelligence-artificielle-en-france\/122152\/","name":"Jacques Pitrat, architecte visionnaire de l'intelligence artificielle en France - Territorial Challenges","isPartOf":{"@id":"https:\/\/territorialchallenges.com\/#website"},"datePublished":"2024-01-22T20:18:06+00:00","dateModified":"2024-01-22T20:18:08+00:00","breadcrumb":{"@id":"https:\/\/territorialchallenges.com\/2024\/01\/22\/jacques-pitrat-architecte-visionnaire-de-lintelligence-artificielle-en-france\/122152\/#breadcrumb"},"inLanguage":"nl-NL","potentialAction":[{"@type":"ReadAction","target":["https:\/\/territorialchallenges.com\/2024\/01\/22\/jacques-pitrat-architecte-visionnaire-de-lintelligence-artificielle-en-france\/122152\/"]}]},{"@type":"BreadcrumbList","@id":"https:\/\/territorialchallenges.com\/2024\/01\/22\/jacques-pitrat-architecte-visionnaire-de-lintelligence-artificielle-en-france\/122152\/#breadcrumb","itemListElement":[{"@type":"ListItem","position":1,"name":"Home","item":"https:\/\/territorialchallenges.com\/"},{"@type":"ListItem","position":2,"name":"Jacques Pitrat, architecte visionnaire de l&rsquo;intelligence artificielle en France"}]},{"@type":"WebSite","@id":"https:\/\/territorialchallenges.com\/#website","url":"https:\/\/territorialchallenges.com\/","name":"Territoriale uitdagingen","description":"Internationale monitoring - Slimme strategie\u00ebn - Beste praktijken","publisher":{"@id":"https:\/\/territorialchallenges.com\/#organization"},"potentialAction":[{"@type":"SearchAction","target":{"@type":"EntryPoint","urlTemplate":"https:\/\/territorialchallenges.com\/?s={search_term_string}"},"query-input":"required name=search_term_string"}],"inLanguage":"nl-NL"},{"@type":"Organization","@id":"https:\/\/territorialchallenges.com\/#organization","name":"Territoriale uitdagingen","url":"https:\/\/territorialchallenges.com\/","logo":{"@type":"ImageObject","inLanguage":"nl-NL","@id":"https:\/\/territorialchallenges.com\/#\/schema\/logo\/image\/","url":"https:\/\/territorialchallenges.com\/wp-content\/uploads\/2023\/10\/logo-1.png","contentUrl":"https:\/\/territorialchallenges.com\/wp-content\/uploads\/2023\/10\/logo-1.png","width":1832,"height":576,"caption":"Territorial Challenges"},"image":{"@id":"https:\/\/territorialchallenges.com\/#\/schema\/logo\/image\/"}},{"@type":"Person","@id":"https:\/\/territorialchallenges.com\/#\/schema\/person\/098f145c7c61a021c425e010f840080f","name":"ni.abdi","image":{"@type":"ImageObject","inLanguage":"nl-NL","@id":"https:\/\/territorialchallenges.com\/#\/schema\/person\/image\/","url":"https:\/\/secure.gravatar.com\/avatar\/2a2f2491f3c80039986ba989b1e4b510?s=96&d=identicon&r=g","contentUrl":"https:\/\/secure.gravatar.com\/avatar\/2a2f2491f3c80039986ba989b1e4b510?s=96&d=identicon&r=g","caption":"ni.abdi"},"sameAs":["https:\/\/twitter.com\/Ni.abdi"],"url":"https:\/\/territorialchallenges.com\/nl\/author\/ni-abdi\/"}]}},"_links":{"self":[{"href":"https:\/\/territorialchallenges.com\/nl\/wp-json\/wp\/v2\/posts\/122152"}],"collection":[{"href":"https:\/\/territorialchallenges.com\/nl\/wp-json\/wp\/v2\/posts"}],"about":[{"href":"https:\/\/territorialchallenges.com\/nl\/wp-json\/wp\/v2\/types\/post"}],"author":[{"embeddable":true,"href":"https:\/\/territorialchallenges.com\/nl\/wp-json\/wp\/v2\/users\/11"}],"replies":[{"embeddable":true,"href":"https:\/\/territorialchallenges.com\/nl\/wp-json\/wp\/v2\/comments?post=122152"}],"version-history":[{"count":1,"href":"https:\/\/territorialchallenges.com\/nl\/wp-json\/wp\/v2\/posts\/122152\/revisions"}],"predecessor-version":[{"id":122155,"href":"https:\/\/territorialchallenges.com\/nl\/wp-json\/wp\/v2\/posts\/122152\/revisions\/122155"}],"wp:featuredmedia":[{"embeddable":true,"href":"https:\/\/territorialchallenges.com\/nl\/wp-json\/wp\/v2\/media\/122154"}],"wp:attachment":[{"href":"https:\/\/territorialchallenges.com\/nl\/wp-json\/wp\/v2\/media?parent=122152"}],"wp:term":[{"taxonomy":"category","embeddable":true,"href":"https:\/\/territorialchallenges.com\/nl\/wp-json\/wp\/v2\/categories?post=122152"},{"taxonomy":"post_tag","embeddable":true,"href":"https:\/\/territorialchallenges.com\/nl\/wp-json\/wp\/v2\/tags?post=122152"}],"curies":[{"name":"wp","href":"https:\/\/api.w.org\/{rel}","templated":true}]}}