{"id":122113,"date":"2024-01-15T07:47:12","date_gmt":"2024-01-15T06:47:12","guid":{"rendered":"https:\/\/territorialchallenges.com\/?p=122113"},"modified":"2024-01-15T07:53:34","modified_gmt":"2024-01-15T06:53:34","slug":"jean-claude-ribes-pionnier-de-lastronomie-et-de-lintelligence-artificielle","status":"publish","type":"post","link":"https:\/\/territorialchallenges.com\/nl\/2024\/01\/15\/jean-claude-ribes-pionnier-de-lastronomie-et-de-lintelligence-artificielle\/122113\/","title":{"rendered":"Jean-Claude Ribes: pionier van astronomie en kunstmatige intelligentie"},"content":{"rendered":"<p>Jean-Claude Ribes, geboren op 11 augustus 1940 in Lyon en overleden op 18 augustus 2021 in Clermain, heeft als astronoom en vooraanstaand polytechnicus een onuitwisbare indruk achtergelaten in de wereld van de astronomie. Als medeauteur van het boek &quot;The File on Artificial Intelligence: Tomorrow the Machines Will Think&quot; uit 1975 navigeerde hij tussen de sterren en de vooruitgang... <\/p>\n<div class=\"pmpro_content_message\">Artikel alleen beschikbaar voor abonnees.<br \/><a href=\"https:\/\/territorialchallenges.com\/wp-login.php\">Login<\/a><br \/><a href=\"https:\/\/territorialchallenges.com\/nl\/wp-login.php\/?action=register\">Register<\/a><\/div>","protected":false},"excerpt":{"rendered":"<p>N\u00e9 le 11 ao\u00fbt 1940 \u00e0 Lyon et d\u00e9c\u00e9d\u00e9 le 18 ao\u00fbt 2021 \u00e0 Clermain, Jean-Claude Ribes, astronome et polytechnicien \u00e9m\u00e9rite, a laiss\u00e9 une empreinte ind\u00e9l\u00e9bile dans le monde de l&rsquo;astronomie. Co-auteur en 1975 de l&rsquo;ouvrage \u00ab\u00a0Le dossier de l&rsquo;intelligence artificielle : Demain les machines penseront,\u00a0\u00bb il a navigu\u00e9 entre les \u00e9toiles et les avanc\u00e9es... <\/p>\n<div class=\"pmpro_content_message\">Artikel alleen beschikbaar voor abonnees.<br \/><a href=\"https:\/\/territorialchallenges.com\/wp-login.php\">Login<\/a><br \/><a href=\"https:\/\/territorialchallenges.com\/nl\/wp-login.php\/?action=register\">Register<\/a><\/div>","protected":false},"author":11,"featured_media":122114,"comment_status":"closed","ping_status":"closed","sticky":true,"template":"","format":"standard","meta":{"pmpro_default_level":0,"footnotes":""},"categories":[121],"tags":[],"blocksy_meta":"","yoast_head":"<!-- This site is optimized with the Yoast SEO plugin v21.5 - https:\/\/yoast.com\/wordpress\/plugins\/seo\/ -->\n<title>Jean-Claude Ribes : pionnier de l&#039;astronomie et de l&#039;intelligence artificielle - Territorial Challenges<\/title>\n<meta name=\"robots\" content=\"index, follow, max-snippet:-1, max-image-preview:large, max-video-preview:-1\" \/>\n<link rel=\"canonical\" href=\"https:\/\/territorialchallenges.com\/nl\/2024\/01\/15\/jean-claude-ribes-pionnier-de-lastronomie-et-de-lintelligence-artificielle\/122113\/\" \/>\n<meta property=\"og:locale\" content=\"nl_NL\" \/>\n<meta property=\"og:type\" content=\"article\" \/>\n<meta property=\"og:title\" content=\"Jean-Claude Ribes : pionnier de l&#039;astronomie et de l&#039;intelligence artificielle - Territorial Challenges\" \/>\n<meta property=\"og:description\" content=\"N\u00e9 le 11 ao\u00fbt 1940 \u00e0 Lyon et d\u00e9c\u00e9d\u00e9 le 18 ao\u00fbt 2021 \u00e0 Clermain, Jean-Claude Ribes, astronome et polytechnicien \u00e9m\u00e9rite, a laiss\u00e9 une empreinte ind\u00e9l\u00e9bile dans le monde de l&rsquo;astronomie. Co-auteur en 1975 de l&rsquo;ouvrage \u00ab\u00a0Le dossier de l&rsquo;intelligence artificielle : Demain les machines penseront,\u00a0\u00bb il a navigu\u00e9 entre les \u00e9toiles et les avanc\u00e9es [&hellip;]\" \/>\n<meta property=\"og:url\" content=\"https:\/\/territorialchallenges.com\/nl\/2024\/01\/15\/jean-claude-ribes-pionnier-de-lastronomie-et-de-lintelligence-artificielle\/122113\/\" \/>\n<meta property=\"og:site_name\" content=\"Territorial Challenges\" \/>\n<meta property=\"article:published_time\" content=\"2024-01-15T06:47:12+00:00\" \/>\n<meta property=\"article:modified_time\" content=\"2024-01-15T06:53:34+00:00\" \/>\n<meta property=\"og:image\" content=\"https:\/\/territorialchallenges.com\/wp-content\/uploads\/2024\/01\/MemoireJeanClauideRibes.jpeg\" \/>\n\t<meta property=\"og:image:width\" content=\"246\" \/>\n\t<meta property=\"og:image:height\" content=\"205\" \/>\n\t<meta property=\"og:image:type\" content=\"image\/jpeg\" \/>\n<meta name=\"author\" content=\"ni.abdi\" \/>\n<meta name=\"twitter:card\" content=\"summary_large_image\" \/>\n<meta name=\"twitter:creator\" content=\"@Ni.abdi\" \/>\n<meta name=\"twitter:label1\" content=\"Geschreven door\" \/>\n\t<meta name=\"twitter:data1\" content=\"ni.abdi\" \/>\n\t<meta name=\"twitter:label2\" content=\"Geschatte leestijd\" \/>\n\t<meta name=\"twitter:data2\" content=\"3 minuten\" \/>\n<script type=\"application\/ld+json\" class=\"yoast-schema-graph\">{\"@context\":\"https:\/\/schema.org\",\"@graph\":[{\"@type\":\"Article\",\"@id\":\"https:\/\/territorialchallenges.com\/2024\/01\/15\/jean-claude-ribes-pionnier-de-lastronomie-et-de-lintelligence-artificielle\/122113\/#article\",\"isPartOf\":{\"@id\":\"https:\/\/territorialchallenges.com\/2024\/01\/15\/jean-claude-ribes-pionnier-de-lastronomie-et-de-lintelligence-artificielle\/122113\/\"},\"author\":{\"name\":\"ni.abdi\",\"@id\":\"https:\/\/territorialchallenges.com\/#\/schema\/person\/098f145c7c61a021c425e010f840080f\"},\"headline\":\"Jean-Claude Ribes : pionnier de l&rsquo;astronomie et de l&rsquo;intelligence artificielle\",\"datePublished\":\"2024-01-15T06:47:12+00:00\",\"dateModified\":\"2024-01-15T06:53:34+00:00\",\"mainEntityOfPage\":{\"@id\":\"https:\/\/territorialchallenges.com\/2024\/01\/15\/jean-claude-ribes-pionnier-de-lastronomie-et-de-lintelligence-artificielle\/122113\/\"},\"wordCount\":664,\"publisher\":{\"@id\":\"https:\/\/territorialchallenges.com\/#organization\"},\"articleSection\":[\"M\u00e9moire\"],\"inLanguage\":\"nl-NL\"},{\"@type\":\"WebPage\",\"@id\":\"https:\/\/territorialchallenges.com\/2024\/01\/15\/jean-claude-ribes-pionnier-de-lastronomie-et-de-lintelligence-artificielle\/122113\/\",\"url\":\"https:\/\/territorialchallenges.com\/2024\/01\/15\/jean-claude-ribes-pionnier-de-lastronomie-et-de-lintelligence-artificielle\/122113\/\",\"name\":\"Jean-Claude Ribes : pionnier de l'astronomie et de l'intelligence artificielle - Territorial Challenges\",\"isPartOf\":{\"@id\":\"https:\/\/territorialchallenges.com\/#website\"},\"datePublished\":\"2024-01-15T06:47:12+00:00\",\"dateModified\":\"2024-01-15T06:53:34+00:00\",\"breadcrumb\":{\"@id\":\"https:\/\/territorialchallenges.com\/2024\/01\/15\/jean-claude-ribes-pionnier-de-lastronomie-et-de-lintelligence-artificielle\/122113\/#breadcrumb\"},\"inLanguage\":\"nl-NL\",\"potentialAction\":[{\"@type\":\"ReadAction\",\"target\":[\"https:\/\/territorialchallenges.com\/2024\/01\/15\/jean-claude-ribes-pionnier-de-lastronomie-et-de-lintelligence-artificielle\/122113\/\"]}]},{\"@type\":\"BreadcrumbList\",\"@id\":\"https:\/\/territorialchallenges.com\/2024\/01\/15\/jean-claude-ribes-pionnier-de-lastronomie-et-de-lintelligence-artificielle\/122113\/#breadcrumb\",\"itemListElement\":[{\"@type\":\"ListItem\",\"position\":1,\"name\":\"Home\",\"item\":\"https:\/\/territorialchallenges.com\/\"},{\"@type\":\"ListItem\",\"position\":2,\"name\":\"Jean-Claude Ribes : pionnier de l&rsquo;astronomie et de l&rsquo;intelligence artificielle\"}]},{\"@type\":\"WebSite\",\"@id\":\"https:\/\/territorialchallenges.com\/#website\",\"url\":\"https:\/\/territorialchallenges.com\/\",\"name\":\"Territorial Challenges\",\"description\":\"Veille Internationale - Strat\u00e9gie Intelligentes - Bonnes pratiques\",\"publisher\":{\"@id\":\"https:\/\/territorialchallenges.com\/#organization\"},\"potentialAction\":[{\"@type\":\"SearchAction\",\"target\":{\"@type\":\"EntryPoint\",\"urlTemplate\":\"https:\/\/territorialchallenges.com\/?s={search_term_string}\"},\"query-input\":\"required name=search_term_string\"}],\"inLanguage\":\"nl-NL\"},{\"@type\":\"Organization\",\"@id\":\"https:\/\/territorialchallenges.com\/#organization\",\"name\":\"Territorial Challenges\",\"url\":\"https:\/\/territorialchallenges.com\/\",\"logo\":{\"@type\":\"ImageObject\",\"inLanguage\":\"nl-NL\",\"@id\":\"https:\/\/territorialchallenges.com\/#\/schema\/logo\/image\/\",\"url\":\"https:\/\/territorialchallenges.com\/wp-content\/uploads\/2023\/10\/logo-1.png\",\"contentUrl\":\"https:\/\/territorialchallenges.com\/wp-content\/uploads\/2023\/10\/logo-1.png\",\"width\":1832,\"height\":576,\"caption\":\"Territorial Challenges\"},\"image\":{\"@id\":\"https:\/\/territorialchallenges.com\/#\/schema\/logo\/image\/\"}},{\"@type\":\"Person\",\"@id\":\"https:\/\/territorialchallenges.com\/#\/schema\/person\/098f145c7c61a021c425e010f840080f\",\"name\":\"ni.abdi\",\"image\":{\"@type\":\"ImageObject\",\"inLanguage\":\"nl-NL\",\"@id\":\"https:\/\/territorialchallenges.com\/#\/schema\/person\/image\/\",\"url\":\"https:\/\/secure.gravatar.com\/avatar\/2a2f2491f3c80039986ba989b1e4b510?s=96&d=identicon&r=g\",\"contentUrl\":\"https:\/\/secure.gravatar.com\/avatar\/2a2f2491f3c80039986ba989b1e4b510?s=96&d=identicon&r=g\",\"caption\":\"ni.abdi\"},\"sameAs\":[\"https:\/\/twitter.com\/Ni.abdi\"],\"url\":\"https:\/\/territorialchallenges.com\/nl\/author\/ni-abdi\/\"}]}<\/script>\n<!-- \/ Yoast SEO plugin. -->","yoast_head_json":{"title":"Jean-Claude Ribes : pionnier de l'astronomie et de l'intelligence artificielle - Territorial Challenges","robots":{"index":"index","follow":"follow","max-snippet":"max-snippet:-1","max-image-preview":"max-image-preview:large","max-video-preview":"max-video-preview:-1"},"canonical":"https:\/\/territorialchallenges.com\/nl\/2024\/01\/15\/jean-claude-ribes-pionnier-de-lastronomie-et-de-lintelligence-artificielle\/122113\/","og_locale":"nl_NL","og_type":"article","og_title":"Jean-Claude Ribes : pionnier de l'astronomie et de l'intelligence artificielle - Territorial Challenges","og_description":"N\u00e9 le 11 ao\u00fbt 1940 \u00e0 Lyon et d\u00e9c\u00e9d\u00e9 le 18 ao\u00fbt 2021 \u00e0 Clermain, Jean-Claude Ribes, astronome et polytechnicien \u00e9m\u00e9rite, a laiss\u00e9 une empreinte ind\u00e9l\u00e9bile dans le monde de l&rsquo;astronomie. Co-auteur en 1975 de l&rsquo;ouvrage \u00ab\u00a0Le dossier de l&rsquo;intelligence artificielle : Demain les machines penseront,\u00a0\u00bb il a navigu\u00e9 entre les \u00e9toiles et les avanc\u00e9es [&hellip;]","og_url":"https:\/\/territorialchallenges.com\/nl\/2024\/01\/15\/jean-claude-ribes-pionnier-de-lastronomie-et-de-lintelligence-artificielle\/122113\/","og_site_name":"Territorial Challenges","article_published_time":"2024-01-15T06:47:12+00:00","article_modified_time":"2024-01-15T06:53:34+00:00","og_image":[{"width":246,"height":205,"url":"https:\/\/territorialchallenges.com\/wp-content\/uploads\/2024\/01\/MemoireJeanClauideRibes.jpeg","type":"image\/jpeg"}],"author":"ni.abdi","twitter_card":"summary_large_image","twitter_creator":"@Ni.abdi","twitter_misc":{"Geschreven door":"ni.abdi","Geschatte leestijd":"3 minuten"},"schema":{"@context":"https:\/\/schema.org","@graph":[{"@type":"Article","@id":"https:\/\/territorialchallenges.com\/2024\/01\/15\/jean-claude-ribes-pionnier-de-lastronomie-et-de-lintelligence-artificielle\/122113\/#article","isPartOf":{"@id":"https:\/\/territorialchallenges.com\/2024\/01\/15\/jean-claude-ribes-pionnier-de-lastronomie-et-de-lintelligence-artificielle\/122113\/"},"author":{"name":"ni.abdi","@id":"https:\/\/territorialchallenges.com\/#\/schema\/person\/098f145c7c61a021c425e010f840080f"},"headline":"Jean-Claude Ribes : pionnier de l&rsquo;astronomie et de l&rsquo;intelligence artificielle","datePublished":"2024-01-15T06:47:12+00:00","dateModified":"2024-01-15T06:53:34+00:00","mainEntityOfPage":{"@id":"https:\/\/territorialchallenges.com\/2024\/01\/15\/jean-claude-ribes-pionnier-de-lastronomie-et-de-lintelligence-artificielle\/122113\/"},"wordCount":664,"publisher":{"@id":"https:\/\/territorialchallenges.com\/#organization"},"articleSection":["M\u00e9moire"],"inLanguage":"nl-NL"},{"@type":"WebPage","@id":"https:\/\/territorialchallenges.com\/2024\/01\/15\/jean-claude-ribes-pionnier-de-lastronomie-et-de-lintelligence-artificielle\/122113\/","url":"https:\/\/territorialchallenges.com\/2024\/01\/15\/jean-claude-ribes-pionnier-de-lastronomie-et-de-lintelligence-artificielle\/122113\/","name":"Jean-Claude Ribes : pionnier de l'astronomie et de l'intelligence artificielle - Territorial Challenges","isPartOf":{"@id":"https:\/\/territorialchallenges.com\/#website"},"datePublished":"2024-01-15T06:47:12+00:00","dateModified":"2024-01-15T06:53:34+00:00","breadcrumb":{"@id":"https:\/\/territorialchallenges.com\/2024\/01\/15\/jean-claude-ribes-pionnier-de-lastronomie-et-de-lintelligence-artificielle\/122113\/#breadcrumb"},"inLanguage":"nl-NL","potentialAction":[{"@type":"ReadAction","target":["https:\/\/territorialchallenges.com\/2024\/01\/15\/jean-claude-ribes-pionnier-de-lastronomie-et-de-lintelligence-artificielle\/122113\/"]}]},{"@type":"BreadcrumbList","@id":"https:\/\/territorialchallenges.com\/2024\/01\/15\/jean-claude-ribes-pionnier-de-lastronomie-et-de-lintelligence-artificielle\/122113\/#breadcrumb","itemListElement":[{"@type":"ListItem","position":1,"name":"Home","item":"https:\/\/territorialchallenges.com\/"},{"@type":"ListItem","position":2,"name":"Jean-Claude Ribes : pionnier de l&rsquo;astronomie et de l&rsquo;intelligence artificielle"}]},{"@type":"WebSite","@id":"https:\/\/territorialchallenges.com\/#website","url":"https:\/\/territorialchallenges.com\/","name":"Territoriale uitdagingen","description":"Internationale monitoring - Slimme strategie\u00ebn - Beste praktijken","publisher":{"@id":"https:\/\/territorialchallenges.com\/#organization"},"potentialAction":[{"@type":"SearchAction","target":{"@type":"EntryPoint","urlTemplate":"https:\/\/territorialchallenges.com\/?s={search_term_string}"},"query-input":"required name=search_term_string"}],"inLanguage":"nl-NL"},{"@type":"Organization","@id":"https:\/\/territorialchallenges.com\/#organization","name":"Territoriale uitdagingen","url":"https:\/\/territorialchallenges.com\/","logo":{"@type":"ImageObject","inLanguage":"nl-NL","@id":"https:\/\/territorialchallenges.com\/#\/schema\/logo\/image\/","url":"https:\/\/territorialchallenges.com\/wp-content\/uploads\/2023\/10\/logo-1.png","contentUrl":"https:\/\/territorialchallenges.com\/wp-content\/uploads\/2023\/10\/logo-1.png","width":1832,"height":576,"caption":"Territorial Challenges"},"image":{"@id":"https:\/\/territorialchallenges.com\/#\/schema\/logo\/image\/"}},{"@type":"Person","@id":"https:\/\/territorialchallenges.com\/#\/schema\/person\/098f145c7c61a021c425e010f840080f","name":"ni.abdi","image":{"@type":"ImageObject","inLanguage":"nl-NL","@id":"https:\/\/territorialchallenges.com\/#\/schema\/person\/image\/","url":"https:\/\/secure.gravatar.com\/avatar\/2a2f2491f3c80039986ba989b1e4b510?s=96&d=identicon&r=g","contentUrl":"https:\/\/secure.gravatar.com\/avatar\/2a2f2491f3c80039986ba989b1e4b510?s=96&d=identicon&r=g","caption":"ni.abdi"},"sameAs":["https:\/\/twitter.com\/Ni.abdi"],"url":"https:\/\/territorialchallenges.com\/nl\/author\/ni-abdi\/"}]}},"_links":{"self":[{"href":"https:\/\/territorialchallenges.com\/nl\/wp-json\/wp\/v2\/posts\/122113"}],"collection":[{"href":"https:\/\/territorialchallenges.com\/nl\/wp-json\/wp\/v2\/posts"}],"about":[{"href":"https:\/\/territorialchallenges.com\/nl\/wp-json\/wp\/v2\/types\/post"}],"author":[{"embeddable":true,"href":"https:\/\/territorialchallenges.com\/nl\/wp-json\/wp\/v2\/users\/11"}],"replies":[{"embeddable":true,"href":"https:\/\/territorialchallenges.com\/nl\/wp-json\/wp\/v2\/comments?post=122113"}],"version-history":[{"count":3,"href":"https:\/\/territorialchallenges.com\/nl\/wp-json\/wp\/v2\/posts\/122113\/revisions"}],"predecessor-version":[{"id":122119,"href":"https:\/\/territorialchallenges.com\/nl\/wp-json\/wp\/v2\/posts\/122113\/revisions\/122119"}],"wp:featuredmedia":[{"embeddable":true,"href":"https:\/\/territorialchallenges.com\/nl\/wp-json\/wp\/v2\/media\/122114"}],"wp:attachment":[{"href":"https:\/\/territorialchallenges.com\/nl\/wp-json\/wp\/v2\/media?parent=122113"}],"wp:term":[{"taxonomy":"category","embeddable":true,"href":"https:\/\/territorialchallenges.com\/nl\/wp-json\/wp\/v2\/categories?post=122113"},{"taxonomy":"post_tag","embeddable":true,"href":"https:\/\/territorialchallenges.com\/nl\/wp-json\/wp\/v2\/tags?post=122113"}],"curies":[{"name":"wp","href":"https:\/\/api.w.org\/{rel}","templated":true}]}}