{"id":122026,"date":"2023-12-27T11:45:27","date_gmt":"2023-12-27T10:45:27","guid":{"rendered":"https:\/\/territorialchallenges.com\/?p=122026"},"modified":"2023-12-27T11:45:31","modified_gmt":"2023-12-27T10:45:31","slug":"george-burciaga-architecte-des-villes-intelligentes-pionnier-de-la-transformation-numerique-urbaine","status":"publish","type":"post","link":"https:\/\/territorialchallenges.com\/nl\/2023\/12\/27\/george-burciaga-architecte-des-villes-intelligentes-pionnier-de-la-transformation-numerique-urbaine\/122026\/","title":{"rendered":"George Burciaga: architect van slimme steden, pionier van stedelijke digitale transformatie"},"content":{"rendered":"<p>George Burciaga, geboren in Chicago, geldt als een visionair leider in de digitale transformatie van steden. Als partner bij de US Roundtable orkestreert hij de technologische samenwerking tussen Amerikaanse burgemeesters, herdefinieert hij het stedelijk landschap en stuwt hij steden naar een slimme, verbonden toekomst. George Burciaga,\u2026 <\/p>\n<div class=\"pmpro_content_message\">Artikel alleen beschikbaar voor abonnees.<br \/><a href=\"https:\/\/territorialchallenges.com\/wp-login.php\">Login<\/a><br \/><a href=\"https:\/\/territorialchallenges.com\/nl\/wp-login.php\/?action=register\">Register<\/a><\/div>","protected":false},"excerpt":{"rendered":"<p>George Burciaga, originaire de Chicago, se dresse en tant que leader visionnaire dans le domaine de la transformation num\u00e9rique urbaine. En sa qualit\u00e9 de partenaire \u00e0 la U.S. Roundtable, il orchestre la collaboration technologique entre les maires am\u00e9ricains, red\u00e9finissant ainsi le paysage urbain et propulsant les villes vers un avenir intelligent et connect\u00e9. George Burciaga,... <\/p>\n<div class=\"pmpro_content_message\">Artikel alleen beschikbaar voor abonnees.<br \/><a href=\"https:\/\/territorialchallenges.com\/wp-login.php\">Login<\/a><br \/><a href=\"https:\/\/territorialchallenges.com\/nl\/wp-login.php\/?action=register\">Register<\/a><\/div>","protected":false},"author":11,"featured_media":122027,"comment_status":"closed","ping_status":"closed","sticky":true,"template":"","format":"standard","meta":{"pmpro_default_level":0,"footnotes":""},"categories":[126,117],"tags":[],"blocksy_meta":"","yoast_head":"<!-- This site is optimized with the Yoast SEO plugin v21.5 - https:\/\/yoast.com\/wordpress\/plugins\/seo\/ -->\n<title>George Burciaga : architecte des villes intelligentes, pionnier de la transformation num\u00e9rique Urbaine - Territorial Challenges<\/title>\n<meta name=\"robots\" content=\"index, follow, max-snippet:-1, max-image-preview:large, max-video-preview:-1\" \/>\n<link rel=\"canonical\" href=\"https:\/\/territorialchallenges.com\/nl\/2023\/12\/27\/george-burciaga-architecte-des-villes-intelligentes-pionnier-de-la-transformation-numerique-urbaine\/122026\/\" \/>\n<meta property=\"og:locale\" content=\"nl_NL\" \/>\n<meta property=\"og:type\" content=\"article\" \/>\n<meta property=\"og:title\" content=\"George Burciaga : architecte des villes intelligentes, pionnier de la transformation num\u00e9rique Urbaine - Territorial Challenges\" \/>\n<meta property=\"og:description\" content=\"George Burciaga, originaire de Chicago, se dresse en tant que leader visionnaire dans le domaine de la transformation num\u00e9rique urbaine. En sa qualit\u00e9 de partenaire \u00e0 la U.S. Roundtable, il orchestre la collaboration technologique entre les maires am\u00e9ricains, red\u00e9finissant ainsi le paysage urbain et propulsant les villes vers un avenir intelligent et connect\u00e9. George Burciaga, [&hellip;]\" \/>\n<meta property=\"og:url\" content=\"https:\/\/territorialchallenges.com\/nl\/2023\/12\/27\/george-burciaga-architecte-des-villes-intelligentes-pionnier-de-la-transformation-numerique-urbaine\/122026\/\" \/>\n<meta property=\"og:site_name\" content=\"Territorial Challenges\" \/>\n<meta property=\"article:published_time\" content=\"2023-12-27T10:45:27+00:00\" \/>\n<meta property=\"article:modified_time\" content=\"2023-12-27T10:45:31+00:00\" \/>\n<meta property=\"og:image\" content=\"https:\/\/territorialchallenges.com\/wp-content\/uploads\/2023\/12\/georgeburuciagaPhoto.jpg\" \/>\n\t<meta property=\"og:image:width\" content=\"800\" \/>\n\t<meta property=\"og:image:height\" content=\"800\" \/>\n\t<meta property=\"og:image:type\" content=\"image\/jpeg\" \/>\n<meta name=\"author\" content=\"ni.abdi\" \/>\n<meta name=\"twitter:card\" content=\"summary_large_image\" \/>\n<meta name=\"twitter:creator\" content=\"@Ni.abdi\" \/>\n<meta name=\"twitter:label1\" content=\"Geschreven door\" \/>\n\t<meta name=\"twitter:data1\" content=\"ni.abdi\" \/>\n\t<meta name=\"twitter:label2\" content=\"Geschatte leestijd\" \/>\n\t<meta name=\"twitter:data2\" content=\"3 minuten\" \/>\n<script type=\"application\/ld+json\" class=\"yoast-schema-graph\">{\"@context\":\"https:\/\/schema.org\",\"@graph\":[{\"@type\":\"Article\",\"@id\":\"https:\/\/territorialchallenges.com\/2023\/12\/27\/george-burciaga-architecte-des-villes-intelligentes-pionnier-de-la-transformation-numerique-urbaine\/122026\/#article\",\"isPartOf\":{\"@id\":\"https:\/\/territorialchallenges.com\/2023\/12\/27\/george-burciaga-architecte-des-villes-intelligentes-pionnier-de-la-transformation-numerique-urbaine\/122026\/\"},\"author\":{\"name\":\"ni.abdi\",\"@id\":\"https:\/\/territorialchallenges.com\/#\/schema\/person\/098f145c7c61a021c425e010f840080f\"},\"headline\":\"George Burciaga : architecte des villes intelligentes, pionnier de la transformation num\u00e9rique Urbaine\",\"datePublished\":\"2023-12-27T10:45:27+00:00\",\"dateModified\":\"2023-12-27T10:45:31+00:00\",\"mainEntityOfPage\":{\"@id\":\"https:\/\/territorialchallenges.com\/2023\/12\/27\/george-burciaga-architecte-des-villes-intelligentes-pionnier-de-la-transformation-numerique-urbaine\/122026\/\"},\"wordCount\":636,\"publisher\":{\"@id\":\"https:\/\/territorialchallenges.com\/#organization\"},\"articleSection\":[\"On parle d'eux\",\"\u00c9cosyst\u00e8me\"],\"inLanguage\":\"nl-NL\"},{\"@type\":\"WebPage\",\"@id\":\"https:\/\/territorialchallenges.com\/2023\/12\/27\/george-burciaga-architecte-des-villes-intelligentes-pionnier-de-la-transformation-numerique-urbaine\/122026\/\",\"url\":\"https:\/\/territorialchallenges.com\/2023\/12\/27\/george-burciaga-architecte-des-villes-intelligentes-pionnier-de-la-transformation-numerique-urbaine\/122026\/\",\"name\":\"George Burciaga : architecte des villes intelligentes, pionnier de la transformation num\u00e9rique Urbaine - Territorial Challenges\",\"isPartOf\":{\"@id\":\"https:\/\/territorialchallenges.com\/#website\"},\"datePublished\":\"2023-12-27T10:45:27+00:00\",\"dateModified\":\"2023-12-27T10:45:31+00:00\",\"breadcrumb\":{\"@id\":\"https:\/\/territorialchallenges.com\/2023\/12\/27\/george-burciaga-architecte-des-villes-intelligentes-pionnier-de-la-transformation-numerique-urbaine\/122026\/#breadcrumb\"},\"inLanguage\":\"nl-NL\",\"potentialAction\":[{\"@type\":\"ReadAction\",\"target\":[\"https:\/\/territorialchallenges.com\/2023\/12\/27\/george-burciaga-architecte-des-villes-intelligentes-pionnier-de-la-transformation-numerique-urbaine\/122026\/\"]}]},{\"@type\":\"BreadcrumbList\",\"@id\":\"https:\/\/territorialchallenges.com\/2023\/12\/27\/george-burciaga-architecte-des-villes-intelligentes-pionnier-de-la-transformation-numerique-urbaine\/122026\/#breadcrumb\",\"itemListElement\":[{\"@type\":\"ListItem\",\"position\":1,\"name\":\"Home\",\"item\":\"https:\/\/territorialchallenges.com\/\"},{\"@type\":\"ListItem\",\"position\":2,\"name\":\"George Burciaga : architecte des villes intelligentes, pionnier de la transformation num\u00e9rique Urbaine\"}]},{\"@type\":\"WebSite\",\"@id\":\"https:\/\/territorialchallenges.com\/#website\",\"url\":\"https:\/\/territorialchallenges.com\/\",\"name\":\"Territorial Challenges\",\"description\":\"Veille Internationale - Strat\u00e9gie Intelligentes - Bonnes pratiques\",\"publisher\":{\"@id\":\"https:\/\/territorialchallenges.com\/#organization\"},\"potentialAction\":[{\"@type\":\"SearchAction\",\"target\":{\"@type\":\"EntryPoint\",\"urlTemplate\":\"https:\/\/territorialchallenges.com\/?s={search_term_string}\"},\"query-input\":\"required name=search_term_string\"}],\"inLanguage\":\"nl-NL\"},{\"@type\":\"Organization\",\"@id\":\"https:\/\/territorialchallenges.com\/#organization\",\"name\":\"Territorial Challenges\",\"url\":\"https:\/\/territorialchallenges.com\/\",\"logo\":{\"@type\":\"ImageObject\",\"inLanguage\":\"nl-NL\",\"@id\":\"https:\/\/territorialchallenges.com\/#\/schema\/logo\/image\/\",\"url\":\"https:\/\/territorialchallenges.com\/wp-content\/uploads\/2023\/10\/logo-1.png\",\"contentUrl\":\"https:\/\/territorialchallenges.com\/wp-content\/uploads\/2023\/10\/logo-1.png\",\"width\":1832,\"height\":576,\"caption\":\"Territorial Challenges\"},\"image\":{\"@id\":\"https:\/\/territorialchallenges.com\/#\/schema\/logo\/image\/\"}},{\"@type\":\"Person\",\"@id\":\"https:\/\/territorialchallenges.com\/#\/schema\/person\/098f145c7c61a021c425e010f840080f\",\"name\":\"ni.abdi\",\"image\":{\"@type\":\"ImageObject\",\"inLanguage\":\"nl-NL\",\"@id\":\"https:\/\/territorialchallenges.com\/#\/schema\/person\/image\/\",\"url\":\"https:\/\/secure.gravatar.com\/avatar\/2a2f2491f3c80039986ba989b1e4b510?s=96&d=identicon&r=g\",\"contentUrl\":\"https:\/\/secure.gravatar.com\/avatar\/2a2f2491f3c80039986ba989b1e4b510?s=96&d=identicon&r=g\",\"caption\":\"ni.abdi\"},\"sameAs\":[\"https:\/\/twitter.com\/Ni.abdi\"],\"url\":\"https:\/\/territorialchallenges.com\/nl\/author\/ni-abdi\/\"}]}<\/script>\n<!-- \/ Yoast SEO plugin. -->","yoast_head_json":{"title":"George Burciaga : architecte des villes intelligentes, pionnier de la transformation num\u00e9rique Urbaine - Territorial Challenges","robots":{"index":"index","follow":"follow","max-snippet":"max-snippet:-1","max-image-preview":"max-image-preview:large","max-video-preview":"max-video-preview:-1"},"canonical":"https:\/\/territorialchallenges.com\/nl\/2023\/12\/27\/george-burciaga-architecte-des-villes-intelligentes-pionnier-de-la-transformation-numerique-urbaine\/122026\/","og_locale":"nl_NL","og_type":"article","og_title":"George Burciaga : architecte des villes intelligentes, pionnier de la transformation num\u00e9rique Urbaine - Territorial Challenges","og_description":"George Burciaga, originaire de Chicago, se dresse en tant que leader visionnaire dans le domaine de la transformation num\u00e9rique urbaine. En sa qualit\u00e9 de partenaire \u00e0 la U.S. Roundtable, il orchestre la collaboration technologique entre les maires am\u00e9ricains, red\u00e9finissant ainsi le paysage urbain et propulsant les villes vers un avenir intelligent et connect\u00e9. George Burciaga, [&hellip;]","og_url":"https:\/\/territorialchallenges.com\/nl\/2023\/12\/27\/george-burciaga-architecte-des-villes-intelligentes-pionnier-de-la-transformation-numerique-urbaine\/122026\/","og_site_name":"Territorial Challenges","article_published_time":"2023-12-27T10:45:27+00:00","article_modified_time":"2023-12-27T10:45:31+00:00","og_image":[{"width":800,"height":800,"url":"https:\/\/territorialchallenges.com\/wp-content\/uploads\/2023\/12\/georgeburuciagaPhoto.jpg","type":"image\/jpeg"}],"author":"ni.abdi","twitter_card":"summary_large_image","twitter_creator":"@Ni.abdi","twitter_misc":{"Geschreven door":"ni.abdi","Geschatte leestijd":"3 minuten"},"schema":{"@context":"https:\/\/schema.org","@graph":[{"@type":"Article","@id":"https:\/\/territorialchallenges.com\/2023\/12\/27\/george-burciaga-architecte-des-villes-intelligentes-pionnier-de-la-transformation-numerique-urbaine\/122026\/#article","isPartOf":{"@id":"https:\/\/territorialchallenges.com\/2023\/12\/27\/george-burciaga-architecte-des-villes-intelligentes-pionnier-de-la-transformation-numerique-urbaine\/122026\/"},"author":{"name":"ni.abdi","@id":"https:\/\/territorialchallenges.com\/#\/schema\/person\/098f145c7c61a021c425e010f840080f"},"headline":"George Burciaga : architecte des villes intelligentes, pionnier de la transformation num\u00e9rique Urbaine","datePublished":"2023-12-27T10:45:27+00:00","dateModified":"2023-12-27T10:45:31+00:00","mainEntityOfPage":{"@id":"https:\/\/territorialchallenges.com\/2023\/12\/27\/george-burciaga-architecte-des-villes-intelligentes-pionnier-de-la-transformation-numerique-urbaine\/122026\/"},"wordCount":636,"publisher":{"@id":"https:\/\/territorialchallenges.com\/#organization"},"articleSection":["On parle d'eux","\u00c9cosyst\u00e8me"],"inLanguage":"nl-NL"},{"@type":"WebPage","@id":"https:\/\/territorialchallenges.com\/2023\/12\/27\/george-burciaga-architecte-des-villes-intelligentes-pionnier-de-la-transformation-numerique-urbaine\/122026\/","url":"https:\/\/territorialchallenges.com\/2023\/12\/27\/george-burciaga-architecte-des-villes-intelligentes-pionnier-de-la-transformation-numerique-urbaine\/122026\/","name":"George Burciaga : architecte des villes intelligentes, pionnier de la transformation num\u00e9rique Urbaine - Territorial Challenges","isPartOf":{"@id":"https:\/\/territorialchallenges.com\/#website"},"datePublished":"2023-12-27T10:45:27+00:00","dateModified":"2023-12-27T10:45:31+00:00","breadcrumb":{"@id":"https:\/\/territorialchallenges.com\/2023\/12\/27\/george-burciaga-architecte-des-villes-intelligentes-pionnier-de-la-transformation-numerique-urbaine\/122026\/#breadcrumb"},"inLanguage":"nl-NL","potentialAction":[{"@type":"ReadAction","target":["https:\/\/territorialchallenges.com\/2023\/12\/27\/george-burciaga-architecte-des-villes-intelligentes-pionnier-de-la-transformation-numerique-urbaine\/122026\/"]}]},{"@type":"BreadcrumbList","@id":"https:\/\/territorialchallenges.com\/2023\/12\/27\/george-burciaga-architecte-des-villes-intelligentes-pionnier-de-la-transformation-numerique-urbaine\/122026\/#breadcrumb","itemListElement":[{"@type":"ListItem","position":1,"name":"Home","item":"https:\/\/territorialchallenges.com\/"},{"@type":"ListItem","position":2,"name":"George Burciaga : architecte des villes intelligentes, pionnier de la transformation num\u00e9rique Urbaine"}]},{"@type":"WebSite","@id":"https:\/\/territorialchallenges.com\/#website","url":"https:\/\/territorialchallenges.com\/","name":"Territoriale uitdagingen","description":"Internationale monitoring - Slimme strategie\u00ebn - Beste praktijken","publisher":{"@id":"https:\/\/territorialchallenges.com\/#organization"},"potentialAction":[{"@type":"SearchAction","target":{"@type":"EntryPoint","urlTemplate":"https:\/\/territorialchallenges.com\/?s={search_term_string}"},"query-input":"required name=search_term_string"}],"inLanguage":"nl-NL"},{"@type":"Organization","@id":"https:\/\/territorialchallenges.com\/#organization","name":"Territoriale uitdagingen","url":"https:\/\/territorialchallenges.com\/","logo":{"@type":"ImageObject","inLanguage":"nl-NL","@id":"https:\/\/territorialchallenges.com\/#\/schema\/logo\/image\/","url":"https:\/\/territorialchallenges.com\/wp-content\/uploads\/2023\/10\/logo-1.png","contentUrl":"https:\/\/territorialchallenges.com\/wp-content\/uploads\/2023\/10\/logo-1.png","width":1832,"height":576,"caption":"Territorial Challenges"},"image":{"@id":"https:\/\/territorialchallenges.com\/#\/schema\/logo\/image\/"}},{"@type":"Person","@id":"https:\/\/territorialchallenges.com\/#\/schema\/person\/098f145c7c61a021c425e010f840080f","name":"ni.abdi","image":{"@type":"ImageObject","inLanguage":"nl-NL","@id":"https:\/\/territorialchallenges.com\/#\/schema\/person\/image\/","url":"https:\/\/secure.gravatar.com\/avatar\/2a2f2491f3c80039986ba989b1e4b510?s=96&d=identicon&r=g","contentUrl":"https:\/\/secure.gravatar.com\/avatar\/2a2f2491f3c80039986ba989b1e4b510?s=96&d=identicon&r=g","caption":"ni.abdi"},"sameAs":["https:\/\/twitter.com\/Ni.abdi"],"url":"https:\/\/territorialchallenges.com\/nl\/author\/ni-abdi\/"}]}},"_links":{"self":[{"href":"https:\/\/territorialchallenges.com\/nl\/wp-json\/wp\/v2\/posts\/122026"}],"collection":[{"href":"https:\/\/territorialchallenges.com\/nl\/wp-json\/wp\/v2\/posts"}],"about":[{"href":"https:\/\/territorialchallenges.com\/nl\/wp-json\/wp\/v2\/types\/post"}],"author":[{"embeddable":true,"href":"https:\/\/territorialchallenges.com\/nl\/wp-json\/wp\/v2\/users\/11"}],"replies":[{"embeddable":true,"href":"https:\/\/territorialchallenges.com\/nl\/wp-json\/wp\/v2\/comments?post=122026"}],"version-history":[{"count":1,"href":"https:\/\/territorialchallenges.com\/nl\/wp-json\/wp\/v2\/posts\/122026\/revisions"}],"predecessor-version":[{"id":122028,"href":"https:\/\/territorialchallenges.com\/nl\/wp-json\/wp\/v2\/posts\/122026\/revisions\/122028"}],"wp:featuredmedia":[{"embeddable":true,"href":"https:\/\/territorialchallenges.com\/nl\/wp-json\/wp\/v2\/media\/122027"}],"wp:attachment":[{"href":"https:\/\/territorialchallenges.com\/nl\/wp-json\/wp\/v2\/media?parent=122026"}],"wp:term":[{"taxonomy":"category","embeddable":true,"href":"https:\/\/territorialchallenges.com\/nl\/wp-json\/wp\/v2\/categories?post=122026"},{"taxonomy":"post_tag","embeddable":true,"href":"https:\/\/territorialchallenges.com\/nl\/wp-json\/wp\/v2\/tags?post=122026"}],"curies":[{"name":"wp","href":"https:\/\/api.w.org\/{rel}","templated":true}]}}