{"id":122015,"date":"2023-12-27T11:21:21","date_gmt":"2023-12-27T10:21:21","guid":{"rendered":"https:\/\/territorialchallenges.com\/?p=122015"},"modified":"2023-12-27T11:21:24","modified_gmt":"2023-12-27T10:21:24","slug":"tchequie-la-ville-de-strakonice-sengage-resolument-dans-la-transition-energetique","status":"publish","type":"post","link":"https:\/\/territorialchallenges.com\/nl\/2023\/12\/27\/tchequie-la-ville-de-strakonice-sengage-resolument-dans-la-transition-energetique\/122015\/","title":{"rendered":"Tsjechi\u00eb: Stad Strakonice zet zich resoluut in voor energietransitie"},"content":{"rendered":"<p>Strakonice, gelegen in de pittoreske regio Zuid-Bohemen in Tsjechi\u00eb, zet een beslissende stap richting energieduurzaamheid. Met de gedurfde visie van burgemeester B\u0159etislav Hrdli\u010dka huurt de gemeente gespecialiseerde adviseurs in om energiebesparende mogelijkheden te identificeren, waaronder de bouw van een fotovolta\u00efsche energiecentrale en de installatie van zonnepanelen op de... <\/p>\n<div class=\"pmpro_content_message\">Artikel alleen beschikbaar voor abonnees.<br \/><a href=\"https:\/\/territorialchallenges.com\/wp-login.php\">Login<\/a><br \/><a href=\"https:\/\/territorialchallenges.com\/nl\/wp-login.php\/?action=register\">Register<\/a><\/div>","protected":false},"excerpt":{"rendered":"<p>Strakonice, nich\u00e9e dans la pittoresque r\u00e9gion de Boh\u00eame-du-Sud en Tch\u00e9quie, prend un virage d\u00e9cisif vers la durabilit\u00e9 \u00e9nerg\u00e9tique. Avec la vision audacieuse de son maire B\u0159etislav Hrdli\u010dka, la municipalit\u00e9 se lance dans l&#8217;embauche de consultants sp\u00e9cialis\u00e9s pour identifier des opportunit\u00e9s d&rsquo;\u00e9conomies d&rsquo;\u00e9nergie, pr\u00e9voyant la construction d&rsquo;une centrale photovolta\u00efque et l&rsquo;installation de panneaux solaires sur ses... <\/p>\n<div class=\"pmpro_content_message\">Artikel alleen beschikbaar voor abonnees.<br \/><a href=\"https:\/\/territorialchallenges.com\/wp-login.php\">Login<\/a><br \/><a href=\"https:\/\/territorialchallenges.com\/nl\/wp-login.php\/?action=register\">Register<\/a><\/div>","protected":false},"author":11,"featured_media":122016,"comment_status":"closed","ping_status":"closed","sticky":true,"template":"","format":"standard","meta":{"pmpro_default_level":0,"footnotes":""},"categories":[18,127],"tags":[],"blocksy_meta":"","yoast_head":"<!-- This site is optimized with the Yoast SEO plugin v21.5 - https:\/\/yoast.com\/wordpress\/plugins\/seo\/ -->\n<title>Tch\u00e9quie: la ville de Strakonice s&#039;engage r\u00e9solument dans la transition \u00e9nerg\u00e9tique - Territorial Challenges<\/title>\n<meta name=\"robots\" content=\"index, follow, max-snippet:-1, max-image-preview:large, max-video-preview:-1\" \/>\n<link rel=\"canonical\" href=\"https:\/\/territorialchallenges.com\/nl\/2023\/12\/27\/tchequie-la-ville-de-strakonice-sengage-resolument-dans-la-transition-energetique\/122015\/\" \/>\n<meta property=\"og:locale\" content=\"nl_NL\" \/>\n<meta property=\"og:type\" content=\"article\" \/>\n<meta property=\"og:title\" content=\"Tch\u00e9quie: la ville de Strakonice s&#039;engage r\u00e9solument dans la transition \u00e9nerg\u00e9tique - Territorial Challenges\" \/>\n<meta property=\"og:description\" content=\"Strakonice, nich\u00e9e dans la pittoresque r\u00e9gion de Boh\u00eame-du-Sud en Tch\u00e9quie, prend un virage d\u00e9cisif vers la durabilit\u00e9 \u00e9nerg\u00e9tique. Avec la vision audacieuse de son maire B\u0159etislav Hrdli\u010dka, la municipalit\u00e9 se lance dans l&#8217;embauche de consultants sp\u00e9cialis\u00e9s pour identifier des opportunit\u00e9s d&rsquo;\u00e9conomies d&rsquo;\u00e9nergie, pr\u00e9voyant la construction d&rsquo;une centrale photovolta\u00efque et l&rsquo;installation de panneaux solaires sur ses [&hellip;]\" \/>\n<meta property=\"og:url\" content=\"https:\/\/territorialchallenges.com\/nl\/2023\/12\/27\/tchequie-la-ville-de-strakonice-sengage-resolument-dans-la-transition-energetique\/122015\/\" \/>\n<meta property=\"og:site_name\" content=\"Territorial Challenges\" \/>\n<meta property=\"article:published_time\" content=\"2023-12-27T10:21:21+00:00\" \/>\n<meta property=\"article:modified_time\" content=\"2023-12-27T10:21:24+00:00\" \/>\n<meta property=\"og:image\" content=\"https:\/\/territorialchallenges.com\/wp-content\/uploads\/2023\/12\/strakonicetransitionenergetique.jpg\" \/>\n\t<meta property=\"og:image:width\" content=\"1280\" \/>\n\t<meta property=\"og:image:height\" content=\"848\" \/>\n\t<meta property=\"og:image:type\" content=\"image\/jpeg\" \/>\n<meta name=\"author\" content=\"ni.abdi\" \/>\n<meta name=\"twitter:card\" content=\"summary_large_image\" \/>\n<meta name=\"twitter:creator\" content=\"@Ni.abdi\" \/>\n<meta name=\"twitter:label1\" content=\"Geschreven door\" \/>\n\t<meta name=\"twitter:data1\" content=\"ni.abdi\" \/>\n\t<meta name=\"twitter:label2\" content=\"Geschatte leestijd\" \/>\n\t<meta name=\"twitter:data2\" content=\"3 minuten\" \/>\n<script type=\"application\/ld+json\" class=\"yoast-schema-graph\">{\"@context\":\"https:\/\/schema.org\",\"@graph\":[{\"@type\":\"Article\",\"@id\":\"https:\/\/territorialchallenges.com\/2023\/12\/27\/tchequie-la-ville-de-strakonice-sengage-resolument-dans-la-transition-energetique\/122015\/#article\",\"isPartOf\":{\"@id\":\"https:\/\/territorialchallenges.com\/2023\/12\/27\/tchequie-la-ville-de-strakonice-sengage-resolument-dans-la-transition-energetique\/122015\/\"},\"author\":{\"name\":\"ni.abdi\",\"@id\":\"https:\/\/territorialchallenges.com\/#\/schema\/person\/098f145c7c61a021c425e010f840080f\"},\"headline\":\"Tch\u00e9quie: la ville de Strakonice s&rsquo;engage r\u00e9solument dans la transition \u00e9nerg\u00e9tique\",\"datePublished\":\"2023-12-27T10:21:21+00:00\",\"dateModified\":\"2023-12-27T10:21:24+00:00\",\"mainEntityOfPage\":{\"@id\":\"https:\/\/territorialchallenges.com\/2023\/12\/27\/tchequie-la-ville-de-strakonice-sengage-resolument-dans-la-transition-energetique\/122015\/\"},\"wordCount\":547,\"publisher\":{\"@id\":\"https:\/\/territorialchallenges.com\/#organization\"},\"articleSection\":[\"Transition \u00c9nerg\u00e9tique\",\"Actualit\u00e9 Europe\"],\"inLanguage\":\"nl-NL\"},{\"@type\":\"WebPage\",\"@id\":\"https:\/\/territorialchallenges.com\/2023\/12\/27\/tchequie-la-ville-de-strakonice-sengage-resolument-dans-la-transition-energetique\/122015\/\",\"url\":\"https:\/\/territorialchallenges.com\/2023\/12\/27\/tchequie-la-ville-de-strakonice-sengage-resolument-dans-la-transition-energetique\/122015\/\",\"name\":\"Tch\u00e9quie: la ville de Strakonice s'engage r\u00e9solument dans la transition \u00e9nerg\u00e9tique - Territorial Challenges\",\"isPartOf\":{\"@id\":\"https:\/\/territorialchallenges.com\/#website\"},\"datePublished\":\"2023-12-27T10:21:21+00:00\",\"dateModified\":\"2023-12-27T10:21:24+00:00\",\"breadcrumb\":{\"@id\":\"https:\/\/territorialchallenges.com\/2023\/12\/27\/tchequie-la-ville-de-strakonice-sengage-resolument-dans-la-transition-energetique\/122015\/#breadcrumb\"},\"inLanguage\":\"nl-NL\",\"potentialAction\":[{\"@type\":\"ReadAction\",\"target\":[\"https:\/\/territorialchallenges.com\/2023\/12\/27\/tchequie-la-ville-de-strakonice-sengage-resolument-dans-la-transition-energetique\/122015\/\"]}]},{\"@type\":\"BreadcrumbList\",\"@id\":\"https:\/\/territorialchallenges.com\/2023\/12\/27\/tchequie-la-ville-de-strakonice-sengage-resolument-dans-la-transition-energetique\/122015\/#breadcrumb\",\"itemListElement\":[{\"@type\":\"ListItem\",\"position\":1,\"name\":\"Home\",\"item\":\"https:\/\/territorialchallenges.com\/\"},{\"@type\":\"ListItem\",\"position\":2,\"name\":\"Tch\u00e9quie: la ville de Strakonice s&rsquo;engage r\u00e9solument dans la transition \u00e9nerg\u00e9tique\"}]},{\"@type\":\"WebSite\",\"@id\":\"https:\/\/territorialchallenges.com\/#website\",\"url\":\"https:\/\/territorialchallenges.com\/\",\"name\":\"Territorial Challenges\",\"description\":\"Veille Internationale - Strat\u00e9gie Intelligentes - Bonnes pratiques\",\"publisher\":{\"@id\":\"https:\/\/territorialchallenges.com\/#organization\"},\"potentialAction\":[{\"@type\":\"SearchAction\",\"target\":{\"@type\":\"EntryPoint\",\"urlTemplate\":\"https:\/\/territorialchallenges.com\/?s={search_term_string}\"},\"query-input\":\"required name=search_term_string\"}],\"inLanguage\":\"nl-NL\"},{\"@type\":\"Organization\",\"@id\":\"https:\/\/territorialchallenges.com\/#organization\",\"name\":\"Territorial Challenges\",\"url\":\"https:\/\/territorialchallenges.com\/\",\"logo\":{\"@type\":\"ImageObject\",\"inLanguage\":\"nl-NL\",\"@id\":\"https:\/\/territorialchallenges.com\/#\/schema\/logo\/image\/\",\"url\":\"https:\/\/territorialchallenges.com\/wp-content\/uploads\/2023\/10\/logo-1.png\",\"contentUrl\":\"https:\/\/territorialchallenges.com\/wp-content\/uploads\/2023\/10\/logo-1.png\",\"width\":1832,\"height\":576,\"caption\":\"Territorial Challenges\"},\"image\":{\"@id\":\"https:\/\/territorialchallenges.com\/#\/schema\/logo\/image\/\"}},{\"@type\":\"Person\",\"@id\":\"https:\/\/territorialchallenges.com\/#\/schema\/person\/098f145c7c61a021c425e010f840080f\",\"name\":\"ni.abdi\",\"image\":{\"@type\":\"ImageObject\",\"inLanguage\":\"nl-NL\",\"@id\":\"https:\/\/territorialchallenges.com\/#\/schema\/person\/image\/\",\"url\":\"https:\/\/secure.gravatar.com\/avatar\/2a2f2491f3c80039986ba989b1e4b510?s=96&d=identicon&r=g\",\"contentUrl\":\"https:\/\/secure.gravatar.com\/avatar\/2a2f2491f3c80039986ba989b1e4b510?s=96&d=identicon&r=g\",\"caption\":\"ni.abdi\"},\"sameAs\":[\"https:\/\/twitter.com\/Ni.abdi\"],\"url\":\"https:\/\/territorialchallenges.com\/nl\/author\/ni-abdi\/\"}]}<\/script>\n<!-- \/ Yoast SEO plugin. -->","yoast_head_json":{"title":"Tch\u00e9quie: la ville de Strakonice s'engage r\u00e9solument dans la transition \u00e9nerg\u00e9tique - Territorial Challenges","robots":{"index":"index","follow":"follow","max-snippet":"max-snippet:-1","max-image-preview":"max-image-preview:large","max-video-preview":"max-video-preview:-1"},"canonical":"https:\/\/territorialchallenges.com\/nl\/2023\/12\/27\/tchequie-la-ville-de-strakonice-sengage-resolument-dans-la-transition-energetique\/122015\/","og_locale":"nl_NL","og_type":"article","og_title":"Tch\u00e9quie: la ville de Strakonice s'engage r\u00e9solument dans la transition \u00e9nerg\u00e9tique - Territorial Challenges","og_description":"Strakonice, nich\u00e9e dans la pittoresque r\u00e9gion de Boh\u00eame-du-Sud en Tch\u00e9quie, prend un virage d\u00e9cisif vers la durabilit\u00e9 \u00e9nerg\u00e9tique. Avec la vision audacieuse de son maire B\u0159etislav Hrdli\u010dka, la municipalit\u00e9 se lance dans l&#8217;embauche de consultants sp\u00e9cialis\u00e9s pour identifier des opportunit\u00e9s d&rsquo;\u00e9conomies d&rsquo;\u00e9nergie, pr\u00e9voyant la construction d&rsquo;une centrale photovolta\u00efque et l&rsquo;installation de panneaux solaires sur ses [&hellip;]","og_url":"https:\/\/territorialchallenges.com\/nl\/2023\/12\/27\/tchequie-la-ville-de-strakonice-sengage-resolument-dans-la-transition-energetique\/122015\/","og_site_name":"Territorial Challenges","article_published_time":"2023-12-27T10:21:21+00:00","article_modified_time":"2023-12-27T10:21:24+00:00","og_image":[{"width":1280,"height":848,"url":"https:\/\/territorialchallenges.com\/wp-content\/uploads\/2023\/12\/strakonicetransitionenergetique.jpg","type":"image\/jpeg"}],"author":"ni.abdi","twitter_card":"summary_large_image","twitter_creator":"@Ni.abdi","twitter_misc":{"Geschreven door":"ni.abdi","Geschatte leestijd":"3 minuten"},"schema":{"@context":"https:\/\/schema.org","@graph":[{"@type":"Article","@id":"https:\/\/territorialchallenges.com\/2023\/12\/27\/tchequie-la-ville-de-strakonice-sengage-resolument-dans-la-transition-energetique\/122015\/#article","isPartOf":{"@id":"https:\/\/territorialchallenges.com\/2023\/12\/27\/tchequie-la-ville-de-strakonice-sengage-resolument-dans-la-transition-energetique\/122015\/"},"author":{"name":"ni.abdi","@id":"https:\/\/territorialchallenges.com\/#\/schema\/person\/098f145c7c61a021c425e010f840080f"},"headline":"Tch\u00e9quie: la ville de Strakonice s&rsquo;engage r\u00e9solument dans la transition \u00e9nerg\u00e9tique","datePublished":"2023-12-27T10:21:21+00:00","dateModified":"2023-12-27T10:21:24+00:00","mainEntityOfPage":{"@id":"https:\/\/territorialchallenges.com\/2023\/12\/27\/tchequie-la-ville-de-strakonice-sengage-resolument-dans-la-transition-energetique\/122015\/"},"wordCount":547,"publisher":{"@id":"https:\/\/territorialchallenges.com\/#organization"},"articleSection":["Transition \u00c9nerg\u00e9tique","Actualit\u00e9 Europe"],"inLanguage":"nl-NL"},{"@type":"WebPage","@id":"https:\/\/territorialchallenges.com\/2023\/12\/27\/tchequie-la-ville-de-strakonice-sengage-resolument-dans-la-transition-energetique\/122015\/","url":"https:\/\/territorialchallenges.com\/2023\/12\/27\/tchequie-la-ville-de-strakonice-sengage-resolument-dans-la-transition-energetique\/122015\/","name":"Tch\u00e9quie: la ville de Strakonice s'engage r\u00e9solument dans la transition \u00e9nerg\u00e9tique - Territorial Challenges","isPartOf":{"@id":"https:\/\/territorialchallenges.com\/#website"},"datePublished":"2023-12-27T10:21:21+00:00","dateModified":"2023-12-27T10:21:24+00:00","breadcrumb":{"@id":"https:\/\/territorialchallenges.com\/2023\/12\/27\/tchequie-la-ville-de-strakonice-sengage-resolument-dans-la-transition-energetique\/122015\/#breadcrumb"},"inLanguage":"nl-NL","potentialAction":[{"@type":"ReadAction","target":["https:\/\/territorialchallenges.com\/2023\/12\/27\/tchequie-la-ville-de-strakonice-sengage-resolument-dans-la-transition-energetique\/122015\/"]}]},{"@type":"BreadcrumbList","@id":"https:\/\/territorialchallenges.com\/2023\/12\/27\/tchequie-la-ville-de-strakonice-sengage-resolument-dans-la-transition-energetique\/122015\/#breadcrumb","itemListElement":[{"@type":"ListItem","position":1,"name":"Home","item":"https:\/\/territorialchallenges.com\/"},{"@type":"ListItem","position":2,"name":"Tch\u00e9quie: la ville de Strakonice s&rsquo;engage r\u00e9solument dans la transition \u00e9nerg\u00e9tique"}]},{"@type":"WebSite","@id":"https:\/\/territorialchallenges.com\/#website","url":"https:\/\/territorialchallenges.com\/","name":"Territoriale uitdagingen","description":"Internationale monitoring - Slimme strategie\u00ebn - Beste praktijken","publisher":{"@id":"https:\/\/territorialchallenges.com\/#organization"},"potentialAction":[{"@type":"SearchAction","target":{"@type":"EntryPoint","urlTemplate":"https:\/\/territorialchallenges.com\/?s={search_term_string}"},"query-input":"required name=search_term_string"}],"inLanguage":"nl-NL"},{"@type":"Organization","@id":"https:\/\/territorialchallenges.com\/#organization","name":"Territoriale uitdagingen","url":"https:\/\/territorialchallenges.com\/","logo":{"@type":"ImageObject","inLanguage":"nl-NL","@id":"https:\/\/territorialchallenges.com\/#\/schema\/logo\/image\/","url":"https:\/\/territorialchallenges.com\/wp-content\/uploads\/2023\/10\/logo-1.png","contentUrl":"https:\/\/territorialchallenges.com\/wp-content\/uploads\/2023\/10\/logo-1.png","width":1832,"height":576,"caption":"Territorial Challenges"},"image":{"@id":"https:\/\/territorialchallenges.com\/#\/schema\/logo\/image\/"}},{"@type":"Person","@id":"https:\/\/territorialchallenges.com\/#\/schema\/person\/098f145c7c61a021c425e010f840080f","name":"ni.abdi","image":{"@type":"ImageObject","inLanguage":"nl-NL","@id":"https:\/\/territorialchallenges.com\/#\/schema\/person\/image\/","url":"https:\/\/secure.gravatar.com\/avatar\/2a2f2491f3c80039986ba989b1e4b510?s=96&d=identicon&r=g","contentUrl":"https:\/\/secure.gravatar.com\/avatar\/2a2f2491f3c80039986ba989b1e4b510?s=96&d=identicon&r=g","caption":"ni.abdi"},"sameAs":["https:\/\/twitter.com\/Ni.abdi"],"url":"https:\/\/territorialchallenges.com\/nl\/author\/ni-abdi\/"}]}},"_links":{"self":[{"href":"https:\/\/territorialchallenges.com\/nl\/wp-json\/wp\/v2\/posts\/122015"}],"collection":[{"href":"https:\/\/territorialchallenges.com\/nl\/wp-json\/wp\/v2\/posts"}],"about":[{"href":"https:\/\/territorialchallenges.com\/nl\/wp-json\/wp\/v2\/types\/post"}],"author":[{"embeddable":true,"href":"https:\/\/territorialchallenges.com\/nl\/wp-json\/wp\/v2\/users\/11"}],"replies":[{"embeddable":true,"href":"https:\/\/territorialchallenges.com\/nl\/wp-json\/wp\/v2\/comments?post=122015"}],"version-history":[{"count":1,"href":"https:\/\/territorialchallenges.com\/nl\/wp-json\/wp\/v2\/posts\/122015\/revisions"}],"predecessor-version":[{"id":122017,"href":"https:\/\/territorialchallenges.com\/nl\/wp-json\/wp\/v2\/posts\/122015\/revisions\/122017"}],"wp:featuredmedia":[{"embeddable":true,"href":"https:\/\/territorialchallenges.com\/nl\/wp-json\/wp\/v2\/media\/122016"}],"wp:attachment":[{"href":"https:\/\/territorialchallenges.com\/nl\/wp-json\/wp\/v2\/media?parent=122015"}],"wp:term":[{"taxonomy":"category","embeddable":true,"href":"https:\/\/territorialchallenges.com\/nl\/wp-json\/wp\/v2\/categories?post=122015"},{"taxonomy":"post_tag","embeddable":true,"href":"https:\/\/territorialchallenges.com\/nl\/wp-json\/wp\/v2\/tags?post=122015"}],"curies":[{"name":"wp","href":"https:\/\/api.w.org\/{rel}","templated":true}]}}