{"id":122005,"date":"2023-12-27T10:54:19","date_gmt":"2023-12-27T09:54:19","guid":{"rendered":"https:\/\/territorialchallenges.com\/?p=122005"},"modified":"2023-12-27T10:54:21","modified_gmt":"2023-12-27T09:54:21","slug":"lintelligence-artificielle-dans-les-collectivites-locales-allemandes-entre-opportunites-et-defis","status":"publish","type":"post","link":"https:\/\/territorialchallenges.com\/nl\/2023\/12\/27\/lintelligence-artificielle-dans-les-collectivites-locales-allemandes-entre-opportunites-et-defis\/122005\/","title":{"rendered":"Kunstmatige intelligentie bij Duitse lokale overheden: tussen kansen en uitdagingen"},"content":{"rendered":"<p>De inzet van kunstmatige intelligentie (AI) bij lokale overheden in Duitsland trekt steeds meer belangstelling, blijkt uit de begin december gepubliceerde &quot;Zukunftsradar Digitale Kommune 2023&quot;. Hoewel twee derde van de gemeenten kansen ziet in deze technologie, zijn er obstakels zoals problemen met gegevensbescherming en een gebrek aan... <\/p>\n<div class=\"pmpro_content_message\">Artikel alleen beschikbaar voor abonnees.<br \/><a href=\"https:\/\/territorialchallenges.com\/wp-login.php\">Login<\/a><br \/><a href=\"https:\/\/territorialchallenges.com\/nl\/wp-login.php\/?action=register\">Register<\/a><\/div>","protected":false},"excerpt":{"rendered":"<p>L&rsquo;utilisation de l&rsquo;intelligence artificielle (IA) dans les collectivit\u00e9s locales en Allemagne suscite un int\u00e9r\u00eat croissant, selon le \u00ab\u00a0Digital Commune Future Radar 2023\u00a0\u00bb (Zukunftsradar Digitale Kommune 2023) publi\u00e9 d\u00e9but d\u00e9cembre. Bien que deux tiers des communes voient des opportunit\u00e9s dans cette technologie, des obstacles tels que les probl\u00e8mes de protection des donn\u00e9es et le manque de... <\/p>\n<div class=\"pmpro_content_message\">Artikel alleen beschikbaar voor abonnees.<br \/><a href=\"https:\/\/territorialchallenges.com\/wp-login.php\">Login<\/a><br \/><a href=\"https:\/\/territorialchallenges.com\/nl\/wp-login.php\/?action=register\">Register<\/a><\/div>","protected":false},"author":11,"featured_media":122006,"comment_status":"closed","ping_status":"closed","sticky":true,"template":"","format":"standard","meta":{"pmpro_default_level":0,"footnotes":""},"categories":[16,127],"tags":[],"blocksy_meta":"","yoast_head":"<!-- This site is optimized with the Yoast SEO plugin v21.5 - https:\/\/yoast.com\/wordpress\/plugins\/seo\/ -->\n<title>L&#039;intelligence artificielle dans les collectivit\u00e9s locales allemandes : entre opportunit\u00e9s et d\u00e9fis - Territorial Challenges<\/title>\n<meta name=\"robots\" content=\"index, follow, max-snippet:-1, max-image-preview:large, max-video-preview:-1\" \/>\n<link rel=\"canonical\" href=\"https:\/\/territorialchallenges.com\/nl\/2023\/12\/27\/lintelligence-artificielle-dans-les-collectivites-locales-allemandes-entre-opportunites-et-defis\/122005\/\" \/>\n<meta property=\"og:locale\" content=\"nl_NL\" \/>\n<meta property=\"og:type\" content=\"article\" \/>\n<meta property=\"og:title\" content=\"L&#039;intelligence artificielle dans les collectivit\u00e9s locales allemandes : entre opportunit\u00e9s et d\u00e9fis - Territorial Challenges\" \/>\n<meta property=\"og:description\" content=\"L&rsquo;utilisation de l&rsquo;intelligence artificielle (IA) dans les collectivit\u00e9s locales en Allemagne suscite un int\u00e9r\u00eat croissant, selon le \u00ab\u00a0Digital Commune Future Radar 2023\u00a0\u00bb (Zukunftsradar Digitale Kommune 2023) publi\u00e9 d\u00e9but d\u00e9cembre. Bien que deux tiers des communes voient des opportunit\u00e9s dans cette technologie, des obstacles tels que les probl\u00e8mes de protection des donn\u00e9es et le manque de [&hellip;]\" \/>\n<meta property=\"og:url\" content=\"https:\/\/territorialchallenges.com\/nl\/2023\/12\/27\/lintelligence-artificielle-dans-les-collectivites-locales-allemandes-entre-opportunites-et-defis\/122005\/\" \/>\n<meta property=\"og:site_name\" content=\"Territorial Challenges\" \/>\n<meta property=\"article:published_time\" content=\"2023-12-27T09:54:19+00:00\" \/>\n<meta property=\"article:modified_time\" content=\"2023-12-27T09:54:21+00:00\" \/>\n<meta property=\"og:image\" content=\"https:\/\/territorialchallenges.com\/wp-content\/uploads\/2023\/12\/heidelbergdonnesObjetsconnectes.jpg\" \/>\n\t<meta property=\"og:image:width\" content=\"1280\" \/>\n\t<meta property=\"og:image:height\" content=\"853\" \/>\n\t<meta property=\"og:image:type\" content=\"image\/jpeg\" \/>\n<meta name=\"author\" content=\"ni.abdi\" \/>\n<meta name=\"twitter:card\" content=\"summary_large_image\" \/>\n<meta name=\"twitter:creator\" content=\"@Ni.abdi\" \/>\n<meta name=\"twitter:label1\" content=\"Geschreven door\" \/>\n\t<meta name=\"twitter:data1\" content=\"ni.abdi\" \/>\n\t<meta name=\"twitter:label2\" content=\"Geschatte leestijd\" \/>\n\t<meta name=\"twitter:data2\" content=\"3 minuten\" \/>\n<script type=\"application\/ld+json\" class=\"yoast-schema-graph\">{\"@context\":\"https:\/\/schema.org\",\"@graph\":[{\"@type\":\"Article\",\"@id\":\"https:\/\/territorialchallenges.com\/2023\/12\/27\/lintelligence-artificielle-dans-les-collectivites-locales-allemandes-entre-opportunites-et-defis\/122005\/#article\",\"isPartOf\":{\"@id\":\"https:\/\/territorialchallenges.com\/2023\/12\/27\/lintelligence-artificielle-dans-les-collectivites-locales-allemandes-entre-opportunites-et-defis\/122005\/\"},\"author\":{\"name\":\"ni.abdi\",\"@id\":\"https:\/\/territorialchallenges.com\/#\/schema\/person\/098f145c7c61a021c425e010f840080f\"},\"headline\":\"L&rsquo;intelligence artificielle dans les collectivit\u00e9s locales allemandes : entre opportunit\u00e9s et d\u00e9fis\",\"datePublished\":\"2023-12-27T09:54:19+00:00\",\"dateModified\":\"2023-12-27T09:54:21+00:00\",\"mainEntityOfPage\":{\"@id\":\"https:\/\/territorialchallenges.com\/2023\/12\/27\/lintelligence-artificielle-dans-les-collectivites-locales-allemandes-entre-opportunites-et-defis\/122005\/\"},\"wordCount\":663,\"publisher\":{\"@id\":\"https:\/\/territorialchallenges.com\/#organization\"},\"articleSection\":[\"Donn\u00e9es\/Objets Connect\u00e9s\",\"Actualit\u00e9 Europe\"],\"inLanguage\":\"nl-NL\"},{\"@type\":\"WebPage\",\"@id\":\"https:\/\/territorialchallenges.com\/2023\/12\/27\/lintelligence-artificielle-dans-les-collectivites-locales-allemandes-entre-opportunites-et-defis\/122005\/\",\"url\":\"https:\/\/territorialchallenges.com\/2023\/12\/27\/lintelligence-artificielle-dans-les-collectivites-locales-allemandes-entre-opportunites-et-defis\/122005\/\",\"name\":\"L'intelligence artificielle dans les collectivit\u00e9s locales allemandes : entre opportunit\u00e9s et d\u00e9fis - Territorial Challenges\",\"isPartOf\":{\"@id\":\"https:\/\/territorialchallenges.com\/#website\"},\"datePublished\":\"2023-12-27T09:54:19+00:00\",\"dateModified\":\"2023-12-27T09:54:21+00:00\",\"breadcrumb\":{\"@id\":\"https:\/\/territorialchallenges.com\/2023\/12\/27\/lintelligence-artificielle-dans-les-collectivites-locales-allemandes-entre-opportunites-et-defis\/122005\/#breadcrumb\"},\"inLanguage\":\"nl-NL\",\"potentialAction\":[{\"@type\":\"ReadAction\",\"target\":[\"https:\/\/territorialchallenges.com\/2023\/12\/27\/lintelligence-artificielle-dans-les-collectivites-locales-allemandes-entre-opportunites-et-defis\/122005\/\"]}]},{\"@type\":\"BreadcrumbList\",\"@id\":\"https:\/\/territorialchallenges.com\/2023\/12\/27\/lintelligence-artificielle-dans-les-collectivites-locales-allemandes-entre-opportunites-et-defis\/122005\/#breadcrumb\",\"itemListElement\":[{\"@type\":\"ListItem\",\"position\":1,\"name\":\"Home\",\"item\":\"https:\/\/territorialchallenges.com\/\"},{\"@type\":\"ListItem\",\"position\":2,\"name\":\"L&rsquo;intelligence artificielle dans les collectivit\u00e9s locales allemandes : entre opportunit\u00e9s et d\u00e9fis\"}]},{\"@type\":\"WebSite\",\"@id\":\"https:\/\/territorialchallenges.com\/#website\",\"url\":\"https:\/\/territorialchallenges.com\/\",\"name\":\"Territorial Challenges\",\"description\":\"Veille Internationale - Strat\u00e9gie Intelligentes - Bonnes pratiques\",\"publisher\":{\"@id\":\"https:\/\/territorialchallenges.com\/#organization\"},\"potentialAction\":[{\"@type\":\"SearchAction\",\"target\":{\"@type\":\"EntryPoint\",\"urlTemplate\":\"https:\/\/territorialchallenges.com\/?s={search_term_string}\"},\"query-input\":\"required name=search_term_string\"}],\"inLanguage\":\"nl-NL\"},{\"@type\":\"Organization\",\"@id\":\"https:\/\/territorialchallenges.com\/#organization\",\"name\":\"Territorial Challenges\",\"url\":\"https:\/\/territorialchallenges.com\/\",\"logo\":{\"@type\":\"ImageObject\",\"inLanguage\":\"nl-NL\",\"@id\":\"https:\/\/territorialchallenges.com\/#\/schema\/logo\/image\/\",\"url\":\"https:\/\/territorialchallenges.com\/wp-content\/uploads\/2023\/10\/logo-1.png\",\"contentUrl\":\"https:\/\/territorialchallenges.com\/wp-content\/uploads\/2023\/10\/logo-1.png\",\"width\":1832,\"height\":576,\"caption\":\"Territorial Challenges\"},\"image\":{\"@id\":\"https:\/\/territorialchallenges.com\/#\/schema\/logo\/image\/\"}},{\"@type\":\"Person\",\"@id\":\"https:\/\/territorialchallenges.com\/#\/schema\/person\/098f145c7c61a021c425e010f840080f\",\"name\":\"ni.abdi\",\"image\":{\"@type\":\"ImageObject\",\"inLanguage\":\"nl-NL\",\"@id\":\"https:\/\/territorialchallenges.com\/#\/schema\/person\/image\/\",\"url\":\"https:\/\/secure.gravatar.com\/avatar\/2a2f2491f3c80039986ba989b1e4b510?s=96&d=identicon&r=g\",\"contentUrl\":\"https:\/\/secure.gravatar.com\/avatar\/2a2f2491f3c80039986ba989b1e4b510?s=96&d=identicon&r=g\",\"caption\":\"ni.abdi\"},\"sameAs\":[\"https:\/\/twitter.com\/Ni.abdi\"],\"url\":\"https:\/\/territorialchallenges.com\/nl\/author\/ni-abdi\/\"}]}<\/script>\n<!-- \/ Yoast SEO plugin. -->","yoast_head_json":{"title":"L'intelligence artificielle dans les collectivit\u00e9s locales allemandes : entre opportunit\u00e9s et d\u00e9fis - Territorial Challenges","robots":{"index":"index","follow":"follow","max-snippet":"max-snippet:-1","max-image-preview":"max-image-preview:large","max-video-preview":"max-video-preview:-1"},"canonical":"https:\/\/territorialchallenges.com\/nl\/2023\/12\/27\/lintelligence-artificielle-dans-les-collectivites-locales-allemandes-entre-opportunites-et-defis\/122005\/","og_locale":"nl_NL","og_type":"article","og_title":"L'intelligence artificielle dans les collectivit\u00e9s locales allemandes : entre opportunit\u00e9s et d\u00e9fis - Territorial Challenges","og_description":"L&rsquo;utilisation de l&rsquo;intelligence artificielle (IA) dans les collectivit\u00e9s locales en Allemagne suscite un int\u00e9r\u00eat croissant, selon le \u00ab\u00a0Digital Commune Future Radar 2023\u00a0\u00bb (Zukunftsradar Digitale Kommune 2023) publi\u00e9 d\u00e9but d\u00e9cembre. Bien que deux tiers des communes voient des opportunit\u00e9s dans cette technologie, des obstacles tels que les probl\u00e8mes de protection des donn\u00e9es et le manque de [&hellip;]","og_url":"https:\/\/territorialchallenges.com\/nl\/2023\/12\/27\/lintelligence-artificielle-dans-les-collectivites-locales-allemandes-entre-opportunites-et-defis\/122005\/","og_site_name":"Territorial Challenges","article_published_time":"2023-12-27T09:54:19+00:00","article_modified_time":"2023-12-27T09:54:21+00:00","og_image":[{"width":1280,"height":853,"url":"https:\/\/territorialchallenges.com\/wp-content\/uploads\/2023\/12\/heidelbergdonnesObjetsconnectes.jpg","type":"image\/jpeg"}],"author":"ni.abdi","twitter_card":"summary_large_image","twitter_creator":"@Ni.abdi","twitter_misc":{"Geschreven door":"ni.abdi","Geschatte leestijd":"3 minuten"},"schema":{"@context":"https:\/\/schema.org","@graph":[{"@type":"Article","@id":"https:\/\/territorialchallenges.com\/2023\/12\/27\/lintelligence-artificielle-dans-les-collectivites-locales-allemandes-entre-opportunites-et-defis\/122005\/#article","isPartOf":{"@id":"https:\/\/territorialchallenges.com\/2023\/12\/27\/lintelligence-artificielle-dans-les-collectivites-locales-allemandes-entre-opportunites-et-defis\/122005\/"},"author":{"name":"ni.abdi","@id":"https:\/\/territorialchallenges.com\/#\/schema\/person\/098f145c7c61a021c425e010f840080f"},"headline":"L&rsquo;intelligence artificielle dans les collectivit\u00e9s locales allemandes : entre opportunit\u00e9s et d\u00e9fis","datePublished":"2023-12-27T09:54:19+00:00","dateModified":"2023-12-27T09:54:21+00:00","mainEntityOfPage":{"@id":"https:\/\/territorialchallenges.com\/2023\/12\/27\/lintelligence-artificielle-dans-les-collectivites-locales-allemandes-entre-opportunites-et-defis\/122005\/"},"wordCount":663,"publisher":{"@id":"https:\/\/territorialchallenges.com\/#organization"},"articleSection":["Donn\u00e9es\/Objets Connect\u00e9s","Actualit\u00e9 Europe"],"inLanguage":"nl-NL"},{"@type":"WebPage","@id":"https:\/\/territorialchallenges.com\/2023\/12\/27\/lintelligence-artificielle-dans-les-collectivites-locales-allemandes-entre-opportunites-et-defis\/122005\/","url":"https:\/\/territorialchallenges.com\/2023\/12\/27\/lintelligence-artificielle-dans-les-collectivites-locales-allemandes-entre-opportunites-et-defis\/122005\/","name":"L'intelligence artificielle dans les collectivit\u00e9s locales allemandes : entre opportunit\u00e9s et d\u00e9fis - Territorial Challenges","isPartOf":{"@id":"https:\/\/territorialchallenges.com\/#website"},"datePublished":"2023-12-27T09:54:19+00:00","dateModified":"2023-12-27T09:54:21+00:00","breadcrumb":{"@id":"https:\/\/territorialchallenges.com\/2023\/12\/27\/lintelligence-artificielle-dans-les-collectivites-locales-allemandes-entre-opportunites-et-defis\/122005\/#breadcrumb"},"inLanguage":"nl-NL","potentialAction":[{"@type":"ReadAction","target":["https:\/\/territorialchallenges.com\/2023\/12\/27\/lintelligence-artificielle-dans-les-collectivites-locales-allemandes-entre-opportunites-et-defis\/122005\/"]}]},{"@type":"BreadcrumbList","@id":"https:\/\/territorialchallenges.com\/2023\/12\/27\/lintelligence-artificielle-dans-les-collectivites-locales-allemandes-entre-opportunites-et-defis\/122005\/#breadcrumb","itemListElement":[{"@type":"ListItem","position":1,"name":"Home","item":"https:\/\/territorialchallenges.com\/"},{"@type":"ListItem","position":2,"name":"L&rsquo;intelligence artificielle dans les collectivit\u00e9s locales allemandes : entre opportunit\u00e9s et d\u00e9fis"}]},{"@type":"WebSite","@id":"https:\/\/territorialchallenges.com\/#website","url":"https:\/\/territorialchallenges.com\/","name":"Territoriale uitdagingen","description":"Internationale monitoring - Slimme strategie\u00ebn - Beste praktijken","publisher":{"@id":"https:\/\/territorialchallenges.com\/#organization"},"potentialAction":[{"@type":"SearchAction","target":{"@type":"EntryPoint","urlTemplate":"https:\/\/territorialchallenges.com\/?s={search_term_string}"},"query-input":"required name=search_term_string"}],"inLanguage":"nl-NL"},{"@type":"Organization","@id":"https:\/\/territorialchallenges.com\/#organization","name":"Territoriale uitdagingen","url":"https:\/\/territorialchallenges.com\/","logo":{"@type":"ImageObject","inLanguage":"nl-NL","@id":"https:\/\/territorialchallenges.com\/#\/schema\/logo\/image\/","url":"https:\/\/territorialchallenges.com\/wp-content\/uploads\/2023\/10\/logo-1.png","contentUrl":"https:\/\/territorialchallenges.com\/wp-content\/uploads\/2023\/10\/logo-1.png","width":1832,"height":576,"caption":"Territorial Challenges"},"image":{"@id":"https:\/\/territorialchallenges.com\/#\/schema\/logo\/image\/"}},{"@type":"Person","@id":"https:\/\/territorialchallenges.com\/#\/schema\/person\/098f145c7c61a021c425e010f840080f","name":"ni.abdi","image":{"@type":"ImageObject","inLanguage":"nl-NL","@id":"https:\/\/territorialchallenges.com\/#\/schema\/person\/image\/","url":"https:\/\/secure.gravatar.com\/avatar\/2a2f2491f3c80039986ba989b1e4b510?s=96&d=identicon&r=g","contentUrl":"https:\/\/secure.gravatar.com\/avatar\/2a2f2491f3c80039986ba989b1e4b510?s=96&d=identicon&r=g","caption":"ni.abdi"},"sameAs":["https:\/\/twitter.com\/Ni.abdi"],"url":"https:\/\/territorialchallenges.com\/nl\/author\/ni-abdi\/"}]}},"_links":{"self":[{"href":"https:\/\/territorialchallenges.com\/nl\/wp-json\/wp\/v2\/posts\/122005"}],"collection":[{"href":"https:\/\/territorialchallenges.com\/nl\/wp-json\/wp\/v2\/posts"}],"about":[{"href":"https:\/\/territorialchallenges.com\/nl\/wp-json\/wp\/v2\/types\/post"}],"author":[{"embeddable":true,"href":"https:\/\/territorialchallenges.com\/nl\/wp-json\/wp\/v2\/users\/11"}],"replies":[{"embeddable":true,"href":"https:\/\/territorialchallenges.com\/nl\/wp-json\/wp\/v2\/comments?post=122005"}],"version-history":[{"count":1,"href":"https:\/\/territorialchallenges.com\/nl\/wp-json\/wp\/v2\/posts\/122005\/revisions"}],"predecessor-version":[{"id":122007,"href":"https:\/\/territorialchallenges.com\/nl\/wp-json\/wp\/v2\/posts\/122005\/revisions\/122007"}],"wp:featuredmedia":[{"embeddable":true,"href":"https:\/\/territorialchallenges.com\/nl\/wp-json\/wp\/v2\/media\/122006"}],"wp:attachment":[{"href":"https:\/\/territorialchallenges.com\/nl\/wp-json\/wp\/v2\/media?parent=122005"}],"wp:term":[{"taxonomy":"category","embeddable":true,"href":"https:\/\/territorialchallenges.com\/nl\/wp-json\/wp\/v2\/categories?post=122005"},{"taxonomy":"post_tag","embeddable":true,"href":"https:\/\/territorialchallenges.com\/nl\/wp-json\/wp\/v2\/tags?post=122005"}],"curies":[{"name":"wp","href":"https:\/\/api.w.org\/{rel}","templated":true}]}}