{"id":121971,"date":"2023-12-17T22:08:34","date_gmt":"2023-12-17T21:08:34","guid":{"rendered":"https:\/\/territorialchallenges.com\/?p=121971"},"modified":"2023-12-18T09:24:39","modified_gmt":"2023-12-18T08:24:39","slug":"la-revolution-des-compteurs-intelligents-un-marche-en-pleine-expansion","status":"publish","type":"post","link":"https:\/\/territorialchallenges.com\/nl\/2023\/12\/17\/la-revolution-des-compteurs-intelligents-un-marche-en-pleine-expansion\/121971\/","title":{"rendered":"De revolutie van de slimme meter: een bloeiende markt"},"content":{"rendered":"<p>Volgens het laatste rapport van DataHorizzon Research groeit de markt voor slimme meters snel, van $ 22,7 miljard in 2022 tot een indrukwekkende prognose van $ 52,4 miljard in 2032. Deze revolutionaire apparaten, die het elektriciteits-, gas- en waterverbruik in realtime kunnen meten, zijn essenti\u00eble elementen geworden... <\/p>\n<div class=\"pmpro_content_message\">Artikel alleen beschikbaar voor abonnees.<br \/><a href=\"https:\/\/territorialchallenges.com\/wp-login.php\">Login<\/a><br \/><a href=\"https:\/\/territorialchallenges.com\/nl\/wp-login.php\/?action=register\">Register<\/a><\/div>","protected":false},"excerpt":{"rendered":"<p>Selon le dernier rapport de DataHorizzon Research, le march\u00e9 des compteurs intelligents est en pleine croissance, passant de 22,7 milliards de dollars en 2022 \u00e0 une projection impressionnante de 52,4 milliards de dollars d&rsquo;ici 2032. Ces dispositifs r\u00e9volutionnaires, capables de mesurer la consommation d&rsquo;\u00e9lectricit\u00e9, de gaz et d&rsquo;eau en temps r\u00e9el, sont devenus des \u00e9l\u00e9ments... <\/p>\n<div class=\"pmpro_content_message\">Artikel alleen beschikbaar voor abonnees.<br \/><a href=\"https:\/\/territorialchallenges.com\/wp-login.php\">Login<\/a><br \/><a href=\"https:\/\/territorialchallenges.com\/nl\/wp-login.php\/?action=register\">Register<\/a><\/div>","protected":false},"author":11,"featured_media":121972,"comment_status":"closed","ping_status":"closed","sticky":true,"template":"","format":"standard","meta":{"pmpro_default_level":0,"footnotes":""},"categories":[18,124],"tags":[],"blocksy_meta":"","yoast_head":"<!-- This site is optimized with the Yoast SEO plugin v21.5 - https:\/\/yoast.com\/wordpress\/plugins\/seo\/ -->\n<title>La r\u00e9volution des compteurs intelligents : un march\u00e9 en pleine expansion - Territorial Challenges<\/title>\n<meta name=\"robots\" content=\"index, follow, max-snippet:-1, max-image-preview:large, max-video-preview:-1\" \/>\n<link rel=\"canonical\" href=\"https:\/\/territorialchallenges.com\/nl\/2023\/12\/17\/la-revolution-des-compteurs-intelligents-un-marche-en-pleine-expansion\/121971\/\" \/>\n<meta property=\"og:locale\" content=\"nl_NL\" \/>\n<meta property=\"og:type\" content=\"article\" \/>\n<meta property=\"og:title\" content=\"La r\u00e9volution des compteurs intelligents : un march\u00e9 en pleine expansion - Territorial Challenges\" \/>\n<meta property=\"og:description\" content=\"Selon le dernier rapport de DataHorizzon Research, le march\u00e9 des compteurs intelligents est en pleine croissance, passant de 22,7 milliards de dollars en 2022 \u00e0 une projection impressionnante de 52,4 milliards de dollars d&rsquo;ici 2032. Ces dispositifs r\u00e9volutionnaires, capables de mesurer la consommation d&rsquo;\u00e9lectricit\u00e9, de gaz et d&rsquo;eau en temps r\u00e9el, sont devenus des \u00e9l\u00e9ments [&hellip;]\" \/>\n<meta property=\"og:url\" content=\"https:\/\/territorialchallenges.com\/nl\/2023\/12\/17\/la-revolution-des-compteurs-intelligents-un-marche-en-pleine-expansion\/121971\/\" \/>\n<meta property=\"og:site_name\" content=\"Territorial Challenges\" \/>\n<meta property=\"article:published_time\" content=\"2023-12-17T21:08:34+00:00\" \/>\n<meta property=\"article:modified_time\" content=\"2023-12-18T08:24:39+00:00\" \/>\n<meta property=\"og:image\" content=\"https:\/\/territorialchallenges.com\/wp-content\/uploads\/2023\/12\/transitionenergetique.Photo_.jpg\" \/>\n\t<meta property=\"og:image:width\" content=\"1280\" \/>\n\t<meta property=\"og:image:height\" content=\"853\" \/>\n\t<meta property=\"og:image:type\" content=\"image\/jpeg\" \/>\n<meta name=\"author\" content=\"ni.abdi\" \/>\n<meta name=\"twitter:card\" content=\"summary_large_image\" \/>\n<meta name=\"twitter:creator\" content=\"@Ni.abdi\" \/>\n<meta name=\"twitter:label1\" content=\"Geschreven door\" \/>\n\t<meta name=\"twitter:data1\" content=\"ni.abdi\" \/>\n\t<meta name=\"twitter:label2\" content=\"Geschatte leestijd\" \/>\n\t<meta name=\"twitter:data2\" content=\"3 minuten\" \/>\n<script type=\"application\/ld+json\" class=\"yoast-schema-graph\">{\"@context\":\"https:\/\/schema.org\",\"@graph\":[{\"@type\":\"Article\",\"@id\":\"https:\/\/territorialchallenges.com\/2023\/12\/17\/la-revolution-des-compteurs-intelligents-un-marche-en-pleine-expansion\/121971\/#article\",\"isPartOf\":{\"@id\":\"https:\/\/territorialchallenges.com\/2023\/12\/17\/la-revolution-des-compteurs-intelligents-un-marche-en-pleine-expansion\/121971\/\"},\"author\":{\"name\":\"ni.abdi\",\"@id\":\"https:\/\/territorialchallenges.com\/#\/schema\/person\/098f145c7c61a021c425e010f840080f\"},\"headline\":\"La r\u00e9volution des compteurs intelligents : un march\u00e9 en pleine expansion\",\"datePublished\":\"2023-12-17T21:08:34+00:00\",\"dateModified\":\"2023-12-18T08:24:39+00:00\",\"mainEntityOfPage\":{\"@id\":\"https:\/\/territorialchallenges.com\/2023\/12\/17\/la-revolution-des-compteurs-intelligents-un-marche-en-pleine-expansion\/121971\/\"},\"wordCount\":571,\"publisher\":{\"@id\":\"https:\/\/territorialchallenges.com\/#organization\"},\"articleSection\":[\"Transition \u00c9nerg\u00e9tique\",\"Actualit\u00e9 internationale\"],\"inLanguage\":\"nl-NL\"},{\"@type\":\"WebPage\",\"@id\":\"https:\/\/territorialchallenges.com\/2023\/12\/17\/la-revolution-des-compteurs-intelligents-un-marche-en-pleine-expansion\/121971\/\",\"url\":\"https:\/\/territorialchallenges.com\/2023\/12\/17\/la-revolution-des-compteurs-intelligents-un-marche-en-pleine-expansion\/121971\/\",\"name\":\"La r\u00e9volution des compteurs intelligents : un march\u00e9 en pleine expansion - Territorial Challenges\",\"isPartOf\":{\"@id\":\"https:\/\/territorialchallenges.com\/#website\"},\"datePublished\":\"2023-12-17T21:08:34+00:00\",\"dateModified\":\"2023-12-18T08:24:39+00:00\",\"breadcrumb\":{\"@id\":\"https:\/\/territorialchallenges.com\/2023\/12\/17\/la-revolution-des-compteurs-intelligents-un-marche-en-pleine-expansion\/121971\/#breadcrumb\"},\"inLanguage\":\"nl-NL\",\"potentialAction\":[{\"@type\":\"ReadAction\",\"target\":[\"https:\/\/territorialchallenges.com\/2023\/12\/17\/la-revolution-des-compteurs-intelligents-un-marche-en-pleine-expansion\/121971\/\"]}]},{\"@type\":\"BreadcrumbList\",\"@id\":\"https:\/\/territorialchallenges.com\/2023\/12\/17\/la-revolution-des-compteurs-intelligents-un-marche-en-pleine-expansion\/121971\/#breadcrumb\",\"itemListElement\":[{\"@type\":\"ListItem\",\"position\":1,\"name\":\"Home\",\"item\":\"https:\/\/territorialchallenges.com\/\"},{\"@type\":\"ListItem\",\"position\":2,\"name\":\"La r\u00e9volution des compteurs intelligents : un march\u00e9 en pleine expansion\"}]},{\"@type\":\"WebSite\",\"@id\":\"https:\/\/territorialchallenges.com\/#website\",\"url\":\"https:\/\/territorialchallenges.com\/\",\"name\":\"Territorial Challenges\",\"description\":\"Veille Internationale - Strat\u00e9gie Intelligentes - Bonnes pratiques\",\"publisher\":{\"@id\":\"https:\/\/territorialchallenges.com\/#organization\"},\"potentialAction\":[{\"@type\":\"SearchAction\",\"target\":{\"@type\":\"EntryPoint\",\"urlTemplate\":\"https:\/\/territorialchallenges.com\/?s={search_term_string}\"},\"query-input\":\"required name=search_term_string\"}],\"inLanguage\":\"nl-NL\"},{\"@type\":\"Organization\",\"@id\":\"https:\/\/territorialchallenges.com\/#organization\",\"name\":\"Territorial Challenges\",\"url\":\"https:\/\/territorialchallenges.com\/\",\"logo\":{\"@type\":\"ImageObject\",\"inLanguage\":\"nl-NL\",\"@id\":\"https:\/\/territorialchallenges.com\/#\/schema\/logo\/image\/\",\"url\":\"https:\/\/territorialchallenges.com\/wp-content\/uploads\/2023\/10\/logo-1.png\",\"contentUrl\":\"https:\/\/territorialchallenges.com\/wp-content\/uploads\/2023\/10\/logo-1.png\",\"width\":1832,\"height\":576,\"caption\":\"Territorial Challenges\"},\"image\":{\"@id\":\"https:\/\/territorialchallenges.com\/#\/schema\/logo\/image\/\"}},{\"@type\":\"Person\",\"@id\":\"https:\/\/territorialchallenges.com\/#\/schema\/person\/098f145c7c61a021c425e010f840080f\",\"name\":\"ni.abdi\",\"image\":{\"@type\":\"ImageObject\",\"inLanguage\":\"nl-NL\",\"@id\":\"https:\/\/territorialchallenges.com\/#\/schema\/person\/image\/\",\"url\":\"https:\/\/secure.gravatar.com\/avatar\/2a2f2491f3c80039986ba989b1e4b510?s=96&d=identicon&r=g\",\"contentUrl\":\"https:\/\/secure.gravatar.com\/avatar\/2a2f2491f3c80039986ba989b1e4b510?s=96&d=identicon&r=g\",\"caption\":\"ni.abdi\"},\"sameAs\":[\"https:\/\/twitter.com\/Ni.abdi\"],\"url\":\"https:\/\/territorialchallenges.com\/nl\/author\/ni-abdi\/\"}]}<\/script>\n<!-- \/ Yoast SEO plugin. -->","yoast_head_json":{"title":"La r\u00e9volution des compteurs intelligents : un march\u00e9 en pleine expansion - Territorial Challenges","robots":{"index":"index","follow":"follow","max-snippet":"max-snippet:-1","max-image-preview":"max-image-preview:large","max-video-preview":"max-video-preview:-1"},"canonical":"https:\/\/territorialchallenges.com\/nl\/2023\/12\/17\/la-revolution-des-compteurs-intelligents-un-marche-en-pleine-expansion\/121971\/","og_locale":"nl_NL","og_type":"article","og_title":"La r\u00e9volution des compteurs intelligents : un march\u00e9 en pleine expansion - Territorial Challenges","og_description":"Selon le dernier rapport de DataHorizzon Research, le march\u00e9 des compteurs intelligents est en pleine croissance, passant de 22,7 milliards de dollars en 2022 \u00e0 une projection impressionnante de 52,4 milliards de dollars d&rsquo;ici 2032. Ces dispositifs r\u00e9volutionnaires, capables de mesurer la consommation d&rsquo;\u00e9lectricit\u00e9, de gaz et d&rsquo;eau en temps r\u00e9el, sont devenus des \u00e9l\u00e9ments [&hellip;]","og_url":"https:\/\/territorialchallenges.com\/nl\/2023\/12\/17\/la-revolution-des-compteurs-intelligents-un-marche-en-pleine-expansion\/121971\/","og_site_name":"Territorial Challenges","article_published_time":"2023-12-17T21:08:34+00:00","article_modified_time":"2023-12-18T08:24:39+00:00","og_image":[{"width":1280,"height":853,"url":"https:\/\/territorialchallenges.com\/wp-content\/uploads\/2023\/12\/transitionenergetique.Photo_.jpg","type":"image\/jpeg"}],"author":"ni.abdi","twitter_card":"summary_large_image","twitter_creator":"@Ni.abdi","twitter_misc":{"Geschreven door":"ni.abdi","Geschatte leestijd":"3 minuten"},"schema":{"@context":"https:\/\/schema.org","@graph":[{"@type":"Article","@id":"https:\/\/territorialchallenges.com\/2023\/12\/17\/la-revolution-des-compteurs-intelligents-un-marche-en-pleine-expansion\/121971\/#article","isPartOf":{"@id":"https:\/\/territorialchallenges.com\/2023\/12\/17\/la-revolution-des-compteurs-intelligents-un-marche-en-pleine-expansion\/121971\/"},"author":{"name":"ni.abdi","@id":"https:\/\/territorialchallenges.com\/#\/schema\/person\/098f145c7c61a021c425e010f840080f"},"headline":"La r\u00e9volution des compteurs intelligents : un march\u00e9 en pleine expansion","datePublished":"2023-12-17T21:08:34+00:00","dateModified":"2023-12-18T08:24:39+00:00","mainEntityOfPage":{"@id":"https:\/\/territorialchallenges.com\/2023\/12\/17\/la-revolution-des-compteurs-intelligents-un-marche-en-pleine-expansion\/121971\/"},"wordCount":571,"publisher":{"@id":"https:\/\/territorialchallenges.com\/#organization"},"articleSection":["Transition \u00c9nerg\u00e9tique","Actualit\u00e9 internationale"],"inLanguage":"nl-NL"},{"@type":"WebPage","@id":"https:\/\/territorialchallenges.com\/2023\/12\/17\/la-revolution-des-compteurs-intelligents-un-marche-en-pleine-expansion\/121971\/","url":"https:\/\/territorialchallenges.com\/2023\/12\/17\/la-revolution-des-compteurs-intelligents-un-marche-en-pleine-expansion\/121971\/","name":"La r\u00e9volution des compteurs intelligents : un march\u00e9 en pleine expansion - Territorial Challenges","isPartOf":{"@id":"https:\/\/territorialchallenges.com\/#website"},"datePublished":"2023-12-17T21:08:34+00:00","dateModified":"2023-12-18T08:24:39+00:00","breadcrumb":{"@id":"https:\/\/territorialchallenges.com\/2023\/12\/17\/la-revolution-des-compteurs-intelligents-un-marche-en-pleine-expansion\/121971\/#breadcrumb"},"inLanguage":"nl-NL","potentialAction":[{"@type":"ReadAction","target":["https:\/\/territorialchallenges.com\/2023\/12\/17\/la-revolution-des-compteurs-intelligents-un-marche-en-pleine-expansion\/121971\/"]}]},{"@type":"BreadcrumbList","@id":"https:\/\/territorialchallenges.com\/2023\/12\/17\/la-revolution-des-compteurs-intelligents-un-marche-en-pleine-expansion\/121971\/#breadcrumb","itemListElement":[{"@type":"ListItem","position":1,"name":"Home","item":"https:\/\/territorialchallenges.com\/"},{"@type":"ListItem","position":2,"name":"La r\u00e9volution des compteurs intelligents : un march\u00e9 en pleine expansion"}]},{"@type":"WebSite","@id":"https:\/\/territorialchallenges.com\/#website","url":"https:\/\/territorialchallenges.com\/","name":"Territoriale uitdagingen","description":"Internationale monitoring - Slimme strategie\u00ebn - Beste praktijken","publisher":{"@id":"https:\/\/territorialchallenges.com\/#organization"},"potentialAction":[{"@type":"SearchAction","target":{"@type":"EntryPoint","urlTemplate":"https:\/\/territorialchallenges.com\/?s={search_term_string}"},"query-input":"required name=search_term_string"}],"inLanguage":"nl-NL"},{"@type":"Organization","@id":"https:\/\/territorialchallenges.com\/#organization","name":"Territoriale uitdagingen","url":"https:\/\/territorialchallenges.com\/","logo":{"@type":"ImageObject","inLanguage":"nl-NL","@id":"https:\/\/territorialchallenges.com\/#\/schema\/logo\/image\/","url":"https:\/\/territorialchallenges.com\/wp-content\/uploads\/2023\/10\/logo-1.png","contentUrl":"https:\/\/territorialchallenges.com\/wp-content\/uploads\/2023\/10\/logo-1.png","width":1832,"height":576,"caption":"Territorial Challenges"},"image":{"@id":"https:\/\/territorialchallenges.com\/#\/schema\/logo\/image\/"}},{"@type":"Person","@id":"https:\/\/territorialchallenges.com\/#\/schema\/person\/098f145c7c61a021c425e010f840080f","name":"ni.abdi","image":{"@type":"ImageObject","inLanguage":"nl-NL","@id":"https:\/\/territorialchallenges.com\/#\/schema\/person\/image\/","url":"https:\/\/secure.gravatar.com\/avatar\/2a2f2491f3c80039986ba989b1e4b510?s=96&d=identicon&r=g","contentUrl":"https:\/\/secure.gravatar.com\/avatar\/2a2f2491f3c80039986ba989b1e4b510?s=96&d=identicon&r=g","caption":"ni.abdi"},"sameAs":["https:\/\/twitter.com\/Ni.abdi"],"url":"https:\/\/territorialchallenges.com\/nl\/author\/ni-abdi\/"}]}},"_links":{"self":[{"href":"https:\/\/territorialchallenges.com\/nl\/wp-json\/wp\/v2\/posts\/121971"}],"collection":[{"href":"https:\/\/territorialchallenges.com\/nl\/wp-json\/wp\/v2\/posts"}],"about":[{"href":"https:\/\/territorialchallenges.com\/nl\/wp-json\/wp\/v2\/types\/post"}],"author":[{"embeddable":true,"href":"https:\/\/territorialchallenges.com\/nl\/wp-json\/wp\/v2\/users\/11"}],"replies":[{"embeddable":true,"href":"https:\/\/territorialchallenges.com\/nl\/wp-json\/wp\/v2\/comments?post=121971"}],"version-history":[{"count":4,"href":"https:\/\/territorialchallenges.com\/nl\/wp-json\/wp\/v2\/posts\/121971\/revisions"}],"predecessor-version":[{"id":122000,"href":"https:\/\/territorialchallenges.com\/nl\/wp-json\/wp\/v2\/posts\/121971\/revisions\/122000"}],"wp:featuredmedia":[{"embeddable":true,"href":"https:\/\/territorialchallenges.com\/nl\/wp-json\/wp\/v2\/media\/121972"}],"wp:attachment":[{"href":"https:\/\/territorialchallenges.com\/nl\/wp-json\/wp\/v2\/media?parent=121971"}],"wp:term":[{"taxonomy":"category","embeddable":true,"href":"https:\/\/territorialchallenges.com\/nl\/wp-json\/wp\/v2\/categories?post=121971"},{"taxonomy":"post_tag","embeddable":true,"href":"https:\/\/territorialchallenges.com\/nl\/wp-json\/wp\/v2\/tags?post=121971"}],"curies":[{"name":"wp","href":"https:\/\/api.w.org\/{rel}","templated":true}]}}