{"id":121963,"date":"2023-12-17T21:57:37","date_gmt":"2023-12-17T20:57:37","guid":{"rendered":"https:\/\/territorialchallenges.com\/?p=121963"},"modified":"2023-12-17T21:57:38","modified_gmt":"2023-12-17T20:57:38","slug":"las-palmas-de-gran-canaria-pionniere-en-espagne-avec-son-jumeau-numerique-revolutionnaire","status":"publish","type":"post","link":"https:\/\/territorialchallenges.com\/nl\/2023\/12\/17\/las-palmas-de-gran-canaria-pionniere-en-espagne-avec-son-jumeau-numerique-revolutionnaire\/121963\/","title":{"rendered":"Las Palmas de Gran Canaria is een pionier in Spanje met zijn revolutionaire digitale tweeling"},"content":{"rendered":"<p>Las Palmas de Gran Canaria positioneert zich aan de voorhoede van stedelijke innovatie door de eerste Spaanse stad te worden die een digitale tweeling implementeert. Dit baanbrekende project, dat \u20ac 95.000 kost, is ontworpen om de stadsplanning, mobiliteit en toeristische ervaring te verbeteren. Onder leiding van de gemeente belooft deze driedimensionale digitale tweeling... <\/p>\n<div class=\"pmpro_content_message\">Artikel alleen beschikbaar voor abonnees.<br \/><a href=\"https:\/\/territorialchallenges.com\/wp-login.php\">Login<\/a><br \/><a href=\"https:\/\/territorialchallenges.com\/nl\/wp-login.php\/?action=register\">Register<\/a><\/div>","protected":false},"excerpt":{"rendered":"<p>Las Palmas de Gran Canaria se positionne \u00e0 l&rsquo;avant-garde de l&rsquo;innovation urbaine en devenant la premi\u00e8re ville espagnole \u00e0 mettre en \u0153uvre un jumeau num\u00e9rique. Ce projet r\u00e9volutionnaire, d&rsquo;un co\u00fbt de 95 000 euros, est destin\u00e9 \u00e0 am\u00e9liorer la planification urbaine, la mobilit\u00e9 et l&rsquo;exp\u00e9rience touristique. Port\u00e9 par la municipalit\u00e9, ce jumeau num\u00e9rique tridimensionnel promet... <\/p>\n<div class=\"pmpro_content_message\">Artikel alleen beschikbaar voor abonnees.<br \/><a href=\"https:\/\/territorialchallenges.com\/wp-login.php\">Login<\/a><br \/><a href=\"https:\/\/territorialchallenges.com\/nl\/wp-login.php\/?action=register\">Register<\/a><\/div>","protected":false},"author":11,"featured_media":121964,"comment_status":"closed","ping_status":"closed","sticky":true,"template":"","format":"standard","meta":{"pmpro_default_level":0,"footnotes":""},"categories":[16,127],"tags":[],"blocksy_meta":"","yoast_head":"<!-- This site is optimized with the Yoast SEO plugin v21.5 - https:\/\/yoast.com\/wordpress\/plugins\/seo\/ -->\n<title>Las Palmas de Gran Canaria pionni\u00e8re en Espagne avec son jumeau num\u00e9rique r\u00e9volutionnaire - Territorial Challenges<\/title>\n<meta name=\"robots\" content=\"index, follow, max-snippet:-1, max-image-preview:large, max-video-preview:-1\" \/>\n<link rel=\"canonical\" href=\"https:\/\/territorialchallenges.com\/nl\/2023\/12\/17\/las-palmas-de-gran-canaria-pionniere-en-espagne-avec-son-jumeau-numerique-revolutionnaire\/121963\/\" \/>\n<meta property=\"og:locale\" content=\"nl_NL\" \/>\n<meta property=\"og:type\" content=\"article\" \/>\n<meta property=\"og:title\" content=\"Las Palmas de Gran Canaria pionni\u00e8re en Espagne avec son jumeau num\u00e9rique r\u00e9volutionnaire - Territorial Challenges\" \/>\n<meta property=\"og:description\" content=\"Las Palmas de Gran Canaria se positionne \u00e0 l&rsquo;avant-garde de l&rsquo;innovation urbaine en devenant la premi\u00e8re ville espagnole \u00e0 mettre en \u0153uvre un jumeau num\u00e9rique. Ce projet r\u00e9volutionnaire, d&rsquo;un co\u00fbt de 95 000 euros, est destin\u00e9 \u00e0 am\u00e9liorer la planification urbaine, la mobilit\u00e9 et l&rsquo;exp\u00e9rience touristique. Port\u00e9 par la municipalit\u00e9, ce jumeau num\u00e9rique tridimensionnel promet [&hellip;]\" \/>\n<meta property=\"og:url\" content=\"https:\/\/territorialchallenges.com\/nl\/2023\/12\/17\/las-palmas-de-gran-canaria-pionniere-en-espagne-avec-son-jumeau-numerique-revolutionnaire\/121963\/\" \/>\n<meta property=\"og:site_name\" content=\"Territorial Challenges\" \/>\n<meta property=\"article:published_time\" content=\"2023-12-17T20:57:37+00:00\" \/>\n<meta property=\"article:modified_time\" content=\"2023-12-17T20:57:38+00:00\" \/>\n<meta property=\"og:image\" content=\"https:\/\/territorialchallenges.com\/wp-content\/uploads\/2023\/12\/donnees.Objetsconnectes18.12.23.Photo_.jpg\" \/>\n\t<meta property=\"og:image:width\" content=\"1280\" \/>\n\t<meta property=\"og:image:height\" content=\"960\" \/>\n\t<meta property=\"og:image:type\" content=\"image\/jpeg\" \/>\n<meta name=\"author\" content=\"ni.abdi\" \/>\n<meta name=\"twitter:card\" content=\"summary_large_image\" \/>\n<meta name=\"twitter:creator\" content=\"@Ni.abdi\" \/>\n<meta name=\"twitter:label1\" content=\"Geschreven door\" \/>\n\t<meta name=\"twitter:data1\" content=\"ni.abdi\" \/>\n\t<meta name=\"twitter:label2\" content=\"Geschatte leestijd\" \/>\n\t<meta name=\"twitter:data2\" content=\"4 minuten\" \/>\n<script type=\"application\/ld+json\" class=\"yoast-schema-graph\">{\"@context\":\"https:\/\/schema.org\",\"@graph\":[{\"@type\":\"Article\",\"@id\":\"https:\/\/territorialchallenges.com\/2023\/12\/17\/las-palmas-de-gran-canaria-pionniere-en-espagne-avec-son-jumeau-numerique-revolutionnaire\/121963\/#article\",\"isPartOf\":{\"@id\":\"https:\/\/territorialchallenges.com\/2023\/12\/17\/las-palmas-de-gran-canaria-pionniere-en-espagne-avec-son-jumeau-numerique-revolutionnaire\/121963\/\"},\"author\":{\"name\":\"ni.abdi\",\"@id\":\"https:\/\/territorialchallenges.com\/#\/schema\/person\/098f145c7c61a021c425e010f840080f\"},\"headline\":\"Las Palmas de Gran Canaria pionni\u00e8re en Espagne avec son jumeau num\u00e9rique r\u00e9volutionnaire\",\"datePublished\":\"2023-12-17T20:57:37+00:00\",\"dateModified\":\"2023-12-17T20:57:38+00:00\",\"mainEntityOfPage\":{\"@id\":\"https:\/\/territorialchallenges.com\/2023\/12\/17\/las-palmas-de-gran-canaria-pionniere-en-espagne-avec-son-jumeau-numerique-revolutionnaire\/121963\/\"},\"wordCount\":728,\"publisher\":{\"@id\":\"https:\/\/territorialchallenges.com\/#organization\"},\"articleSection\":[\"Donn\u00e9es\/Objets Connect\u00e9s\",\"Actualit\u00e9 Europe\"],\"inLanguage\":\"nl-NL\"},{\"@type\":\"WebPage\",\"@id\":\"https:\/\/territorialchallenges.com\/2023\/12\/17\/las-palmas-de-gran-canaria-pionniere-en-espagne-avec-son-jumeau-numerique-revolutionnaire\/121963\/\",\"url\":\"https:\/\/territorialchallenges.com\/2023\/12\/17\/las-palmas-de-gran-canaria-pionniere-en-espagne-avec-son-jumeau-numerique-revolutionnaire\/121963\/\",\"name\":\"Las Palmas de Gran Canaria pionni\u00e8re en Espagne avec son jumeau num\u00e9rique r\u00e9volutionnaire - Territorial Challenges\",\"isPartOf\":{\"@id\":\"https:\/\/territorialchallenges.com\/#website\"},\"datePublished\":\"2023-12-17T20:57:37+00:00\",\"dateModified\":\"2023-12-17T20:57:38+00:00\",\"breadcrumb\":{\"@id\":\"https:\/\/territorialchallenges.com\/2023\/12\/17\/las-palmas-de-gran-canaria-pionniere-en-espagne-avec-son-jumeau-numerique-revolutionnaire\/121963\/#breadcrumb\"},\"inLanguage\":\"nl-NL\",\"potentialAction\":[{\"@type\":\"ReadAction\",\"target\":[\"https:\/\/territorialchallenges.com\/2023\/12\/17\/las-palmas-de-gran-canaria-pionniere-en-espagne-avec-son-jumeau-numerique-revolutionnaire\/121963\/\"]}]},{\"@type\":\"BreadcrumbList\",\"@id\":\"https:\/\/territorialchallenges.com\/2023\/12\/17\/las-palmas-de-gran-canaria-pionniere-en-espagne-avec-son-jumeau-numerique-revolutionnaire\/121963\/#breadcrumb\",\"itemListElement\":[{\"@type\":\"ListItem\",\"position\":1,\"name\":\"Home\",\"item\":\"https:\/\/territorialchallenges.com\/\"},{\"@type\":\"ListItem\",\"position\":2,\"name\":\"Las Palmas de Gran Canaria pionni\u00e8re en Espagne avec son jumeau num\u00e9rique r\u00e9volutionnaire\"}]},{\"@type\":\"WebSite\",\"@id\":\"https:\/\/territorialchallenges.com\/#website\",\"url\":\"https:\/\/territorialchallenges.com\/\",\"name\":\"Territorial Challenges\",\"description\":\"Veille Internationale - Strat\u00e9gie Intelligentes - Bonnes pratiques\",\"publisher\":{\"@id\":\"https:\/\/territorialchallenges.com\/#organization\"},\"potentialAction\":[{\"@type\":\"SearchAction\",\"target\":{\"@type\":\"EntryPoint\",\"urlTemplate\":\"https:\/\/territorialchallenges.com\/?s={search_term_string}\"},\"query-input\":\"required name=search_term_string\"}],\"inLanguage\":\"nl-NL\"},{\"@type\":\"Organization\",\"@id\":\"https:\/\/territorialchallenges.com\/#organization\",\"name\":\"Territorial Challenges\",\"url\":\"https:\/\/territorialchallenges.com\/\",\"logo\":{\"@type\":\"ImageObject\",\"inLanguage\":\"nl-NL\",\"@id\":\"https:\/\/territorialchallenges.com\/#\/schema\/logo\/image\/\",\"url\":\"https:\/\/territorialchallenges.com\/wp-content\/uploads\/2023\/10\/logo-1.png\",\"contentUrl\":\"https:\/\/territorialchallenges.com\/wp-content\/uploads\/2023\/10\/logo-1.png\",\"width\":1832,\"height\":576,\"caption\":\"Territorial Challenges\"},\"image\":{\"@id\":\"https:\/\/territorialchallenges.com\/#\/schema\/logo\/image\/\"}},{\"@type\":\"Person\",\"@id\":\"https:\/\/territorialchallenges.com\/#\/schema\/person\/098f145c7c61a021c425e010f840080f\",\"name\":\"ni.abdi\",\"image\":{\"@type\":\"ImageObject\",\"inLanguage\":\"nl-NL\",\"@id\":\"https:\/\/territorialchallenges.com\/#\/schema\/person\/image\/\",\"url\":\"https:\/\/secure.gravatar.com\/avatar\/2a2f2491f3c80039986ba989b1e4b510?s=96&d=identicon&r=g\",\"contentUrl\":\"https:\/\/secure.gravatar.com\/avatar\/2a2f2491f3c80039986ba989b1e4b510?s=96&d=identicon&r=g\",\"caption\":\"ni.abdi\"},\"sameAs\":[\"https:\/\/twitter.com\/Ni.abdi\"],\"url\":\"https:\/\/territorialchallenges.com\/nl\/author\/ni-abdi\/\"}]}<\/script>\n<!-- \/ Yoast SEO plugin. -->","yoast_head_json":{"title":"Las Palmas de Gran Canaria pionni\u00e8re en Espagne avec son jumeau num\u00e9rique r\u00e9volutionnaire - Territorial Challenges","robots":{"index":"index","follow":"follow","max-snippet":"max-snippet:-1","max-image-preview":"max-image-preview:large","max-video-preview":"max-video-preview:-1"},"canonical":"https:\/\/territorialchallenges.com\/nl\/2023\/12\/17\/las-palmas-de-gran-canaria-pionniere-en-espagne-avec-son-jumeau-numerique-revolutionnaire\/121963\/","og_locale":"nl_NL","og_type":"article","og_title":"Las Palmas de Gran Canaria pionni\u00e8re en Espagne avec son jumeau num\u00e9rique r\u00e9volutionnaire - Territorial Challenges","og_description":"Las Palmas de Gran Canaria se positionne \u00e0 l&rsquo;avant-garde de l&rsquo;innovation urbaine en devenant la premi\u00e8re ville espagnole \u00e0 mettre en \u0153uvre un jumeau num\u00e9rique. Ce projet r\u00e9volutionnaire, d&rsquo;un co\u00fbt de 95 000 euros, est destin\u00e9 \u00e0 am\u00e9liorer la planification urbaine, la mobilit\u00e9 et l&rsquo;exp\u00e9rience touristique. Port\u00e9 par la municipalit\u00e9, ce jumeau num\u00e9rique tridimensionnel promet [&hellip;]","og_url":"https:\/\/territorialchallenges.com\/nl\/2023\/12\/17\/las-palmas-de-gran-canaria-pionniere-en-espagne-avec-son-jumeau-numerique-revolutionnaire\/121963\/","og_site_name":"Territorial Challenges","article_published_time":"2023-12-17T20:57:37+00:00","article_modified_time":"2023-12-17T20:57:38+00:00","og_image":[{"width":1280,"height":960,"url":"https:\/\/territorialchallenges.com\/wp-content\/uploads\/2023\/12\/donnees.Objetsconnectes18.12.23.Photo_.jpg","type":"image\/jpeg"}],"author":"ni.abdi","twitter_card":"summary_large_image","twitter_creator":"@Ni.abdi","twitter_misc":{"Geschreven door":"ni.abdi","Geschatte leestijd":"4 minuten"},"schema":{"@context":"https:\/\/schema.org","@graph":[{"@type":"Article","@id":"https:\/\/territorialchallenges.com\/2023\/12\/17\/las-palmas-de-gran-canaria-pionniere-en-espagne-avec-son-jumeau-numerique-revolutionnaire\/121963\/#article","isPartOf":{"@id":"https:\/\/territorialchallenges.com\/2023\/12\/17\/las-palmas-de-gran-canaria-pionniere-en-espagne-avec-son-jumeau-numerique-revolutionnaire\/121963\/"},"author":{"name":"ni.abdi","@id":"https:\/\/territorialchallenges.com\/#\/schema\/person\/098f145c7c61a021c425e010f840080f"},"headline":"Las Palmas de Gran Canaria pionni\u00e8re en Espagne avec son jumeau num\u00e9rique r\u00e9volutionnaire","datePublished":"2023-12-17T20:57:37+00:00","dateModified":"2023-12-17T20:57:38+00:00","mainEntityOfPage":{"@id":"https:\/\/territorialchallenges.com\/2023\/12\/17\/las-palmas-de-gran-canaria-pionniere-en-espagne-avec-son-jumeau-numerique-revolutionnaire\/121963\/"},"wordCount":728,"publisher":{"@id":"https:\/\/territorialchallenges.com\/#organization"},"articleSection":["Donn\u00e9es\/Objets Connect\u00e9s","Actualit\u00e9 Europe"],"inLanguage":"nl-NL"},{"@type":"WebPage","@id":"https:\/\/territorialchallenges.com\/2023\/12\/17\/las-palmas-de-gran-canaria-pionniere-en-espagne-avec-son-jumeau-numerique-revolutionnaire\/121963\/","url":"https:\/\/territorialchallenges.com\/2023\/12\/17\/las-palmas-de-gran-canaria-pionniere-en-espagne-avec-son-jumeau-numerique-revolutionnaire\/121963\/","name":"Las Palmas de Gran Canaria pionni\u00e8re en Espagne avec son jumeau num\u00e9rique r\u00e9volutionnaire - Territorial Challenges","isPartOf":{"@id":"https:\/\/territorialchallenges.com\/#website"},"datePublished":"2023-12-17T20:57:37+00:00","dateModified":"2023-12-17T20:57:38+00:00","breadcrumb":{"@id":"https:\/\/territorialchallenges.com\/2023\/12\/17\/las-palmas-de-gran-canaria-pionniere-en-espagne-avec-son-jumeau-numerique-revolutionnaire\/121963\/#breadcrumb"},"inLanguage":"nl-NL","potentialAction":[{"@type":"ReadAction","target":["https:\/\/territorialchallenges.com\/2023\/12\/17\/las-palmas-de-gran-canaria-pionniere-en-espagne-avec-son-jumeau-numerique-revolutionnaire\/121963\/"]}]},{"@type":"BreadcrumbList","@id":"https:\/\/territorialchallenges.com\/2023\/12\/17\/las-palmas-de-gran-canaria-pionniere-en-espagne-avec-son-jumeau-numerique-revolutionnaire\/121963\/#breadcrumb","itemListElement":[{"@type":"ListItem","position":1,"name":"Home","item":"https:\/\/territorialchallenges.com\/"},{"@type":"ListItem","position":2,"name":"Las Palmas de Gran Canaria pionni\u00e8re en Espagne avec son jumeau num\u00e9rique r\u00e9volutionnaire"}]},{"@type":"WebSite","@id":"https:\/\/territorialchallenges.com\/#website","url":"https:\/\/territorialchallenges.com\/","name":"Territoriale uitdagingen","description":"Internationale monitoring - Slimme strategie\u00ebn - Beste praktijken","publisher":{"@id":"https:\/\/territorialchallenges.com\/#organization"},"potentialAction":[{"@type":"SearchAction","target":{"@type":"EntryPoint","urlTemplate":"https:\/\/territorialchallenges.com\/?s={search_term_string}"},"query-input":"required name=search_term_string"}],"inLanguage":"nl-NL"},{"@type":"Organization","@id":"https:\/\/territorialchallenges.com\/#organization","name":"Territoriale uitdagingen","url":"https:\/\/territorialchallenges.com\/","logo":{"@type":"ImageObject","inLanguage":"nl-NL","@id":"https:\/\/territorialchallenges.com\/#\/schema\/logo\/image\/","url":"https:\/\/territorialchallenges.com\/wp-content\/uploads\/2023\/10\/logo-1.png","contentUrl":"https:\/\/territorialchallenges.com\/wp-content\/uploads\/2023\/10\/logo-1.png","width":1832,"height":576,"caption":"Territorial Challenges"},"image":{"@id":"https:\/\/territorialchallenges.com\/#\/schema\/logo\/image\/"}},{"@type":"Person","@id":"https:\/\/territorialchallenges.com\/#\/schema\/person\/098f145c7c61a021c425e010f840080f","name":"ni.abdi","image":{"@type":"ImageObject","inLanguage":"nl-NL","@id":"https:\/\/territorialchallenges.com\/#\/schema\/person\/image\/","url":"https:\/\/secure.gravatar.com\/avatar\/2a2f2491f3c80039986ba989b1e4b510?s=96&d=identicon&r=g","contentUrl":"https:\/\/secure.gravatar.com\/avatar\/2a2f2491f3c80039986ba989b1e4b510?s=96&d=identicon&r=g","caption":"ni.abdi"},"sameAs":["https:\/\/twitter.com\/Ni.abdi"],"url":"https:\/\/territorialchallenges.com\/nl\/author\/ni-abdi\/"}]}},"_links":{"self":[{"href":"https:\/\/territorialchallenges.com\/nl\/wp-json\/wp\/v2\/posts\/121963"}],"collection":[{"href":"https:\/\/territorialchallenges.com\/nl\/wp-json\/wp\/v2\/posts"}],"about":[{"href":"https:\/\/territorialchallenges.com\/nl\/wp-json\/wp\/v2\/types\/post"}],"author":[{"embeddable":true,"href":"https:\/\/territorialchallenges.com\/nl\/wp-json\/wp\/v2\/users\/11"}],"replies":[{"embeddable":true,"href":"https:\/\/territorialchallenges.com\/nl\/wp-json\/wp\/v2\/comments?post=121963"}],"version-history":[{"count":1,"href":"https:\/\/territorialchallenges.com\/nl\/wp-json\/wp\/v2\/posts\/121963\/revisions"}],"predecessor-version":[{"id":121965,"href":"https:\/\/territorialchallenges.com\/nl\/wp-json\/wp\/v2\/posts\/121963\/revisions\/121965"}],"wp:featuredmedia":[{"embeddable":true,"href":"https:\/\/territorialchallenges.com\/nl\/wp-json\/wp\/v2\/media\/121964"}],"wp:attachment":[{"href":"https:\/\/territorialchallenges.com\/nl\/wp-json\/wp\/v2\/media?parent=121963"}],"wp:term":[{"taxonomy":"category","embeddable":true,"href":"https:\/\/territorialchallenges.com\/nl\/wp-json\/wp\/v2\/categories?post=121963"},{"taxonomy":"post_tag","embeddable":true,"href":"https:\/\/territorialchallenges.com\/nl\/wp-json\/wp\/v2\/tags?post=121963"}],"curies":[{"name":"wp","href":"https:\/\/api.w.org\/{rel}","templated":true}]}}