{"id":121874,"date":"2023-12-03T22:45:20","date_gmt":"2023-12-03T21:45:20","guid":{"rendered":"https:\/\/territorialchallenges.com\/?p=121874"},"modified":"2023-12-03T22:45:22","modified_gmt":"2023-12-03T21:45:22","slug":"louis-antoine-krieger-pionnier-de-lautomobile-electrique","status":"publish","type":"post","link":"https:\/\/territorialchallenges.com\/nl\/2023\/12\/03\/louis-antoine-krieger-pionnier-de-lautomobile-electrique\/121874\/","title":{"rendered":"Louis Antoine Kri\u00e9ger: pionier van de elektrische auto"},"content":{"rendered":"<p>Louis Antoine Kri\u00e9ger, een visionair ingenieur en vooraanstaand ondernemer, markeerde het begin van de 20e eeuw als een pionier in de elektrische auto-industrie. Van de creatie van zijn eerste elektrische auto tot zijn baanbrekende hybride innovaties, Kri\u00e9gers carri\u00e8re resoneert als een echo van de toekomst in het verleden. Op 28 mei 1868, in Parijs,\u2026 <\/p>\n<div class=\"pmpro_content_message\">Artikel alleen beschikbaar voor abonnees.<br \/><a href=\"https:\/\/territorialchallenges.com\/wp-login.php\">Login<\/a><br \/><a href=\"https:\/\/territorialchallenges.com\/nl\/wp-login.php\/?action=register\">Register<\/a><\/div>","protected":false},"excerpt":{"rendered":"<p>Louis Antoine Kri\u00e9ger, ing\u00e9nieur visionnaire et entrepreneur \u00e9m\u00e9rite, a marqu\u00e9 les d\u00e9buts du XXe si\u00e8cle en tant que pionnier de l&rsquo;industrie automobile \u00e9lectrique. De la cr\u00e9ation de sa premi\u00e8re voiture \u00e9lectrique \u00e0 ses innovations hybrides avant-gardistes, le parcours de Kri\u00e9ger r\u00e9sonne comme un \u00e9cho du futur dans le pass\u00e9. Le 28 mai 1868 \u00e0 Paris,... <\/p>\n<div class=\"pmpro_content_message\">Artikel alleen beschikbaar voor abonnees.<br \/><a href=\"https:\/\/territorialchallenges.com\/wp-login.php\">Login<\/a><br \/><a href=\"https:\/\/territorialchallenges.com\/nl\/wp-login.php\/?action=register\">Register<\/a><\/div>","protected":false},"author":11,"featured_media":121875,"comment_status":"closed","ping_status":"closed","sticky":true,"template":"","format":"standard","meta":{"pmpro_default_level":0,"footnotes":""},"categories":[121],"tags":[],"blocksy_meta":"","yoast_head":"<!-- This site is optimized with the Yoast SEO plugin v21.5 - https:\/\/yoast.com\/wordpress\/plugins\/seo\/ -->\n<title>Louis Antoine Kri\u00e9ger: pionnier de l&#039;automobile \u00e9lectrique - Territorial Challenges<\/title>\n<meta name=\"robots\" content=\"index, follow, max-snippet:-1, max-image-preview:large, max-video-preview:-1\" \/>\n<link rel=\"canonical\" href=\"https:\/\/territorialchallenges.com\/nl\/2023\/12\/03\/louis-antoine-krieger-pionnier-de-lautomobile-electrique\/121874\/\" \/>\n<meta property=\"og:locale\" content=\"nl_NL\" \/>\n<meta property=\"og:type\" content=\"article\" \/>\n<meta property=\"og:title\" content=\"Louis Antoine Kri\u00e9ger: pionnier de l&#039;automobile \u00e9lectrique - Territorial Challenges\" \/>\n<meta property=\"og:description\" content=\"Louis Antoine Kri\u00e9ger, ing\u00e9nieur visionnaire et entrepreneur \u00e9m\u00e9rite, a marqu\u00e9 les d\u00e9buts du XXe si\u00e8cle en tant que pionnier de l&rsquo;industrie automobile \u00e9lectrique. De la cr\u00e9ation de sa premi\u00e8re voiture \u00e9lectrique \u00e0 ses innovations hybrides avant-gardistes, le parcours de Kri\u00e9ger r\u00e9sonne comme un \u00e9cho du futur dans le pass\u00e9. Le 28 mai 1868 \u00e0 Paris, [&hellip;]\" \/>\n<meta property=\"og:url\" content=\"https:\/\/territorialchallenges.com\/nl\/2023\/12\/03\/louis-antoine-krieger-pionnier-de-lautomobile-electrique\/121874\/\" \/>\n<meta property=\"og:site_name\" content=\"Territorial Challenges\" \/>\n<meta property=\"article:published_time\" content=\"2023-12-03T21:45:20+00:00\" \/>\n<meta property=\"article:modified_time\" content=\"2023-12-03T21:45:22+00:00\" \/>\n<meta property=\"og:image\" content=\"https:\/\/territorialchallenges.com\/wp-content\/uploads\/2023\/12\/memoirePhoto4.12.23.png\" \/>\n\t<meta property=\"og:image:width\" content=\"132\" \/>\n\t<meta property=\"og:image:height\" content=\"179\" \/>\n\t<meta property=\"og:image:type\" content=\"image\/png\" \/>\n<meta name=\"author\" content=\"ni.abdi\" \/>\n<meta name=\"twitter:card\" content=\"summary_large_image\" \/>\n<meta name=\"twitter:creator\" content=\"@Ni.abdi\" \/>\n<meta name=\"twitter:label1\" content=\"Geschreven door\" \/>\n\t<meta name=\"twitter:data1\" content=\"ni.abdi\" \/>\n\t<meta name=\"twitter:label2\" content=\"Geschatte leestijd\" \/>\n\t<meta name=\"twitter:data2\" content=\"3 minuten\" \/>\n<script type=\"application\/ld+json\" class=\"yoast-schema-graph\">{\"@context\":\"https:\/\/schema.org\",\"@graph\":[{\"@type\":\"Article\",\"@id\":\"https:\/\/territorialchallenges.com\/2023\/12\/03\/louis-antoine-krieger-pionnier-de-lautomobile-electrique\/121874\/#article\",\"isPartOf\":{\"@id\":\"https:\/\/territorialchallenges.com\/2023\/12\/03\/louis-antoine-krieger-pionnier-de-lautomobile-electrique\/121874\/\"},\"author\":{\"name\":\"ni.abdi\",\"@id\":\"https:\/\/territorialchallenges.com\/#\/schema\/person\/098f145c7c61a021c425e010f840080f\"},\"headline\":\"Louis Antoine Kri\u00e9ger: pionnier de l&rsquo;automobile \u00e9lectrique\",\"datePublished\":\"2023-12-03T21:45:20+00:00\",\"dateModified\":\"2023-12-03T21:45:22+00:00\",\"mainEntityOfPage\":{\"@id\":\"https:\/\/territorialchallenges.com\/2023\/12\/03\/louis-antoine-krieger-pionnier-de-lautomobile-electrique\/121874\/\"},\"wordCount\":545,\"publisher\":{\"@id\":\"https:\/\/territorialchallenges.com\/#organization\"},\"articleSection\":[\"M\u00e9moire\"],\"inLanguage\":\"nl-NL\"},{\"@type\":\"WebPage\",\"@id\":\"https:\/\/territorialchallenges.com\/2023\/12\/03\/louis-antoine-krieger-pionnier-de-lautomobile-electrique\/121874\/\",\"url\":\"https:\/\/territorialchallenges.com\/2023\/12\/03\/louis-antoine-krieger-pionnier-de-lautomobile-electrique\/121874\/\",\"name\":\"Louis Antoine Kri\u00e9ger: pionnier de l'automobile \u00e9lectrique - Territorial Challenges\",\"isPartOf\":{\"@id\":\"https:\/\/territorialchallenges.com\/#website\"},\"datePublished\":\"2023-12-03T21:45:20+00:00\",\"dateModified\":\"2023-12-03T21:45:22+00:00\",\"breadcrumb\":{\"@id\":\"https:\/\/territorialchallenges.com\/2023\/12\/03\/louis-antoine-krieger-pionnier-de-lautomobile-electrique\/121874\/#breadcrumb\"},\"inLanguage\":\"nl-NL\",\"potentialAction\":[{\"@type\":\"ReadAction\",\"target\":[\"https:\/\/territorialchallenges.com\/2023\/12\/03\/louis-antoine-krieger-pionnier-de-lautomobile-electrique\/121874\/\"]}]},{\"@type\":\"BreadcrumbList\",\"@id\":\"https:\/\/territorialchallenges.com\/2023\/12\/03\/louis-antoine-krieger-pionnier-de-lautomobile-electrique\/121874\/#breadcrumb\",\"itemListElement\":[{\"@type\":\"ListItem\",\"position\":1,\"name\":\"Home\",\"item\":\"https:\/\/territorialchallenges.com\/\"},{\"@type\":\"ListItem\",\"position\":2,\"name\":\"Louis Antoine Kri\u00e9ger: pionnier de l&rsquo;automobile \u00e9lectrique\"}]},{\"@type\":\"WebSite\",\"@id\":\"https:\/\/territorialchallenges.com\/#website\",\"url\":\"https:\/\/territorialchallenges.com\/\",\"name\":\"Territorial Challenges\",\"description\":\"Veille Internationale - Strat\u00e9gie Intelligentes - Bonnes pratiques\",\"publisher\":{\"@id\":\"https:\/\/territorialchallenges.com\/#organization\"},\"potentialAction\":[{\"@type\":\"SearchAction\",\"target\":{\"@type\":\"EntryPoint\",\"urlTemplate\":\"https:\/\/territorialchallenges.com\/?s={search_term_string}\"},\"query-input\":\"required name=search_term_string\"}],\"inLanguage\":\"nl-NL\"},{\"@type\":\"Organization\",\"@id\":\"https:\/\/territorialchallenges.com\/#organization\",\"name\":\"Territorial Challenges\",\"url\":\"https:\/\/territorialchallenges.com\/\",\"logo\":{\"@type\":\"ImageObject\",\"inLanguage\":\"nl-NL\",\"@id\":\"https:\/\/territorialchallenges.com\/#\/schema\/logo\/image\/\",\"url\":\"https:\/\/territorialchallenges.com\/wp-content\/uploads\/2023\/10\/logo-1.png\",\"contentUrl\":\"https:\/\/territorialchallenges.com\/wp-content\/uploads\/2023\/10\/logo-1.png\",\"width\":1832,\"height\":576,\"caption\":\"Territorial Challenges\"},\"image\":{\"@id\":\"https:\/\/territorialchallenges.com\/#\/schema\/logo\/image\/\"}},{\"@type\":\"Person\",\"@id\":\"https:\/\/territorialchallenges.com\/#\/schema\/person\/098f145c7c61a021c425e010f840080f\",\"name\":\"ni.abdi\",\"image\":{\"@type\":\"ImageObject\",\"inLanguage\":\"nl-NL\",\"@id\":\"https:\/\/territorialchallenges.com\/#\/schema\/person\/image\/\",\"url\":\"https:\/\/secure.gravatar.com\/avatar\/2a2f2491f3c80039986ba989b1e4b510?s=96&d=identicon&r=g\",\"contentUrl\":\"https:\/\/secure.gravatar.com\/avatar\/2a2f2491f3c80039986ba989b1e4b510?s=96&d=identicon&r=g\",\"caption\":\"ni.abdi\"},\"sameAs\":[\"https:\/\/twitter.com\/Ni.abdi\"],\"url\":\"https:\/\/territorialchallenges.com\/nl\/author\/ni-abdi\/\"}]}<\/script>\n<!-- \/ Yoast SEO plugin. -->","yoast_head_json":{"title":"Louis Antoine Kri\u00e9ger: pionnier de l'automobile \u00e9lectrique - Territorial Challenges","robots":{"index":"index","follow":"follow","max-snippet":"max-snippet:-1","max-image-preview":"max-image-preview:large","max-video-preview":"max-video-preview:-1"},"canonical":"https:\/\/territorialchallenges.com\/nl\/2023\/12\/03\/louis-antoine-krieger-pionnier-de-lautomobile-electrique\/121874\/","og_locale":"nl_NL","og_type":"article","og_title":"Louis Antoine Kri\u00e9ger: pionnier de l'automobile \u00e9lectrique - Territorial Challenges","og_description":"Louis Antoine Kri\u00e9ger, ing\u00e9nieur visionnaire et entrepreneur \u00e9m\u00e9rite, a marqu\u00e9 les d\u00e9buts du XXe si\u00e8cle en tant que pionnier de l&rsquo;industrie automobile \u00e9lectrique. De la cr\u00e9ation de sa premi\u00e8re voiture \u00e9lectrique \u00e0 ses innovations hybrides avant-gardistes, le parcours de Kri\u00e9ger r\u00e9sonne comme un \u00e9cho du futur dans le pass\u00e9. Le 28 mai 1868 \u00e0 Paris, [&hellip;]","og_url":"https:\/\/territorialchallenges.com\/nl\/2023\/12\/03\/louis-antoine-krieger-pionnier-de-lautomobile-electrique\/121874\/","og_site_name":"Territorial Challenges","article_published_time":"2023-12-03T21:45:20+00:00","article_modified_time":"2023-12-03T21:45:22+00:00","og_image":[{"width":132,"height":179,"url":"https:\/\/territorialchallenges.com\/wp-content\/uploads\/2023\/12\/memoirePhoto4.12.23.png","type":"image\/png"}],"author":"ni.abdi","twitter_card":"summary_large_image","twitter_creator":"@Ni.abdi","twitter_misc":{"Geschreven door":"ni.abdi","Geschatte leestijd":"3 minuten"},"schema":{"@context":"https:\/\/schema.org","@graph":[{"@type":"Article","@id":"https:\/\/territorialchallenges.com\/2023\/12\/03\/louis-antoine-krieger-pionnier-de-lautomobile-electrique\/121874\/#article","isPartOf":{"@id":"https:\/\/territorialchallenges.com\/2023\/12\/03\/louis-antoine-krieger-pionnier-de-lautomobile-electrique\/121874\/"},"author":{"name":"ni.abdi","@id":"https:\/\/territorialchallenges.com\/#\/schema\/person\/098f145c7c61a021c425e010f840080f"},"headline":"Louis Antoine Kri\u00e9ger: pionnier de l&rsquo;automobile \u00e9lectrique","datePublished":"2023-12-03T21:45:20+00:00","dateModified":"2023-12-03T21:45:22+00:00","mainEntityOfPage":{"@id":"https:\/\/territorialchallenges.com\/2023\/12\/03\/louis-antoine-krieger-pionnier-de-lautomobile-electrique\/121874\/"},"wordCount":545,"publisher":{"@id":"https:\/\/territorialchallenges.com\/#organization"},"articleSection":["M\u00e9moire"],"inLanguage":"nl-NL"},{"@type":"WebPage","@id":"https:\/\/territorialchallenges.com\/2023\/12\/03\/louis-antoine-krieger-pionnier-de-lautomobile-electrique\/121874\/","url":"https:\/\/territorialchallenges.com\/2023\/12\/03\/louis-antoine-krieger-pionnier-de-lautomobile-electrique\/121874\/","name":"Louis Antoine Kri\u00e9ger: pionnier de l'automobile \u00e9lectrique - Territorial Challenges","isPartOf":{"@id":"https:\/\/territorialchallenges.com\/#website"},"datePublished":"2023-12-03T21:45:20+00:00","dateModified":"2023-12-03T21:45:22+00:00","breadcrumb":{"@id":"https:\/\/territorialchallenges.com\/2023\/12\/03\/louis-antoine-krieger-pionnier-de-lautomobile-electrique\/121874\/#breadcrumb"},"inLanguage":"nl-NL","potentialAction":[{"@type":"ReadAction","target":["https:\/\/territorialchallenges.com\/2023\/12\/03\/louis-antoine-krieger-pionnier-de-lautomobile-electrique\/121874\/"]}]},{"@type":"BreadcrumbList","@id":"https:\/\/territorialchallenges.com\/2023\/12\/03\/louis-antoine-krieger-pionnier-de-lautomobile-electrique\/121874\/#breadcrumb","itemListElement":[{"@type":"ListItem","position":1,"name":"Home","item":"https:\/\/territorialchallenges.com\/"},{"@type":"ListItem","position":2,"name":"Louis Antoine Kri\u00e9ger: pionnier de l&rsquo;automobile \u00e9lectrique"}]},{"@type":"WebSite","@id":"https:\/\/territorialchallenges.com\/#website","url":"https:\/\/territorialchallenges.com\/","name":"Territoriale uitdagingen","description":"Internationale monitoring - Slimme strategie\u00ebn - Beste praktijken","publisher":{"@id":"https:\/\/territorialchallenges.com\/#organization"},"potentialAction":[{"@type":"SearchAction","target":{"@type":"EntryPoint","urlTemplate":"https:\/\/territorialchallenges.com\/?s={search_term_string}"},"query-input":"required name=search_term_string"}],"inLanguage":"nl-NL"},{"@type":"Organization","@id":"https:\/\/territorialchallenges.com\/#organization","name":"Territoriale uitdagingen","url":"https:\/\/territorialchallenges.com\/","logo":{"@type":"ImageObject","inLanguage":"nl-NL","@id":"https:\/\/territorialchallenges.com\/#\/schema\/logo\/image\/","url":"https:\/\/territorialchallenges.com\/wp-content\/uploads\/2023\/10\/logo-1.png","contentUrl":"https:\/\/territorialchallenges.com\/wp-content\/uploads\/2023\/10\/logo-1.png","width":1832,"height":576,"caption":"Territorial Challenges"},"image":{"@id":"https:\/\/territorialchallenges.com\/#\/schema\/logo\/image\/"}},{"@type":"Person","@id":"https:\/\/territorialchallenges.com\/#\/schema\/person\/098f145c7c61a021c425e010f840080f","name":"ni.abdi","image":{"@type":"ImageObject","inLanguage":"nl-NL","@id":"https:\/\/territorialchallenges.com\/#\/schema\/person\/image\/","url":"https:\/\/secure.gravatar.com\/avatar\/2a2f2491f3c80039986ba989b1e4b510?s=96&d=identicon&r=g","contentUrl":"https:\/\/secure.gravatar.com\/avatar\/2a2f2491f3c80039986ba989b1e4b510?s=96&d=identicon&r=g","caption":"ni.abdi"},"sameAs":["https:\/\/twitter.com\/Ni.abdi"],"url":"https:\/\/territorialchallenges.com\/nl\/author\/ni-abdi\/"}]}},"_links":{"self":[{"href":"https:\/\/territorialchallenges.com\/nl\/wp-json\/wp\/v2\/posts\/121874"}],"collection":[{"href":"https:\/\/territorialchallenges.com\/nl\/wp-json\/wp\/v2\/posts"}],"about":[{"href":"https:\/\/territorialchallenges.com\/nl\/wp-json\/wp\/v2\/types\/post"}],"author":[{"embeddable":true,"href":"https:\/\/territorialchallenges.com\/nl\/wp-json\/wp\/v2\/users\/11"}],"replies":[{"embeddable":true,"href":"https:\/\/territorialchallenges.com\/nl\/wp-json\/wp\/v2\/comments?post=121874"}],"version-history":[{"count":1,"href":"https:\/\/territorialchallenges.com\/nl\/wp-json\/wp\/v2\/posts\/121874\/revisions"}],"predecessor-version":[{"id":121876,"href":"https:\/\/territorialchallenges.com\/nl\/wp-json\/wp\/v2\/posts\/121874\/revisions\/121876"}],"wp:featuredmedia":[{"embeddable":true,"href":"https:\/\/territorialchallenges.com\/nl\/wp-json\/wp\/v2\/media\/121875"}],"wp:attachment":[{"href":"https:\/\/territorialchallenges.com\/nl\/wp-json\/wp\/v2\/media?parent=121874"}],"wp:term":[{"taxonomy":"category","embeddable":true,"href":"https:\/\/territorialchallenges.com\/nl\/wp-json\/wp\/v2\/categories?post=121874"},{"taxonomy":"post_tag","embeddable":true,"href":"https:\/\/territorialchallenges.com\/nl\/wp-json\/wp\/v2\/tags?post=121874"}],"curies":[{"name":"wp","href":"https:\/\/api.w.org\/{rel}","templated":true}]}}