{"id":121857,"date":"2023-11-27T12:24:09","date_gmt":"2023-11-27T11:24:09","guid":{"rendered":"https:\/\/territorialchallenges.com\/?p=121857"},"modified":"2023-11-27T12:24:11","modified_gmt":"2023-11-27T11:24:11","slug":"new-york-a-lavant-garde-de-lia-responsable-le-plan-du-maire-adams","status":"publish","type":"post","link":"https:\/\/territorialchallenges.com\/nl\/2023\/11\/27\/new-york-a-lavant-garde-de-lia-responsable-le-plan-du-maire-adams\/121857\/","title":{"rendered":"New York loopt voorop in verantwoorde AI: plan van burgemeester Adams"},"content":{"rendered":"<p>Burgemeester Eric Adams van New York City heeft een baanbrekend plan onthuld om de stad een voortrekkersrol te geven in het verantwoord gebruik van kunstmatige intelligentie (AI). Het ambitieuze plan, dat medio oktober werd gepubliceerd, biedt een baanbrekend kader voor de evaluatie van AI-tools, het ontwikkelen van de vaardigheden van stadsmedewerkers en het ondersteunen van effectieve implementatie. <\/p>\n<div class=\"pmpro_content_message\">Artikel alleen beschikbaar voor abonnees.<br \/><a href=\"https:\/\/territorialchallenges.com\/wp-login.php\">Login<\/a><br \/><a href=\"https:\/\/territorialchallenges.com\/nl\/wp-login.php\/?action=register\">Register<\/a><\/div>","protected":false},"excerpt":{"rendered":"<p>Le maire de New York, Eric Adams, a d\u00e9voil\u00e9 un plan novateur visant \u00e0 ancrer la m\u00e9tropole dans le leadership de l&rsquo;utilisation responsable de l&rsquo;intelligence artificielle (IA). Ce plan ambitieux, publi\u00e9 mi-octobre, \u00e9tablit un cadre in\u00e9dit pour \u00e9valuer les outils bas\u00e9s sur l&rsquo;IA, renforcer les comp\u00e9tences du personnel municipal, et soutenir une mise en \u0153uvre... <\/p>\n<div class=\"pmpro_content_message\">Artikel alleen beschikbaar voor abonnees.<br \/><a href=\"https:\/\/territorialchallenges.com\/wp-login.php\">Login<\/a><br \/><a href=\"https:\/\/territorialchallenges.com\/nl\/wp-login.php\/?action=register\">Register<\/a><\/div>","protected":false},"author":11,"featured_media":121860,"comment_status":"closed","ping_status":"closed","sticky":true,"template":"","format":"standard","meta":{"pmpro_default_level":0,"footnotes":""},"categories":[120,117],"tags":[],"blocksy_meta":"","yoast_head":"<!-- This site is optimized with the Yoast SEO plugin v21.5 - https:\/\/yoast.com\/wordpress\/plugins\/seo\/ -->\n<title>New York \u00e0 l&#039;avant-garde de l&#039;IA responsable : Le plan du maire Adams - Territorial Challenges<\/title>\n<meta name=\"robots\" content=\"index, follow, max-snippet:-1, max-image-preview:large, max-video-preview:-1\" \/>\n<link rel=\"canonical\" href=\"https:\/\/territorialchallenges.com\/nl\/2023\/11\/27\/new-york-a-lavant-garde-de-lia-responsable-le-plan-du-maire-adams\/121857\/\" \/>\n<meta property=\"og:locale\" content=\"nl_NL\" \/>\n<meta property=\"og:type\" content=\"article\" \/>\n<meta property=\"og:title\" content=\"New York \u00e0 l&#039;avant-garde de l&#039;IA responsable : Le plan du maire Adams - Territorial Challenges\" \/>\n<meta property=\"og:description\" content=\"Le maire de New York, Eric Adams, a d\u00e9voil\u00e9 un plan novateur visant \u00e0 ancrer la m\u00e9tropole dans le leadership de l&rsquo;utilisation responsable de l&rsquo;intelligence artificielle (IA). Ce plan ambitieux, publi\u00e9 mi-octobre, \u00e9tablit un cadre in\u00e9dit pour \u00e9valuer les outils bas\u00e9s sur l&rsquo;IA, renforcer les comp\u00e9tences du personnel municipal, et soutenir une mise en \u0153uvre [&hellip;]\" \/>\n<meta property=\"og:url\" content=\"https:\/\/territorialchallenges.com\/nl\/2023\/11\/27\/new-york-a-lavant-garde-de-lia-responsable-le-plan-du-maire-adams\/121857\/\" \/>\n<meta property=\"og:site_name\" content=\"Territorial Challenges\" \/>\n<meta property=\"article:published_time\" content=\"2023-11-27T11:24:09+00:00\" \/>\n<meta property=\"article:modified_time\" content=\"2023-11-27T11:24:11+00:00\" \/>\n<meta property=\"og:image\" content=\"https:\/\/territorialchallenges.com\/wp-content\/uploads\/2023\/11\/ilsestpasseaNewYorkPhoto.jpg\" \/>\n\t<meta property=\"og:image:width\" content=\"1280\" \/>\n\t<meta property=\"og:image:height\" content=\"854\" \/>\n\t<meta property=\"og:image:type\" content=\"image\/jpeg\" \/>\n<meta name=\"author\" content=\"ni.abdi\" \/>\n<meta name=\"twitter:card\" content=\"summary_large_image\" \/>\n<meta name=\"twitter:creator\" content=\"@Ni.abdi\" \/>\n<meta name=\"twitter:label1\" content=\"Geschreven door\" \/>\n\t<meta name=\"twitter:data1\" content=\"ni.abdi\" \/>\n\t<meta name=\"twitter:label2\" content=\"Geschatte leestijd\" \/>\n\t<meta name=\"twitter:data2\" content=\"4 minuten\" \/>\n<script type=\"application\/ld+json\" class=\"yoast-schema-graph\">{\"@context\":\"https:\/\/schema.org\",\"@graph\":[{\"@type\":\"Article\",\"@id\":\"https:\/\/territorialchallenges.com\/2023\/11\/27\/new-york-a-lavant-garde-de-lia-responsable-le-plan-du-maire-adams\/121857\/#article\",\"isPartOf\":{\"@id\":\"https:\/\/territorialchallenges.com\/2023\/11\/27\/new-york-a-lavant-garde-de-lia-responsable-le-plan-du-maire-adams\/121857\/\"},\"author\":{\"name\":\"ni.abdi\",\"@id\":\"https:\/\/territorialchallenges.com\/#\/schema\/person\/098f145c7c61a021c425e010f840080f\"},\"headline\":\"New York \u00e0 l&rsquo;avant-garde de l&rsquo;IA responsable : Le plan du maire Adams\",\"datePublished\":\"2023-11-27T11:24:09+00:00\",\"dateModified\":\"2023-11-27T11:24:11+00:00\",\"mainEntityOfPage\":{\"@id\":\"https:\/\/territorialchallenges.com\/2023\/11\/27\/new-york-a-lavant-garde-de-lia-responsable-le-plan-du-maire-adams\/121857\/\"},\"wordCount\":690,\"publisher\":{\"@id\":\"https:\/\/territorialchallenges.com\/#organization\"},\"articleSection\":[\"Il s'est pass\u00e9 \u00e0\",\"\u00c9cosyst\u00e8me\"],\"inLanguage\":\"nl-NL\"},{\"@type\":\"WebPage\",\"@id\":\"https:\/\/territorialchallenges.com\/2023\/11\/27\/new-york-a-lavant-garde-de-lia-responsable-le-plan-du-maire-adams\/121857\/\",\"url\":\"https:\/\/territorialchallenges.com\/2023\/11\/27\/new-york-a-lavant-garde-de-lia-responsable-le-plan-du-maire-adams\/121857\/\",\"name\":\"New York \u00e0 l'avant-garde de l'IA responsable : Le plan du maire Adams - Territorial Challenges\",\"isPartOf\":{\"@id\":\"https:\/\/territorialchallenges.com\/#website\"},\"datePublished\":\"2023-11-27T11:24:09+00:00\",\"dateModified\":\"2023-11-27T11:24:11+00:00\",\"breadcrumb\":{\"@id\":\"https:\/\/territorialchallenges.com\/2023\/11\/27\/new-york-a-lavant-garde-de-lia-responsable-le-plan-du-maire-adams\/121857\/#breadcrumb\"},\"inLanguage\":\"nl-NL\",\"potentialAction\":[{\"@type\":\"ReadAction\",\"target\":[\"https:\/\/territorialchallenges.com\/2023\/11\/27\/new-york-a-lavant-garde-de-lia-responsable-le-plan-du-maire-adams\/121857\/\"]}]},{\"@type\":\"BreadcrumbList\",\"@id\":\"https:\/\/territorialchallenges.com\/2023\/11\/27\/new-york-a-lavant-garde-de-lia-responsable-le-plan-du-maire-adams\/121857\/#breadcrumb\",\"itemListElement\":[{\"@type\":\"ListItem\",\"position\":1,\"name\":\"Home\",\"item\":\"https:\/\/territorialchallenges.com\/\"},{\"@type\":\"ListItem\",\"position\":2,\"name\":\"New York \u00e0 l&rsquo;avant-garde de l&rsquo;IA responsable : Le plan du maire Adams\"}]},{\"@type\":\"WebSite\",\"@id\":\"https:\/\/territorialchallenges.com\/#website\",\"url\":\"https:\/\/territorialchallenges.com\/\",\"name\":\"Territorial Challenges\",\"description\":\"Veille Internationale - Strat\u00e9gie Intelligentes - Bonnes pratiques\",\"publisher\":{\"@id\":\"https:\/\/territorialchallenges.com\/#organization\"},\"potentialAction\":[{\"@type\":\"SearchAction\",\"target\":{\"@type\":\"EntryPoint\",\"urlTemplate\":\"https:\/\/territorialchallenges.com\/?s={search_term_string}\"},\"query-input\":\"required name=search_term_string\"}],\"inLanguage\":\"nl-NL\"},{\"@type\":\"Organization\",\"@id\":\"https:\/\/territorialchallenges.com\/#organization\",\"name\":\"Territorial Challenges\",\"url\":\"https:\/\/territorialchallenges.com\/\",\"logo\":{\"@type\":\"ImageObject\",\"inLanguage\":\"nl-NL\",\"@id\":\"https:\/\/territorialchallenges.com\/#\/schema\/logo\/image\/\",\"url\":\"https:\/\/territorialchallenges.com\/wp-content\/uploads\/2023\/10\/logo-1.png\",\"contentUrl\":\"https:\/\/territorialchallenges.com\/wp-content\/uploads\/2023\/10\/logo-1.png\",\"width\":1832,\"height\":576,\"caption\":\"Territorial Challenges\"},\"image\":{\"@id\":\"https:\/\/territorialchallenges.com\/#\/schema\/logo\/image\/\"}},{\"@type\":\"Person\",\"@id\":\"https:\/\/territorialchallenges.com\/#\/schema\/person\/098f145c7c61a021c425e010f840080f\",\"name\":\"ni.abdi\",\"image\":{\"@type\":\"ImageObject\",\"inLanguage\":\"nl-NL\",\"@id\":\"https:\/\/territorialchallenges.com\/#\/schema\/person\/image\/\",\"url\":\"https:\/\/secure.gravatar.com\/avatar\/2a2f2491f3c80039986ba989b1e4b510?s=96&d=identicon&r=g\",\"contentUrl\":\"https:\/\/secure.gravatar.com\/avatar\/2a2f2491f3c80039986ba989b1e4b510?s=96&d=identicon&r=g\",\"caption\":\"ni.abdi\"},\"sameAs\":[\"https:\/\/twitter.com\/Ni.abdi\"],\"url\":\"https:\/\/territorialchallenges.com\/nl\/author\/ni-abdi\/\"}]}<\/script>\n<!-- \/ Yoast SEO plugin. -->","yoast_head_json":{"title":"New York \u00e0 l'avant-garde de l'IA responsable : Le plan du maire Adams - Territorial Challenges","robots":{"index":"index","follow":"follow","max-snippet":"max-snippet:-1","max-image-preview":"max-image-preview:large","max-video-preview":"max-video-preview:-1"},"canonical":"https:\/\/territorialchallenges.com\/nl\/2023\/11\/27\/new-york-a-lavant-garde-de-lia-responsable-le-plan-du-maire-adams\/121857\/","og_locale":"nl_NL","og_type":"article","og_title":"New York \u00e0 l'avant-garde de l'IA responsable : Le plan du maire Adams - Territorial Challenges","og_description":"Le maire de New York, Eric Adams, a d\u00e9voil\u00e9 un plan novateur visant \u00e0 ancrer la m\u00e9tropole dans le leadership de l&rsquo;utilisation responsable de l&rsquo;intelligence artificielle (IA). Ce plan ambitieux, publi\u00e9 mi-octobre, \u00e9tablit un cadre in\u00e9dit pour \u00e9valuer les outils bas\u00e9s sur l&rsquo;IA, renforcer les comp\u00e9tences du personnel municipal, et soutenir une mise en \u0153uvre [&hellip;]","og_url":"https:\/\/territorialchallenges.com\/nl\/2023\/11\/27\/new-york-a-lavant-garde-de-lia-responsable-le-plan-du-maire-adams\/121857\/","og_site_name":"Territorial Challenges","article_published_time":"2023-11-27T11:24:09+00:00","article_modified_time":"2023-11-27T11:24:11+00:00","og_image":[{"width":1280,"height":854,"url":"https:\/\/territorialchallenges.com\/wp-content\/uploads\/2023\/11\/ilsestpasseaNewYorkPhoto.jpg","type":"image\/jpeg"}],"author":"ni.abdi","twitter_card":"summary_large_image","twitter_creator":"@Ni.abdi","twitter_misc":{"Geschreven door":"ni.abdi","Geschatte leestijd":"4 minuten"},"schema":{"@context":"https:\/\/schema.org","@graph":[{"@type":"Article","@id":"https:\/\/territorialchallenges.com\/2023\/11\/27\/new-york-a-lavant-garde-de-lia-responsable-le-plan-du-maire-adams\/121857\/#article","isPartOf":{"@id":"https:\/\/territorialchallenges.com\/2023\/11\/27\/new-york-a-lavant-garde-de-lia-responsable-le-plan-du-maire-adams\/121857\/"},"author":{"name":"ni.abdi","@id":"https:\/\/territorialchallenges.com\/#\/schema\/person\/098f145c7c61a021c425e010f840080f"},"headline":"New York \u00e0 l&rsquo;avant-garde de l&rsquo;IA responsable : Le plan du maire Adams","datePublished":"2023-11-27T11:24:09+00:00","dateModified":"2023-11-27T11:24:11+00:00","mainEntityOfPage":{"@id":"https:\/\/territorialchallenges.com\/2023\/11\/27\/new-york-a-lavant-garde-de-lia-responsable-le-plan-du-maire-adams\/121857\/"},"wordCount":690,"publisher":{"@id":"https:\/\/territorialchallenges.com\/#organization"},"articleSection":["Il s'est pass\u00e9 \u00e0","\u00c9cosyst\u00e8me"],"inLanguage":"nl-NL"},{"@type":"WebPage","@id":"https:\/\/territorialchallenges.com\/2023\/11\/27\/new-york-a-lavant-garde-de-lia-responsable-le-plan-du-maire-adams\/121857\/","url":"https:\/\/territorialchallenges.com\/2023\/11\/27\/new-york-a-lavant-garde-de-lia-responsable-le-plan-du-maire-adams\/121857\/","name":"New York \u00e0 l'avant-garde de l'IA responsable : Le plan du maire Adams - Territorial Challenges","isPartOf":{"@id":"https:\/\/territorialchallenges.com\/#website"},"datePublished":"2023-11-27T11:24:09+00:00","dateModified":"2023-11-27T11:24:11+00:00","breadcrumb":{"@id":"https:\/\/territorialchallenges.com\/2023\/11\/27\/new-york-a-lavant-garde-de-lia-responsable-le-plan-du-maire-adams\/121857\/#breadcrumb"},"inLanguage":"nl-NL","potentialAction":[{"@type":"ReadAction","target":["https:\/\/territorialchallenges.com\/2023\/11\/27\/new-york-a-lavant-garde-de-lia-responsable-le-plan-du-maire-adams\/121857\/"]}]},{"@type":"BreadcrumbList","@id":"https:\/\/territorialchallenges.com\/2023\/11\/27\/new-york-a-lavant-garde-de-lia-responsable-le-plan-du-maire-adams\/121857\/#breadcrumb","itemListElement":[{"@type":"ListItem","position":1,"name":"Home","item":"https:\/\/territorialchallenges.com\/"},{"@type":"ListItem","position":2,"name":"New York \u00e0 l&rsquo;avant-garde de l&rsquo;IA responsable : Le plan du maire Adams"}]},{"@type":"WebSite","@id":"https:\/\/territorialchallenges.com\/#website","url":"https:\/\/territorialchallenges.com\/","name":"Territoriale uitdagingen","description":"Internationale monitoring - Slimme strategie\u00ebn - Beste praktijken","publisher":{"@id":"https:\/\/territorialchallenges.com\/#organization"},"potentialAction":[{"@type":"SearchAction","target":{"@type":"EntryPoint","urlTemplate":"https:\/\/territorialchallenges.com\/?s={search_term_string}"},"query-input":"required name=search_term_string"}],"inLanguage":"nl-NL"},{"@type":"Organization","@id":"https:\/\/territorialchallenges.com\/#organization","name":"Territoriale uitdagingen","url":"https:\/\/territorialchallenges.com\/","logo":{"@type":"ImageObject","inLanguage":"nl-NL","@id":"https:\/\/territorialchallenges.com\/#\/schema\/logo\/image\/","url":"https:\/\/territorialchallenges.com\/wp-content\/uploads\/2023\/10\/logo-1.png","contentUrl":"https:\/\/territorialchallenges.com\/wp-content\/uploads\/2023\/10\/logo-1.png","width":1832,"height":576,"caption":"Territorial Challenges"},"image":{"@id":"https:\/\/territorialchallenges.com\/#\/schema\/logo\/image\/"}},{"@type":"Person","@id":"https:\/\/territorialchallenges.com\/#\/schema\/person\/098f145c7c61a021c425e010f840080f","name":"ni.abdi","image":{"@type":"ImageObject","inLanguage":"nl-NL","@id":"https:\/\/territorialchallenges.com\/#\/schema\/person\/image\/","url":"https:\/\/secure.gravatar.com\/avatar\/2a2f2491f3c80039986ba989b1e4b510?s=96&d=identicon&r=g","contentUrl":"https:\/\/secure.gravatar.com\/avatar\/2a2f2491f3c80039986ba989b1e4b510?s=96&d=identicon&r=g","caption":"ni.abdi"},"sameAs":["https:\/\/twitter.com\/Ni.abdi"],"url":"https:\/\/territorialchallenges.com\/nl\/author\/ni-abdi\/"}]}},"_links":{"self":[{"href":"https:\/\/territorialchallenges.com\/nl\/wp-json\/wp\/v2\/posts\/121857"}],"collection":[{"href":"https:\/\/territorialchallenges.com\/nl\/wp-json\/wp\/v2\/posts"}],"about":[{"href":"https:\/\/territorialchallenges.com\/nl\/wp-json\/wp\/v2\/types\/post"}],"author":[{"embeddable":true,"href":"https:\/\/territorialchallenges.com\/nl\/wp-json\/wp\/v2\/users\/11"}],"replies":[{"embeddable":true,"href":"https:\/\/territorialchallenges.com\/nl\/wp-json\/wp\/v2\/comments?post=121857"}],"version-history":[{"count":1,"href":"https:\/\/territorialchallenges.com\/nl\/wp-json\/wp\/v2\/posts\/121857\/revisions"}],"predecessor-version":[{"id":121861,"href":"https:\/\/territorialchallenges.com\/nl\/wp-json\/wp\/v2\/posts\/121857\/revisions\/121861"}],"wp:featuredmedia":[{"embeddable":true,"href":"https:\/\/territorialchallenges.com\/nl\/wp-json\/wp\/v2\/media\/121860"}],"wp:attachment":[{"href":"https:\/\/territorialchallenges.com\/nl\/wp-json\/wp\/v2\/media?parent=121857"}],"wp:term":[{"taxonomy":"category","embeddable":true,"href":"https:\/\/territorialchallenges.com\/nl\/wp-json\/wp\/v2\/categories?post=121857"},{"taxonomy":"post_tag","embeddable":true,"href":"https:\/\/territorialchallenges.com\/nl\/wp-json\/wp\/v2\/tags?post=121857"}],"curies":[{"name":"wp","href":"https:\/\/api.w.org\/{rel}","templated":true}]}}