{"id":121815,"date":"2023-11-20T10:37:44","date_gmt":"2023-11-20T09:37:44","guid":{"rendered":"https:\/\/territorialchallenges.com\/?p=121815"},"modified":"2023-11-20T10:37:46","modified_gmt":"2023-11-20T09:37:46","slug":"bereikbaar-breda-lapplication-primee-qui-rend-la-ville-accessible-a-tous","status":"publish","type":"post","link":"https:\/\/territorialchallenges.com\/nl\/2023\/11\/20\/bereikbaar-breda-lapplication-primee-qui-rend-la-ville-accessible-a-tous\/121815\/","title":{"rendered":"Bereikbaar Breda: De bekroonde app die de stad voor iedereen toegankelijk maakt"},"content":{"rendered":"<p>De gemeente Breda heeft een mijlpaal bereikt op het gebied van stedelijke toegankelijkheid met de lancering van de app Bereikbaar Breda. De app is ontworpen om het leven van mensen met een beperking gemakkelijker te maken en ontving de prestigieuze Living &amp; Inclusion Award, waarmee Breda&#039;s status als stad gericht op innovatie en inclusie wordt bevestigd. <\/p>\n<div class=\"pmpro_content_message\">Artikel alleen beschikbaar voor abonnees.<br \/><a href=\"https:\/\/territorialchallenges.com\/wp-login.php\">Login<\/a><br \/><a href=\"https:\/\/territorialchallenges.com\/nl\/wp-login.php\/?action=register\">Register<\/a><\/div>","protected":false},"excerpt":{"rendered":"<p>La municipalit\u00e9 de Breda, aux Pays-Bas, a marqu\u00e9 un tournant dans l&rsquo;accessibilit\u00e9 urbaine en lan\u00e7ant l&rsquo;application Bereikbaar Breda. Con\u00e7ue pour faciliter la vie des personnes en situation de handicap, cette application a re\u00e7u le prestigieux prix Living &amp; Inclusion Award, affirmant ainsi le statut de Breda en tant que ville ax\u00e9e sur l&rsquo;innovation et l&rsquo;inclusion.... <\/p>\n<div class=\"pmpro_content_message\">Artikel alleen beschikbaar voor abonnees.<br \/><a href=\"https:\/\/territorialchallenges.com\/wp-login.php\">Login<\/a><br \/><a href=\"https:\/\/territorialchallenges.com\/nl\/wp-login.php\/?action=register\">Register<\/a><\/div>","protected":false},"author":11,"featured_media":121816,"comment_status":"closed","ping_status":"closed","sticky":true,"template":"","format":"standard","meta":{"pmpro_default_level":0,"footnotes":""},"categories":[19,127],"tags":[],"blocksy_meta":"","yoast_head":"<!-- This site is optimized with the Yoast SEO plugin v21.5 - https:\/\/yoast.com\/wordpress\/plugins\/seo\/ -->\n<title>Bereikbaar Breda : L&#039;application prim\u00e9e qui rend la ville accessible \u00e0 tous - Territorial Challenges<\/title>\n<meta name=\"robots\" content=\"index, follow, max-snippet:-1, max-image-preview:large, max-video-preview:-1\" \/>\n<link rel=\"canonical\" href=\"https:\/\/territorialchallenges.com\/nl\/2023\/11\/20\/bereikbaar-breda-lapplication-primee-qui-rend-la-ville-accessible-a-tous\/121815\/\" \/>\n<meta property=\"og:locale\" content=\"nl_NL\" \/>\n<meta property=\"og:type\" content=\"article\" \/>\n<meta property=\"og:title\" content=\"Bereikbaar Breda : L&#039;application prim\u00e9e qui rend la ville accessible \u00e0 tous - Territorial Challenges\" \/>\n<meta property=\"og:description\" content=\"La municipalit\u00e9 de Breda, aux Pays-Bas, a marqu\u00e9 un tournant dans l&rsquo;accessibilit\u00e9 urbaine en lan\u00e7ant l&rsquo;application Bereikbaar Breda. Con\u00e7ue pour faciliter la vie des personnes en situation de handicap, cette application a re\u00e7u le prestigieux prix Living &amp; Inclusion Award, affirmant ainsi le statut de Breda en tant que ville ax\u00e9e sur l&rsquo;innovation et l&rsquo;inclusion. [&hellip;]\" \/>\n<meta property=\"og:url\" content=\"https:\/\/territorialchallenges.com\/nl\/2023\/11\/20\/bereikbaar-breda-lapplication-primee-qui-rend-la-ville-accessible-a-tous\/121815\/\" \/>\n<meta property=\"og:site_name\" content=\"Territorial Challenges\" \/>\n<meta property=\"article:published_time\" content=\"2023-11-20T09:37:44+00:00\" \/>\n<meta property=\"article:modified_time\" content=\"2023-11-20T09:37:46+00:00\" \/>\n<meta property=\"og:image\" content=\"https:\/\/territorialchallenges.com\/wp-content\/uploads\/2023\/11\/territoiresintelligentsbreda.jpg\" \/>\n\t<meta property=\"og:image:width\" content=\"1280\" \/>\n\t<meta property=\"og:image:height\" content=\"853\" \/>\n\t<meta property=\"og:image:type\" content=\"image\/jpeg\" \/>\n<meta name=\"author\" content=\"ni.abdi\" \/>\n<meta name=\"twitter:card\" content=\"summary_large_image\" \/>\n<meta name=\"twitter:creator\" content=\"@Ni.abdi\" \/>\n<meta name=\"twitter:label1\" content=\"Geschreven door\" \/>\n\t<meta name=\"twitter:data1\" content=\"ni.abdi\" \/>\n\t<meta name=\"twitter:label2\" content=\"Geschatte leestijd\" \/>\n\t<meta name=\"twitter:data2\" content=\"3 minuten\" \/>\n<script type=\"application\/ld+json\" class=\"yoast-schema-graph\">{\"@context\":\"https:\/\/schema.org\",\"@graph\":[{\"@type\":\"Article\",\"@id\":\"https:\/\/territorialchallenges.com\/2023\/11\/20\/bereikbaar-breda-lapplication-primee-qui-rend-la-ville-accessible-a-tous\/121815\/#article\",\"isPartOf\":{\"@id\":\"https:\/\/territorialchallenges.com\/2023\/11\/20\/bereikbaar-breda-lapplication-primee-qui-rend-la-ville-accessible-a-tous\/121815\/\"},\"author\":{\"name\":\"ni.abdi\",\"@id\":\"https:\/\/territorialchallenges.com\/#\/schema\/person\/098f145c7c61a021c425e010f840080f\"},\"headline\":\"Bereikbaar Breda : L&rsquo;application prim\u00e9e qui rend la ville accessible \u00e0 tous\",\"datePublished\":\"2023-11-20T09:37:44+00:00\",\"dateModified\":\"2023-11-20T09:37:46+00:00\",\"mainEntityOfPage\":{\"@id\":\"https:\/\/territorialchallenges.com\/2023\/11\/20\/bereikbaar-breda-lapplication-primee-qui-rend-la-ville-accessible-a-tous\/121815\/\"},\"wordCount\":580,\"publisher\":{\"@id\":\"https:\/\/territorialchallenges.com\/#organization\"},\"articleSection\":[\"Territoires Intelligents\",\"Actualit\u00e9 Europe\"],\"inLanguage\":\"nl-NL\"},{\"@type\":\"WebPage\",\"@id\":\"https:\/\/territorialchallenges.com\/2023\/11\/20\/bereikbaar-breda-lapplication-primee-qui-rend-la-ville-accessible-a-tous\/121815\/\",\"url\":\"https:\/\/territorialchallenges.com\/2023\/11\/20\/bereikbaar-breda-lapplication-primee-qui-rend-la-ville-accessible-a-tous\/121815\/\",\"name\":\"Bereikbaar Breda : L'application prim\u00e9e qui rend la ville accessible \u00e0 tous - Territorial Challenges\",\"isPartOf\":{\"@id\":\"https:\/\/territorialchallenges.com\/#website\"},\"datePublished\":\"2023-11-20T09:37:44+00:00\",\"dateModified\":\"2023-11-20T09:37:46+00:00\",\"breadcrumb\":{\"@id\":\"https:\/\/territorialchallenges.com\/2023\/11\/20\/bereikbaar-breda-lapplication-primee-qui-rend-la-ville-accessible-a-tous\/121815\/#breadcrumb\"},\"inLanguage\":\"nl-NL\",\"potentialAction\":[{\"@type\":\"ReadAction\",\"target\":[\"https:\/\/territorialchallenges.com\/2023\/11\/20\/bereikbaar-breda-lapplication-primee-qui-rend-la-ville-accessible-a-tous\/121815\/\"]}]},{\"@type\":\"BreadcrumbList\",\"@id\":\"https:\/\/territorialchallenges.com\/2023\/11\/20\/bereikbaar-breda-lapplication-primee-qui-rend-la-ville-accessible-a-tous\/121815\/#breadcrumb\",\"itemListElement\":[{\"@type\":\"ListItem\",\"position\":1,\"name\":\"Home\",\"item\":\"https:\/\/territorialchallenges.com\/\"},{\"@type\":\"ListItem\",\"position\":2,\"name\":\"Bereikbaar Breda : L&rsquo;application prim\u00e9e qui rend la ville accessible \u00e0 tous\"}]},{\"@type\":\"WebSite\",\"@id\":\"https:\/\/territorialchallenges.com\/#website\",\"url\":\"https:\/\/territorialchallenges.com\/\",\"name\":\"Territorial Challenges\",\"description\":\"Veille Internationale - Strat\u00e9gie Intelligentes - Bonnes pratiques\",\"publisher\":{\"@id\":\"https:\/\/territorialchallenges.com\/#organization\"},\"potentialAction\":[{\"@type\":\"SearchAction\",\"target\":{\"@type\":\"EntryPoint\",\"urlTemplate\":\"https:\/\/territorialchallenges.com\/?s={search_term_string}\"},\"query-input\":\"required name=search_term_string\"}],\"inLanguage\":\"nl-NL\"},{\"@type\":\"Organization\",\"@id\":\"https:\/\/territorialchallenges.com\/#organization\",\"name\":\"Territorial Challenges\",\"url\":\"https:\/\/territorialchallenges.com\/\",\"logo\":{\"@type\":\"ImageObject\",\"inLanguage\":\"nl-NL\",\"@id\":\"https:\/\/territorialchallenges.com\/#\/schema\/logo\/image\/\",\"url\":\"https:\/\/territorialchallenges.com\/wp-content\/uploads\/2023\/10\/logo-1.png\",\"contentUrl\":\"https:\/\/territorialchallenges.com\/wp-content\/uploads\/2023\/10\/logo-1.png\",\"width\":1832,\"height\":576,\"caption\":\"Territorial Challenges\"},\"image\":{\"@id\":\"https:\/\/territorialchallenges.com\/#\/schema\/logo\/image\/\"}},{\"@type\":\"Person\",\"@id\":\"https:\/\/territorialchallenges.com\/#\/schema\/person\/098f145c7c61a021c425e010f840080f\",\"name\":\"ni.abdi\",\"image\":{\"@type\":\"ImageObject\",\"inLanguage\":\"nl-NL\",\"@id\":\"https:\/\/territorialchallenges.com\/#\/schema\/person\/image\/\",\"url\":\"https:\/\/secure.gravatar.com\/avatar\/2a2f2491f3c80039986ba989b1e4b510?s=96&d=identicon&r=g\",\"contentUrl\":\"https:\/\/secure.gravatar.com\/avatar\/2a2f2491f3c80039986ba989b1e4b510?s=96&d=identicon&r=g\",\"caption\":\"ni.abdi\"},\"sameAs\":[\"https:\/\/twitter.com\/Ni.abdi\"],\"url\":\"https:\/\/territorialchallenges.com\/nl\/author\/ni-abdi\/\"}]}<\/script>\n<!-- \/ Yoast SEO plugin. -->","yoast_head_json":{"title":"Bereikbaar Breda : L'application prim\u00e9e qui rend la ville accessible \u00e0 tous - Territorial Challenges","robots":{"index":"index","follow":"follow","max-snippet":"max-snippet:-1","max-image-preview":"max-image-preview:large","max-video-preview":"max-video-preview:-1"},"canonical":"https:\/\/territorialchallenges.com\/nl\/2023\/11\/20\/bereikbaar-breda-lapplication-primee-qui-rend-la-ville-accessible-a-tous\/121815\/","og_locale":"nl_NL","og_type":"article","og_title":"Bereikbaar Breda : L'application prim\u00e9e qui rend la ville accessible \u00e0 tous - Territorial Challenges","og_description":"La municipalit\u00e9 de Breda, aux Pays-Bas, a marqu\u00e9 un tournant dans l&rsquo;accessibilit\u00e9 urbaine en lan\u00e7ant l&rsquo;application Bereikbaar Breda. Con\u00e7ue pour faciliter la vie des personnes en situation de handicap, cette application a re\u00e7u le prestigieux prix Living &amp; Inclusion Award, affirmant ainsi le statut de Breda en tant que ville ax\u00e9e sur l&rsquo;innovation et l&rsquo;inclusion. [&hellip;]","og_url":"https:\/\/territorialchallenges.com\/nl\/2023\/11\/20\/bereikbaar-breda-lapplication-primee-qui-rend-la-ville-accessible-a-tous\/121815\/","og_site_name":"Territorial Challenges","article_published_time":"2023-11-20T09:37:44+00:00","article_modified_time":"2023-11-20T09:37:46+00:00","og_image":[{"width":1280,"height":853,"url":"https:\/\/territorialchallenges.com\/wp-content\/uploads\/2023\/11\/territoiresintelligentsbreda.jpg","type":"image\/jpeg"}],"author":"ni.abdi","twitter_card":"summary_large_image","twitter_creator":"@Ni.abdi","twitter_misc":{"Geschreven door":"ni.abdi","Geschatte leestijd":"3 minuten"},"schema":{"@context":"https:\/\/schema.org","@graph":[{"@type":"Article","@id":"https:\/\/territorialchallenges.com\/2023\/11\/20\/bereikbaar-breda-lapplication-primee-qui-rend-la-ville-accessible-a-tous\/121815\/#article","isPartOf":{"@id":"https:\/\/territorialchallenges.com\/2023\/11\/20\/bereikbaar-breda-lapplication-primee-qui-rend-la-ville-accessible-a-tous\/121815\/"},"author":{"name":"ni.abdi","@id":"https:\/\/territorialchallenges.com\/#\/schema\/person\/098f145c7c61a021c425e010f840080f"},"headline":"Bereikbaar Breda : L&rsquo;application prim\u00e9e qui rend la ville accessible \u00e0 tous","datePublished":"2023-11-20T09:37:44+00:00","dateModified":"2023-11-20T09:37:46+00:00","mainEntityOfPage":{"@id":"https:\/\/territorialchallenges.com\/2023\/11\/20\/bereikbaar-breda-lapplication-primee-qui-rend-la-ville-accessible-a-tous\/121815\/"},"wordCount":580,"publisher":{"@id":"https:\/\/territorialchallenges.com\/#organization"},"articleSection":["Territoires Intelligents","Actualit\u00e9 Europe"],"inLanguage":"nl-NL"},{"@type":"WebPage","@id":"https:\/\/territorialchallenges.com\/2023\/11\/20\/bereikbaar-breda-lapplication-primee-qui-rend-la-ville-accessible-a-tous\/121815\/","url":"https:\/\/territorialchallenges.com\/2023\/11\/20\/bereikbaar-breda-lapplication-primee-qui-rend-la-ville-accessible-a-tous\/121815\/","name":"Bereikbaar Breda : L'application prim\u00e9e qui rend la ville accessible \u00e0 tous - Territorial Challenges","isPartOf":{"@id":"https:\/\/territorialchallenges.com\/#website"},"datePublished":"2023-11-20T09:37:44+00:00","dateModified":"2023-11-20T09:37:46+00:00","breadcrumb":{"@id":"https:\/\/territorialchallenges.com\/2023\/11\/20\/bereikbaar-breda-lapplication-primee-qui-rend-la-ville-accessible-a-tous\/121815\/#breadcrumb"},"inLanguage":"nl-NL","potentialAction":[{"@type":"ReadAction","target":["https:\/\/territorialchallenges.com\/2023\/11\/20\/bereikbaar-breda-lapplication-primee-qui-rend-la-ville-accessible-a-tous\/121815\/"]}]},{"@type":"BreadcrumbList","@id":"https:\/\/territorialchallenges.com\/2023\/11\/20\/bereikbaar-breda-lapplication-primee-qui-rend-la-ville-accessible-a-tous\/121815\/#breadcrumb","itemListElement":[{"@type":"ListItem","position":1,"name":"Home","item":"https:\/\/territorialchallenges.com\/"},{"@type":"ListItem","position":2,"name":"Bereikbaar Breda : L&rsquo;application prim\u00e9e qui rend la ville accessible \u00e0 tous"}]},{"@type":"WebSite","@id":"https:\/\/territorialchallenges.com\/#website","url":"https:\/\/territorialchallenges.com\/","name":"Territoriale uitdagingen","description":"Internationale monitoring - Slimme strategie\u00ebn - Beste praktijken","publisher":{"@id":"https:\/\/territorialchallenges.com\/#organization"},"potentialAction":[{"@type":"SearchAction","target":{"@type":"EntryPoint","urlTemplate":"https:\/\/territorialchallenges.com\/?s={search_term_string}"},"query-input":"required name=search_term_string"}],"inLanguage":"nl-NL"},{"@type":"Organization","@id":"https:\/\/territorialchallenges.com\/#organization","name":"Territoriale uitdagingen","url":"https:\/\/territorialchallenges.com\/","logo":{"@type":"ImageObject","inLanguage":"nl-NL","@id":"https:\/\/territorialchallenges.com\/#\/schema\/logo\/image\/","url":"https:\/\/territorialchallenges.com\/wp-content\/uploads\/2023\/10\/logo-1.png","contentUrl":"https:\/\/territorialchallenges.com\/wp-content\/uploads\/2023\/10\/logo-1.png","width":1832,"height":576,"caption":"Territorial Challenges"},"image":{"@id":"https:\/\/territorialchallenges.com\/#\/schema\/logo\/image\/"}},{"@type":"Person","@id":"https:\/\/territorialchallenges.com\/#\/schema\/person\/098f145c7c61a021c425e010f840080f","name":"ni.abdi","image":{"@type":"ImageObject","inLanguage":"nl-NL","@id":"https:\/\/territorialchallenges.com\/#\/schema\/person\/image\/","url":"https:\/\/secure.gravatar.com\/avatar\/2a2f2491f3c80039986ba989b1e4b510?s=96&d=identicon&r=g","contentUrl":"https:\/\/secure.gravatar.com\/avatar\/2a2f2491f3c80039986ba989b1e4b510?s=96&d=identicon&r=g","caption":"ni.abdi"},"sameAs":["https:\/\/twitter.com\/Ni.abdi"],"url":"https:\/\/territorialchallenges.com\/nl\/author\/ni-abdi\/"}]}},"_links":{"self":[{"href":"https:\/\/territorialchallenges.com\/nl\/wp-json\/wp\/v2\/posts\/121815"}],"collection":[{"href":"https:\/\/territorialchallenges.com\/nl\/wp-json\/wp\/v2\/posts"}],"about":[{"href":"https:\/\/territorialchallenges.com\/nl\/wp-json\/wp\/v2\/types\/post"}],"author":[{"embeddable":true,"href":"https:\/\/territorialchallenges.com\/nl\/wp-json\/wp\/v2\/users\/11"}],"replies":[{"embeddable":true,"href":"https:\/\/territorialchallenges.com\/nl\/wp-json\/wp\/v2\/comments?post=121815"}],"version-history":[{"count":1,"href":"https:\/\/territorialchallenges.com\/nl\/wp-json\/wp\/v2\/posts\/121815\/revisions"}],"predecessor-version":[{"id":121817,"href":"https:\/\/territorialchallenges.com\/nl\/wp-json\/wp\/v2\/posts\/121815\/revisions\/121817"}],"wp:featuredmedia":[{"embeddable":true,"href":"https:\/\/territorialchallenges.com\/nl\/wp-json\/wp\/v2\/media\/121816"}],"wp:attachment":[{"href":"https:\/\/territorialchallenges.com\/nl\/wp-json\/wp\/v2\/media?parent=121815"}],"wp:term":[{"taxonomy":"category","embeddable":true,"href":"https:\/\/territorialchallenges.com\/nl\/wp-json\/wp\/v2\/categories?post=121815"},{"taxonomy":"post_tag","embeddable":true,"href":"https:\/\/territorialchallenges.com\/nl\/wp-json\/wp\/v2\/tags?post=121815"}],"curies":[{"name":"wp","href":"https:\/\/api.w.org\/{rel}","templated":true}]}}