{"id":121755,"date":"2023-11-13T13:40:43","date_gmt":"2023-11-13T12:40:43","guid":{"rendered":"https:\/\/territorialchallenges.com\/?p=121755"},"modified":"2023-11-13T13:40:45","modified_gmt":"2023-11-13T12:40:45","slug":"claudio-orrego-pionnier-chilien-de-la-nouvelle-ere-urbaine-gouverneur-visionnaire-de-santiago","status":"publish","type":"post","link":"https:\/\/territorialchallenges.com\/nl\/2023\/11\/13\/claudio-orrego-pionnier-chilien-de-la-nouvelle-ere-urbaine-gouverneur-visionnaire-de-santiago\/121755\/","title":{"rendered":"Claudio Orrego: Chileense pionier van het nieuwe stedelijke tijdperk, visionaire gouverneur van Santiago"},"content":{"rendered":"<p>Op het snijvlak van klimaat-, democratie- en technologische uitdagingen ontpopt Claudio Orrego zich tot een belangrijke leider, die het cruciale belang van samenwerking en innovatie benadrukt bij het bouwen van de steden van de toekomst. Zijn keynote speech op het Smart City Expo World Congress in Barcelona in 2023 onthult zijn toewijding aan een nieuw tijdperk\u2026 <\/p>\n<div class=\"pmpro_content_message\">Artikel alleen beschikbaar voor abonnees.<br \/><a href=\"https:\/\/territorialchallenges.com\/wp-login.php\">Login<\/a><br \/><a href=\"https:\/\/territorialchallenges.com\/nl\/wp-login.php\/?action=register\">Register<\/a><\/div>","protected":false},"excerpt":{"rendered":"<p>\u00c0 la crois\u00e9e des d\u00e9fis climatiques, d\u00e9mocratiques et technologiques, Claudio Orrego \u00e9merge comme un leader incontournable, mettant en avant l&rsquo;importance cruciale de la collaboration et de l&rsquo;innovation dans la construction des villes du futur. Son intervention marquante au salon Smart City Expo World Congress de Barcelone en 2023 r\u00e9v\u00e8le son engagement envers une nouvelle \u00e8re... <\/p>\n<div class=\"pmpro_content_message\">Artikel alleen beschikbaar voor abonnees.<br \/><a href=\"https:\/\/territorialchallenges.com\/wp-login.php\">Login<\/a><br \/><a href=\"https:\/\/territorialchallenges.com\/nl\/wp-login.php\/?action=register\">Register<\/a><\/div>","protected":false},"author":11,"featured_media":121756,"comment_status":"open","ping_status":"open","sticky":true,"template":"","format":"standard","meta":{"pmpro_default_level":0,"footnotes":""},"categories":[126,117],"tags":[],"blocksy_meta":"","yoast_head":"<!-- This site is optimized with the Yoast SEO plugin v21.5 - https:\/\/yoast.com\/wordpress\/plugins\/seo\/ -->\n<title>Claudio Orrego : pionnier chilien de la nouvelle \u00e8re urbaine, gouverneur visionnaire de Santiago - Territorial Challenges<\/title>\n<meta name=\"robots\" content=\"index, follow, max-snippet:-1, max-image-preview:large, max-video-preview:-1\" \/>\n<link rel=\"canonical\" href=\"https:\/\/territorialchallenges.com\/nl\/2023\/11\/13\/claudio-orrego-pionnier-chilien-de-la-nouvelle-ere-urbaine-gouverneur-visionnaire-de-santiago\/121755\/\" \/>\n<meta property=\"og:locale\" content=\"nl_NL\" \/>\n<meta property=\"og:type\" content=\"article\" \/>\n<meta property=\"og:title\" content=\"Claudio Orrego : pionnier chilien de la nouvelle \u00e8re urbaine, gouverneur visionnaire de Santiago - Territorial Challenges\" \/>\n<meta property=\"og:description\" content=\"\u00c0 la crois\u00e9e des d\u00e9fis climatiques, d\u00e9mocratiques et technologiques, Claudio Orrego \u00e9merge comme un leader incontournable, mettant en avant l&rsquo;importance cruciale de la collaboration et de l&rsquo;innovation dans la construction des villes du futur. Son intervention marquante au salon Smart City Expo World Congress de Barcelone en 2023 r\u00e9v\u00e8le son engagement envers une nouvelle \u00e8re [&hellip;]\" \/>\n<meta property=\"og:url\" content=\"https:\/\/territorialchallenges.com\/nl\/2023\/11\/13\/claudio-orrego-pionnier-chilien-de-la-nouvelle-ere-urbaine-gouverneur-visionnaire-de-santiago\/121755\/\" \/>\n<meta property=\"og:site_name\" content=\"Territorial Challenges\" \/>\n<meta property=\"article:published_time\" content=\"2023-11-13T12:40:43+00:00\" \/>\n<meta property=\"article:modified_time\" content=\"2023-11-13T12:40:45+00:00\" \/>\n<meta property=\"og:image\" content=\"https:\/\/territorialchallenges.com\/wp-content\/uploads\/2023\/11\/OnperledeuxClaudioOrrego.png\" \/>\n\t<meta property=\"og:image:width\" content=\"914\" \/>\n\t<meta property=\"og:image:height\" content=\"892\" \/>\n\t<meta property=\"og:image:type\" content=\"image\/png\" \/>\n<meta name=\"author\" content=\"ni.abdi\" \/>\n<meta name=\"twitter:card\" content=\"summary_large_image\" \/>\n<meta name=\"twitter:creator\" content=\"@Ni.abdi\" \/>\n<meta name=\"twitter:label1\" content=\"Geschreven door\" \/>\n\t<meta name=\"twitter:data1\" content=\"ni.abdi\" \/>\n\t<meta name=\"twitter:label2\" content=\"Geschatte leestijd\" \/>\n\t<meta name=\"twitter:data2\" content=\"4 minuten\" \/>\n<script type=\"application\/ld+json\" class=\"yoast-schema-graph\">{\"@context\":\"https:\/\/schema.org\",\"@graph\":[{\"@type\":\"Article\",\"@id\":\"https:\/\/territorialchallenges.com\/2023\/11\/13\/claudio-orrego-pionnier-chilien-de-la-nouvelle-ere-urbaine-gouverneur-visionnaire-de-santiago\/121755\/#article\",\"isPartOf\":{\"@id\":\"https:\/\/territorialchallenges.com\/2023\/11\/13\/claudio-orrego-pionnier-chilien-de-la-nouvelle-ere-urbaine-gouverneur-visionnaire-de-santiago\/121755\/\"},\"author\":{\"name\":\"ni.abdi\",\"@id\":\"https:\/\/territorialchallenges.com\/#\/schema\/person\/098f145c7c61a021c425e010f840080f\"},\"headline\":\"Claudio Orrego : pionnier chilien de la nouvelle \u00e8re urbaine, gouverneur visionnaire de Santiago\",\"datePublished\":\"2023-11-13T12:40:43+00:00\",\"dateModified\":\"2023-11-13T12:40:45+00:00\",\"mainEntityOfPage\":{\"@id\":\"https:\/\/territorialchallenges.com\/2023\/11\/13\/claudio-orrego-pionnier-chilien-de-la-nouvelle-ere-urbaine-gouverneur-visionnaire-de-santiago\/121755\/\"},\"wordCount\":739,\"commentCount\":0,\"publisher\":{\"@id\":\"https:\/\/territorialchallenges.com\/#organization\"},\"articleSection\":[\"On parle d'eux\",\"\u00c9cosyst\u00e8me\"],\"inLanguage\":\"nl-NL\"},{\"@type\":\"WebPage\",\"@id\":\"https:\/\/territorialchallenges.com\/2023\/11\/13\/claudio-orrego-pionnier-chilien-de-la-nouvelle-ere-urbaine-gouverneur-visionnaire-de-santiago\/121755\/\",\"url\":\"https:\/\/territorialchallenges.com\/2023\/11\/13\/claudio-orrego-pionnier-chilien-de-la-nouvelle-ere-urbaine-gouverneur-visionnaire-de-santiago\/121755\/\",\"name\":\"Claudio Orrego : pionnier chilien de la nouvelle \u00e8re urbaine, gouverneur visionnaire de Santiago - Territorial Challenges\",\"isPartOf\":{\"@id\":\"https:\/\/territorialchallenges.com\/#website\"},\"datePublished\":\"2023-11-13T12:40:43+00:00\",\"dateModified\":\"2023-11-13T12:40:45+00:00\",\"breadcrumb\":{\"@id\":\"https:\/\/territorialchallenges.com\/2023\/11\/13\/claudio-orrego-pionnier-chilien-de-la-nouvelle-ere-urbaine-gouverneur-visionnaire-de-santiago\/121755\/#breadcrumb\"},\"inLanguage\":\"nl-NL\",\"potentialAction\":[{\"@type\":\"ReadAction\",\"target\":[\"https:\/\/territorialchallenges.com\/2023\/11\/13\/claudio-orrego-pionnier-chilien-de-la-nouvelle-ere-urbaine-gouverneur-visionnaire-de-santiago\/121755\/\"]}]},{\"@type\":\"BreadcrumbList\",\"@id\":\"https:\/\/territorialchallenges.com\/2023\/11\/13\/claudio-orrego-pionnier-chilien-de-la-nouvelle-ere-urbaine-gouverneur-visionnaire-de-santiago\/121755\/#breadcrumb\",\"itemListElement\":[{\"@type\":\"ListItem\",\"position\":1,\"name\":\"Home\",\"item\":\"https:\/\/territorialchallenges.com\/\"},{\"@type\":\"ListItem\",\"position\":2,\"name\":\"Claudio Orrego : pionnier chilien de la nouvelle \u00e8re urbaine, gouverneur visionnaire de Santiago\"}]},{\"@type\":\"WebSite\",\"@id\":\"https:\/\/territorialchallenges.com\/#website\",\"url\":\"https:\/\/territorialchallenges.com\/\",\"name\":\"Territorial Challenges\",\"description\":\"Veille Internationale - Strat\u00e9gie Intelligentes - Bonnes pratiques\",\"publisher\":{\"@id\":\"https:\/\/territorialchallenges.com\/#organization\"},\"potentialAction\":[{\"@type\":\"SearchAction\",\"target\":{\"@type\":\"EntryPoint\",\"urlTemplate\":\"https:\/\/territorialchallenges.com\/?s={search_term_string}\"},\"query-input\":\"required name=search_term_string\"}],\"inLanguage\":\"nl-NL\"},{\"@type\":\"Organization\",\"@id\":\"https:\/\/territorialchallenges.com\/#organization\",\"name\":\"Territorial Challenges\",\"url\":\"https:\/\/territorialchallenges.com\/\",\"logo\":{\"@type\":\"ImageObject\",\"inLanguage\":\"nl-NL\",\"@id\":\"https:\/\/territorialchallenges.com\/#\/schema\/logo\/image\/\",\"url\":\"https:\/\/territorialchallenges.com\/wp-content\/uploads\/2023\/10\/logo-1.png\",\"contentUrl\":\"https:\/\/territorialchallenges.com\/wp-content\/uploads\/2023\/10\/logo-1.png\",\"width\":1832,\"height\":576,\"caption\":\"Territorial Challenges\"},\"image\":{\"@id\":\"https:\/\/territorialchallenges.com\/#\/schema\/logo\/image\/\"}},{\"@type\":\"Person\",\"@id\":\"https:\/\/territorialchallenges.com\/#\/schema\/person\/098f145c7c61a021c425e010f840080f\",\"name\":\"ni.abdi\",\"image\":{\"@type\":\"ImageObject\",\"inLanguage\":\"nl-NL\",\"@id\":\"https:\/\/territorialchallenges.com\/#\/schema\/person\/image\/\",\"url\":\"https:\/\/secure.gravatar.com\/avatar\/2a2f2491f3c80039986ba989b1e4b510?s=96&d=identicon&r=g\",\"contentUrl\":\"https:\/\/secure.gravatar.com\/avatar\/2a2f2491f3c80039986ba989b1e4b510?s=96&d=identicon&r=g\",\"caption\":\"ni.abdi\"},\"sameAs\":[\"https:\/\/twitter.com\/Ni.abdi\"],\"url\":\"https:\/\/territorialchallenges.com\/nl\/author\/ni-abdi\/\"}]}<\/script>\n<!-- \/ Yoast SEO plugin. -->","yoast_head_json":{"title":"Claudio Orrego : pionnier chilien de la nouvelle \u00e8re urbaine, gouverneur visionnaire de Santiago - Territorial Challenges","robots":{"index":"index","follow":"follow","max-snippet":"max-snippet:-1","max-image-preview":"max-image-preview:large","max-video-preview":"max-video-preview:-1"},"canonical":"https:\/\/territorialchallenges.com\/nl\/2023\/11\/13\/claudio-orrego-pionnier-chilien-de-la-nouvelle-ere-urbaine-gouverneur-visionnaire-de-santiago\/121755\/","og_locale":"nl_NL","og_type":"article","og_title":"Claudio Orrego : pionnier chilien de la nouvelle \u00e8re urbaine, gouverneur visionnaire de Santiago - Territorial Challenges","og_description":"\u00c0 la crois\u00e9e des d\u00e9fis climatiques, d\u00e9mocratiques et technologiques, Claudio Orrego \u00e9merge comme un leader incontournable, mettant en avant l&rsquo;importance cruciale de la collaboration et de l&rsquo;innovation dans la construction des villes du futur. Son intervention marquante au salon Smart City Expo World Congress de Barcelone en 2023 r\u00e9v\u00e8le son engagement envers une nouvelle \u00e8re [&hellip;]","og_url":"https:\/\/territorialchallenges.com\/nl\/2023\/11\/13\/claudio-orrego-pionnier-chilien-de-la-nouvelle-ere-urbaine-gouverneur-visionnaire-de-santiago\/121755\/","og_site_name":"Territorial Challenges","article_published_time":"2023-11-13T12:40:43+00:00","article_modified_time":"2023-11-13T12:40:45+00:00","og_image":[{"width":914,"height":892,"url":"https:\/\/territorialchallenges.com\/wp-content\/uploads\/2023\/11\/OnperledeuxClaudioOrrego.png","type":"image\/png"}],"author":"ni.abdi","twitter_card":"summary_large_image","twitter_creator":"@Ni.abdi","twitter_misc":{"Geschreven door":"ni.abdi","Geschatte leestijd":"4 minuten"},"schema":{"@context":"https:\/\/schema.org","@graph":[{"@type":"Article","@id":"https:\/\/territorialchallenges.com\/2023\/11\/13\/claudio-orrego-pionnier-chilien-de-la-nouvelle-ere-urbaine-gouverneur-visionnaire-de-santiago\/121755\/#article","isPartOf":{"@id":"https:\/\/territorialchallenges.com\/2023\/11\/13\/claudio-orrego-pionnier-chilien-de-la-nouvelle-ere-urbaine-gouverneur-visionnaire-de-santiago\/121755\/"},"author":{"name":"ni.abdi","@id":"https:\/\/territorialchallenges.com\/#\/schema\/person\/098f145c7c61a021c425e010f840080f"},"headline":"Claudio Orrego : pionnier chilien de la nouvelle \u00e8re urbaine, gouverneur visionnaire de Santiago","datePublished":"2023-11-13T12:40:43+00:00","dateModified":"2023-11-13T12:40:45+00:00","mainEntityOfPage":{"@id":"https:\/\/territorialchallenges.com\/2023\/11\/13\/claudio-orrego-pionnier-chilien-de-la-nouvelle-ere-urbaine-gouverneur-visionnaire-de-santiago\/121755\/"},"wordCount":739,"commentCount":0,"publisher":{"@id":"https:\/\/territorialchallenges.com\/#organization"},"articleSection":["On parle d'eux","\u00c9cosyst\u00e8me"],"inLanguage":"nl-NL"},{"@type":"WebPage","@id":"https:\/\/territorialchallenges.com\/2023\/11\/13\/claudio-orrego-pionnier-chilien-de-la-nouvelle-ere-urbaine-gouverneur-visionnaire-de-santiago\/121755\/","url":"https:\/\/territorialchallenges.com\/2023\/11\/13\/claudio-orrego-pionnier-chilien-de-la-nouvelle-ere-urbaine-gouverneur-visionnaire-de-santiago\/121755\/","name":"Claudio Orrego : pionnier chilien de la nouvelle \u00e8re urbaine, gouverneur visionnaire de Santiago - Territorial Challenges","isPartOf":{"@id":"https:\/\/territorialchallenges.com\/#website"},"datePublished":"2023-11-13T12:40:43+00:00","dateModified":"2023-11-13T12:40:45+00:00","breadcrumb":{"@id":"https:\/\/territorialchallenges.com\/2023\/11\/13\/claudio-orrego-pionnier-chilien-de-la-nouvelle-ere-urbaine-gouverneur-visionnaire-de-santiago\/121755\/#breadcrumb"},"inLanguage":"nl-NL","potentialAction":[{"@type":"ReadAction","target":["https:\/\/territorialchallenges.com\/2023\/11\/13\/claudio-orrego-pionnier-chilien-de-la-nouvelle-ere-urbaine-gouverneur-visionnaire-de-santiago\/121755\/"]}]},{"@type":"BreadcrumbList","@id":"https:\/\/territorialchallenges.com\/2023\/11\/13\/claudio-orrego-pionnier-chilien-de-la-nouvelle-ere-urbaine-gouverneur-visionnaire-de-santiago\/121755\/#breadcrumb","itemListElement":[{"@type":"ListItem","position":1,"name":"Home","item":"https:\/\/territorialchallenges.com\/"},{"@type":"ListItem","position":2,"name":"Claudio Orrego : pionnier chilien de la nouvelle \u00e8re urbaine, gouverneur visionnaire de Santiago"}]},{"@type":"WebSite","@id":"https:\/\/territorialchallenges.com\/#website","url":"https:\/\/territorialchallenges.com\/","name":"Territoriale uitdagingen","description":"Internationale monitoring - Slimme strategie\u00ebn - Beste praktijken","publisher":{"@id":"https:\/\/territorialchallenges.com\/#organization"},"potentialAction":[{"@type":"SearchAction","target":{"@type":"EntryPoint","urlTemplate":"https:\/\/territorialchallenges.com\/?s={search_term_string}"},"query-input":"required name=search_term_string"}],"inLanguage":"nl-NL"},{"@type":"Organization","@id":"https:\/\/territorialchallenges.com\/#organization","name":"Territoriale uitdagingen","url":"https:\/\/territorialchallenges.com\/","logo":{"@type":"ImageObject","inLanguage":"nl-NL","@id":"https:\/\/territorialchallenges.com\/#\/schema\/logo\/image\/","url":"https:\/\/territorialchallenges.com\/wp-content\/uploads\/2023\/10\/logo-1.png","contentUrl":"https:\/\/territorialchallenges.com\/wp-content\/uploads\/2023\/10\/logo-1.png","width":1832,"height":576,"caption":"Territorial Challenges"},"image":{"@id":"https:\/\/territorialchallenges.com\/#\/schema\/logo\/image\/"}},{"@type":"Person","@id":"https:\/\/territorialchallenges.com\/#\/schema\/person\/098f145c7c61a021c425e010f840080f","name":"ni.abdi","image":{"@type":"ImageObject","inLanguage":"nl-NL","@id":"https:\/\/territorialchallenges.com\/#\/schema\/person\/image\/","url":"https:\/\/secure.gravatar.com\/avatar\/2a2f2491f3c80039986ba989b1e4b510?s=96&d=identicon&r=g","contentUrl":"https:\/\/secure.gravatar.com\/avatar\/2a2f2491f3c80039986ba989b1e4b510?s=96&d=identicon&r=g","caption":"ni.abdi"},"sameAs":["https:\/\/twitter.com\/Ni.abdi"],"url":"https:\/\/territorialchallenges.com\/nl\/author\/ni-abdi\/"}]}},"_links":{"self":[{"href":"https:\/\/territorialchallenges.com\/nl\/wp-json\/wp\/v2\/posts\/121755"}],"collection":[{"href":"https:\/\/territorialchallenges.com\/nl\/wp-json\/wp\/v2\/posts"}],"about":[{"href":"https:\/\/territorialchallenges.com\/nl\/wp-json\/wp\/v2\/types\/post"}],"author":[{"embeddable":true,"href":"https:\/\/territorialchallenges.com\/nl\/wp-json\/wp\/v2\/users\/11"}],"replies":[{"embeddable":true,"href":"https:\/\/territorialchallenges.com\/nl\/wp-json\/wp\/v2\/comments?post=121755"}],"version-history":[{"count":1,"href":"https:\/\/territorialchallenges.com\/nl\/wp-json\/wp\/v2\/posts\/121755\/revisions"}],"predecessor-version":[{"id":121757,"href":"https:\/\/territorialchallenges.com\/nl\/wp-json\/wp\/v2\/posts\/121755\/revisions\/121757"}],"wp:featuredmedia":[{"embeddable":true,"href":"https:\/\/territorialchallenges.com\/nl\/wp-json\/wp\/v2\/media\/121756"}],"wp:attachment":[{"href":"https:\/\/territorialchallenges.com\/nl\/wp-json\/wp\/v2\/media?parent=121755"}],"wp:term":[{"taxonomy":"category","embeddable":true,"href":"https:\/\/territorialchallenges.com\/nl\/wp-json\/wp\/v2\/categories?post=121755"},{"taxonomy":"post_tag","embeddable":true,"href":"https:\/\/territorialchallenges.com\/nl\/wp-json\/wp\/v2\/tags?post=121755"}],"curies":[{"name":"wp","href":"https:\/\/api.w.org\/{rel}","templated":true}]}}