{"id":121752,"date":"2023-11-13T13:36:15","date_gmt":"2023-11-13T12:36:15","guid":{"rendered":"https:\/\/territorialchallenges.com\/?p=121752"},"modified":"2023-11-13T13:36:16","modified_gmt":"2023-11-13T12:36:16","slug":"curitiba-ville-intelligente-de-lannee-2023","status":"publish","type":"post","link":"https:\/\/territorialchallenges.com\/nl\/2023\/11\/13\/curitiba-ville-intelligente-de-lannee-2023\/121752\/","title":{"rendered":"Curitiba: Slimme Stad van het Jaar 2023"},"content":{"rendered":"<p>Curitiba, de ambitieuze Braziliaanse metropool, werd tijdens het Smart City Expo World Congress in Barcelona uitgeroepen tot &quot;Smart City van 2023&quot;. Deze erkenning onderstreept de uitzonderlijke inspanningen op het gebied van slimme stadsplanning, sociaaleconomische groei en ecologische duurzaamheid. Dit artikel onderzoekt de prestaties die Curitiba deze prestigieuze onderscheiding hebben opgeleverd, met aandacht voor... <\/p>\n<div class=\"pmpro_content_message\">Artikel alleen beschikbaar voor abonnees.<br \/><a href=\"https:\/\/territorialchallenges.com\/wp-login.php\">Login<\/a><br \/><a href=\"https:\/\/territorialchallenges.com\/nl\/wp-login.php\/?action=register\">Register<\/a><\/div>","protected":false},"excerpt":{"rendered":"<p>Curitiba, la m\u00e9tropole br\u00e9silienne audacieuse, a \u00e9t\u00e9 couronn\u00e9e \u00ab\u00a0Smart City of 2023\u00a0\u00bb lors du Smart City Expo World Congress \u00e0 Barcelone. Cette reconnaissance souligne ses efforts exceptionnels en mati\u00e8re de planification urbaine intelligente, de croissance socio-\u00e9conomique et de durabilit\u00e9 environnementale. Cet article explore les r\u00e9alisations qui ont valu \u00e0 Curitiba cette distinction prestigieuse, soulignant son... <\/p>\n<div class=\"pmpro_content_message\">Artikel alleen beschikbaar voor abonnees.<br \/><a href=\"https:\/\/territorialchallenges.com\/wp-login.php\">Login<\/a><br \/><a href=\"https:\/\/territorialchallenges.com\/nl\/wp-login.php\/?action=register\">Register<\/a><\/div>","protected":false},"author":11,"featured_media":121753,"comment_status":"open","ping_status":"open","sticky":true,"template":"","format":"standard","meta":{"pmpro_default_level":0,"footnotes":""},"categories":[120,117],"tags":[],"blocksy_meta":"","yoast_head":"<!-- This site is optimized with the Yoast SEO plugin v21.5 - https:\/\/yoast.com\/wordpress\/plugins\/seo\/ -->\n<title>Curitiba: Ville Intelligente de l&#039;Ann\u00e9e 2023 - Territorial Challenges<\/title>\n<meta name=\"robots\" content=\"index, follow, max-snippet:-1, max-image-preview:large, max-video-preview:-1\" \/>\n<link rel=\"canonical\" href=\"https:\/\/territorialchallenges.com\/nl\/2023\/11\/13\/curitiba-ville-intelligente-de-lannee-2023\/121752\/\" \/>\n<meta property=\"og:locale\" content=\"nl_NL\" \/>\n<meta property=\"og:type\" content=\"article\" \/>\n<meta property=\"og:title\" content=\"Curitiba: Ville Intelligente de l&#039;Ann\u00e9e 2023 - Territorial Challenges\" \/>\n<meta property=\"og:description\" content=\"Curitiba, la m\u00e9tropole br\u00e9silienne audacieuse, a \u00e9t\u00e9 couronn\u00e9e \u00ab\u00a0Smart City of 2023\u00a0\u00bb lors du Smart City Expo World Congress \u00e0 Barcelone. Cette reconnaissance souligne ses efforts exceptionnels en mati\u00e8re de planification urbaine intelligente, de croissance socio-\u00e9conomique et de durabilit\u00e9 environnementale. Cet article explore les r\u00e9alisations qui ont valu \u00e0 Curitiba cette distinction prestigieuse, soulignant son [&hellip;]\" \/>\n<meta property=\"og:url\" content=\"https:\/\/territorialchallenges.com\/nl\/2023\/11\/13\/curitiba-ville-intelligente-de-lannee-2023\/121752\/\" \/>\n<meta property=\"og:site_name\" content=\"Territorial Challenges\" \/>\n<meta property=\"article:published_time\" content=\"2023-11-13T12:36:15+00:00\" \/>\n<meta property=\"article:modified_time\" content=\"2023-11-13T12:36:16+00:00\" \/>\n<meta property=\"og:image\" content=\"https:\/\/territorialchallenges.com\/wp-content\/uploads\/2023\/11\/curitibailsestpassea13.11Photo.jpg\" \/>\n\t<meta property=\"og:image:width\" content=\"1280\" \/>\n\t<meta property=\"og:image:height\" content=\"772\" \/>\n\t<meta property=\"og:image:type\" content=\"image\/jpeg\" \/>\n<meta name=\"author\" content=\"ni.abdi\" \/>\n<meta name=\"twitter:card\" content=\"summary_large_image\" \/>\n<meta name=\"twitter:creator\" content=\"@Ni.abdi\" \/>\n<meta name=\"twitter:label1\" content=\"Geschreven door\" \/>\n\t<meta name=\"twitter:data1\" content=\"ni.abdi\" \/>\n\t<meta name=\"twitter:label2\" content=\"Geschatte leestijd\" \/>\n\t<meta name=\"twitter:data2\" content=\"4 minuten\" \/>\n<script type=\"application\/ld+json\" class=\"yoast-schema-graph\">{\"@context\":\"https:\/\/schema.org\",\"@graph\":[{\"@type\":\"Article\",\"@id\":\"https:\/\/territorialchallenges.com\/2023\/11\/13\/curitiba-ville-intelligente-de-lannee-2023\/121752\/#article\",\"isPartOf\":{\"@id\":\"https:\/\/territorialchallenges.com\/2023\/11\/13\/curitiba-ville-intelligente-de-lannee-2023\/121752\/\"},\"author\":{\"name\":\"ni.abdi\",\"@id\":\"https:\/\/territorialchallenges.com\/#\/schema\/person\/098f145c7c61a021c425e010f840080f\"},\"headline\":\"Curitiba: Ville Intelligente de l&rsquo;Ann\u00e9e 2023\",\"datePublished\":\"2023-11-13T12:36:15+00:00\",\"dateModified\":\"2023-11-13T12:36:16+00:00\",\"mainEntityOfPage\":{\"@id\":\"https:\/\/territorialchallenges.com\/2023\/11\/13\/curitiba-ville-intelligente-de-lannee-2023\/121752\/\"},\"wordCount\":684,\"commentCount\":0,\"publisher\":{\"@id\":\"https:\/\/territorialchallenges.com\/#organization\"},\"articleSection\":[\"Il s'est pass\u00e9 \u00e0\",\"\u00c9cosyst\u00e8me\"],\"inLanguage\":\"nl-NL\"},{\"@type\":\"WebPage\",\"@id\":\"https:\/\/territorialchallenges.com\/2023\/11\/13\/curitiba-ville-intelligente-de-lannee-2023\/121752\/\",\"url\":\"https:\/\/territorialchallenges.com\/2023\/11\/13\/curitiba-ville-intelligente-de-lannee-2023\/121752\/\",\"name\":\"Curitiba: Ville Intelligente de l'Ann\u00e9e 2023 - Territorial Challenges\",\"isPartOf\":{\"@id\":\"https:\/\/territorialchallenges.com\/#website\"},\"datePublished\":\"2023-11-13T12:36:15+00:00\",\"dateModified\":\"2023-11-13T12:36:16+00:00\",\"breadcrumb\":{\"@id\":\"https:\/\/territorialchallenges.com\/2023\/11\/13\/curitiba-ville-intelligente-de-lannee-2023\/121752\/#breadcrumb\"},\"inLanguage\":\"nl-NL\",\"potentialAction\":[{\"@type\":\"ReadAction\",\"target\":[\"https:\/\/territorialchallenges.com\/2023\/11\/13\/curitiba-ville-intelligente-de-lannee-2023\/121752\/\"]}]},{\"@type\":\"BreadcrumbList\",\"@id\":\"https:\/\/territorialchallenges.com\/2023\/11\/13\/curitiba-ville-intelligente-de-lannee-2023\/121752\/#breadcrumb\",\"itemListElement\":[{\"@type\":\"ListItem\",\"position\":1,\"name\":\"Home\",\"item\":\"https:\/\/territorialchallenges.com\/\"},{\"@type\":\"ListItem\",\"position\":2,\"name\":\"Curitiba: Ville Intelligente de l&rsquo;Ann\u00e9e 2023\"}]},{\"@type\":\"WebSite\",\"@id\":\"https:\/\/territorialchallenges.com\/#website\",\"url\":\"https:\/\/territorialchallenges.com\/\",\"name\":\"Territorial Challenges\",\"description\":\"Veille Internationale - Strat\u00e9gie Intelligentes - Bonnes pratiques\",\"publisher\":{\"@id\":\"https:\/\/territorialchallenges.com\/#organization\"},\"potentialAction\":[{\"@type\":\"SearchAction\",\"target\":{\"@type\":\"EntryPoint\",\"urlTemplate\":\"https:\/\/territorialchallenges.com\/?s={search_term_string}\"},\"query-input\":\"required name=search_term_string\"}],\"inLanguage\":\"nl-NL\"},{\"@type\":\"Organization\",\"@id\":\"https:\/\/territorialchallenges.com\/#organization\",\"name\":\"Territorial Challenges\",\"url\":\"https:\/\/territorialchallenges.com\/\",\"logo\":{\"@type\":\"ImageObject\",\"inLanguage\":\"nl-NL\",\"@id\":\"https:\/\/territorialchallenges.com\/#\/schema\/logo\/image\/\",\"url\":\"https:\/\/territorialchallenges.com\/wp-content\/uploads\/2023\/10\/logo-1.png\",\"contentUrl\":\"https:\/\/territorialchallenges.com\/wp-content\/uploads\/2023\/10\/logo-1.png\",\"width\":1832,\"height\":576,\"caption\":\"Territorial Challenges\"},\"image\":{\"@id\":\"https:\/\/territorialchallenges.com\/#\/schema\/logo\/image\/\"}},{\"@type\":\"Person\",\"@id\":\"https:\/\/territorialchallenges.com\/#\/schema\/person\/098f145c7c61a021c425e010f840080f\",\"name\":\"ni.abdi\",\"image\":{\"@type\":\"ImageObject\",\"inLanguage\":\"nl-NL\",\"@id\":\"https:\/\/territorialchallenges.com\/#\/schema\/person\/image\/\",\"url\":\"https:\/\/secure.gravatar.com\/avatar\/2a2f2491f3c80039986ba989b1e4b510?s=96&d=identicon&r=g\",\"contentUrl\":\"https:\/\/secure.gravatar.com\/avatar\/2a2f2491f3c80039986ba989b1e4b510?s=96&d=identicon&r=g\",\"caption\":\"ni.abdi\"},\"sameAs\":[\"https:\/\/twitter.com\/Ni.abdi\"],\"url\":\"https:\/\/territorialchallenges.com\/nl\/author\/ni-abdi\/\"}]}<\/script>\n<!-- \/ Yoast SEO plugin. -->","yoast_head_json":{"title":"Curitiba: Ville Intelligente de l'Ann\u00e9e 2023 - Territorial Challenges","robots":{"index":"index","follow":"follow","max-snippet":"max-snippet:-1","max-image-preview":"max-image-preview:large","max-video-preview":"max-video-preview:-1"},"canonical":"https:\/\/territorialchallenges.com\/nl\/2023\/11\/13\/curitiba-ville-intelligente-de-lannee-2023\/121752\/","og_locale":"nl_NL","og_type":"article","og_title":"Curitiba: Ville Intelligente de l'Ann\u00e9e 2023 - Territorial Challenges","og_description":"Curitiba, la m\u00e9tropole br\u00e9silienne audacieuse, a \u00e9t\u00e9 couronn\u00e9e \u00ab\u00a0Smart City of 2023\u00a0\u00bb lors du Smart City Expo World Congress \u00e0 Barcelone. Cette reconnaissance souligne ses efforts exceptionnels en mati\u00e8re de planification urbaine intelligente, de croissance socio-\u00e9conomique et de durabilit\u00e9 environnementale. Cet article explore les r\u00e9alisations qui ont valu \u00e0 Curitiba cette distinction prestigieuse, soulignant son [&hellip;]","og_url":"https:\/\/territorialchallenges.com\/nl\/2023\/11\/13\/curitiba-ville-intelligente-de-lannee-2023\/121752\/","og_site_name":"Territorial Challenges","article_published_time":"2023-11-13T12:36:15+00:00","article_modified_time":"2023-11-13T12:36:16+00:00","og_image":[{"width":1280,"height":772,"url":"https:\/\/territorialchallenges.com\/wp-content\/uploads\/2023\/11\/curitibailsestpassea13.11Photo.jpg","type":"image\/jpeg"}],"author":"ni.abdi","twitter_card":"summary_large_image","twitter_creator":"@Ni.abdi","twitter_misc":{"Geschreven door":"ni.abdi","Geschatte leestijd":"4 minuten"},"schema":{"@context":"https:\/\/schema.org","@graph":[{"@type":"Article","@id":"https:\/\/territorialchallenges.com\/2023\/11\/13\/curitiba-ville-intelligente-de-lannee-2023\/121752\/#article","isPartOf":{"@id":"https:\/\/territorialchallenges.com\/2023\/11\/13\/curitiba-ville-intelligente-de-lannee-2023\/121752\/"},"author":{"name":"ni.abdi","@id":"https:\/\/territorialchallenges.com\/#\/schema\/person\/098f145c7c61a021c425e010f840080f"},"headline":"Curitiba: Ville Intelligente de l&rsquo;Ann\u00e9e 2023","datePublished":"2023-11-13T12:36:15+00:00","dateModified":"2023-11-13T12:36:16+00:00","mainEntityOfPage":{"@id":"https:\/\/territorialchallenges.com\/2023\/11\/13\/curitiba-ville-intelligente-de-lannee-2023\/121752\/"},"wordCount":684,"commentCount":0,"publisher":{"@id":"https:\/\/territorialchallenges.com\/#organization"},"articleSection":["Il s'est pass\u00e9 \u00e0","\u00c9cosyst\u00e8me"],"inLanguage":"nl-NL"},{"@type":"WebPage","@id":"https:\/\/territorialchallenges.com\/2023\/11\/13\/curitiba-ville-intelligente-de-lannee-2023\/121752\/","url":"https:\/\/territorialchallenges.com\/2023\/11\/13\/curitiba-ville-intelligente-de-lannee-2023\/121752\/","name":"Curitiba: Ville Intelligente de l'Ann\u00e9e 2023 - Territorial Challenges","isPartOf":{"@id":"https:\/\/territorialchallenges.com\/#website"},"datePublished":"2023-11-13T12:36:15+00:00","dateModified":"2023-11-13T12:36:16+00:00","breadcrumb":{"@id":"https:\/\/territorialchallenges.com\/2023\/11\/13\/curitiba-ville-intelligente-de-lannee-2023\/121752\/#breadcrumb"},"inLanguage":"nl-NL","potentialAction":[{"@type":"ReadAction","target":["https:\/\/territorialchallenges.com\/2023\/11\/13\/curitiba-ville-intelligente-de-lannee-2023\/121752\/"]}]},{"@type":"BreadcrumbList","@id":"https:\/\/territorialchallenges.com\/2023\/11\/13\/curitiba-ville-intelligente-de-lannee-2023\/121752\/#breadcrumb","itemListElement":[{"@type":"ListItem","position":1,"name":"Home","item":"https:\/\/territorialchallenges.com\/"},{"@type":"ListItem","position":2,"name":"Curitiba: Ville Intelligente de l&rsquo;Ann\u00e9e 2023"}]},{"@type":"WebSite","@id":"https:\/\/territorialchallenges.com\/#website","url":"https:\/\/territorialchallenges.com\/","name":"Territoriale uitdagingen","description":"Internationale monitoring - Slimme strategie\u00ebn - Beste praktijken","publisher":{"@id":"https:\/\/territorialchallenges.com\/#organization"},"potentialAction":[{"@type":"SearchAction","target":{"@type":"EntryPoint","urlTemplate":"https:\/\/territorialchallenges.com\/?s={search_term_string}"},"query-input":"required name=search_term_string"}],"inLanguage":"nl-NL"},{"@type":"Organization","@id":"https:\/\/territorialchallenges.com\/#organization","name":"Territoriale uitdagingen","url":"https:\/\/territorialchallenges.com\/","logo":{"@type":"ImageObject","inLanguage":"nl-NL","@id":"https:\/\/territorialchallenges.com\/#\/schema\/logo\/image\/","url":"https:\/\/territorialchallenges.com\/wp-content\/uploads\/2023\/10\/logo-1.png","contentUrl":"https:\/\/territorialchallenges.com\/wp-content\/uploads\/2023\/10\/logo-1.png","width":1832,"height":576,"caption":"Territorial Challenges"},"image":{"@id":"https:\/\/territorialchallenges.com\/#\/schema\/logo\/image\/"}},{"@type":"Person","@id":"https:\/\/territorialchallenges.com\/#\/schema\/person\/098f145c7c61a021c425e010f840080f","name":"ni.abdi","image":{"@type":"ImageObject","inLanguage":"nl-NL","@id":"https:\/\/territorialchallenges.com\/#\/schema\/person\/image\/","url":"https:\/\/secure.gravatar.com\/avatar\/2a2f2491f3c80039986ba989b1e4b510?s=96&d=identicon&r=g","contentUrl":"https:\/\/secure.gravatar.com\/avatar\/2a2f2491f3c80039986ba989b1e4b510?s=96&d=identicon&r=g","caption":"ni.abdi"},"sameAs":["https:\/\/twitter.com\/Ni.abdi"],"url":"https:\/\/territorialchallenges.com\/nl\/author\/ni-abdi\/"}]}},"_links":{"self":[{"href":"https:\/\/territorialchallenges.com\/nl\/wp-json\/wp\/v2\/posts\/121752"}],"collection":[{"href":"https:\/\/territorialchallenges.com\/nl\/wp-json\/wp\/v2\/posts"}],"about":[{"href":"https:\/\/territorialchallenges.com\/nl\/wp-json\/wp\/v2\/types\/post"}],"author":[{"embeddable":true,"href":"https:\/\/territorialchallenges.com\/nl\/wp-json\/wp\/v2\/users\/11"}],"replies":[{"embeddable":true,"href":"https:\/\/territorialchallenges.com\/nl\/wp-json\/wp\/v2\/comments?post=121752"}],"version-history":[{"count":1,"href":"https:\/\/territorialchallenges.com\/nl\/wp-json\/wp\/v2\/posts\/121752\/revisions"}],"predecessor-version":[{"id":121754,"href":"https:\/\/territorialchallenges.com\/nl\/wp-json\/wp\/v2\/posts\/121752\/revisions\/121754"}],"wp:featuredmedia":[{"embeddable":true,"href":"https:\/\/territorialchallenges.com\/nl\/wp-json\/wp\/v2\/media\/121753"}],"wp:attachment":[{"href":"https:\/\/territorialchallenges.com\/nl\/wp-json\/wp\/v2\/media?parent=121752"}],"wp:term":[{"taxonomy":"category","embeddable":true,"href":"https:\/\/territorialchallenges.com\/nl\/wp-json\/wp\/v2\/categories?post=121752"},{"taxonomy":"post_tag","embeddable":true,"href":"https:\/\/territorialchallenges.com\/nl\/wp-json\/wp\/v2\/tags?post=121752"}],"curies":[{"name":"wp","href":"https:\/\/api.w.org\/{rel}","templated":true}]}}