{"id":121709,"date":"2023-11-06T12:27:18","date_gmt":"2023-11-06T11:27:18","guid":{"rendered":"https:\/\/territorialchallenges.com\/?p=121709"},"modified":"2023-11-06T14:56:15","modified_gmt":"2023-11-06T13:56:15","slug":"taiwan-et-lespagne-reunies-pour-le-premier-forum-daffaires-sur-les-villes-intelligentes-a-madrid","status":"publish","type":"post","link":"https:\/\/territorialchallenges.com\/nl\/2023\/11\/06\/taiwan-et-lespagne-reunies-pour-le-premier-forum-daffaires-sur-les-villes-intelligentes-a-madrid\/121709\/","title":{"rendered":"Taiwan en Spanje bundelen hun krachten voor het eerste Smart Cities Business Forum in Madrid"},"content":{"rendered":"<p>Op 6 november 2023 vindt in Madrid het allereerste Smart Cities Business Forum plaats, waar delegaties uit Taiwan en Spanje bijeenkomen. Dit evenement heeft als doel de technologische samenwerking te versterken en innovatie op het gebied van slimme steden te bevorderen. Taiwan, koploper in 5G-technologie en het Internet of Things,\u2026 <\/p>\n<div class=\"pmpro_content_message\">Artikel alleen beschikbaar voor abonnees.<br \/><a href=\"https:\/\/territorialchallenges.com\/wp-login.php\">Login<\/a><br \/><a href=\"https:\/\/territorialchallenges.com\/nl\/wp-login.php\/?action=register\">Register<\/a><\/div>","protected":false},"excerpt":{"rendered":"<p>Le 6 novembre 2023, Madrid sera le th\u00e9\u00e2tre du tout premier Forum d&rsquo;Affaires sur les Villes Intelligentes, r\u00e9unissant des d\u00e9l\u00e9gations de Ta\u00efwan et d&rsquo;Espagne. Cet \u00e9v\u00e9nement vise \u00e0 renforcer la coop\u00e9ration technologique et \u00e0 promouvoir l&rsquo;innovation dans le domaine des villes intelligentes. Ta\u00efwan, en tant que leader de la technologie 5G et de l&rsquo;Internet des... <\/p>\n<div class=\"pmpro_content_message\">Artikel alleen beschikbaar voor abonnees.<br \/><a href=\"https:\/\/territorialchallenges.com\/wp-login.php\">Login<\/a><br \/><a href=\"https:\/\/territorialchallenges.com\/nl\/wp-login.php\/?action=register\">Register<\/a><\/div>","protected":false},"author":11,"featured_media":121710,"comment_status":"open","ping_status":"open","sticky":true,"template":"","format":"standard","meta":{"pmpro_default_level":0,"footnotes":""},"categories":[120,117],"tags":[],"blocksy_meta":"","yoast_head":"<!-- This site is optimized with the Yoast SEO plugin v21.5 - https:\/\/yoast.com\/wordpress\/plugins\/seo\/ -->\n<title>Ta\u00efwan et l&#039;Espagne r\u00e9unies pour le premier Forum d&#039;Affaires sur les villes intelligentes \u00e0 Madrid - Territorial Challenges<\/title>\n<meta name=\"robots\" content=\"index, follow, max-snippet:-1, max-image-preview:large, max-video-preview:-1\" \/>\n<link rel=\"canonical\" href=\"https:\/\/territorialchallenges.com\/nl\/2023\/11\/06\/taiwan-et-lespagne-reunies-pour-le-premier-forum-daffaires-sur-les-villes-intelligentes-a-madrid\/121709\/\" \/>\n<meta property=\"og:locale\" content=\"nl_NL\" \/>\n<meta property=\"og:type\" content=\"article\" \/>\n<meta property=\"og:title\" content=\"Ta\u00efwan et l&#039;Espagne r\u00e9unies pour le premier Forum d&#039;Affaires sur les villes intelligentes \u00e0 Madrid - Territorial Challenges\" \/>\n<meta property=\"og:description\" content=\"Le 6 novembre 2023, Madrid sera le th\u00e9\u00e2tre du tout premier Forum d&rsquo;Affaires sur les Villes Intelligentes, r\u00e9unissant des d\u00e9l\u00e9gations de Ta\u00efwan et d&rsquo;Espagne. Cet \u00e9v\u00e9nement vise \u00e0 renforcer la coop\u00e9ration technologique et \u00e0 promouvoir l&rsquo;innovation dans le domaine des villes intelligentes. Ta\u00efwan, en tant que leader de la technologie 5G et de l&rsquo;Internet des [&hellip;]\" \/>\n<meta property=\"og:url\" content=\"https:\/\/territorialchallenges.com\/nl\/2023\/11\/06\/taiwan-et-lespagne-reunies-pour-le-premier-forum-daffaires-sur-les-villes-intelligentes-a-madrid\/121709\/\" \/>\n<meta property=\"og:site_name\" content=\"Territorial Challenges\" \/>\n<meta property=\"article:published_time\" content=\"2023-11-06T11:27:18+00:00\" \/>\n<meta property=\"article:modified_time\" content=\"2023-11-06T13:56:15+00:00\" \/>\n<meta property=\"og:image\" content=\"https:\/\/territorialchallenges.com\/wp-content\/uploads\/2023\/11\/Ilsestpasseamadrid.jpg\" \/>\n\t<meta property=\"og:image:width\" content=\"1280\" \/>\n\t<meta property=\"og:image:height\" content=\"750\" \/>\n\t<meta property=\"og:image:type\" content=\"image\/jpeg\" \/>\n<meta name=\"author\" content=\"ni.abdi\" \/>\n<meta name=\"twitter:card\" content=\"summary_large_image\" \/>\n<meta name=\"twitter:creator\" content=\"@Ni.abdi\" \/>\n<meta name=\"twitter:label1\" content=\"Geschreven door\" \/>\n\t<meta name=\"twitter:data1\" content=\"ni.abdi\" \/>\n\t<meta name=\"twitter:label2\" content=\"Geschatte leestijd\" \/>\n\t<meta name=\"twitter:data2\" content=\"3 minuten\" \/>\n<script type=\"application\/ld+json\" class=\"yoast-schema-graph\">{\"@context\":\"https:\/\/schema.org\",\"@graph\":[{\"@type\":\"Article\",\"@id\":\"https:\/\/territorialchallenges.com\/2023\/11\/06\/taiwan-et-lespagne-reunies-pour-le-premier-forum-daffaires-sur-les-villes-intelligentes-a-madrid\/121709\/#article\",\"isPartOf\":{\"@id\":\"https:\/\/territorialchallenges.com\/2023\/11\/06\/taiwan-et-lespagne-reunies-pour-le-premier-forum-daffaires-sur-les-villes-intelligentes-a-madrid\/121709\/\"},\"author\":{\"name\":\"ni.abdi\",\"@id\":\"https:\/\/territorialchallenges.com\/#\/schema\/person\/098f145c7c61a021c425e010f840080f\"},\"headline\":\"Ta\u00efwan et l&rsquo;Espagne r\u00e9unies pour le premier Forum d&rsquo;Affaires sur les villes intelligentes \u00e0 Madrid\",\"datePublished\":\"2023-11-06T11:27:18+00:00\",\"dateModified\":\"2023-11-06T13:56:15+00:00\",\"mainEntityOfPage\":{\"@id\":\"https:\/\/territorialchallenges.com\/2023\/11\/06\/taiwan-et-lespagne-reunies-pour-le-premier-forum-daffaires-sur-les-villes-intelligentes-a-madrid\/121709\/\"},\"wordCount\":637,\"commentCount\":0,\"publisher\":{\"@id\":\"https:\/\/territorialchallenges.com\/#organization\"},\"articleSection\":[\"Il s'est pass\u00e9 \u00e0\",\"\u00c9cosyst\u00e8me\"],\"inLanguage\":\"nl-NL\"},{\"@type\":\"WebPage\",\"@id\":\"https:\/\/territorialchallenges.com\/2023\/11\/06\/taiwan-et-lespagne-reunies-pour-le-premier-forum-daffaires-sur-les-villes-intelligentes-a-madrid\/121709\/\",\"url\":\"https:\/\/territorialchallenges.com\/2023\/11\/06\/taiwan-et-lespagne-reunies-pour-le-premier-forum-daffaires-sur-les-villes-intelligentes-a-madrid\/121709\/\",\"name\":\"Ta\u00efwan et l'Espagne r\u00e9unies pour le premier Forum d'Affaires sur les villes intelligentes \u00e0 Madrid - Territorial Challenges\",\"isPartOf\":{\"@id\":\"https:\/\/territorialchallenges.com\/#website\"},\"datePublished\":\"2023-11-06T11:27:18+00:00\",\"dateModified\":\"2023-11-06T13:56:15+00:00\",\"breadcrumb\":{\"@id\":\"https:\/\/territorialchallenges.com\/2023\/11\/06\/taiwan-et-lespagne-reunies-pour-le-premier-forum-daffaires-sur-les-villes-intelligentes-a-madrid\/121709\/#breadcrumb\"},\"inLanguage\":\"nl-NL\",\"potentialAction\":[{\"@type\":\"ReadAction\",\"target\":[\"https:\/\/territorialchallenges.com\/2023\/11\/06\/taiwan-et-lespagne-reunies-pour-le-premier-forum-daffaires-sur-les-villes-intelligentes-a-madrid\/121709\/\"]}]},{\"@type\":\"BreadcrumbList\",\"@id\":\"https:\/\/territorialchallenges.com\/2023\/11\/06\/taiwan-et-lespagne-reunies-pour-le-premier-forum-daffaires-sur-les-villes-intelligentes-a-madrid\/121709\/#breadcrumb\",\"itemListElement\":[{\"@type\":\"ListItem\",\"position\":1,\"name\":\"Home\",\"item\":\"https:\/\/territorialchallenges.com\/\"},{\"@type\":\"ListItem\",\"position\":2,\"name\":\"Ta\u00efwan et l&rsquo;Espagne r\u00e9unies pour le premier Forum d&rsquo;Affaires sur les villes intelligentes \u00e0 Madrid\"}]},{\"@type\":\"WebSite\",\"@id\":\"https:\/\/territorialchallenges.com\/#website\",\"url\":\"https:\/\/territorialchallenges.com\/\",\"name\":\"Territorial Challenges\",\"description\":\"Veille Internationale - Strat\u00e9gie Intelligentes - Bonnes pratiques\",\"publisher\":{\"@id\":\"https:\/\/territorialchallenges.com\/#organization\"},\"potentialAction\":[{\"@type\":\"SearchAction\",\"target\":{\"@type\":\"EntryPoint\",\"urlTemplate\":\"https:\/\/territorialchallenges.com\/?s={search_term_string}\"},\"query-input\":\"required name=search_term_string\"}],\"inLanguage\":\"nl-NL\"},{\"@type\":\"Organization\",\"@id\":\"https:\/\/territorialchallenges.com\/#organization\",\"name\":\"Territorial Challenges\",\"url\":\"https:\/\/territorialchallenges.com\/\",\"logo\":{\"@type\":\"ImageObject\",\"inLanguage\":\"nl-NL\",\"@id\":\"https:\/\/territorialchallenges.com\/#\/schema\/logo\/image\/\",\"url\":\"https:\/\/territorialchallenges.com\/wp-content\/uploads\/2023\/10\/logo-1.png\",\"contentUrl\":\"https:\/\/territorialchallenges.com\/wp-content\/uploads\/2023\/10\/logo-1.png\",\"width\":1832,\"height\":576,\"caption\":\"Territorial Challenges\"},\"image\":{\"@id\":\"https:\/\/territorialchallenges.com\/#\/schema\/logo\/image\/\"}},{\"@type\":\"Person\",\"@id\":\"https:\/\/territorialchallenges.com\/#\/schema\/person\/098f145c7c61a021c425e010f840080f\",\"name\":\"ni.abdi\",\"image\":{\"@type\":\"ImageObject\",\"inLanguage\":\"nl-NL\",\"@id\":\"https:\/\/territorialchallenges.com\/#\/schema\/person\/image\/\",\"url\":\"https:\/\/secure.gravatar.com\/avatar\/2a2f2491f3c80039986ba989b1e4b510?s=96&d=identicon&r=g\",\"contentUrl\":\"https:\/\/secure.gravatar.com\/avatar\/2a2f2491f3c80039986ba989b1e4b510?s=96&d=identicon&r=g\",\"caption\":\"ni.abdi\"},\"sameAs\":[\"https:\/\/twitter.com\/Ni.abdi\"],\"url\":\"https:\/\/territorialchallenges.com\/nl\/author\/ni-abdi\/\"}]}<\/script>\n<!-- \/ Yoast SEO plugin. -->","yoast_head_json":{"title":"Ta\u00efwan et l'Espagne r\u00e9unies pour le premier Forum d'Affaires sur les villes intelligentes \u00e0 Madrid - Territorial Challenges","robots":{"index":"index","follow":"follow","max-snippet":"max-snippet:-1","max-image-preview":"max-image-preview:large","max-video-preview":"max-video-preview:-1"},"canonical":"https:\/\/territorialchallenges.com\/nl\/2023\/11\/06\/taiwan-et-lespagne-reunies-pour-le-premier-forum-daffaires-sur-les-villes-intelligentes-a-madrid\/121709\/","og_locale":"nl_NL","og_type":"article","og_title":"Ta\u00efwan et l'Espagne r\u00e9unies pour le premier Forum d'Affaires sur les villes intelligentes \u00e0 Madrid - Territorial Challenges","og_description":"Le 6 novembre 2023, Madrid sera le th\u00e9\u00e2tre du tout premier Forum d&rsquo;Affaires sur les Villes Intelligentes, r\u00e9unissant des d\u00e9l\u00e9gations de Ta\u00efwan et d&rsquo;Espagne. Cet \u00e9v\u00e9nement vise \u00e0 renforcer la coop\u00e9ration technologique et \u00e0 promouvoir l&rsquo;innovation dans le domaine des villes intelligentes. Ta\u00efwan, en tant que leader de la technologie 5G et de l&rsquo;Internet des [&hellip;]","og_url":"https:\/\/territorialchallenges.com\/nl\/2023\/11\/06\/taiwan-et-lespagne-reunies-pour-le-premier-forum-daffaires-sur-les-villes-intelligentes-a-madrid\/121709\/","og_site_name":"Territorial Challenges","article_published_time":"2023-11-06T11:27:18+00:00","article_modified_time":"2023-11-06T13:56:15+00:00","og_image":[{"width":1280,"height":750,"url":"https:\/\/territorialchallenges.com\/wp-content\/uploads\/2023\/11\/Ilsestpasseamadrid.jpg","type":"image\/jpeg"}],"author":"ni.abdi","twitter_card":"summary_large_image","twitter_creator":"@Ni.abdi","twitter_misc":{"Geschreven door":"ni.abdi","Geschatte leestijd":"3 minuten"},"schema":{"@context":"https:\/\/schema.org","@graph":[{"@type":"Article","@id":"https:\/\/territorialchallenges.com\/2023\/11\/06\/taiwan-et-lespagne-reunies-pour-le-premier-forum-daffaires-sur-les-villes-intelligentes-a-madrid\/121709\/#article","isPartOf":{"@id":"https:\/\/territorialchallenges.com\/2023\/11\/06\/taiwan-et-lespagne-reunies-pour-le-premier-forum-daffaires-sur-les-villes-intelligentes-a-madrid\/121709\/"},"author":{"name":"ni.abdi","@id":"https:\/\/territorialchallenges.com\/#\/schema\/person\/098f145c7c61a021c425e010f840080f"},"headline":"Ta\u00efwan et l&rsquo;Espagne r\u00e9unies pour le premier Forum d&rsquo;Affaires sur les villes intelligentes \u00e0 Madrid","datePublished":"2023-11-06T11:27:18+00:00","dateModified":"2023-11-06T13:56:15+00:00","mainEntityOfPage":{"@id":"https:\/\/territorialchallenges.com\/2023\/11\/06\/taiwan-et-lespagne-reunies-pour-le-premier-forum-daffaires-sur-les-villes-intelligentes-a-madrid\/121709\/"},"wordCount":637,"commentCount":0,"publisher":{"@id":"https:\/\/territorialchallenges.com\/#organization"},"articleSection":["Il s'est pass\u00e9 \u00e0","\u00c9cosyst\u00e8me"],"inLanguage":"nl-NL"},{"@type":"WebPage","@id":"https:\/\/territorialchallenges.com\/2023\/11\/06\/taiwan-et-lespagne-reunies-pour-le-premier-forum-daffaires-sur-les-villes-intelligentes-a-madrid\/121709\/","url":"https:\/\/territorialchallenges.com\/2023\/11\/06\/taiwan-et-lespagne-reunies-pour-le-premier-forum-daffaires-sur-les-villes-intelligentes-a-madrid\/121709\/","name":"Ta\u00efwan et l'Espagne r\u00e9unies pour le premier Forum d'Affaires sur les villes intelligentes \u00e0 Madrid - Territorial Challenges","isPartOf":{"@id":"https:\/\/territorialchallenges.com\/#website"},"datePublished":"2023-11-06T11:27:18+00:00","dateModified":"2023-11-06T13:56:15+00:00","breadcrumb":{"@id":"https:\/\/territorialchallenges.com\/2023\/11\/06\/taiwan-et-lespagne-reunies-pour-le-premier-forum-daffaires-sur-les-villes-intelligentes-a-madrid\/121709\/#breadcrumb"},"inLanguage":"nl-NL","potentialAction":[{"@type":"ReadAction","target":["https:\/\/territorialchallenges.com\/2023\/11\/06\/taiwan-et-lespagne-reunies-pour-le-premier-forum-daffaires-sur-les-villes-intelligentes-a-madrid\/121709\/"]}]},{"@type":"BreadcrumbList","@id":"https:\/\/territorialchallenges.com\/2023\/11\/06\/taiwan-et-lespagne-reunies-pour-le-premier-forum-daffaires-sur-les-villes-intelligentes-a-madrid\/121709\/#breadcrumb","itemListElement":[{"@type":"ListItem","position":1,"name":"Home","item":"https:\/\/territorialchallenges.com\/"},{"@type":"ListItem","position":2,"name":"Ta\u00efwan et l&rsquo;Espagne r\u00e9unies pour le premier Forum d&rsquo;Affaires sur les villes intelligentes \u00e0 Madrid"}]},{"@type":"WebSite","@id":"https:\/\/territorialchallenges.com\/#website","url":"https:\/\/territorialchallenges.com\/","name":"Territoriale uitdagingen","description":"Internationale monitoring - Slimme strategie\u00ebn - Beste praktijken","publisher":{"@id":"https:\/\/territorialchallenges.com\/#organization"},"potentialAction":[{"@type":"SearchAction","target":{"@type":"EntryPoint","urlTemplate":"https:\/\/territorialchallenges.com\/?s={search_term_string}"},"query-input":"required name=search_term_string"}],"inLanguage":"nl-NL"},{"@type":"Organization","@id":"https:\/\/territorialchallenges.com\/#organization","name":"Territoriale uitdagingen","url":"https:\/\/territorialchallenges.com\/","logo":{"@type":"ImageObject","inLanguage":"nl-NL","@id":"https:\/\/territorialchallenges.com\/#\/schema\/logo\/image\/","url":"https:\/\/territorialchallenges.com\/wp-content\/uploads\/2023\/10\/logo-1.png","contentUrl":"https:\/\/territorialchallenges.com\/wp-content\/uploads\/2023\/10\/logo-1.png","width":1832,"height":576,"caption":"Territorial Challenges"},"image":{"@id":"https:\/\/territorialchallenges.com\/#\/schema\/logo\/image\/"}},{"@type":"Person","@id":"https:\/\/territorialchallenges.com\/#\/schema\/person\/098f145c7c61a021c425e010f840080f","name":"ni.abdi","image":{"@type":"ImageObject","inLanguage":"nl-NL","@id":"https:\/\/territorialchallenges.com\/#\/schema\/person\/image\/","url":"https:\/\/secure.gravatar.com\/avatar\/2a2f2491f3c80039986ba989b1e4b510?s=96&d=identicon&r=g","contentUrl":"https:\/\/secure.gravatar.com\/avatar\/2a2f2491f3c80039986ba989b1e4b510?s=96&d=identicon&r=g","caption":"ni.abdi"},"sameAs":["https:\/\/twitter.com\/Ni.abdi"],"url":"https:\/\/territorialchallenges.com\/nl\/author\/ni-abdi\/"}]}},"_links":{"self":[{"href":"https:\/\/territorialchallenges.com\/nl\/wp-json\/wp\/v2\/posts\/121709"}],"collection":[{"href":"https:\/\/territorialchallenges.com\/nl\/wp-json\/wp\/v2\/posts"}],"about":[{"href":"https:\/\/territorialchallenges.com\/nl\/wp-json\/wp\/v2\/types\/post"}],"author":[{"embeddable":true,"href":"https:\/\/territorialchallenges.com\/nl\/wp-json\/wp\/v2\/users\/11"}],"replies":[{"embeddable":true,"href":"https:\/\/territorialchallenges.com\/nl\/wp-json\/wp\/v2\/comments?post=121709"}],"version-history":[{"count":1,"href":"https:\/\/territorialchallenges.com\/nl\/wp-json\/wp\/v2\/posts\/121709\/revisions"}],"predecessor-version":[{"id":121711,"href":"https:\/\/territorialchallenges.com\/nl\/wp-json\/wp\/v2\/posts\/121709\/revisions\/121711"}],"wp:featuredmedia":[{"embeddable":true,"href":"https:\/\/territorialchallenges.com\/nl\/wp-json\/wp\/v2\/media\/121710"}],"wp:attachment":[{"href":"https:\/\/territorialchallenges.com\/nl\/wp-json\/wp\/v2\/media?parent=121709"}],"wp:term":[{"taxonomy":"category","embeddable":true,"href":"https:\/\/territorialchallenges.com\/nl\/wp-json\/wp\/v2\/categories?post=121709"},{"taxonomy":"post_tag","embeddable":true,"href":"https:\/\/territorialchallenges.com\/nl\/wp-json\/wp\/v2\/tags?post=121709"}],"curies":[{"name":"wp","href":"https:\/\/api.w.org\/{rel}","templated":true}]}}