{"id":121687,"date":"2023-11-06T11:08:25","date_gmt":"2023-11-06T10:08:25","guid":{"rendered":"https:\/\/territorialchallenges.com\/?p=121687"},"modified":"2023-11-06T11:08:28","modified_gmt":"2023-11-06T10:08:28","slug":"la-ville-de-graz-en-autriche-modele-de-gestion-et-de-protection-des-donnees-au-service-des-citoyens","status":"publish","type":"post","link":"https:\/\/territorialchallenges.com\/nl\/2023\/11\/06\/la-ville-de-graz-en-autriche-modele-de-gestion-et-de-protection-des-donnees-au-service-des-citoyens\/121687\/","title":{"rendered":"De stad Graz in Oostenrijk: een model voor gegevensbeheer en -bescherming ten dienste van burgers"},"content":{"rendered":"<p>Graz, de prachtige Oostenrijkse stad, is een voorbeeld van databeheer en -bescherming voor haar 292.630 inwoners. Graz houdt zich strikt aan de AVG en bewaart en verwerkt persoonsgegevens met transparantie en veiligheid in het achterhoofd. Ontdek hoe deze stad haar beleid voor openbaar databeheer implementeert... <\/p>\n<div class=\"pmpro_content_message\">Artikel alleen beschikbaar voor abonnees.<br \/><a href=\"https:\/\/territorialchallenges.com\/wp-login.php\">Login<\/a><br \/><a href=\"https:\/\/territorialchallenges.com\/nl\/wp-login.php\/?action=register\">Register<\/a><\/div>","protected":false},"excerpt":{"rendered":"<p>Graz, la magnifique ville autrichienne, est un exemple de gestion et de protection des donn\u00e9es au service de ses 292 630 citoyens. Respectant scrupuleusement le RGPD de l&rsquo;UE, Graz stocke et traite les donn\u00e9es personnelles avec un souci de transparence et de s\u00e9curit\u00e9. D\u00e9couvrez comment cette ville applique sa politique publique de gestion des donn\u00e9es... <\/p>\n<div class=\"pmpro_content_message\">Artikel alleen beschikbaar voor abonnees.<br \/><a href=\"https:\/\/territorialchallenges.com\/wp-login.php\">Login<\/a><br \/><a href=\"https:\/\/territorialchallenges.com\/nl\/wp-login.php\/?action=register\">Register<\/a><\/div>","protected":false},"author":11,"featured_media":121689,"comment_status":"open","ping_status":"open","sticky":true,"template":"","format":"standard","meta":{"pmpro_default_level":0,"footnotes":""},"categories":[16,127],"tags":[],"blocksy_meta":"","yoast_head":"<!-- This site is optimized with the Yoast SEO plugin v21.5 - https:\/\/yoast.com\/wordpress\/plugins\/seo\/ -->\n<title>La Ville de Graz en Autriche : mod\u00e8le de gestion et de protection des donn\u00e9es au service des citoyens - Territorial Challenges<\/title>\n<meta name=\"robots\" content=\"index, follow, max-snippet:-1, max-image-preview:large, max-video-preview:-1\" \/>\n<link rel=\"canonical\" href=\"https:\/\/territorialchallenges.com\/nl\/2023\/11\/06\/la-ville-de-graz-en-autriche-modele-de-gestion-et-de-protection-des-donnees-au-service-des-citoyens\/121687\/\" \/>\n<meta property=\"og:locale\" content=\"nl_NL\" \/>\n<meta property=\"og:type\" content=\"article\" \/>\n<meta property=\"og:title\" content=\"La Ville de Graz en Autriche : mod\u00e8le de gestion et de protection des donn\u00e9es au service des citoyens - Territorial Challenges\" \/>\n<meta property=\"og:description\" content=\"Graz, la magnifique ville autrichienne, est un exemple de gestion et de protection des donn\u00e9es au service de ses 292 630 citoyens. Respectant scrupuleusement le RGPD de l&rsquo;UE, Graz stocke et traite les donn\u00e9es personnelles avec un souci de transparence et de s\u00e9curit\u00e9. D\u00e9couvrez comment cette ville applique sa politique publique de gestion des donn\u00e9es [&hellip;]\" \/>\n<meta property=\"og:url\" content=\"https:\/\/territorialchallenges.com\/nl\/2023\/11\/06\/la-ville-de-graz-en-autriche-modele-de-gestion-et-de-protection-des-donnees-au-service-des-citoyens\/121687\/\" \/>\n<meta property=\"og:site_name\" content=\"Territorial Challenges\" \/>\n<meta property=\"article:published_time\" content=\"2023-11-06T10:08:25+00:00\" \/>\n<meta property=\"article:modified_time\" content=\"2023-11-06T10:08:28+00:00\" \/>\n<meta property=\"og:image\" content=\"https:\/\/territorialchallenges.com\/wp-content\/uploads\/2023\/11\/DonneesGraz7.11.jpg\" \/>\n\t<meta property=\"og:image:width\" content=\"1280\" \/>\n\t<meta property=\"og:image:height\" content=\"854\" \/>\n\t<meta property=\"og:image:type\" content=\"image\/jpeg\" \/>\n<meta name=\"author\" content=\"ni.abdi\" \/>\n<meta name=\"twitter:card\" content=\"summary_large_image\" \/>\n<meta name=\"twitter:creator\" content=\"@Ni.abdi\" \/>\n<meta name=\"twitter:label1\" content=\"Geschreven door\" \/>\n\t<meta name=\"twitter:data1\" content=\"ni.abdi\" \/>\n\t<meta name=\"twitter:label2\" content=\"Geschatte leestijd\" \/>\n\t<meta name=\"twitter:data2\" content=\"4 minuten\" \/>\n<script type=\"application\/ld+json\" class=\"yoast-schema-graph\">{\"@context\":\"https:\/\/schema.org\",\"@graph\":[{\"@type\":\"Article\",\"@id\":\"https:\/\/territorialchallenges.com\/2023\/11\/06\/la-ville-de-graz-en-autriche-modele-de-gestion-et-de-protection-des-donnees-au-service-des-citoyens\/121687\/#article\",\"isPartOf\":{\"@id\":\"https:\/\/territorialchallenges.com\/2023\/11\/06\/la-ville-de-graz-en-autriche-modele-de-gestion-et-de-protection-des-donnees-au-service-des-citoyens\/121687\/\"},\"author\":{\"name\":\"ni.abdi\",\"@id\":\"https:\/\/territorialchallenges.com\/#\/schema\/person\/098f145c7c61a021c425e010f840080f\"},\"headline\":\"La Ville de Graz en Autriche : mod\u00e8le de gestion et de protection des donn\u00e9es au service des citoyens\",\"datePublished\":\"2023-11-06T10:08:25+00:00\",\"dateModified\":\"2023-11-06T10:08:28+00:00\",\"mainEntityOfPage\":{\"@id\":\"https:\/\/territorialchallenges.com\/2023\/11\/06\/la-ville-de-graz-en-autriche-modele-de-gestion-et-de-protection-des-donnees-au-service-des-citoyens\/121687\/\"},\"wordCount\":731,\"commentCount\":0,\"publisher\":{\"@id\":\"https:\/\/territorialchallenges.com\/#organization\"},\"articleSection\":[\"Donn\u00e9es\/Objets Connect\u00e9s\",\"Actualit\u00e9 Europe\"],\"inLanguage\":\"nl-NL\"},{\"@type\":\"WebPage\",\"@id\":\"https:\/\/territorialchallenges.com\/2023\/11\/06\/la-ville-de-graz-en-autriche-modele-de-gestion-et-de-protection-des-donnees-au-service-des-citoyens\/121687\/\",\"url\":\"https:\/\/territorialchallenges.com\/2023\/11\/06\/la-ville-de-graz-en-autriche-modele-de-gestion-et-de-protection-des-donnees-au-service-des-citoyens\/121687\/\",\"name\":\"La Ville de Graz en Autriche : mod\u00e8le de gestion et de protection des donn\u00e9es au service des citoyens - Territorial Challenges\",\"isPartOf\":{\"@id\":\"https:\/\/territorialchallenges.com\/#website\"},\"datePublished\":\"2023-11-06T10:08:25+00:00\",\"dateModified\":\"2023-11-06T10:08:28+00:00\",\"breadcrumb\":{\"@id\":\"https:\/\/territorialchallenges.com\/2023\/11\/06\/la-ville-de-graz-en-autriche-modele-de-gestion-et-de-protection-des-donnees-au-service-des-citoyens\/121687\/#breadcrumb\"},\"inLanguage\":\"nl-NL\",\"potentialAction\":[{\"@type\":\"ReadAction\",\"target\":[\"https:\/\/territorialchallenges.com\/2023\/11\/06\/la-ville-de-graz-en-autriche-modele-de-gestion-et-de-protection-des-donnees-au-service-des-citoyens\/121687\/\"]}]},{\"@type\":\"BreadcrumbList\",\"@id\":\"https:\/\/territorialchallenges.com\/2023\/11\/06\/la-ville-de-graz-en-autriche-modele-de-gestion-et-de-protection-des-donnees-au-service-des-citoyens\/121687\/#breadcrumb\",\"itemListElement\":[{\"@type\":\"ListItem\",\"position\":1,\"name\":\"Home\",\"item\":\"https:\/\/territorialchallenges.com\/\"},{\"@type\":\"ListItem\",\"position\":2,\"name\":\"La Ville de Graz en Autriche : mod\u00e8le de gestion et de protection des donn\u00e9es au service des citoyens\"}]},{\"@type\":\"WebSite\",\"@id\":\"https:\/\/territorialchallenges.com\/#website\",\"url\":\"https:\/\/territorialchallenges.com\/\",\"name\":\"Territorial Challenges\",\"description\":\"Veille Internationale - Strat\u00e9gie Intelligentes - Bonnes pratiques\",\"publisher\":{\"@id\":\"https:\/\/territorialchallenges.com\/#organization\"},\"potentialAction\":[{\"@type\":\"SearchAction\",\"target\":{\"@type\":\"EntryPoint\",\"urlTemplate\":\"https:\/\/territorialchallenges.com\/?s={search_term_string}\"},\"query-input\":\"required name=search_term_string\"}],\"inLanguage\":\"nl-NL\"},{\"@type\":\"Organization\",\"@id\":\"https:\/\/territorialchallenges.com\/#organization\",\"name\":\"Territorial Challenges\",\"url\":\"https:\/\/territorialchallenges.com\/\",\"logo\":{\"@type\":\"ImageObject\",\"inLanguage\":\"nl-NL\",\"@id\":\"https:\/\/territorialchallenges.com\/#\/schema\/logo\/image\/\",\"url\":\"https:\/\/territorialchallenges.com\/wp-content\/uploads\/2023\/10\/logo-1.png\",\"contentUrl\":\"https:\/\/territorialchallenges.com\/wp-content\/uploads\/2023\/10\/logo-1.png\",\"width\":1832,\"height\":576,\"caption\":\"Territorial Challenges\"},\"image\":{\"@id\":\"https:\/\/territorialchallenges.com\/#\/schema\/logo\/image\/\"}},{\"@type\":\"Person\",\"@id\":\"https:\/\/territorialchallenges.com\/#\/schema\/person\/098f145c7c61a021c425e010f840080f\",\"name\":\"ni.abdi\",\"image\":{\"@type\":\"ImageObject\",\"inLanguage\":\"nl-NL\",\"@id\":\"https:\/\/territorialchallenges.com\/#\/schema\/person\/image\/\",\"url\":\"https:\/\/secure.gravatar.com\/avatar\/2a2f2491f3c80039986ba989b1e4b510?s=96&d=identicon&r=g\",\"contentUrl\":\"https:\/\/secure.gravatar.com\/avatar\/2a2f2491f3c80039986ba989b1e4b510?s=96&d=identicon&r=g\",\"caption\":\"ni.abdi\"},\"sameAs\":[\"https:\/\/twitter.com\/Ni.abdi\"],\"url\":\"https:\/\/territorialchallenges.com\/nl\/author\/ni-abdi\/\"}]}<\/script>\n<!-- \/ Yoast SEO plugin. -->","yoast_head_json":{"title":"La Ville de Graz en Autriche : mod\u00e8le de gestion et de protection des donn\u00e9es au service des citoyens - Territorial Challenges","robots":{"index":"index","follow":"follow","max-snippet":"max-snippet:-1","max-image-preview":"max-image-preview:large","max-video-preview":"max-video-preview:-1"},"canonical":"https:\/\/territorialchallenges.com\/nl\/2023\/11\/06\/la-ville-de-graz-en-autriche-modele-de-gestion-et-de-protection-des-donnees-au-service-des-citoyens\/121687\/","og_locale":"nl_NL","og_type":"article","og_title":"La Ville de Graz en Autriche : mod\u00e8le de gestion et de protection des donn\u00e9es au service des citoyens - Territorial Challenges","og_description":"Graz, la magnifique ville autrichienne, est un exemple de gestion et de protection des donn\u00e9es au service de ses 292 630 citoyens. Respectant scrupuleusement le RGPD de l&rsquo;UE, Graz stocke et traite les donn\u00e9es personnelles avec un souci de transparence et de s\u00e9curit\u00e9. D\u00e9couvrez comment cette ville applique sa politique publique de gestion des donn\u00e9es [&hellip;]","og_url":"https:\/\/territorialchallenges.com\/nl\/2023\/11\/06\/la-ville-de-graz-en-autriche-modele-de-gestion-et-de-protection-des-donnees-au-service-des-citoyens\/121687\/","og_site_name":"Territorial Challenges","article_published_time":"2023-11-06T10:08:25+00:00","article_modified_time":"2023-11-06T10:08:28+00:00","og_image":[{"width":1280,"height":854,"url":"https:\/\/territorialchallenges.com\/wp-content\/uploads\/2023\/11\/DonneesGraz7.11.jpg","type":"image\/jpeg"}],"author":"ni.abdi","twitter_card":"summary_large_image","twitter_creator":"@Ni.abdi","twitter_misc":{"Geschreven door":"ni.abdi","Geschatte leestijd":"4 minuten"},"schema":{"@context":"https:\/\/schema.org","@graph":[{"@type":"Article","@id":"https:\/\/territorialchallenges.com\/2023\/11\/06\/la-ville-de-graz-en-autriche-modele-de-gestion-et-de-protection-des-donnees-au-service-des-citoyens\/121687\/#article","isPartOf":{"@id":"https:\/\/territorialchallenges.com\/2023\/11\/06\/la-ville-de-graz-en-autriche-modele-de-gestion-et-de-protection-des-donnees-au-service-des-citoyens\/121687\/"},"author":{"name":"ni.abdi","@id":"https:\/\/territorialchallenges.com\/#\/schema\/person\/098f145c7c61a021c425e010f840080f"},"headline":"La Ville de Graz en Autriche : mod\u00e8le de gestion et de protection des donn\u00e9es au service des citoyens","datePublished":"2023-11-06T10:08:25+00:00","dateModified":"2023-11-06T10:08:28+00:00","mainEntityOfPage":{"@id":"https:\/\/territorialchallenges.com\/2023\/11\/06\/la-ville-de-graz-en-autriche-modele-de-gestion-et-de-protection-des-donnees-au-service-des-citoyens\/121687\/"},"wordCount":731,"commentCount":0,"publisher":{"@id":"https:\/\/territorialchallenges.com\/#organization"},"articleSection":["Donn\u00e9es\/Objets Connect\u00e9s","Actualit\u00e9 Europe"],"inLanguage":"nl-NL"},{"@type":"WebPage","@id":"https:\/\/territorialchallenges.com\/2023\/11\/06\/la-ville-de-graz-en-autriche-modele-de-gestion-et-de-protection-des-donnees-au-service-des-citoyens\/121687\/","url":"https:\/\/territorialchallenges.com\/2023\/11\/06\/la-ville-de-graz-en-autriche-modele-de-gestion-et-de-protection-des-donnees-au-service-des-citoyens\/121687\/","name":"La Ville de Graz en Autriche : mod\u00e8le de gestion et de protection des donn\u00e9es au service des citoyens - Territorial Challenges","isPartOf":{"@id":"https:\/\/territorialchallenges.com\/#website"},"datePublished":"2023-11-06T10:08:25+00:00","dateModified":"2023-11-06T10:08:28+00:00","breadcrumb":{"@id":"https:\/\/territorialchallenges.com\/2023\/11\/06\/la-ville-de-graz-en-autriche-modele-de-gestion-et-de-protection-des-donnees-au-service-des-citoyens\/121687\/#breadcrumb"},"inLanguage":"nl-NL","potentialAction":[{"@type":"ReadAction","target":["https:\/\/territorialchallenges.com\/2023\/11\/06\/la-ville-de-graz-en-autriche-modele-de-gestion-et-de-protection-des-donnees-au-service-des-citoyens\/121687\/"]}]},{"@type":"BreadcrumbList","@id":"https:\/\/territorialchallenges.com\/2023\/11\/06\/la-ville-de-graz-en-autriche-modele-de-gestion-et-de-protection-des-donnees-au-service-des-citoyens\/121687\/#breadcrumb","itemListElement":[{"@type":"ListItem","position":1,"name":"Home","item":"https:\/\/territorialchallenges.com\/"},{"@type":"ListItem","position":2,"name":"La Ville de Graz en Autriche : mod\u00e8le de gestion et de protection des donn\u00e9es au service des citoyens"}]},{"@type":"WebSite","@id":"https:\/\/territorialchallenges.com\/#website","url":"https:\/\/territorialchallenges.com\/","name":"Territoriale uitdagingen","description":"Internationale monitoring - Slimme strategie\u00ebn - Beste praktijken","publisher":{"@id":"https:\/\/territorialchallenges.com\/#organization"},"potentialAction":[{"@type":"SearchAction","target":{"@type":"EntryPoint","urlTemplate":"https:\/\/territorialchallenges.com\/?s={search_term_string}"},"query-input":"required name=search_term_string"}],"inLanguage":"nl-NL"},{"@type":"Organization","@id":"https:\/\/territorialchallenges.com\/#organization","name":"Territoriale uitdagingen","url":"https:\/\/territorialchallenges.com\/","logo":{"@type":"ImageObject","inLanguage":"nl-NL","@id":"https:\/\/territorialchallenges.com\/#\/schema\/logo\/image\/","url":"https:\/\/territorialchallenges.com\/wp-content\/uploads\/2023\/10\/logo-1.png","contentUrl":"https:\/\/territorialchallenges.com\/wp-content\/uploads\/2023\/10\/logo-1.png","width":1832,"height":576,"caption":"Territorial Challenges"},"image":{"@id":"https:\/\/territorialchallenges.com\/#\/schema\/logo\/image\/"}},{"@type":"Person","@id":"https:\/\/territorialchallenges.com\/#\/schema\/person\/098f145c7c61a021c425e010f840080f","name":"ni.abdi","image":{"@type":"ImageObject","inLanguage":"nl-NL","@id":"https:\/\/territorialchallenges.com\/#\/schema\/person\/image\/","url":"https:\/\/secure.gravatar.com\/avatar\/2a2f2491f3c80039986ba989b1e4b510?s=96&d=identicon&r=g","contentUrl":"https:\/\/secure.gravatar.com\/avatar\/2a2f2491f3c80039986ba989b1e4b510?s=96&d=identicon&r=g","caption":"ni.abdi"},"sameAs":["https:\/\/twitter.com\/Ni.abdi"],"url":"https:\/\/territorialchallenges.com\/nl\/author\/ni-abdi\/"}]}},"_links":{"self":[{"href":"https:\/\/territorialchallenges.com\/nl\/wp-json\/wp\/v2\/posts\/121687"}],"collection":[{"href":"https:\/\/territorialchallenges.com\/nl\/wp-json\/wp\/v2\/posts"}],"about":[{"href":"https:\/\/territorialchallenges.com\/nl\/wp-json\/wp\/v2\/types\/post"}],"author":[{"embeddable":true,"href":"https:\/\/territorialchallenges.com\/nl\/wp-json\/wp\/v2\/users\/11"}],"replies":[{"embeddable":true,"href":"https:\/\/territorialchallenges.com\/nl\/wp-json\/wp\/v2\/comments?post=121687"}],"version-history":[{"count":1,"href":"https:\/\/territorialchallenges.com\/nl\/wp-json\/wp\/v2\/posts\/121687\/revisions"}],"predecessor-version":[{"id":121690,"href":"https:\/\/territorialchallenges.com\/nl\/wp-json\/wp\/v2\/posts\/121687\/revisions\/121690"}],"wp:featuredmedia":[{"embeddable":true,"href":"https:\/\/territorialchallenges.com\/nl\/wp-json\/wp\/v2\/media\/121689"}],"wp:attachment":[{"href":"https:\/\/territorialchallenges.com\/nl\/wp-json\/wp\/v2\/media?parent=121687"}],"wp:term":[{"taxonomy":"category","embeddable":true,"href":"https:\/\/territorialchallenges.com\/nl\/wp-json\/wp\/v2\/categories?post=121687"},{"taxonomy":"post_tag","embeddable":true,"href":"https:\/\/territorialchallenges.com\/nl\/wp-json\/wp\/v2\/tags?post=121687"}],"curies":[{"name":"wp","href":"https:\/\/api.w.org\/{rel}","templated":true}]}}