{"id":121079,"date":"2023-09-05T09:49:59","date_gmt":"2023-09-05T07:49:59","guid":{"rendered":"https:\/\/territorialchallenges.com\/?p=121079"},"modified":"2023-09-05T09:49:59","modified_gmt":"2023-09-05T07:49:59","slug":"mobilyze-pro-lia-au-service-de-lexpansion-intelligente-de-la-recharge-des-vehicules-electriques-en-amerique-du-nord","status":"publish","type":"post","link":"https:\/\/territorialchallenges.com\/nl\/2023\/09\/05\/mobilyze-pro-lia-au-service-de-lexpansion-intelligente-de-la-recharge-des-vehicules-electriques-en-amerique-du-nord\/121079\/","title":{"rendered":"Mobilyze Pro: AI stimuleert de slimme uitbreiding van het opladen van elektrische voertuigen in Noord-Amerika"},"content":{"rendered":"<p>FreeWire Technologies revolutioneert de laadsector voor elektrische voertuigen met Mobilyze Pro, een platform op basis van kunstmatige intelligentie waarmee laadstationbeheerders hun installaties kunnen optimaliseren voor maximale benutting en winstgevendheid. Deze innovatie belooft de kloof te dichten tussen de groeiende vraag naar snelladen en de huidige infrastructuur, met... <\/p>\n<div class=\"pmpro_content_message\">Artikel alleen beschikbaar voor abonnees.<br \/><a href=\"https:\/\/territorialchallenges.com\/wp-login.php\">Login<\/a><br \/><a href=\"https:\/\/territorialchallenges.com\/nl\/wp-login.php\/?action=register\">Register<\/a><\/div>","protected":false},"excerpt":{"rendered":"<p>FreeWire Technologies r\u00e9volutionne l&rsquo;industrie de la recharge des v\u00e9hicules \u00e9lectriques avec Mobilyze Pro, une plateforme aliment\u00e9e par l&rsquo;intelligence artificielle qui permet aux h\u00f4tes de sites de recharge d&rsquo;optimiser leurs d\u00e9ploiements pour une utilisation et une rentabilit\u00e9 maximales. Cette innovation promet de combler le foss\u00e9 entre la demande croissante de recharge rapide et l&rsquo;infrastructure actuelle, avec... <\/p>\n<div class=\"pmpro_content_message\">Artikel alleen beschikbaar voor abonnees.<br \/><a href=\"https:\/\/territorialchallenges.com\/wp-login.php\">Login<\/a><br \/><a href=\"https:\/\/territorialchallenges.com\/nl\/wp-login.php\/?action=register\">Register<\/a><\/div>","protected":false},"author":11,"featured_media":121080,"comment_status":"open","ping_status":"open","sticky":true,"template":"","format":"standard","meta":{"pmpro_default_level":0,"footnotes":""},"categories":[16,124],"tags":[],"blocksy_meta":"","yoast_head":"<!-- This site is optimized with the Yoast SEO plugin v21.5 - https:\/\/yoast.com\/wordpress\/plugins\/seo\/ -->\n<title>Mobilyze Pro : l&#039;IA au service de l&#039;expansion intelligente de la recharge des v\u00e9hicules \u00e9lectriques en Am\u00e9rique du Nord - Territorial Challenges<\/title>\n<meta name=\"robots\" content=\"index, follow, max-snippet:-1, max-image-preview:large, max-video-preview:-1\" \/>\n<link rel=\"canonical\" href=\"https:\/\/territorialchallenges.com\/nl\/2023\/09\/05\/mobilyze-pro-lia-au-service-de-lexpansion-intelligente-de-la-recharge-des-vehicules-electriques-en-amerique-du-nord\/121079\/\" \/>\n<meta property=\"og:locale\" content=\"nl_NL\" \/>\n<meta property=\"og:type\" content=\"article\" \/>\n<meta property=\"og:title\" content=\"Mobilyze Pro : l&#039;IA au service de l&#039;expansion intelligente de la recharge des v\u00e9hicules \u00e9lectriques en Am\u00e9rique du Nord - Territorial Challenges\" \/>\n<meta property=\"og:description\" content=\"FreeWire Technologies r\u00e9volutionne l&rsquo;industrie de la recharge des v\u00e9hicules \u00e9lectriques avec Mobilyze Pro, une plateforme aliment\u00e9e par l&rsquo;intelligence artificielle qui permet aux h\u00f4tes de sites de recharge d&rsquo;optimiser leurs d\u00e9ploiements pour une utilisation et une rentabilit\u00e9 maximales. Cette innovation promet de combler le foss\u00e9 entre la demande croissante de recharge rapide et l&rsquo;infrastructure actuelle, avec [&hellip;]\" \/>\n<meta property=\"og:url\" content=\"https:\/\/territorialchallenges.com\/nl\/2023\/09\/05\/mobilyze-pro-lia-au-service-de-lexpansion-intelligente-de-la-recharge-des-vehicules-electriques-en-amerique-du-nord\/121079\/\" \/>\n<meta property=\"og:site_name\" content=\"Territorial Challenges\" \/>\n<meta property=\"article:published_time\" content=\"2023-09-05T07:49:59+00:00\" \/>\n<meta property=\"og:image\" content=\"https:\/\/territorialchallenges.com\/wp-content\/uploads\/2023\/09\/Iot5.09.23Photo.jpg\" \/>\n\t<meta property=\"og:image:width\" content=\"1280\" \/>\n\t<meta property=\"og:image:height\" content=\"501\" \/>\n\t<meta property=\"og:image:type\" content=\"image\/jpeg\" \/>\n<meta name=\"author\" content=\"ni.abdi\" \/>\n<meta name=\"twitter:card\" content=\"summary_large_image\" \/>\n<meta name=\"twitter:creator\" content=\"@Ni.abdi\" \/>\n<meta name=\"twitter:label1\" content=\"Geschreven door\" \/>\n\t<meta name=\"twitter:data1\" content=\"ni.abdi\" \/>\n\t<meta name=\"twitter:label2\" content=\"Geschatte leestijd\" \/>\n\t<meta name=\"twitter:data2\" content=\"4 minuten\" \/>\n<script type=\"application\/ld+json\" class=\"yoast-schema-graph\">{\"@context\":\"https:\/\/schema.org\",\"@graph\":[{\"@type\":\"Article\",\"@id\":\"https:\/\/territorialchallenges.com\/2023\/09\/05\/mobilyze-pro-lia-au-service-de-lexpansion-intelligente-de-la-recharge-des-vehicules-electriques-en-amerique-du-nord\/121079\/#article\",\"isPartOf\":{\"@id\":\"https:\/\/territorialchallenges.com\/2023\/09\/05\/mobilyze-pro-lia-au-service-de-lexpansion-intelligente-de-la-recharge-des-vehicules-electriques-en-amerique-du-nord\/121079\/\"},\"author\":{\"name\":\"ni.abdi\",\"@id\":\"https:\/\/territorialchallenges.com\/#\/schema\/person\/098f145c7c61a021c425e010f840080f\"},\"headline\":\"Mobilyze Pro : l&rsquo;IA au service de l&rsquo;expansion intelligente de la recharge des v\u00e9hicules \u00e9lectriques en Am\u00e9rique du Nord\",\"datePublished\":\"2023-09-05T07:49:59+00:00\",\"dateModified\":\"2023-09-05T07:49:59+00:00\",\"mainEntityOfPage\":{\"@id\":\"https:\/\/territorialchallenges.com\/2023\/09\/05\/mobilyze-pro-lia-au-service-de-lexpansion-intelligente-de-la-recharge-des-vehicules-electriques-en-amerique-du-nord\/121079\/\"},\"wordCount\":908,\"commentCount\":0,\"publisher\":{\"@id\":\"https:\/\/territorialchallenges.com\/#organization\"},\"articleSection\":[\"Donn\u00e9es\/Objets Connect\u00e9s\",\"Actualit\u00e9 internationale\"],\"inLanguage\":\"nl-NL\"},{\"@type\":\"WebPage\",\"@id\":\"https:\/\/territorialchallenges.com\/2023\/09\/05\/mobilyze-pro-lia-au-service-de-lexpansion-intelligente-de-la-recharge-des-vehicules-electriques-en-amerique-du-nord\/121079\/\",\"url\":\"https:\/\/territorialchallenges.com\/2023\/09\/05\/mobilyze-pro-lia-au-service-de-lexpansion-intelligente-de-la-recharge-des-vehicules-electriques-en-amerique-du-nord\/121079\/\",\"name\":\"Mobilyze Pro : l'IA au service de l'expansion intelligente de la recharge des v\u00e9hicules \u00e9lectriques en Am\u00e9rique du Nord - Territorial Challenges\",\"isPartOf\":{\"@id\":\"https:\/\/territorialchallenges.com\/#website\"},\"datePublished\":\"2023-09-05T07:49:59+00:00\",\"dateModified\":\"2023-09-05T07:49:59+00:00\",\"breadcrumb\":{\"@id\":\"https:\/\/territorialchallenges.com\/2023\/09\/05\/mobilyze-pro-lia-au-service-de-lexpansion-intelligente-de-la-recharge-des-vehicules-electriques-en-amerique-du-nord\/121079\/#breadcrumb\"},\"inLanguage\":\"nl-NL\",\"potentialAction\":[{\"@type\":\"ReadAction\",\"target\":[\"https:\/\/territorialchallenges.com\/2023\/09\/05\/mobilyze-pro-lia-au-service-de-lexpansion-intelligente-de-la-recharge-des-vehicules-electriques-en-amerique-du-nord\/121079\/\"]}]},{\"@type\":\"BreadcrumbList\",\"@id\":\"https:\/\/territorialchallenges.com\/2023\/09\/05\/mobilyze-pro-lia-au-service-de-lexpansion-intelligente-de-la-recharge-des-vehicules-electriques-en-amerique-du-nord\/121079\/#breadcrumb\",\"itemListElement\":[{\"@type\":\"ListItem\",\"position\":1,\"name\":\"Home\",\"item\":\"https:\/\/territorialchallenges.com\/\"},{\"@type\":\"ListItem\",\"position\":2,\"name\":\"Mobilyze Pro : l&rsquo;IA au service de l&rsquo;expansion intelligente de la recharge des v\u00e9hicules \u00e9lectriques en Am\u00e9rique du Nord\"}]},{\"@type\":\"WebSite\",\"@id\":\"https:\/\/territorialchallenges.com\/#website\",\"url\":\"https:\/\/territorialchallenges.com\/\",\"name\":\"Territorial Challenges\",\"description\":\"Veille Internationale - Strat\u00e9gie Intelligentes - Bonnes pratiques\",\"publisher\":{\"@id\":\"https:\/\/territorialchallenges.com\/#organization\"},\"potentialAction\":[{\"@type\":\"SearchAction\",\"target\":{\"@type\":\"EntryPoint\",\"urlTemplate\":\"https:\/\/territorialchallenges.com\/?s={search_term_string}\"},\"query-input\":\"required name=search_term_string\"}],\"inLanguage\":\"nl-NL\"},{\"@type\":\"Organization\",\"@id\":\"https:\/\/territorialchallenges.com\/#organization\",\"name\":\"Territorial Challenges\",\"url\":\"https:\/\/territorialchallenges.com\/\",\"logo\":{\"@type\":\"ImageObject\",\"inLanguage\":\"nl-NL\",\"@id\":\"https:\/\/territorialchallenges.com\/#\/schema\/logo\/image\/\",\"url\":\"https:\/\/territorialchallenges.com\/wp-content\/uploads\/2023\/10\/logo-1.png\",\"contentUrl\":\"https:\/\/territorialchallenges.com\/wp-content\/uploads\/2023\/10\/logo-1.png\",\"width\":1832,\"height\":576,\"caption\":\"Territorial Challenges\"},\"image\":{\"@id\":\"https:\/\/territorialchallenges.com\/#\/schema\/logo\/image\/\"}},{\"@type\":\"Person\",\"@id\":\"https:\/\/territorialchallenges.com\/#\/schema\/person\/098f145c7c61a021c425e010f840080f\",\"name\":\"ni.abdi\",\"image\":{\"@type\":\"ImageObject\",\"inLanguage\":\"nl-NL\",\"@id\":\"https:\/\/territorialchallenges.com\/#\/schema\/person\/image\/\",\"url\":\"https:\/\/secure.gravatar.com\/avatar\/2a2f2491f3c80039986ba989b1e4b510?s=96&d=identicon&r=g\",\"contentUrl\":\"https:\/\/secure.gravatar.com\/avatar\/2a2f2491f3c80039986ba989b1e4b510?s=96&d=identicon&r=g\",\"caption\":\"ni.abdi\"},\"sameAs\":[\"https:\/\/twitter.com\/Ni.abdi\"],\"url\":\"https:\/\/territorialchallenges.com\/nl\/author\/ni-abdi\/\"}]}<\/script>\n<!-- \/ Yoast SEO plugin. -->","yoast_head_json":{"title":"Mobilyze Pro : l'IA au service de l'expansion intelligente de la recharge des v\u00e9hicules \u00e9lectriques en Am\u00e9rique du Nord - Territorial Challenges","robots":{"index":"index","follow":"follow","max-snippet":"max-snippet:-1","max-image-preview":"max-image-preview:large","max-video-preview":"max-video-preview:-1"},"canonical":"https:\/\/territorialchallenges.com\/nl\/2023\/09\/05\/mobilyze-pro-lia-au-service-de-lexpansion-intelligente-de-la-recharge-des-vehicules-electriques-en-amerique-du-nord\/121079\/","og_locale":"nl_NL","og_type":"article","og_title":"Mobilyze Pro : l'IA au service de l'expansion intelligente de la recharge des v\u00e9hicules \u00e9lectriques en Am\u00e9rique du Nord - Territorial Challenges","og_description":"FreeWire Technologies r\u00e9volutionne l&rsquo;industrie de la recharge des v\u00e9hicules \u00e9lectriques avec Mobilyze Pro, une plateforme aliment\u00e9e par l&rsquo;intelligence artificielle qui permet aux h\u00f4tes de sites de recharge d&rsquo;optimiser leurs d\u00e9ploiements pour une utilisation et une rentabilit\u00e9 maximales. Cette innovation promet de combler le foss\u00e9 entre la demande croissante de recharge rapide et l&rsquo;infrastructure actuelle, avec [&hellip;]","og_url":"https:\/\/territorialchallenges.com\/nl\/2023\/09\/05\/mobilyze-pro-lia-au-service-de-lexpansion-intelligente-de-la-recharge-des-vehicules-electriques-en-amerique-du-nord\/121079\/","og_site_name":"Territorial Challenges","article_published_time":"2023-09-05T07:49:59+00:00","og_image":[{"width":1280,"height":501,"url":"https:\/\/territorialchallenges.com\/wp-content\/uploads\/2023\/09\/Iot5.09.23Photo.jpg","type":"image\/jpeg"}],"author":"ni.abdi","twitter_card":"summary_large_image","twitter_creator":"@Ni.abdi","twitter_misc":{"Geschreven door":"ni.abdi","Geschatte leestijd":"4 minuten"},"schema":{"@context":"https:\/\/schema.org","@graph":[{"@type":"Article","@id":"https:\/\/territorialchallenges.com\/2023\/09\/05\/mobilyze-pro-lia-au-service-de-lexpansion-intelligente-de-la-recharge-des-vehicules-electriques-en-amerique-du-nord\/121079\/#article","isPartOf":{"@id":"https:\/\/territorialchallenges.com\/2023\/09\/05\/mobilyze-pro-lia-au-service-de-lexpansion-intelligente-de-la-recharge-des-vehicules-electriques-en-amerique-du-nord\/121079\/"},"author":{"name":"ni.abdi","@id":"https:\/\/territorialchallenges.com\/#\/schema\/person\/098f145c7c61a021c425e010f840080f"},"headline":"Mobilyze Pro : l&rsquo;IA au service de l&rsquo;expansion intelligente de la recharge des v\u00e9hicules \u00e9lectriques en Am\u00e9rique du Nord","datePublished":"2023-09-05T07:49:59+00:00","dateModified":"2023-09-05T07:49:59+00:00","mainEntityOfPage":{"@id":"https:\/\/territorialchallenges.com\/2023\/09\/05\/mobilyze-pro-lia-au-service-de-lexpansion-intelligente-de-la-recharge-des-vehicules-electriques-en-amerique-du-nord\/121079\/"},"wordCount":908,"commentCount":0,"publisher":{"@id":"https:\/\/territorialchallenges.com\/#organization"},"articleSection":["Donn\u00e9es\/Objets Connect\u00e9s","Actualit\u00e9 internationale"],"inLanguage":"nl-NL"},{"@type":"WebPage","@id":"https:\/\/territorialchallenges.com\/2023\/09\/05\/mobilyze-pro-lia-au-service-de-lexpansion-intelligente-de-la-recharge-des-vehicules-electriques-en-amerique-du-nord\/121079\/","url":"https:\/\/territorialchallenges.com\/2023\/09\/05\/mobilyze-pro-lia-au-service-de-lexpansion-intelligente-de-la-recharge-des-vehicules-electriques-en-amerique-du-nord\/121079\/","name":"Mobilyze Pro : l'IA au service de l'expansion intelligente de la recharge des v\u00e9hicules \u00e9lectriques en Am\u00e9rique du Nord - Territorial Challenges","isPartOf":{"@id":"https:\/\/territorialchallenges.com\/#website"},"datePublished":"2023-09-05T07:49:59+00:00","dateModified":"2023-09-05T07:49:59+00:00","breadcrumb":{"@id":"https:\/\/territorialchallenges.com\/2023\/09\/05\/mobilyze-pro-lia-au-service-de-lexpansion-intelligente-de-la-recharge-des-vehicules-electriques-en-amerique-du-nord\/121079\/#breadcrumb"},"inLanguage":"nl-NL","potentialAction":[{"@type":"ReadAction","target":["https:\/\/territorialchallenges.com\/2023\/09\/05\/mobilyze-pro-lia-au-service-de-lexpansion-intelligente-de-la-recharge-des-vehicules-electriques-en-amerique-du-nord\/121079\/"]}]},{"@type":"BreadcrumbList","@id":"https:\/\/territorialchallenges.com\/2023\/09\/05\/mobilyze-pro-lia-au-service-de-lexpansion-intelligente-de-la-recharge-des-vehicules-electriques-en-amerique-du-nord\/121079\/#breadcrumb","itemListElement":[{"@type":"ListItem","position":1,"name":"Home","item":"https:\/\/territorialchallenges.com\/"},{"@type":"ListItem","position":2,"name":"Mobilyze Pro : l&rsquo;IA au service de l&rsquo;expansion intelligente de la recharge des v\u00e9hicules \u00e9lectriques en Am\u00e9rique du Nord"}]},{"@type":"WebSite","@id":"https:\/\/territorialchallenges.com\/#website","url":"https:\/\/territorialchallenges.com\/","name":"Territoriale uitdagingen","description":"Internationale monitoring - Slimme strategie\u00ebn - Beste praktijken","publisher":{"@id":"https:\/\/territorialchallenges.com\/#organization"},"potentialAction":[{"@type":"SearchAction","target":{"@type":"EntryPoint","urlTemplate":"https:\/\/territorialchallenges.com\/?s={search_term_string}"},"query-input":"required name=search_term_string"}],"inLanguage":"nl-NL"},{"@type":"Organization","@id":"https:\/\/territorialchallenges.com\/#organization","name":"Territoriale uitdagingen","url":"https:\/\/territorialchallenges.com\/","logo":{"@type":"ImageObject","inLanguage":"nl-NL","@id":"https:\/\/territorialchallenges.com\/#\/schema\/logo\/image\/","url":"https:\/\/territorialchallenges.com\/wp-content\/uploads\/2023\/10\/logo-1.png","contentUrl":"https:\/\/territorialchallenges.com\/wp-content\/uploads\/2023\/10\/logo-1.png","width":1832,"height":576,"caption":"Territorial Challenges"},"image":{"@id":"https:\/\/territorialchallenges.com\/#\/schema\/logo\/image\/"}},{"@type":"Person","@id":"https:\/\/territorialchallenges.com\/#\/schema\/person\/098f145c7c61a021c425e010f840080f","name":"ni.abdi","image":{"@type":"ImageObject","inLanguage":"nl-NL","@id":"https:\/\/territorialchallenges.com\/#\/schema\/person\/image\/","url":"https:\/\/secure.gravatar.com\/avatar\/2a2f2491f3c80039986ba989b1e4b510?s=96&d=identicon&r=g","contentUrl":"https:\/\/secure.gravatar.com\/avatar\/2a2f2491f3c80039986ba989b1e4b510?s=96&d=identicon&r=g","caption":"ni.abdi"},"sameAs":["https:\/\/twitter.com\/Ni.abdi"],"url":"https:\/\/territorialchallenges.com\/nl\/author\/ni-abdi\/"}]}},"_links":{"self":[{"href":"https:\/\/territorialchallenges.com\/nl\/wp-json\/wp\/v2\/posts\/121079"}],"collection":[{"href":"https:\/\/territorialchallenges.com\/nl\/wp-json\/wp\/v2\/posts"}],"about":[{"href":"https:\/\/territorialchallenges.com\/nl\/wp-json\/wp\/v2\/types\/post"}],"author":[{"embeddable":true,"href":"https:\/\/territorialchallenges.com\/nl\/wp-json\/wp\/v2\/users\/11"}],"replies":[{"embeddable":true,"href":"https:\/\/territorialchallenges.com\/nl\/wp-json\/wp\/v2\/comments?post=121079"}],"version-history":[{"count":1,"href":"https:\/\/territorialchallenges.com\/nl\/wp-json\/wp\/v2\/posts\/121079\/revisions"}],"predecessor-version":[{"id":121084,"href":"https:\/\/territorialchallenges.com\/nl\/wp-json\/wp\/v2\/posts\/121079\/revisions\/121084"}],"wp:featuredmedia":[{"embeddable":true,"href":"https:\/\/territorialchallenges.com\/nl\/wp-json\/wp\/v2\/media\/121080"}],"wp:attachment":[{"href":"https:\/\/territorialchallenges.com\/nl\/wp-json\/wp\/v2\/media?parent=121079"}],"wp:term":[{"taxonomy":"category","embeddable":true,"href":"https:\/\/territorialchallenges.com\/nl\/wp-json\/wp\/v2\/categories?post=121079"},{"taxonomy":"post_tag","embeddable":true,"href":"https:\/\/territorialchallenges.com\/nl\/wp-json\/wp\/v2\/tags?post=121079"}],"curies":[{"name":"wp","href":"https:\/\/api.w.org\/{rel}","templated":true}]}}