{"id":121047,"date":"2023-09-05T08:51:00","date_gmt":"2023-09-05T06:51:00","guid":{"rendered":"https:\/\/territorialchallenges.com\/?p=121047"},"modified":"2023-09-05T08:51:00","modified_gmt":"2023-09-05T06:51:00","slug":"peter-boch-le-visionnaire-maire-allemand-qui-fait-verdir-pforzheim","status":"publish","type":"post","link":"https:\/\/territorialchallenges.com\/nl\/2023\/09\/05\/peter-boch-le-visionnaire-maire-allemand-qui-fait-verdir-pforzheim\/121047\/","title":{"rendered":"Peter Boch, de visionaire Duitse burgemeester die Pforzheim groener maakt"},"content":{"rendered":"<p>Peter Boch, burgemeester van Pforzheim, een stad met 125.000 inwoners, doordrenkt van Duitse geschiedenis aan de voet van het Zwarte Woud, belichaamt intelligentie en praktische bruikbaarheid. Onder zijn leiding innoveerde de stad in de bewatering van jonge bomen met behulp van intelligente vultafels. Ontdek de carri\u00e8re van deze ge\u00ebngageerde en visionaire ambtenaar die... <\/p>\n<div class=\"pmpro_content_message\">Artikel alleen beschikbaar voor abonnees.<br \/><a href=\"https:\/\/territorialchallenges.com\/wp-login.php\">Login<\/a><br \/><a href=\"https:\/\/territorialchallenges.com\/nl\/wp-login.php\/?action=register\">Register<\/a><\/div>","protected":false},"excerpt":{"rendered":"<p>Peter Boch, maire de Pforzheim, une ville de 125 000 habitants baign\u00e9e de l&rsquo;histoire allemande au pied de la For\u00eat-Noire, incarne l&rsquo;intelligence et la pratique. Sous sa direction, la ville innove en mati\u00e8re d&rsquo;arrosage des jeunes arbres gr\u00e2ce \u00e0 des bancs de remplissage intelligents. D\u00e9couverte du parcours de cet \u00e9lu engag\u00e9 et visionnaire qui redessine... <\/p>\n<div class=\"pmpro_content_message\">Artikel alleen beschikbaar voor abonnees.<br \/><a href=\"https:\/\/territorialchallenges.com\/wp-login.php\">Login<\/a><br \/><a href=\"https:\/\/territorialchallenges.com\/nl\/wp-login.php\/?action=register\">Register<\/a><\/div>","protected":false},"author":11,"featured_media":121048,"comment_status":"open","ping_status":"open","sticky":true,"template":"","format":"standard","meta":{"pmpro_default_level":0,"footnotes":""},"categories":[126,117],"tags":[],"blocksy_meta":"","yoast_head":"<!-- This site is optimized with the Yoast SEO plugin v21.5 - https:\/\/yoast.com\/wordpress\/plugins\/seo\/ -->\n<title>Peter Boch, le visionnaire maire allemand qui fait verdir Pforzheim - Territorial Challenges<\/title>\n<meta name=\"robots\" content=\"index, follow, max-snippet:-1, max-image-preview:large, max-video-preview:-1\" \/>\n<link rel=\"canonical\" href=\"https:\/\/territorialchallenges.com\/nl\/2023\/09\/05\/peter-boch-le-visionnaire-maire-allemand-qui-fait-verdir-pforzheim\/121047\/\" \/>\n<meta property=\"og:locale\" content=\"nl_NL\" \/>\n<meta property=\"og:type\" content=\"article\" \/>\n<meta property=\"og:title\" content=\"Peter Boch, le visionnaire maire allemand qui fait verdir Pforzheim - Territorial Challenges\" \/>\n<meta property=\"og:description\" content=\"Peter Boch, maire de Pforzheim, une ville de 125 000 habitants baign\u00e9e de l&rsquo;histoire allemande au pied de la For\u00eat-Noire, incarne l&rsquo;intelligence et la pratique. Sous sa direction, la ville innove en mati\u00e8re d&rsquo;arrosage des jeunes arbres gr\u00e2ce \u00e0 des bancs de remplissage intelligents. D\u00e9couverte du parcours de cet \u00e9lu engag\u00e9 et visionnaire qui redessine [&hellip;]\" \/>\n<meta property=\"og:url\" content=\"https:\/\/territorialchallenges.com\/nl\/2023\/09\/05\/peter-boch-le-visionnaire-maire-allemand-qui-fait-verdir-pforzheim\/121047\/\" \/>\n<meta property=\"og:site_name\" content=\"Territorial Challenges\" \/>\n<meta property=\"article:published_time\" content=\"2023-09-05T06:51:00+00:00\" \/>\n<meta property=\"og:image\" content=\"https:\/\/territorialchallenges.com\/wp-content\/uploads\/2023\/09\/onparledeuxphotoPeterBoch.jpg\" \/>\n\t<meta property=\"og:image:width\" content=\"960\" \/>\n\t<meta property=\"og:image:height\" content=\"607\" \/>\n\t<meta property=\"og:image:type\" content=\"image\/jpeg\" \/>\n<meta name=\"author\" content=\"ni.abdi\" \/>\n<meta name=\"twitter:card\" content=\"summary_large_image\" \/>\n<meta name=\"twitter:creator\" content=\"@Ni.abdi\" \/>\n<meta name=\"twitter:label1\" content=\"Geschreven door\" \/>\n\t<meta name=\"twitter:data1\" content=\"ni.abdi\" \/>\n\t<meta name=\"twitter:label2\" content=\"Geschatte leestijd\" \/>\n\t<meta name=\"twitter:data2\" content=\"4 minuten\" \/>\n<script type=\"application\/ld+json\" class=\"yoast-schema-graph\">{\"@context\":\"https:\/\/schema.org\",\"@graph\":[{\"@type\":\"Article\",\"@id\":\"https:\/\/territorialchallenges.com\/2023\/09\/05\/peter-boch-le-visionnaire-maire-allemand-qui-fait-verdir-pforzheim\/121047\/#article\",\"isPartOf\":{\"@id\":\"https:\/\/territorialchallenges.com\/2023\/09\/05\/peter-boch-le-visionnaire-maire-allemand-qui-fait-verdir-pforzheim\/121047\/\"},\"author\":{\"name\":\"ni.abdi\",\"@id\":\"https:\/\/territorialchallenges.com\/#\/schema\/person\/098f145c7c61a021c425e010f840080f\"},\"headline\":\"Peter Boch, le visionnaire maire allemand qui fait verdir Pforzheim\",\"datePublished\":\"2023-09-05T06:51:00+00:00\",\"dateModified\":\"2023-09-05T06:51:00+00:00\",\"mainEntityOfPage\":{\"@id\":\"https:\/\/territorialchallenges.com\/2023\/09\/05\/peter-boch-le-visionnaire-maire-allemand-qui-fait-verdir-pforzheim\/121047\/\"},\"wordCount\":748,\"commentCount\":0,\"publisher\":{\"@id\":\"https:\/\/territorialchallenges.com\/#organization\"},\"articleSection\":[\"On parle d'eux\",\"\u00c9cosyst\u00e8me\"],\"inLanguage\":\"nl-NL\"},{\"@type\":\"WebPage\",\"@id\":\"https:\/\/territorialchallenges.com\/2023\/09\/05\/peter-boch-le-visionnaire-maire-allemand-qui-fait-verdir-pforzheim\/121047\/\",\"url\":\"https:\/\/territorialchallenges.com\/2023\/09\/05\/peter-boch-le-visionnaire-maire-allemand-qui-fait-verdir-pforzheim\/121047\/\",\"name\":\"Peter Boch, le visionnaire maire allemand qui fait verdir Pforzheim - Territorial Challenges\",\"isPartOf\":{\"@id\":\"https:\/\/territorialchallenges.com\/#website\"},\"datePublished\":\"2023-09-05T06:51:00+00:00\",\"dateModified\":\"2023-09-05T06:51:00+00:00\",\"breadcrumb\":{\"@id\":\"https:\/\/territorialchallenges.com\/2023\/09\/05\/peter-boch-le-visionnaire-maire-allemand-qui-fait-verdir-pforzheim\/121047\/#breadcrumb\"},\"inLanguage\":\"nl-NL\",\"potentialAction\":[{\"@type\":\"ReadAction\",\"target\":[\"https:\/\/territorialchallenges.com\/2023\/09\/05\/peter-boch-le-visionnaire-maire-allemand-qui-fait-verdir-pforzheim\/121047\/\"]}]},{\"@type\":\"BreadcrumbList\",\"@id\":\"https:\/\/territorialchallenges.com\/2023\/09\/05\/peter-boch-le-visionnaire-maire-allemand-qui-fait-verdir-pforzheim\/121047\/#breadcrumb\",\"itemListElement\":[{\"@type\":\"ListItem\",\"position\":1,\"name\":\"Home\",\"item\":\"https:\/\/territorialchallenges.com\/\"},{\"@type\":\"ListItem\",\"position\":2,\"name\":\"Peter Boch, le visionnaire maire allemand qui fait verdir Pforzheim\"}]},{\"@type\":\"WebSite\",\"@id\":\"https:\/\/territorialchallenges.com\/#website\",\"url\":\"https:\/\/territorialchallenges.com\/\",\"name\":\"Territorial Challenges\",\"description\":\"Veille Internationale - Strat\u00e9gie Intelligentes - Bonnes pratiques\",\"publisher\":{\"@id\":\"https:\/\/territorialchallenges.com\/#organization\"},\"potentialAction\":[{\"@type\":\"SearchAction\",\"target\":{\"@type\":\"EntryPoint\",\"urlTemplate\":\"https:\/\/territorialchallenges.com\/?s={search_term_string}\"},\"query-input\":\"required name=search_term_string\"}],\"inLanguage\":\"nl-NL\"},{\"@type\":\"Organization\",\"@id\":\"https:\/\/territorialchallenges.com\/#organization\",\"name\":\"Territorial Challenges\",\"url\":\"https:\/\/territorialchallenges.com\/\",\"logo\":{\"@type\":\"ImageObject\",\"inLanguage\":\"nl-NL\",\"@id\":\"https:\/\/territorialchallenges.com\/#\/schema\/logo\/image\/\",\"url\":\"https:\/\/territorialchallenges.com\/wp-content\/uploads\/2023\/10\/logo-1.png\",\"contentUrl\":\"https:\/\/territorialchallenges.com\/wp-content\/uploads\/2023\/10\/logo-1.png\",\"width\":1832,\"height\":576,\"caption\":\"Territorial Challenges\"},\"image\":{\"@id\":\"https:\/\/territorialchallenges.com\/#\/schema\/logo\/image\/\"}},{\"@type\":\"Person\",\"@id\":\"https:\/\/territorialchallenges.com\/#\/schema\/person\/098f145c7c61a021c425e010f840080f\",\"name\":\"ni.abdi\",\"image\":{\"@type\":\"ImageObject\",\"inLanguage\":\"nl-NL\",\"@id\":\"https:\/\/territorialchallenges.com\/#\/schema\/person\/image\/\",\"url\":\"https:\/\/secure.gravatar.com\/avatar\/2a2f2491f3c80039986ba989b1e4b510?s=96&d=identicon&r=g\",\"contentUrl\":\"https:\/\/secure.gravatar.com\/avatar\/2a2f2491f3c80039986ba989b1e4b510?s=96&d=identicon&r=g\",\"caption\":\"ni.abdi\"},\"sameAs\":[\"https:\/\/twitter.com\/Ni.abdi\"],\"url\":\"https:\/\/territorialchallenges.com\/nl\/author\/ni-abdi\/\"}]}<\/script>\n<!-- \/ Yoast SEO plugin. -->","yoast_head_json":{"title":"Peter Boch, le visionnaire maire allemand qui fait verdir Pforzheim - Territorial Challenges","robots":{"index":"index","follow":"follow","max-snippet":"max-snippet:-1","max-image-preview":"max-image-preview:large","max-video-preview":"max-video-preview:-1"},"canonical":"https:\/\/territorialchallenges.com\/nl\/2023\/09\/05\/peter-boch-le-visionnaire-maire-allemand-qui-fait-verdir-pforzheim\/121047\/","og_locale":"nl_NL","og_type":"article","og_title":"Peter Boch, le visionnaire maire allemand qui fait verdir Pforzheim - Territorial Challenges","og_description":"Peter Boch, maire de Pforzheim, une ville de 125 000 habitants baign\u00e9e de l&rsquo;histoire allemande au pied de la For\u00eat-Noire, incarne l&rsquo;intelligence et la pratique. Sous sa direction, la ville innove en mati\u00e8re d&rsquo;arrosage des jeunes arbres gr\u00e2ce \u00e0 des bancs de remplissage intelligents. D\u00e9couverte du parcours de cet \u00e9lu engag\u00e9 et visionnaire qui redessine [&hellip;]","og_url":"https:\/\/territorialchallenges.com\/nl\/2023\/09\/05\/peter-boch-le-visionnaire-maire-allemand-qui-fait-verdir-pforzheim\/121047\/","og_site_name":"Territorial Challenges","article_published_time":"2023-09-05T06:51:00+00:00","og_image":[{"width":960,"height":607,"url":"https:\/\/territorialchallenges.com\/wp-content\/uploads\/2023\/09\/onparledeuxphotoPeterBoch.jpg","type":"image\/jpeg"}],"author":"ni.abdi","twitter_card":"summary_large_image","twitter_creator":"@Ni.abdi","twitter_misc":{"Geschreven door":"ni.abdi","Geschatte leestijd":"4 minuten"},"schema":{"@context":"https:\/\/schema.org","@graph":[{"@type":"Article","@id":"https:\/\/territorialchallenges.com\/2023\/09\/05\/peter-boch-le-visionnaire-maire-allemand-qui-fait-verdir-pforzheim\/121047\/#article","isPartOf":{"@id":"https:\/\/territorialchallenges.com\/2023\/09\/05\/peter-boch-le-visionnaire-maire-allemand-qui-fait-verdir-pforzheim\/121047\/"},"author":{"name":"ni.abdi","@id":"https:\/\/territorialchallenges.com\/#\/schema\/person\/098f145c7c61a021c425e010f840080f"},"headline":"Peter Boch, le visionnaire maire allemand qui fait verdir Pforzheim","datePublished":"2023-09-05T06:51:00+00:00","dateModified":"2023-09-05T06:51:00+00:00","mainEntityOfPage":{"@id":"https:\/\/territorialchallenges.com\/2023\/09\/05\/peter-boch-le-visionnaire-maire-allemand-qui-fait-verdir-pforzheim\/121047\/"},"wordCount":748,"commentCount":0,"publisher":{"@id":"https:\/\/territorialchallenges.com\/#organization"},"articleSection":["On parle d'eux","\u00c9cosyst\u00e8me"],"inLanguage":"nl-NL"},{"@type":"WebPage","@id":"https:\/\/territorialchallenges.com\/2023\/09\/05\/peter-boch-le-visionnaire-maire-allemand-qui-fait-verdir-pforzheim\/121047\/","url":"https:\/\/territorialchallenges.com\/2023\/09\/05\/peter-boch-le-visionnaire-maire-allemand-qui-fait-verdir-pforzheim\/121047\/","name":"Peter Boch, le visionnaire maire allemand qui fait verdir Pforzheim - Territorial Challenges","isPartOf":{"@id":"https:\/\/territorialchallenges.com\/#website"},"datePublished":"2023-09-05T06:51:00+00:00","dateModified":"2023-09-05T06:51:00+00:00","breadcrumb":{"@id":"https:\/\/territorialchallenges.com\/2023\/09\/05\/peter-boch-le-visionnaire-maire-allemand-qui-fait-verdir-pforzheim\/121047\/#breadcrumb"},"inLanguage":"nl-NL","potentialAction":[{"@type":"ReadAction","target":["https:\/\/territorialchallenges.com\/2023\/09\/05\/peter-boch-le-visionnaire-maire-allemand-qui-fait-verdir-pforzheim\/121047\/"]}]},{"@type":"BreadcrumbList","@id":"https:\/\/territorialchallenges.com\/2023\/09\/05\/peter-boch-le-visionnaire-maire-allemand-qui-fait-verdir-pforzheim\/121047\/#breadcrumb","itemListElement":[{"@type":"ListItem","position":1,"name":"Home","item":"https:\/\/territorialchallenges.com\/"},{"@type":"ListItem","position":2,"name":"Peter Boch, le visionnaire maire allemand qui fait verdir Pforzheim"}]},{"@type":"WebSite","@id":"https:\/\/territorialchallenges.com\/#website","url":"https:\/\/territorialchallenges.com\/","name":"Territoriale uitdagingen","description":"Internationale monitoring - Slimme strategie\u00ebn - Beste praktijken","publisher":{"@id":"https:\/\/territorialchallenges.com\/#organization"},"potentialAction":[{"@type":"SearchAction","target":{"@type":"EntryPoint","urlTemplate":"https:\/\/territorialchallenges.com\/?s={search_term_string}"},"query-input":"required name=search_term_string"}],"inLanguage":"nl-NL"},{"@type":"Organization","@id":"https:\/\/territorialchallenges.com\/#organization","name":"Territoriale uitdagingen","url":"https:\/\/territorialchallenges.com\/","logo":{"@type":"ImageObject","inLanguage":"nl-NL","@id":"https:\/\/territorialchallenges.com\/#\/schema\/logo\/image\/","url":"https:\/\/territorialchallenges.com\/wp-content\/uploads\/2023\/10\/logo-1.png","contentUrl":"https:\/\/territorialchallenges.com\/wp-content\/uploads\/2023\/10\/logo-1.png","width":1832,"height":576,"caption":"Territorial Challenges"},"image":{"@id":"https:\/\/territorialchallenges.com\/#\/schema\/logo\/image\/"}},{"@type":"Person","@id":"https:\/\/territorialchallenges.com\/#\/schema\/person\/098f145c7c61a021c425e010f840080f","name":"ni.abdi","image":{"@type":"ImageObject","inLanguage":"nl-NL","@id":"https:\/\/territorialchallenges.com\/#\/schema\/person\/image\/","url":"https:\/\/secure.gravatar.com\/avatar\/2a2f2491f3c80039986ba989b1e4b510?s=96&d=identicon&r=g","contentUrl":"https:\/\/secure.gravatar.com\/avatar\/2a2f2491f3c80039986ba989b1e4b510?s=96&d=identicon&r=g","caption":"ni.abdi"},"sameAs":["https:\/\/twitter.com\/Ni.abdi"],"url":"https:\/\/territorialchallenges.com\/nl\/author\/ni-abdi\/"}]}},"_links":{"self":[{"href":"https:\/\/territorialchallenges.com\/nl\/wp-json\/wp\/v2\/posts\/121047"}],"collection":[{"href":"https:\/\/territorialchallenges.com\/nl\/wp-json\/wp\/v2\/posts"}],"about":[{"href":"https:\/\/territorialchallenges.com\/nl\/wp-json\/wp\/v2\/types\/post"}],"author":[{"embeddable":true,"href":"https:\/\/territorialchallenges.com\/nl\/wp-json\/wp\/v2\/users\/11"}],"replies":[{"embeddable":true,"href":"https:\/\/territorialchallenges.com\/nl\/wp-json\/wp\/v2\/comments?post=121047"}],"version-history":[{"count":1,"href":"https:\/\/territorialchallenges.com\/nl\/wp-json\/wp\/v2\/posts\/121047\/revisions"}],"predecessor-version":[{"id":121052,"href":"https:\/\/territorialchallenges.com\/nl\/wp-json\/wp\/v2\/posts\/121047\/revisions\/121052"}],"wp:featuredmedia":[{"embeddable":true,"href":"https:\/\/territorialchallenges.com\/nl\/wp-json\/wp\/v2\/media\/121048"}],"wp:attachment":[{"href":"https:\/\/territorialchallenges.com\/nl\/wp-json\/wp\/v2\/media?parent=121047"}],"wp:term":[{"taxonomy":"category","embeddable":true,"href":"https:\/\/territorialchallenges.com\/nl\/wp-json\/wp\/v2\/categories?post=121047"},{"taxonomy":"post_tag","embeddable":true,"href":"https:\/\/territorialchallenges.com\/nl\/wp-json\/wp\/v2\/tags?post=121047"}],"curies":[{"name":"wp","href":"https:\/\/api.w.org\/{rel}","templated":true}]}}