{"id":121041,"date":"2023-09-05T08:44:51","date_gmt":"2023-09-05T06:44:51","guid":{"rendered":"https:\/\/territorialchallenges.com\/?p=121041"},"modified":"2023-09-05T08:44:51","modified_gmt":"2023-09-05T06:44:51","slug":"construction-resiliente-lemergence-de-la-construction-intelligente-dans-les-villes-du-futur","status":"publish","type":"post","link":"https:\/\/territorialchallenges.com\/nl\/2023\/09\/05\/construction-resiliente-lemergence-de-la-construction-intelligente-dans-les-villes-du-futur\/121041\/","title":{"rendered":"Veerkrachtig bouwen: de opkomst van slim bouwen in de steden van de toekomst"},"content":{"rendered":"<p>Azi\u00eb en de Stille Oceaan staan voor een enorme uitdaging: miljarden investeren in infrastructuur om armoede te bestrijden, economische groei te stimuleren en de gevolgen van klimaatverandering te verzachten. Deze regio is bijzonder kwetsbaar voor klimaatgevaren en de steden bevinden zich in de frontlinie van deze strijd. Veerkrachtige infrastructuur, versterkt... <\/p>\n<div class=\"pmpro_content_message\">Artikel alleen beschikbaar voor abonnees.<br \/><a href=\"https:\/\/territorialchallenges.com\/wp-login.php\">Login<\/a><br \/><a href=\"https:\/\/territorialchallenges.com\/nl\/wp-login.php\/?action=register\">Register<\/a><\/div>","protected":false},"excerpt":{"rendered":"<p>L&rsquo;Asie et le Pacifique font face \u00e0 un d\u00e9fi monumental &#8211; investir des milliards dans les infrastructures pour lutter contre la pauvret\u00e9, favoriser la croissance \u00e9conomique et att\u00e9nuer les impacts du changement climatique. Cette r\u00e9gion est particuli\u00e8rement vuln\u00e9rable aux al\u00e9as climatiques, et ses villes sont en premi\u00e8re ligne de cette bataille. Des infrastructures r\u00e9silientes, renforc\u00e9es... <\/p>\n<div class=\"pmpro_content_message\">Artikel alleen beschikbaar voor abonnees.<br \/><a href=\"https:\/\/territorialchallenges.com\/wp-login.php\">Login<\/a><br \/><a href=\"https:\/\/territorialchallenges.com\/nl\/wp-login.php\/?action=register\">Register<\/a><\/div>","protected":false},"author":11,"featured_media":121042,"comment_status":"open","ping_status":"open","sticky":true,"template":"","format":"standard","meta":{"pmpro_default_level":0,"footnotes":""},"categories":[130,117],"tags":[],"blocksy_meta":"","yoast_head":"<!-- This site is optimized with the Yoast SEO plugin v21.5 - https:\/\/yoast.com\/wordpress\/plugins\/seo\/ -->\n<title>Construction r\u00e9siliente : L&#039;\u00e9mergence de la construction intelligente dans les villes du Futur - Territorial Challenges<\/title>\n<meta name=\"robots\" content=\"index, follow, max-snippet:-1, max-image-preview:large, max-video-preview:-1\" \/>\n<link rel=\"canonical\" href=\"https:\/\/territorialchallenges.com\/nl\/2023\/09\/05\/construction-resiliente-lemergence-de-la-construction-intelligente-dans-les-villes-du-futur\/121041\/\" \/>\n<meta property=\"og:locale\" content=\"nl_NL\" \/>\n<meta property=\"og:type\" content=\"article\" \/>\n<meta property=\"og:title\" content=\"Construction r\u00e9siliente : L&#039;\u00e9mergence de la construction intelligente dans les villes du Futur - Territorial Challenges\" \/>\n<meta property=\"og:description\" content=\"L&rsquo;Asie et le Pacifique font face \u00e0 un d\u00e9fi monumental &#8211; investir des milliards dans les infrastructures pour lutter contre la pauvret\u00e9, favoriser la croissance \u00e9conomique et att\u00e9nuer les impacts du changement climatique. Cette r\u00e9gion est particuli\u00e8rement vuln\u00e9rable aux al\u00e9as climatiques, et ses villes sont en premi\u00e8re ligne de cette bataille. Des infrastructures r\u00e9silientes, renforc\u00e9es [&hellip;]\" \/>\n<meta property=\"og:url\" content=\"https:\/\/territorialchallenges.com\/nl\/2023\/09\/05\/construction-resiliente-lemergence-de-la-construction-intelligente-dans-les-villes-du-futur\/121041\/\" \/>\n<meta property=\"og:site_name\" content=\"Territorial Challenges\" \/>\n<meta property=\"article:published_time\" content=\"2023-09-05T06:44:51+00:00\" \/>\n<meta property=\"og:image\" content=\"https:\/\/territorialchallenges.com\/wp-content\/uploads\/2023\/09\/reflexionFaite5.09.23.Photo_.jpg\" \/>\n\t<meta property=\"og:image:width\" content=\"1280\" \/>\n\t<meta property=\"og:image:height\" content=\"585\" \/>\n\t<meta property=\"og:image:type\" content=\"image\/jpeg\" \/>\n<meta name=\"author\" content=\"ni.abdi\" \/>\n<meta name=\"twitter:card\" content=\"summary_large_image\" \/>\n<meta name=\"twitter:creator\" content=\"@Ni.abdi\" \/>\n<meta name=\"twitter:label1\" content=\"Geschreven door\" \/>\n\t<meta name=\"twitter:data1\" content=\"ni.abdi\" \/>\n\t<meta name=\"twitter:label2\" content=\"Geschatte leestijd\" \/>\n\t<meta name=\"twitter:data2\" content=\"3 minuten\" \/>\n<script type=\"application\/ld+json\" class=\"yoast-schema-graph\">{\"@context\":\"https:\/\/schema.org\",\"@graph\":[{\"@type\":\"Article\",\"@id\":\"https:\/\/territorialchallenges.com\/2023\/09\/05\/construction-resiliente-lemergence-de-la-construction-intelligente-dans-les-villes-du-futur\/121041\/#article\",\"isPartOf\":{\"@id\":\"https:\/\/territorialchallenges.com\/2023\/09\/05\/construction-resiliente-lemergence-de-la-construction-intelligente-dans-les-villes-du-futur\/121041\/\"},\"author\":{\"name\":\"ni.abdi\",\"@id\":\"https:\/\/territorialchallenges.com\/#\/schema\/person\/098f145c7c61a021c425e010f840080f\"},\"headline\":\"Construction r\u00e9siliente : L&rsquo;\u00e9mergence de la construction intelligente dans les villes du Futur\",\"datePublished\":\"2023-09-05T06:44:51+00:00\",\"dateModified\":\"2023-09-05T06:44:51+00:00\",\"mainEntityOfPage\":{\"@id\":\"https:\/\/territorialchallenges.com\/2023\/09\/05\/construction-resiliente-lemergence-de-la-construction-intelligente-dans-les-villes-du-futur\/121041\/\"},\"wordCount\":634,\"commentCount\":0,\"publisher\":{\"@id\":\"https:\/\/territorialchallenges.com\/#organization\"},\"articleSection\":[\"R\u00e9flexion faite\",\"\u00c9cosyst\u00e8me\"],\"inLanguage\":\"nl-NL\"},{\"@type\":\"WebPage\",\"@id\":\"https:\/\/territorialchallenges.com\/2023\/09\/05\/construction-resiliente-lemergence-de-la-construction-intelligente-dans-les-villes-du-futur\/121041\/\",\"url\":\"https:\/\/territorialchallenges.com\/2023\/09\/05\/construction-resiliente-lemergence-de-la-construction-intelligente-dans-les-villes-du-futur\/121041\/\",\"name\":\"Construction r\u00e9siliente : L'\u00e9mergence de la construction intelligente dans les villes du Futur - Territorial Challenges\",\"isPartOf\":{\"@id\":\"https:\/\/territorialchallenges.com\/#website\"},\"datePublished\":\"2023-09-05T06:44:51+00:00\",\"dateModified\":\"2023-09-05T06:44:51+00:00\",\"breadcrumb\":{\"@id\":\"https:\/\/territorialchallenges.com\/2023\/09\/05\/construction-resiliente-lemergence-de-la-construction-intelligente-dans-les-villes-du-futur\/121041\/#breadcrumb\"},\"inLanguage\":\"nl-NL\",\"potentialAction\":[{\"@type\":\"ReadAction\",\"target\":[\"https:\/\/territorialchallenges.com\/2023\/09\/05\/construction-resiliente-lemergence-de-la-construction-intelligente-dans-les-villes-du-futur\/121041\/\"]}]},{\"@type\":\"BreadcrumbList\",\"@id\":\"https:\/\/territorialchallenges.com\/2023\/09\/05\/construction-resiliente-lemergence-de-la-construction-intelligente-dans-les-villes-du-futur\/121041\/#breadcrumb\",\"itemListElement\":[{\"@type\":\"ListItem\",\"position\":1,\"name\":\"Home\",\"item\":\"https:\/\/territorialchallenges.com\/\"},{\"@type\":\"ListItem\",\"position\":2,\"name\":\"Construction r\u00e9siliente : L&rsquo;\u00e9mergence de la construction intelligente dans les villes du Futur\"}]},{\"@type\":\"WebSite\",\"@id\":\"https:\/\/territorialchallenges.com\/#website\",\"url\":\"https:\/\/territorialchallenges.com\/\",\"name\":\"Territorial Challenges\",\"description\":\"Veille Internationale - Strat\u00e9gie Intelligentes - Bonnes pratiques\",\"publisher\":{\"@id\":\"https:\/\/territorialchallenges.com\/#organization\"},\"potentialAction\":[{\"@type\":\"SearchAction\",\"target\":{\"@type\":\"EntryPoint\",\"urlTemplate\":\"https:\/\/territorialchallenges.com\/?s={search_term_string}\"},\"query-input\":\"required name=search_term_string\"}],\"inLanguage\":\"nl-NL\"},{\"@type\":\"Organization\",\"@id\":\"https:\/\/territorialchallenges.com\/#organization\",\"name\":\"Territorial Challenges\",\"url\":\"https:\/\/territorialchallenges.com\/\",\"logo\":{\"@type\":\"ImageObject\",\"inLanguage\":\"nl-NL\",\"@id\":\"https:\/\/territorialchallenges.com\/#\/schema\/logo\/image\/\",\"url\":\"https:\/\/territorialchallenges.com\/wp-content\/uploads\/2023\/10\/logo-1.png\",\"contentUrl\":\"https:\/\/territorialchallenges.com\/wp-content\/uploads\/2023\/10\/logo-1.png\",\"width\":1832,\"height\":576,\"caption\":\"Territorial Challenges\"},\"image\":{\"@id\":\"https:\/\/territorialchallenges.com\/#\/schema\/logo\/image\/\"}},{\"@type\":\"Person\",\"@id\":\"https:\/\/territorialchallenges.com\/#\/schema\/person\/098f145c7c61a021c425e010f840080f\",\"name\":\"ni.abdi\",\"image\":{\"@type\":\"ImageObject\",\"inLanguage\":\"nl-NL\",\"@id\":\"https:\/\/territorialchallenges.com\/#\/schema\/person\/image\/\",\"url\":\"https:\/\/secure.gravatar.com\/avatar\/2a2f2491f3c80039986ba989b1e4b510?s=96&d=identicon&r=g\",\"contentUrl\":\"https:\/\/secure.gravatar.com\/avatar\/2a2f2491f3c80039986ba989b1e4b510?s=96&d=identicon&r=g\",\"caption\":\"ni.abdi\"},\"sameAs\":[\"https:\/\/twitter.com\/Ni.abdi\"],\"url\":\"https:\/\/territorialchallenges.com\/nl\/author\/ni-abdi\/\"}]}<\/script>\n<!-- \/ Yoast SEO plugin. -->","yoast_head_json":{"title":"Construction r\u00e9siliente : L'\u00e9mergence de la construction intelligente dans les villes du Futur - Territorial Challenges","robots":{"index":"index","follow":"follow","max-snippet":"max-snippet:-1","max-image-preview":"max-image-preview:large","max-video-preview":"max-video-preview:-1"},"canonical":"https:\/\/territorialchallenges.com\/nl\/2023\/09\/05\/construction-resiliente-lemergence-de-la-construction-intelligente-dans-les-villes-du-futur\/121041\/","og_locale":"nl_NL","og_type":"article","og_title":"Construction r\u00e9siliente : L'\u00e9mergence de la construction intelligente dans les villes du Futur - Territorial Challenges","og_description":"L&rsquo;Asie et le Pacifique font face \u00e0 un d\u00e9fi monumental &#8211; investir des milliards dans les infrastructures pour lutter contre la pauvret\u00e9, favoriser la croissance \u00e9conomique et att\u00e9nuer les impacts du changement climatique. Cette r\u00e9gion est particuli\u00e8rement vuln\u00e9rable aux al\u00e9as climatiques, et ses villes sont en premi\u00e8re ligne de cette bataille. Des infrastructures r\u00e9silientes, renforc\u00e9es [&hellip;]","og_url":"https:\/\/territorialchallenges.com\/nl\/2023\/09\/05\/construction-resiliente-lemergence-de-la-construction-intelligente-dans-les-villes-du-futur\/121041\/","og_site_name":"Territorial Challenges","article_published_time":"2023-09-05T06:44:51+00:00","og_image":[{"width":1280,"height":585,"url":"https:\/\/territorialchallenges.com\/wp-content\/uploads\/2023\/09\/reflexionFaite5.09.23.Photo_.jpg","type":"image\/jpeg"}],"author":"ni.abdi","twitter_card":"summary_large_image","twitter_creator":"@Ni.abdi","twitter_misc":{"Geschreven door":"ni.abdi","Geschatte leestijd":"3 minuten"},"schema":{"@context":"https:\/\/schema.org","@graph":[{"@type":"Article","@id":"https:\/\/territorialchallenges.com\/2023\/09\/05\/construction-resiliente-lemergence-de-la-construction-intelligente-dans-les-villes-du-futur\/121041\/#article","isPartOf":{"@id":"https:\/\/territorialchallenges.com\/2023\/09\/05\/construction-resiliente-lemergence-de-la-construction-intelligente-dans-les-villes-du-futur\/121041\/"},"author":{"name":"ni.abdi","@id":"https:\/\/territorialchallenges.com\/#\/schema\/person\/098f145c7c61a021c425e010f840080f"},"headline":"Construction r\u00e9siliente : L&rsquo;\u00e9mergence de la construction intelligente dans les villes du Futur","datePublished":"2023-09-05T06:44:51+00:00","dateModified":"2023-09-05T06:44:51+00:00","mainEntityOfPage":{"@id":"https:\/\/territorialchallenges.com\/2023\/09\/05\/construction-resiliente-lemergence-de-la-construction-intelligente-dans-les-villes-du-futur\/121041\/"},"wordCount":634,"commentCount":0,"publisher":{"@id":"https:\/\/territorialchallenges.com\/#organization"},"articleSection":["R\u00e9flexion faite","\u00c9cosyst\u00e8me"],"inLanguage":"nl-NL"},{"@type":"WebPage","@id":"https:\/\/territorialchallenges.com\/2023\/09\/05\/construction-resiliente-lemergence-de-la-construction-intelligente-dans-les-villes-du-futur\/121041\/","url":"https:\/\/territorialchallenges.com\/2023\/09\/05\/construction-resiliente-lemergence-de-la-construction-intelligente-dans-les-villes-du-futur\/121041\/","name":"Construction r\u00e9siliente : L'\u00e9mergence de la construction intelligente dans les villes du Futur - Territorial Challenges","isPartOf":{"@id":"https:\/\/territorialchallenges.com\/#website"},"datePublished":"2023-09-05T06:44:51+00:00","dateModified":"2023-09-05T06:44:51+00:00","breadcrumb":{"@id":"https:\/\/territorialchallenges.com\/2023\/09\/05\/construction-resiliente-lemergence-de-la-construction-intelligente-dans-les-villes-du-futur\/121041\/#breadcrumb"},"inLanguage":"nl-NL","potentialAction":[{"@type":"ReadAction","target":["https:\/\/territorialchallenges.com\/2023\/09\/05\/construction-resiliente-lemergence-de-la-construction-intelligente-dans-les-villes-du-futur\/121041\/"]}]},{"@type":"BreadcrumbList","@id":"https:\/\/territorialchallenges.com\/2023\/09\/05\/construction-resiliente-lemergence-de-la-construction-intelligente-dans-les-villes-du-futur\/121041\/#breadcrumb","itemListElement":[{"@type":"ListItem","position":1,"name":"Home","item":"https:\/\/territorialchallenges.com\/"},{"@type":"ListItem","position":2,"name":"Construction r\u00e9siliente : L&rsquo;\u00e9mergence de la construction intelligente dans les villes du Futur"}]},{"@type":"WebSite","@id":"https:\/\/territorialchallenges.com\/#website","url":"https:\/\/territorialchallenges.com\/","name":"Territoriale uitdagingen","description":"Internationale monitoring - Slimme strategie\u00ebn - Beste praktijken","publisher":{"@id":"https:\/\/territorialchallenges.com\/#organization"},"potentialAction":[{"@type":"SearchAction","target":{"@type":"EntryPoint","urlTemplate":"https:\/\/territorialchallenges.com\/?s={search_term_string}"},"query-input":"required name=search_term_string"}],"inLanguage":"nl-NL"},{"@type":"Organization","@id":"https:\/\/territorialchallenges.com\/#organization","name":"Territoriale uitdagingen","url":"https:\/\/territorialchallenges.com\/","logo":{"@type":"ImageObject","inLanguage":"nl-NL","@id":"https:\/\/territorialchallenges.com\/#\/schema\/logo\/image\/","url":"https:\/\/territorialchallenges.com\/wp-content\/uploads\/2023\/10\/logo-1.png","contentUrl":"https:\/\/territorialchallenges.com\/wp-content\/uploads\/2023\/10\/logo-1.png","width":1832,"height":576,"caption":"Territorial Challenges"},"image":{"@id":"https:\/\/territorialchallenges.com\/#\/schema\/logo\/image\/"}},{"@type":"Person","@id":"https:\/\/territorialchallenges.com\/#\/schema\/person\/098f145c7c61a021c425e010f840080f","name":"ni.abdi","image":{"@type":"ImageObject","inLanguage":"nl-NL","@id":"https:\/\/territorialchallenges.com\/#\/schema\/person\/image\/","url":"https:\/\/secure.gravatar.com\/avatar\/2a2f2491f3c80039986ba989b1e4b510?s=96&d=identicon&r=g","contentUrl":"https:\/\/secure.gravatar.com\/avatar\/2a2f2491f3c80039986ba989b1e4b510?s=96&d=identicon&r=g","caption":"ni.abdi"},"sameAs":["https:\/\/twitter.com\/Ni.abdi"],"url":"https:\/\/territorialchallenges.com\/nl\/author\/ni-abdi\/"}]}},"_links":{"self":[{"href":"https:\/\/territorialchallenges.com\/nl\/wp-json\/wp\/v2\/posts\/121041"}],"collection":[{"href":"https:\/\/territorialchallenges.com\/nl\/wp-json\/wp\/v2\/posts"}],"about":[{"href":"https:\/\/territorialchallenges.com\/nl\/wp-json\/wp\/v2\/types\/post"}],"author":[{"embeddable":true,"href":"https:\/\/territorialchallenges.com\/nl\/wp-json\/wp\/v2\/users\/11"}],"replies":[{"embeddable":true,"href":"https:\/\/territorialchallenges.com\/nl\/wp-json\/wp\/v2\/comments?post=121041"}],"version-history":[{"count":1,"href":"https:\/\/territorialchallenges.com\/nl\/wp-json\/wp\/v2\/posts\/121041\/revisions"}],"predecessor-version":[{"id":121046,"href":"https:\/\/territorialchallenges.com\/nl\/wp-json\/wp\/v2\/posts\/121041\/revisions\/121046"}],"wp:featuredmedia":[{"embeddable":true,"href":"https:\/\/territorialchallenges.com\/nl\/wp-json\/wp\/v2\/media\/121042"}],"wp:attachment":[{"href":"https:\/\/territorialchallenges.com\/nl\/wp-json\/wp\/v2\/media?parent=121041"}],"wp:term":[{"taxonomy":"category","embeddable":true,"href":"https:\/\/territorialchallenges.com\/nl\/wp-json\/wp\/v2\/categories?post=121041"},{"taxonomy":"post_tag","embeddable":true,"href":"https:\/\/territorialchallenges.com\/nl\/wp-json\/wp\/v2\/tags?post=121041"}],"curies":[{"name":"wp","href":"https:\/\/api.w.org\/{rel}","templated":true}]}}