{"id":120994,"date":"2023-08-22T09:02:51","date_gmt":"2023-08-22T07:02:51","guid":{"rendered":"https:\/\/territorialchallenges.com\/?p=120994"},"modified":"2023-08-22T09:02:51","modified_gmt":"2023-08-22T07:02:51","slug":"vers-une-economie-circulaire-dans-les-villes-intelligentes","status":"publish","type":"post","link":"https:\/\/territorialchallenges.com\/nl\/2023\/08\/22\/vers-une-economie-circulaire-dans-les-villes-intelligentes\/120994\/","title":{"rendered":"Op weg naar een circulaire economie in slimme steden"},"content":{"rendered":"<p>In een tijdperk van snelle verstedelijking en milieuproblemen ontpopt de circulaire economie zich tot een baken van hoop voor de vormgeving van de steden van morgen. Naarmate de bevolking naar stedelijke centra blijft migreren, neemt de druk op hulpbronnen, systemen en infrastructuur toe. Om dit aan te pakken, biedt het circulaire-economiemodel een transformatieve aanpak,\u2026 <\/p>\n<div class=\"pmpro_content_message\">Artikel alleen beschikbaar voor abonnees.<br \/><a href=\"https:\/\/territorialchallenges.com\/wp-login.php\">Login<\/a><br \/><a href=\"https:\/\/territorialchallenges.com\/nl\/wp-login.php\/?action=register\">Register<\/a><\/div>","protected":false},"excerpt":{"rendered":"<p>A l&rsquo;\u00e8re de l&rsquo;urbanisation rapide et des d\u00e9fis environnementaux, l&rsquo;\u00e9conomie circulaire appara\u00eet comme une lueur d&rsquo;espoir pour fa\u00e7onner les villes de demain. Alors que les populations continuent de migrer vers les centres urbains, la pression sur les ressources, les syst\u00e8mes et les infrastructures s&rsquo;intensifie. Pour y rem\u00e9dier, le mod\u00e8le d&rsquo;\u00e9conomie circulaire propose une approche transformatrice,... <\/p>\n<div class=\"pmpro_content_message\">Artikel alleen beschikbaar voor abonnees.<br \/><a href=\"https:\/\/territorialchallenges.com\/wp-login.php\">Login<\/a><br \/><a href=\"https:\/\/territorialchallenges.com\/nl\/wp-login.php\/?action=register\">Register<\/a><\/div>","protected":false},"author":11,"featured_media":120995,"comment_status":"open","ping_status":"open","sticky":true,"template":"","format":"standard","meta":{"pmpro_default_level":0,"footnotes":""},"categories":[130,117],"tags":[],"blocksy_meta":"","yoast_head":"<!-- This site is optimized with the Yoast SEO plugin v21.5 - https:\/\/yoast.com\/wordpress\/plugins\/seo\/ -->\n<title>Vers une \u00e9conomie circulaire dans les villes intelligentes - Territorial Challenges<\/title>\n<meta name=\"robots\" content=\"index, follow, max-snippet:-1, max-image-preview:large, max-video-preview:-1\" \/>\n<link rel=\"canonical\" href=\"https:\/\/territorialchallenges.com\/nl\/2023\/08\/22\/vers-une-economie-circulaire-dans-les-villes-intelligentes\/120994\/\" \/>\n<meta property=\"og:locale\" content=\"nl_NL\" \/>\n<meta property=\"og:type\" content=\"article\" \/>\n<meta property=\"og:title\" content=\"Vers une \u00e9conomie circulaire dans les villes intelligentes - Territorial Challenges\" \/>\n<meta property=\"og:description\" content=\"A l&rsquo;\u00e8re de l&rsquo;urbanisation rapide et des d\u00e9fis environnementaux, l&rsquo;\u00e9conomie circulaire appara\u00eet comme une lueur d&rsquo;espoir pour fa\u00e7onner les villes de demain. Alors que les populations continuent de migrer vers les centres urbains, la pression sur les ressources, les syst\u00e8mes et les infrastructures s&rsquo;intensifie. Pour y rem\u00e9dier, le mod\u00e8le d&rsquo;\u00e9conomie circulaire propose une approche transformatrice, [&hellip;]\" \/>\n<meta property=\"og:url\" content=\"https:\/\/territorialchallenges.com\/nl\/2023\/08\/22\/vers-une-economie-circulaire-dans-les-villes-intelligentes\/120994\/\" \/>\n<meta property=\"og:site_name\" content=\"Territorial Challenges\" \/>\n<meta property=\"article:published_time\" content=\"2023-08-22T07:02:51+00:00\" \/>\n<meta property=\"og:image\" content=\"https:\/\/territorialchallenges.com\/wp-content\/uploads\/2023\/08\/reflexionfaiteeconomiecirculairePhoto.jpg\" \/>\n\t<meta property=\"og:image:width\" content=\"1280\" \/>\n\t<meta property=\"og:image:height\" content=\"589\" \/>\n\t<meta property=\"og:image:type\" content=\"image\/jpeg\" \/>\n<meta name=\"author\" content=\"ni.abdi\" \/>\n<meta name=\"twitter:card\" content=\"summary_large_image\" \/>\n<meta name=\"twitter:creator\" content=\"@Ni.abdi\" \/>\n<meta name=\"twitter:label1\" content=\"Geschreven door\" \/>\n\t<meta name=\"twitter:data1\" content=\"ni.abdi\" \/>\n\t<meta name=\"twitter:label2\" content=\"Geschatte leestijd\" \/>\n\t<meta name=\"twitter:data2\" content=\"3 minuten\" \/>\n<script type=\"application\/ld+json\" class=\"yoast-schema-graph\">{\"@context\":\"https:\/\/schema.org\",\"@graph\":[{\"@type\":\"Article\",\"@id\":\"https:\/\/territorialchallenges.com\/2023\/08\/22\/vers-une-economie-circulaire-dans-les-villes-intelligentes\/120994\/#article\",\"isPartOf\":{\"@id\":\"https:\/\/territorialchallenges.com\/2023\/08\/22\/vers-une-economie-circulaire-dans-les-villes-intelligentes\/120994\/\"},\"author\":{\"name\":\"ni.abdi\",\"@id\":\"https:\/\/territorialchallenges.com\/#\/schema\/person\/098f145c7c61a021c425e010f840080f\"},\"headline\":\"Vers une \u00e9conomie circulaire dans les villes intelligentes\",\"datePublished\":\"2023-08-22T07:02:51+00:00\",\"dateModified\":\"2023-08-22T07:02:51+00:00\",\"mainEntityOfPage\":{\"@id\":\"https:\/\/territorialchallenges.com\/2023\/08\/22\/vers-une-economie-circulaire-dans-les-villes-intelligentes\/120994\/\"},\"wordCount\":577,\"commentCount\":0,\"publisher\":{\"@id\":\"https:\/\/territorialchallenges.com\/#organization\"},\"articleSection\":[\"R\u00e9flexion faite\",\"\u00c9cosyst\u00e8me\"],\"inLanguage\":\"nl-NL\"},{\"@type\":\"WebPage\",\"@id\":\"https:\/\/territorialchallenges.com\/2023\/08\/22\/vers-une-economie-circulaire-dans-les-villes-intelligentes\/120994\/\",\"url\":\"https:\/\/territorialchallenges.com\/2023\/08\/22\/vers-une-economie-circulaire-dans-les-villes-intelligentes\/120994\/\",\"name\":\"Vers une \u00e9conomie circulaire dans les villes intelligentes - Territorial Challenges\",\"isPartOf\":{\"@id\":\"https:\/\/territorialchallenges.com\/#website\"},\"datePublished\":\"2023-08-22T07:02:51+00:00\",\"dateModified\":\"2023-08-22T07:02:51+00:00\",\"breadcrumb\":{\"@id\":\"https:\/\/territorialchallenges.com\/2023\/08\/22\/vers-une-economie-circulaire-dans-les-villes-intelligentes\/120994\/#breadcrumb\"},\"inLanguage\":\"nl-NL\",\"potentialAction\":[{\"@type\":\"ReadAction\",\"target\":[\"https:\/\/territorialchallenges.com\/2023\/08\/22\/vers-une-economie-circulaire-dans-les-villes-intelligentes\/120994\/\"]}]},{\"@type\":\"BreadcrumbList\",\"@id\":\"https:\/\/territorialchallenges.com\/2023\/08\/22\/vers-une-economie-circulaire-dans-les-villes-intelligentes\/120994\/#breadcrumb\",\"itemListElement\":[{\"@type\":\"ListItem\",\"position\":1,\"name\":\"Home\",\"item\":\"https:\/\/territorialchallenges.com\/\"},{\"@type\":\"ListItem\",\"position\":2,\"name\":\"Vers une \u00e9conomie circulaire dans les villes intelligentes\"}]},{\"@type\":\"WebSite\",\"@id\":\"https:\/\/territorialchallenges.com\/#website\",\"url\":\"https:\/\/territorialchallenges.com\/\",\"name\":\"Territorial Challenges\",\"description\":\"Veille Internationale - Strat\u00e9gie Intelligentes - Bonnes pratiques\",\"publisher\":{\"@id\":\"https:\/\/territorialchallenges.com\/#organization\"},\"potentialAction\":[{\"@type\":\"SearchAction\",\"target\":{\"@type\":\"EntryPoint\",\"urlTemplate\":\"https:\/\/territorialchallenges.com\/?s={search_term_string}\"},\"query-input\":\"required name=search_term_string\"}],\"inLanguage\":\"nl-NL\"},{\"@type\":\"Organization\",\"@id\":\"https:\/\/territorialchallenges.com\/#organization\",\"name\":\"Territorial Challenges\",\"url\":\"https:\/\/territorialchallenges.com\/\",\"logo\":{\"@type\":\"ImageObject\",\"inLanguage\":\"nl-NL\",\"@id\":\"https:\/\/territorialchallenges.com\/#\/schema\/logo\/image\/\",\"url\":\"https:\/\/territorialchallenges.com\/wp-content\/uploads\/2023\/10\/logo-1.png\",\"contentUrl\":\"https:\/\/territorialchallenges.com\/wp-content\/uploads\/2023\/10\/logo-1.png\",\"width\":1832,\"height\":576,\"caption\":\"Territorial Challenges\"},\"image\":{\"@id\":\"https:\/\/territorialchallenges.com\/#\/schema\/logo\/image\/\"}},{\"@type\":\"Person\",\"@id\":\"https:\/\/territorialchallenges.com\/#\/schema\/person\/098f145c7c61a021c425e010f840080f\",\"name\":\"ni.abdi\",\"image\":{\"@type\":\"ImageObject\",\"inLanguage\":\"nl-NL\",\"@id\":\"https:\/\/territorialchallenges.com\/#\/schema\/person\/image\/\",\"url\":\"https:\/\/secure.gravatar.com\/avatar\/2a2f2491f3c80039986ba989b1e4b510?s=96&d=identicon&r=g\",\"contentUrl\":\"https:\/\/secure.gravatar.com\/avatar\/2a2f2491f3c80039986ba989b1e4b510?s=96&d=identicon&r=g\",\"caption\":\"ni.abdi\"},\"sameAs\":[\"https:\/\/twitter.com\/Ni.abdi\"],\"url\":\"https:\/\/territorialchallenges.com\/nl\/author\/ni-abdi\/\"}]}<\/script>\n<!-- \/ Yoast SEO plugin. -->","yoast_head_json":{"title":"Vers une \u00e9conomie circulaire dans les villes intelligentes - Territorial Challenges","robots":{"index":"index","follow":"follow","max-snippet":"max-snippet:-1","max-image-preview":"max-image-preview:large","max-video-preview":"max-video-preview:-1"},"canonical":"https:\/\/territorialchallenges.com\/nl\/2023\/08\/22\/vers-une-economie-circulaire-dans-les-villes-intelligentes\/120994\/","og_locale":"nl_NL","og_type":"article","og_title":"Vers une \u00e9conomie circulaire dans les villes intelligentes - Territorial Challenges","og_description":"A l&rsquo;\u00e8re de l&rsquo;urbanisation rapide et des d\u00e9fis environnementaux, l&rsquo;\u00e9conomie circulaire appara\u00eet comme une lueur d&rsquo;espoir pour fa\u00e7onner les villes de demain. Alors que les populations continuent de migrer vers les centres urbains, la pression sur les ressources, les syst\u00e8mes et les infrastructures s&rsquo;intensifie. Pour y rem\u00e9dier, le mod\u00e8le d&rsquo;\u00e9conomie circulaire propose une approche transformatrice, [&hellip;]","og_url":"https:\/\/territorialchallenges.com\/nl\/2023\/08\/22\/vers-une-economie-circulaire-dans-les-villes-intelligentes\/120994\/","og_site_name":"Territorial Challenges","article_published_time":"2023-08-22T07:02:51+00:00","og_image":[{"width":1280,"height":589,"url":"https:\/\/territorialchallenges.com\/wp-content\/uploads\/2023\/08\/reflexionfaiteeconomiecirculairePhoto.jpg","type":"image\/jpeg"}],"author":"ni.abdi","twitter_card":"summary_large_image","twitter_creator":"@Ni.abdi","twitter_misc":{"Geschreven door":"ni.abdi","Geschatte leestijd":"3 minuten"},"schema":{"@context":"https:\/\/schema.org","@graph":[{"@type":"Article","@id":"https:\/\/territorialchallenges.com\/2023\/08\/22\/vers-une-economie-circulaire-dans-les-villes-intelligentes\/120994\/#article","isPartOf":{"@id":"https:\/\/territorialchallenges.com\/2023\/08\/22\/vers-une-economie-circulaire-dans-les-villes-intelligentes\/120994\/"},"author":{"name":"ni.abdi","@id":"https:\/\/territorialchallenges.com\/#\/schema\/person\/098f145c7c61a021c425e010f840080f"},"headline":"Vers une \u00e9conomie circulaire dans les villes intelligentes","datePublished":"2023-08-22T07:02:51+00:00","dateModified":"2023-08-22T07:02:51+00:00","mainEntityOfPage":{"@id":"https:\/\/territorialchallenges.com\/2023\/08\/22\/vers-une-economie-circulaire-dans-les-villes-intelligentes\/120994\/"},"wordCount":577,"commentCount":0,"publisher":{"@id":"https:\/\/territorialchallenges.com\/#organization"},"articleSection":["R\u00e9flexion faite","\u00c9cosyst\u00e8me"],"inLanguage":"nl-NL"},{"@type":"WebPage","@id":"https:\/\/territorialchallenges.com\/2023\/08\/22\/vers-une-economie-circulaire-dans-les-villes-intelligentes\/120994\/","url":"https:\/\/territorialchallenges.com\/2023\/08\/22\/vers-une-economie-circulaire-dans-les-villes-intelligentes\/120994\/","name":"Vers une \u00e9conomie circulaire dans les villes intelligentes - Territorial Challenges","isPartOf":{"@id":"https:\/\/territorialchallenges.com\/#website"},"datePublished":"2023-08-22T07:02:51+00:00","dateModified":"2023-08-22T07:02:51+00:00","breadcrumb":{"@id":"https:\/\/territorialchallenges.com\/2023\/08\/22\/vers-une-economie-circulaire-dans-les-villes-intelligentes\/120994\/#breadcrumb"},"inLanguage":"nl-NL","potentialAction":[{"@type":"ReadAction","target":["https:\/\/territorialchallenges.com\/2023\/08\/22\/vers-une-economie-circulaire-dans-les-villes-intelligentes\/120994\/"]}]},{"@type":"BreadcrumbList","@id":"https:\/\/territorialchallenges.com\/2023\/08\/22\/vers-une-economie-circulaire-dans-les-villes-intelligentes\/120994\/#breadcrumb","itemListElement":[{"@type":"ListItem","position":1,"name":"Home","item":"https:\/\/territorialchallenges.com\/"},{"@type":"ListItem","position":2,"name":"Vers une \u00e9conomie circulaire dans les villes intelligentes"}]},{"@type":"WebSite","@id":"https:\/\/territorialchallenges.com\/#website","url":"https:\/\/territorialchallenges.com\/","name":"Territoriale uitdagingen","description":"Internationale monitoring - Slimme strategie\u00ebn - Beste praktijken","publisher":{"@id":"https:\/\/territorialchallenges.com\/#organization"},"potentialAction":[{"@type":"SearchAction","target":{"@type":"EntryPoint","urlTemplate":"https:\/\/territorialchallenges.com\/?s={search_term_string}"},"query-input":"required name=search_term_string"}],"inLanguage":"nl-NL"},{"@type":"Organization","@id":"https:\/\/territorialchallenges.com\/#organization","name":"Territoriale uitdagingen","url":"https:\/\/territorialchallenges.com\/","logo":{"@type":"ImageObject","inLanguage":"nl-NL","@id":"https:\/\/territorialchallenges.com\/#\/schema\/logo\/image\/","url":"https:\/\/territorialchallenges.com\/wp-content\/uploads\/2023\/10\/logo-1.png","contentUrl":"https:\/\/territorialchallenges.com\/wp-content\/uploads\/2023\/10\/logo-1.png","width":1832,"height":576,"caption":"Territorial Challenges"},"image":{"@id":"https:\/\/territorialchallenges.com\/#\/schema\/logo\/image\/"}},{"@type":"Person","@id":"https:\/\/territorialchallenges.com\/#\/schema\/person\/098f145c7c61a021c425e010f840080f","name":"ni.abdi","image":{"@type":"ImageObject","inLanguage":"nl-NL","@id":"https:\/\/territorialchallenges.com\/#\/schema\/person\/image\/","url":"https:\/\/secure.gravatar.com\/avatar\/2a2f2491f3c80039986ba989b1e4b510?s=96&d=identicon&r=g","contentUrl":"https:\/\/secure.gravatar.com\/avatar\/2a2f2491f3c80039986ba989b1e4b510?s=96&d=identicon&r=g","caption":"ni.abdi"},"sameAs":["https:\/\/twitter.com\/Ni.abdi"],"url":"https:\/\/territorialchallenges.com\/nl\/author\/ni-abdi\/"}]}},"_links":{"self":[{"href":"https:\/\/territorialchallenges.com\/nl\/wp-json\/wp\/v2\/posts\/120994"}],"collection":[{"href":"https:\/\/territorialchallenges.com\/nl\/wp-json\/wp\/v2\/posts"}],"about":[{"href":"https:\/\/territorialchallenges.com\/nl\/wp-json\/wp\/v2\/types\/post"}],"author":[{"embeddable":true,"href":"https:\/\/territorialchallenges.com\/nl\/wp-json\/wp\/v2\/users\/11"}],"replies":[{"embeddable":true,"href":"https:\/\/territorialchallenges.com\/nl\/wp-json\/wp\/v2\/comments?post=120994"}],"version-history":[{"count":1,"href":"https:\/\/territorialchallenges.com\/nl\/wp-json\/wp\/v2\/posts\/120994\/revisions"}],"predecessor-version":[{"id":120999,"href":"https:\/\/territorialchallenges.com\/nl\/wp-json\/wp\/v2\/posts\/120994\/revisions\/120999"}],"wp:featuredmedia":[{"embeddable":true,"href":"https:\/\/territorialchallenges.com\/nl\/wp-json\/wp\/v2\/media\/120995"}],"wp:attachment":[{"href":"https:\/\/territorialchallenges.com\/nl\/wp-json\/wp\/v2\/media?parent=120994"}],"wp:term":[{"taxonomy":"category","embeddable":true,"href":"https:\/\/territorialchallenges.com\/nl\/wp-json\/wp\/v2\/categories?post=120994"},{"taxonomy":"post_tag","embeddable":true,"href":"https:\/\/territorialchallenges.com\/nl\/wp-json\/wp\/v2\/tags?post=120994"}],"curies":[{"name":"wp","href":"https:\/\/api.w.org\/{rel}","templated":true}]}}