{"id":120840,"date":"2023-07-31T22:25:26","date_gmt":"2023-07-31T20:25:26","guid":{"rendered":"https:\/\/territorialchallenges.com\/?p=120840"},"modified":"2023-07-31T22:25:26","modified_gmt":"2023-07-31T20:25:26","slug":"revolutionner-la-mobilite-urbaine-comment-les-vehicules-autonomes-transforment-les-villes-intelligentes","status":"publish","type":"post","link":"https:\/\/territorialchallenges.com\/nl\/2023\/07\/31\/revolutionner-la-mobilite-urbaine-comment-les-vehicules-autonomes-transforment-les-villes-intelligentes\/120840\/","title":{"rendered":"Een revolutie in stedelijke mobiliteit: hoe autonome voertuigen slimme steden transformeren"},"content":{"rendered":"<p>Onze steden worden al decennialang gevormd door traditionele vervoerswijzen, met een sterke afhankelijkheid van verbrandingsmotoren en de daaruit voortvloeiende wegeninfrastructuur. De opkomst van zelfrijdende auto&#039;s, in combinatie met de dramatische groei van elektrische voertuigen, biedt echter een unieke kans om stedelijke mobiliteit opnieuw uit te vinden en... <\/p>\n<div class=\"pmpro_content_message\">Artikel alleen beschikbaar voor abonnees.<br \/><a href=\"https:\/\/territorialchallenges.com\/wp-login.php\">Login<\/a><br \/><a href=\"https:\/\/territorialchallenges.com\/nl\/wp-login.php\/?action=register\">Register<\/a><\/div>","protected":false},"excerpt":{"rendered":"<p>Depuis des d\u00e9cennies, nos villes ont \u00e9t\u00e9 fa\u00e7onn\u00e9es par les modes de transport traditionnels, avec une d\u00e9pendance marqu\u00e9e envers les voitures \u00e0 combustion interne et les infrastructures routi\u00e8res en cons\u00e9quence. Cependant, l&rsquo;av\u00e8nement des v\u00e9hicules autonomes, associ\u00e9 \u00e0 la croissance spectaculaire des v\u00e9hicules \u00e9lectriques, offre d\u00e9sormais une occasion unique de r\u00e9inventer la mobilit\u00e9 urbaine et de... <\/p>\n<div class=\"pmpro_content_message\">Artikel alleen beschikbaar voor abonnees.<br \/><a href=\"https:\/\/territorialchallenges.com\/wp-login.php\">Login<\/a><br \/><a href=\"https:\/\/territorialchallenges.com\/nl\/wp-login.php\/?action=register\">Register<\/a><\/div>","protected":false},"author":11,"featured_media":120841,"comment_status":"open","ping_status":"open","sticky":true,"template":"","format":"standard","meta":{"pmpro_default_level":0,"footnotes":""},"categories":[130,117],"tags":[],"blocksy_meta":"","yoast_head":"<!-- This site is optimized with the Yoast SEO plugin v21.5 - https:\/\/yoast.com\/wordpress\/plugins\/seo\/ -->\n<title>R\u00e9volutionner la mobilit\u00e9 urbaine : Comment les v\u00e9hicules autonomes transforment les villes intelligentes - Territorial Challenges<\/title>\n<meta name=\"robots\" content=\"index, follow, max-snippet:-1, max-image-preview:large, max-video-preview:-1\" \/>\n<link rel=\"canonical\" href=\"https:\/\/territorialchallenges.com\/nl\/2023\/07\/31\/revolutionner-la-mobilite-urbaine-comment-les-vehicules-autonomes-transforment-les-villes-intelligentes\/120840\/\" \/>\n<meta property=\"og:locale\" content=\"nl_NL\" \/>\n<meta property=\"og:type\" content=\"article\" \/>\n<meta property=\"og:title\" content=\"R\u00e9volutionner la mobilit\u00e9 urbaine : Comment les v\u00e9hicules autonomes transforment les villes intelligentes - Territorial Challenges\" \/>\n<meta property=\"og:description\" content=\"Depuis des d\u00e9cennies, nos villes ont \u00e9t\u00e9 fa\u00e7onn\u00e9es par les modes de transport traditionnels, avec une d\u00e9pendance marqu\u00e9e envers les voitures \u00e0 combustion interne et les infrastructures routi\u00e8res en cons\u00e9quence. Cependant, l&rsquo;av\u00e8nement des v\u00e9hicules autonomes, associ\u00e9 \u00e0 la croissance spectaculaire des v\u00e9hicules \u00e9lectriques, offre d\u00e9sormais une occasion unique de r\u00e9inventer la mobilit\u00e9 urbaine et de [&hellip;]\" \/>\n<meta property=\"og:url\" content=\"https:\/\/territorialchallenges.com\/nl\/2023\/07\/31\/revolutionner-la-mobilite-urbaine-comment-les-vehicules-autonomes-transforment-les-villes-intelligentes\/120840\/\" \/>\n<meta property=\"og:site_name\" content=\"Territorial Challenges\" \/>\n<meta property=\"article:published_time\" content=\"2023-07-31T20:25:26+00:00\" \/>\n<meta property=\"og:image\" content=\"https:\/\/territorialchallenges.com\/wp-content\/uploads\/2023\/07\/editomobilitephoto.jpg\" \/>\n\t<meta property=\"og:image:width\" content=\"1280\" \/>\n\t<meta property=\"og:image:height\" content=\"525\" \/>\n\t<meta property=\"og:image:type\" content=\"image\/jpeg\" \/>\n<meta name=\"author\" content=\"ni.abdi\" \/>\n<meta name=\"twitter:card\" content=\"summary_large_image\" \/>\n<meta name=\"twitter:creator\" content=\"@Ni.abdi\" \/>\n<meta name=\"twitter:label1\" content=\"Geschreven door\" \/>\n\t<meta name=\"twitter:data1\" content=\"ni.abdi\" \/>\n\t<meta name=\"twitter:label2\" content=\"Geschatte leestijd\" \/>\n\t<meta name=\"twitter:data2\" content=\"4 minuten\" \/>\n<script type=\"application\/ld+json\" class=\"yoast-schema-graph\">{\"@context\":\"https:\/\/schema.org\",\"@graph\":[{\"@type\":\"Article\",\"@id\":\"https:\/\/territorialchallenges.com\/2023\/07\/31\/revolutionner-la-mobilite-urbaine-comment-les-vehicules-autonomes-transforment-les-villes-intelligentes\/120840\/#article\",\"isPartOf\":{\"@id\":\"https:\/\/territorialchallenges.com\/2023\/07\/31\/revolutionner-la-mobilite-urbaine-comment-les-vehicules-autonomes-transforment-les-villes-intelligentes\/120840\/\"},\"author\":{\"name\":\"ni.abdi\",\"@id\":\"https:\/\/territorialchallenges.com\/#\/schema\/person\/098f145c7c61a021c425e010f840080f\"},\"headline\":\"R\u00e9volutionner la mobilit\u00e9 urbaine : Comment les v\u00e9hicules autonomes transforment les villes intelligentes\",\"datePublished\":\"2023-07-31T20:25:26+00:00\",\"dateModified\":\"2023-07-31T20:25:26+00:00\",\"mainEntityOfPage\":{\"@id\":\"https:\/\/territorialchallenges.com\/2023\/07\/31\/revolutionner-la-mobilite-urbaine-comment-les-vehicules-autonomes-transforment-les-villes-intelligentes\/120840\/\"},\"wordCount\":737,\"commentCount\":0,\"publisher\":{\"@id\":\"https:\/\/territorialchallenges.com\/#organization\"},\"articleSection\":[\"R\u00e9flexion faite\",\"\u00c9cosyst\u00e8me\"],\"inLanguage\":\"nl-NL\"},{\"@type\":\"WebPage\",\"@id\":\"https:\/\/territorialchallenges.com\/2023\/07\/31\/revolutionner-la-mobilite-urbaine-comment-les-vehicules-autonomes-transforment-les-villes-intelligentes\/120840\/\",\"url\":\"https:\/\/territorialchallenges.com\/2023\/07\/31\/revolutionner-la-mobilite-urbaine-comment-les-vehicules-autonomes-transforment-les-villes-intelligentes\/120840\/\",\"name\":\"R\u00e9volutionner la mobilit\u00e9 urbaine : Comment les v\u00e9hicules autonomes transforment les villes intelligentes - Territorial Challenges\",\"isPartOf\":{\"@id\":\"https:\/\/territorialchallenges.com\/#website\"},\"datePublished\":\"2023-07-31T20:25:26+00:00\",\"dateModified\":\"2023-07-31T20:25:26+00:00\",\"breadcrumb\":{\"@id\":\"https:\/\/territorialchallenges.com\/2023\/07\/31\/revolutionner-la-mobilite-urbaine-comment-les-vehicules-autonomes-transforment-les-villes-intelligentes\/120840\/#breadcrumb\"},\"inLanguage\":\"nl-NL\",\"potentialAction\":[{\"@type\":\"ReadAction\",\"target\":[\"https:\/\/territorialchallenges.com\/2023\/07\/31\/revolutionner-la-mobilite-urbaine-comment-les-vehicules-autonomes-transforment-les-villes-intelligentes\/120840\/\"]}]},{\"@type\":\"BreadcrumbList\",\"@id\":\"https:\/\/territorialchallenges.com\/2023\/07\/31\/revolutionner-la-mobilite-urbaine-comment-les-vehicules-autonomes-transforment-les-villes-intelligentes\/120840\/#breadcrumb\",\"itemListElement\":[{\"@type\":\"ListItem\",\"position\":1,\"name\":\"Home\",\"item\":\"https:\/\/territorialchallenges.com\/\"},{\"@type\":\"ListItem\",\"position\":2,\"name\":\"R\u00e9volutionner la mobilit\u00e9 urbaine : Comment les v\u00e9hicules autonomes transforment les villes intelligentes\"}]},{\"@type\":\"WebSite\",\"@id\":\"https:\/\/territorialchallenges.com\/#website\",\"url\":\"https:\/\/territorialchallenges.com\/\",\"name\":\"Territorial Challenges\",\"description\":\"Veille Internationale - Strat\u00e9gie Intelligentes - Bonnes pratiques\",\"publisher\":{\"@id\":\"https:\/\/territorialchallenges.com\/#organization\"},\"potentialAction\":[{\"@type\":\"SearchAction\",\"target\":{\"@type\":\"EntryPoint\",\"urlTemplate\":\"https:\/\/territorialchallenges.com\/?s={search_term_string}\"},\"query-input\":\"required name=search_term_string\"}],\"inLanguage\":\"nl-NL\"},{\"@type\":\"Organization\",\"@id\":\"https:\/\/territorialchallenges.com\/#organization\",\"name\":\"Territorial Challenges\",\"url\":\"https:\/\/territorialchallenges.com\/\",\"logo\":{\"@type\":\"ImageObject\",\"inLanguage\":\"nl-NL\",\"@id\":\"https:\/\/territorialchallenges.com\/#\/schema\/logo\/image\/\",\"url\":\"https:\/\/territorialchallenges.com\/wp-content\/uploads\/2023\/10\/logo-1.png\",\"contentUrl\":\"https:\/\/territorialchallenges.com\/wp-content\/uploads\/2023\/10\/logo-1.png\",\"width\":1832,\"height\":576,\"caption\":\"Territorial Challenges\"},\"image\":{\"@id\":\"https:\/\/territorialchallenges.com\/#\/schema\/logo\/image\/\"}},{\"@type\":\"Person\",\"@id\":\"https:\/\/territorialchallenges.com\/#\/schema\/person\/098f145c7c61a021c425e010f840080f\",\"name\":\"ni.abdi\",\"image\":{\"@type\":\"ImageObject\",\"inLanguage\":\"nl-NL\",\"@id\":\"https:\/\/territorialchallenges.com\/#\/schema\/person\/image\/\",\"url\":\"https:\/\/secure.gravatar.com\/avatar\/2a2f2491f3c80039986ba989b1e4b510?s=96&d=identicon&r=g\",\"contentUrl\":\"https:\/\/secure.gravatar.com\/avatar\/2a2f2491f3c80039986ba989b1e4b510?s=96&d=identicon&r=g\",\"caption\":\"ni.abdi\"},\"sameAs\":[\"https:\/\/twitter.com\/Ni.abdi\"],\"url\":\"https:\/\/territorialchallenges.com\/nl\/author\/ni-abdi\/\"}]}<\/script>\n<!-- \/ Yoast SEO plugin. -->","yoast_head_json":{"title":"R\u00e9volutionner la mobilit\u00e9 urbaine : Comment les v\u00e9hicules autonomes transforment les villes intelligentes - Territorial Challenges","robots":{"index":"index","follow":"follow","max-snippet":"max-snippet:-1","max-image-preview":"max-image-preview:large","max-video-preview":"max-video-preview:-1"},"canonical":"https:\/\/territorialchallenges.com\/nl\/2023\/07\/31\/revolutionner-la-mobilite-urbaine-comment-les-vehicules-autonomes-transforment-les-villes-intelligentes\/120840\/","og_locale":"nl_NL","og_type":"article","og_title":"R\u00e9volutionner la mobilit\u00e9 urbaine : Comment les v\u00e9hicules autonomes transforment les villes intelligentes - Territorial Challenges","og_description":"Depuis des d\u00e9cennies, nos villes ont \u00e9t\u00e9 fa\u00e7onn\u00e9es par les modes de transport traditionnels, avec une d\u00e9pendance marqu\u00e9e envers les voitures \u00e0 combustion interne et les infrastructures routi\u00e8res en cons\u00e9quence. Cependant, l&rsquo;av\u00e8nement des v\u00e9hicules autonomes, associ\u00e9 \u00e0 la croissance spectaculaire des v\u00e9hicules \u00e9lectriques, offre d\u00e9sormais une occasion unique de r\u00e9inventer la mobilit\u00e9 urbaine et de [&hellip;]","og_url":"https:\/\/territorialchallenges.com\/nl\/2023\/07\/31\/revolutionner-la-mobilite-urbaine-comment-les-vehicules-autonomes-transforment-les-villes-intelligentes\/120840\/","og_site_name":"Territorial Challenges","article_published_time":"2023-07-31T20:25:26+00:00","og_image":[{"width":1280,"height":525,"url":"https:\/\/territorialchallenges.com\/wp-content\/uploads\/2023\/07\/editomobilitephoto.jpg","type":"image\/jpeg"}],"author":"ni.abdi","twitter_card":"summary_large_image","twitter_creator":"@Ni.abdi","twitter_misc":{"Geschreven door":"ni.abdi","Geschatte leestijd":"4 minuten"},"schema":{"@context":"https:\/\/schema.org","@graph":[{"@type":"Article","@id":"https:\/\/territorialchallenges.com\/2023\/07\/31\/revolutionner-la-mobilite-urbaine-comment-les-vehicules-autonomes-transforment-les-villes-intelligentes\/120840\/#article","isPartOf":{"@id":"https:\/\/territorialchallenges.com\/2023\/07\/31\/revolutionner-la-mobilite-urbaine-comment-les-vehicules-autonomes-transforment-les-villes-intelligentes\/120840\/"},"author":{"name":"ni.abdi","@id":"https:\/\/territorialchallenges.com\/#\/schema\/person\/098f145c7c61a021c425e010f840080f"},"headline":"R\u00e9volutionner la mobilit\u00e9 urbaine : Comment les v\u00e9hicules autonomes transforment les villes intelligentes","datePublished":"2023-07-31T20:25:26+00:00","dateModified":"2023-07-31T20:25:26+00:00","mainEntityOfPage":{"@id":"https:\/\/territorialchallenges.com\/2023\/07\/31\/revolutionner-la-mobilite-urbaine-comment-les-vehicules-autonomes-transforment-les-villes-intelligentes\/120840\/"},"wordCount":737,"commentCount":0,"publisher":{"@id":"https:\/\/territorialchallenges.com\/#organization"},"articleSection":["R\u00e9flexion faite","\u00c9cosyst\u00e8me"],"inLanguage":"nl-NL"},{"@type":"WebPage","@id":"https:\/\/territorialchallenges.com\/2023\/07\/31\/revolutionner-la-mobilite-urbaine-comment-les-vehicules-autonomes-transforment-les-villes-intelligentes\/120840\/","url":"https:\/\/territorialchallenges.com\/2023\/07\/31\/revolutionner-la-mobilite-urbaine-comment-les-vehicules-autonomes-transforment-les-villes-intelligentes\/120840\/","name":"R\u00e9volutionner la mobilit\u00e9 urbaine : Comment les v\u00e9hicules autonomes transforment les villes intelligentes - Territorial Challenges","isPartOf":{"@id":"https:\/\/territorialchallenges.com\/#website"},"datePublished":"2023-07-31T20:25:26+00:00","dateModified":"2023-07-31T20:25:26+00:00","breadcrumb":{"@id":"https:\/\/territorialchallenges.com\/2023\/07\/31\/revolutionner-la-mobilite-urbaine-comment-les-vehicules-autonomes-transforment-les-villes-intelligentes\/120840\/#breadcrumb"},"inLanguage":"nl-NL","potentialAction":[{"@type":"ReadAction","target":["https:\/\/territorialchallenges.com\/2023\/07\/31\/revolutionner-la-mobilite-urbaine-comment-les-vehicules-autonomes-transforment-les-villes-intelligentes\/120840\/"]}]},{"@type":"BreadcrumbList","@id":"https:\/\/territorialchallenges.com\/2023\/07\/31\/revolutionner-la-mobilite-urbaine-comment-les-vehicules-autonomes-transforment-les-villes-intelligentes\/120840\/#breadcrumb","itemListElement":[{"@type":"ListItem","position":1,"name":"Home","item":"https:\/\/territorialchallenges.com\/"},{"@type":"ListItem","position":2,"name":"R\u00e9volutionner la mobilit\u00e9 urbaine : Comment les v\u00e9hicules autonomes transforment les villes intelligentes"}]},{"@type":"WebSite","@id":"https:\/\/territorialchallenges.com\/#website","url":"https:\/\/territorialchallenges.com\/","name":"Territoriale uitdagingen","description":"Internationale monitoring - Slimme strategie\u00ebn - Beste praktijken","publisher":{"@id":"https:\/\/territorialchallenges.com\/#organization"},"potentialAction":[{"@type":"SearchAction","target":{"@type":"EntryPoint","urlTemplate":"https:\/\/territorialchallenges.com\/?s={search_term_string}"},"query-input":"required name=search_term_string"}],"inLanguage":"nl-NL"},{"@type":"Organization","@id":"https:\/\/territorialchallenges.com\/#organization","name":"Territoriale uitdagingen","url":"https:\/\/territorialchallenges.com\/","logo":{"@type":"ImageObject","inLanguage":"nl-NL","@id":"https:\/\/territorialchallenges.com\/#\/schema\/logo\/image\/","url":"https:\/\/territorialchallenges.com\/wp-content\/uploads\/2023\/10\/logo-1.png","contentUrl":"https:\/\/territorialchallenges.com\/wp-content\/uploads\/2023\/10\/logo-1.png","width":1832,"height":576,"caption":"Territorial Challenges"},"image":{"@id":"https:\/\/territorialchallenges.com\/#\/schema\/logo\/image\/"}},{"@type":"Person","@id":"https:\/\/territorialchallenges.com\/#\/schema\/person\/098f145c7c61a021c425e010f840080f","name":"ni.abdi","image":{"@type":"ImageObject","inLanguage":"nl-NL","@id":"https:\/\/territorialchallenges.com\/#\/schema\/person\/image\/","url":"https:\/\/secure.gravatar.com\/avatar\/2a2f2491f3c80039986ba989b1e4b510?s=96&d=identicon&r=g","contentUrl":"https:\/\/secure.gravatar.com\/avatar\/2a2f2491f3c80039986ba989b1e4b510?s=96&d=identicon&r=g","caption":"ni.abdi"},"sameAs":["https:\/\/twitter.com\/Ni.abdi"],"url":"https:\/\/territorialchallenges.com\/nl\/author\/ni-abdi\/"}]}},"_links":{"self":[{"href":"https:\/\/territorialchallenges.com\/nl\/wp-json\/wp\/v2\/posts\/120840"}],"collection":[{"href":"https:\/\/territorialchallenges.com\/nl\/wp-json\/wp\/v2\/posts"}],"about":[{"href":"https:\/\/territorialchallenges.com\/nl\/wp-json\/wp\/v2\/types\/post"}],"author":[{"embeddable":true,"href":"https:\/\/territorialchallenges.com\/nl\/wp-json\/wp\/v2\/users\/11"}],"replies":[{"embeddable":true,"href":"https:\/\/territorialchallenges.com\/nl\/wp-json\/wp\/v2\/comments?post=120840"}],"version-history":[{"count":1,"href":"https:\/\/territorialchallenges.com\/nl\/wp-json\/wp\/v2\/posts\/120840\/revisions"}],"predecessor-version":[{"id":120845,"href":"https:\/\/territorialchallenges.com\/nl\/wp-json\/wp\/v2\/posts\/120840\/revisions\/120845"}],"wp:featuredmedia":[{"embeddable":true,"href":"https:\/\/territorialchallenges.com\/nl\/wp-json\/wp\/v2\/media\/120841"}],"wp:attachment":[{"href":"https:\/\/territorialchallenges.com\/nl\/wp-json\/wp\/v2\/media?parent=120840"}],"wp:term":[{"taxonomy":"category","embeddable":true,"href":"https:\/\/territorialchallenges.com\/nl\/wp-json\/wp\/v2\/categories?post=120840"},{"taxonomy":"post_tag","embeddable":true,"href":"https:\/\/territorialchallenges.com\/nl\/wp-json\/wp\/v2\/tags?post=120840"}],"curies":[{"name":"wp","href":"https:\/\/api.w.org\/{rel}","templated":true}]}}