{"id":120645,"date":"2023-07-04T08:48:39","date_gmt":"2023-07-04T06:48:39","guid":{"rendered":"https:\/\/territorialchallenges.com\/?p=120645"},"modified":"2023-07-04T08:48:39","modified_gmt":"2023-07-04T06:48:39","slug":"ode-a-la-grandeur-de-la-france-industrielle-la-revolution-cinematographique-des-freres-lumiere","status":"publish","type":"post","link":"https:\/\/territorialchallenges.com\/nl\/2023\/07\/04\/ode-a-la-grandeur-de-la-france-industrielle-la-revolution-cinematographique-des-freres-lumiere\/120645\/","title":{"rendered":"Ode aan de grootsheid van het industri\u00eble Frankrijk: de filmrevolutie van de gebroeders Lumi\u00e8re"},"content":{"rendered":"<p>In een tijd waarin de de-industrialisatie ons achtervolgt en tot verhitte debatten leidt, is het tijd om terug te keren naar de wortels van het nationale genie, om de essentie van industri\u00eble grootheid te herontdekken. Als een juweel verborgen in de kronkels van de geschiedenis, de eerste vertoning van de Lumi\u00e8re-cinematograaf, op 22 maart 1895 in het legendarische H\u00f4tel de\u2026 <\/p>\n<div class=\"pmpro_content_message\">Artikel alleen beschikbaar voor abonnees.<br \/><a href=\"https:\/\/territorialchallenges.com\/wp-login.php\">Login<\/a><br \/><a href=\"https:\/\/territorialchallenges.com\/nl\/wp-login.php\/?action=register\">Register<\/a><\/div>","protected":false},"excerpt":{"rendered":"<p>En cette \u00e9poque o\u00f9 la d\u00e9sindustrialisation hante nos esprits et suscite de vifs d\u00e9bats, il est temps de revenir aux sources du g\u00e9nie national, de retrouver l&rsquo;essence m\u00eame de la grandeur industrielle. Tel un joyau cach\u00e9 dans les m\u00e9andres de l&rsquo;histoire, la premi\u00e8re projection du cin\u00e9matographe Lumi\u00e8re, le 22 mars 1895, \u00e0 l&rsquo;h\u00f4tel mythique de... <\/p>\n<div class=\"pmpro_content_message\">Artikel alleen beschikbaar voor abonnees.<br \/><a href=\"https:\/\/territorialchallenges.com\/wp-login.php\">Login<\/a><br \/><a href=\"https:\/\/territorialchallenges.com\/nl\/wp-login.php\/?action=register\">Register<\/a><\/div>","protected":false},"author":11,"featured_media":120646,"comment_status":"open","ping_status":"open","sticky":true,"template":"","format":"standard","meta":{"pmpro_default_level":0,"footnotes":""},"categories":[130,117],"tags":[],"blocksy_meta":"","yoast_head":"<!-- This site is optimized with the Yoast SEO plugin v21.5 - https:\/\/yoast.com\/wordpress\/plugins\/seo\/ -->\n<title>Ode \u00e0 la Grandeur de la France Industrielle : La R\u00e9volution Cin\u00e9matographique des Fr\u00e8res Lumi\u00e8re - Territorial Challenges<\/title>\n<meta name=\"robots\" content=\"index, follow, max-snippet:-1, max-image-preview:large, max-video-preview:-1\" \/>\n<link rel=\"canonical\" href=\"https:\/\/territorialchallenges.com\/nl\/2023\/07\/04\/ode-a-la-grandeur-de-la-france-industrielle-la-revolution-cinematographique-des-freres-lumiere\/120645\/\" \/>\n<meta property=\"og:locale\" content=\"nl_NL\" \/>\n<meta property=\"og:type\" content=\"article\" \/>\n<meta property=\"og:title\" content=\"Ode \u00e0 la Grandeur de la France Industrielle : La R\u00e9volution Cin\u00e9matographique des Fr\u00e8res Lumi\u00e8re - Territorial Challenges\" \/>\n<meta property=\"og:description\" content=\"En cette \u00e9poque o\u00f9 la d\u00e9sindustrialisation hante nos esprits et suscite de vifs d\u00e9bats, il est temps de revenir aux sources du g\u00e9nie national, de retrouver l&rsquo;essence m\u00eame de la grandeur industrielle. Tel un joyau cach\u00e9 dans les m\u00e9andres de l&rsquo;histoire, la premi\u00e8re projection du cin\u00e9matographe Lumi\u00e8re, le 22 mars 1895, \u00e0 l&rsquo;h\u00f4tel mythique de [&hellip;]\" \/>\n<meta property=\"og:url\" content=\"https:\/\/territorialchallenges.com\/nl\/2023\/07\/04\/ode-a-la-grandeur-de-la-france-industrielle-la-revolution-cinematographique-des-freres-lumiere\/120645\/\" \/>\n<meta property=\"og:site_name\" content=\"Territorial Challenges\" \/>\n<meta property=\"article:published_time\" content=\"2023-07-04T06:48:39+00:00\" \/>\n<meta property=\"og:image\" content=\"https:\/\/territorialchallenges.com\/wp-content\/uploads\/2023\/07\/Saint-Germain-des-Pres_Paris_6e.jpg\" \/>\n\t<meta property=\"og:image:width\" content=\"1280\" \/>\n\t<meta property=\"og:image:height\" content=\"698\" \/>\n\t<meta property=\"og:image:type\" content=\"image\/jpeg\" \/>\n<meta name=\"author\" content=\"ni.abdi\" \/>\n<meta name=\"twitter:card\" content=\"summary_large_image\" \/>\n<meta name=\"twitter:creator\" content=\"@Ni.abdi\" \/>\n<meta name=\"twitter:label1\" content=\"Geschreven door\" \/>\n\t<meta name=\"twitter:data1\" content=\"ni.abdi\" \/>\n\t<meta name=\"twitter:label2\" content=\"Geschatte leestijd\" \/>\n\t<meta name=\"twitter:data2\" content=\"2 minuten\" \/>\n<script type=\"application\/ld+json\" class=\"yoast-schema-graph\">{\"@context\":\"https:\/\/schema.org\",\"@graph\":[{\"@type\":\"Article\",\"@id\":\"https:\/\/territorialchallenges.com\/2023\/07\/04\/ode-a-la-grandeur-de-la-france-industrielle-la-revolution-cinematographique-des-freres-lumiere\/120645\/#article\",\"isPartOf\":{\"@id\":\"https:\/\/territorialchallenges.com\/2023\/07\/04\/ode-a-la-grandeur-de-la-france-industrielle-la-revolution-cinematographique-des-freres-lumiere\/120645\/\"},\"author\":{\"name\":\"ni.abdi\",\"@id\":\"https:\/\/territorialchallenges.com\/#\/schema\/person\/098f145c7c61a021c425e010f840080f\"},\"headline\":\"Ode \u00e0 la Grandeur de la France Industrielle : La R\u00e9volution Cin\u00e9matographique des Fr\u00e8res Lumi\u00e8re\",\"datePublished\":\"2023-07-04T06:48:39+00:00\",\"dateModified\":\"2023-07-04T06:48:39+00:00\",\"mainEntityOfPage\":{\"@id\":\"https:\/\/territorialchallenges.com\/2023\/07\/04\/ode-a-la-grandeur-de-la-france-industrielle-la-revolution-cinematographique-des-freres-lumiere\/120645\/\"},\"wordCount\":510,\"commentCount\":0,\"publisher\":{\"@id\":\"https:\/\/territorialchallenges.com\/#organization\"},\"articleSection\":[\"R\u00e9flexion faite\",\"\u00c9cosyst\u00e8me\"],\"inLanguage\":\"nl-NL\"},{\"@type\":\"WebPage\",\"@id\":\"https:\/\/territorialchallenges.com\/2023\/07\/04\/ode-a-la-grandeur-de-la-france-industrielle-la-revolution-cinematographique-des-freres-lumiere\/120645\/\",\"url\":\"https:\/\/territorialchallenges.com\/2023\/07\/04\/ode-a-la-grandeur-de-la-france-industrielle-la-revolution-cinematographique-des-freres-lumiere\/120645\/\",\"name\":\"Ode \u00e0 la Grandeur de la France Industrielle : La R\u00e9volution Cin\u00e9matographique des Fr\u00e8res Lumi\u00e8re - Territorial Challenges\",\"isPartOf\":{\"@id\":\"https:\/\/territorialchallenges.com\/#website\"},\"datePublished\":\"2023-07-04T06:48:39+00:00\",\"dateModified\":\"2023-07-04T06:48:39+00:00\",\"breadcrumb\":{\"@id\":\"https:\/\/territorialchallenges.com\/2023\/07\/04\/ode-a-la-grandeur-de-la-france-industrielle-la-revolution-cinematographique-des-freres-lumiere\/120645\/#breadcrumb\"},\"inLanguage\":\"nl-NL\",\"potentialAction\":[{\"@type\":\"ReadAction\",\"target\":[\"https:\/\/territorialchallenges.com\/2023\/07\/04\/ode-a-la-grandeur-de-la-france-industrielle-la-revolution-cinematographique-des-freres-lumiere\/120645\/\"]}]},{\"@type\":\"BreadcrumbList\",\"@id\":\"https:\/\/territorialchallenges.com\/2023\/07\/04\/ode-a-la-grandeur-de-la-france-industrielle-la-revolution-cinematographique-des-freres-lumiere\/120645\/#breadcrumb\",\"itemListElement\":[{\"@type\":\"ListItem\",\"position\":1,\"name\":\"Home\",\"item\":\"https:\/\/territorialchallenges.com\/\"},{\"@type\":\"ListItem\",\"position\":2,\"name\":\"Ode \u00e0 la Grandeur de la France Industrielle : La R\u00e9volution Cin\u00e9matographique des Fr\u00e8res Lumi\u00e8re\"}]},{\"@type\":\"WebSite\",\"@id\":\"https:\/\/territorialchallenges.com\/#website\",\"url\":\"https:\/\/territorialchallenges.com\/\",\"name\":\"Territorial Challenges\",\"description\":\"Veille Internationale - Strat\u00e9gie Intelligentes - Bonnes pratiques\",\"publisher\":{\"@id\":\"https:\/\/territorialchallenges.com\/#organization\"},\"potentialAction\":[{\"@type\":\"SearchAction\",\"target\":{\"@type\":\"EntryPoint\",\"urlTemplate\":\"https:\/\/territorialchallenges.com\/?s={search_term_string}\"},\"query-input\":\"required name=search_term_string\"}],\"inLanguage\":\"nl-NL\"},{\"@type\":\"Organization\",\"@id\":\"https:\/\/territorialchallenges.com\/#organization\",\"name\":\"Territorial Challenges\",\"url\":\"https:\/\/territorialchallenges.com\/\",\"logo\":{\"@type\":\"ImageObject\",\"inLanguage\":\"nl-NL\",\"@id\":\"https:\/\/territorialchallenges.com\/#\/schema\/logo\/image\/\",\"url\":\"https:\/\/territorialchallenges.com\/wp-content\/uploads\/2023\/10\/logo-1.png\",\"contentUrl\":\"https:\/\/territorialchallenges.com\/wp-content\/uploads\/2023\/10\/logo-1.png\",\"width\":1832,\"height\":576,\"caption\":\"Territorial Challenges\"},\"image\":{\"@id\":\"https:\/\/territorialchallenges.com\/#\/schema\/logo\/image\/\"}},{\"@type\":\"Person\",\"@id\":\"https:\/\/territorialchallenges.com\/#\/schema\/person\/098f145c7c61a021c425e010f840080f\",\"name\":\"ni.abdi\",\"image\":{\"@type\":\"ImageObject\",\"inLanguage\":\"nl-NL\",\"@id\":\"https:\/\/territorialchallenges.com\/#\/schema\/person\/image\/\",\"url\":\"https:\/\/secure.gravatar.com\/avatar\/2a2f2491f3c80039986ba989b1e4b510?s=96&d=identicon&r=g\",\"contentUrl\":\"https:\/\/secure.gravatar.com\/avatar\/2a2f2491f3c80039986ba989b1e4b510?s=96&d=identicon&r=g\",\"caption\":\"ni.abdi\"},\"sameAs\":[\"https:\/\/twitter.com\/Ni.abdi\"],\"url\":\"https:\/\/territorialchallenges.com\/nl\/author\/ni-abdi\/\"}]}<\/script>\n<!-- \/ Yoast SEO plugin. -->","yoast_head_json":{"title":"Ode \u00e0 la Grandeur de la France Industrielle : La R\u00e9volution Cin\u00e9matographique des Fr\u00e8res Lumi\u00e8re - Territorial Challenges","robots":{"index":"index","follow":"follow","max-snippet":"max-snippet:-1","max-image-preview":"max-image-preview:large","max-video-preview":"max-video-preview:-1"},"canonical":"https:\/\/territorialchallenges.com\/nl\/2023\/07\/04\/ode-a-la-grandeur-de-la-france-industrielle-la-revolution-cinematographique-des-freres-lumiere\/120645\/","og_locale":"nl_NL","og_type":"article","og_title":"Ode \u00e0 la Grandeur de la France Industrielle : La R\u00e9volution Cin\u00e9matographique des Fr\u00e8res Lumi\u00e8re - Territorial Challenges","og_description":"En cette \u00e9poque o\u00f9 la d\u00e9sindustrialisation hante nos esprits et suscite de vifs d\u00e9bats, il est temps de revenir aux sources du g\u00e9nie national, de retrouver l&rsquo;essence m\u00eame de la grandeur industrielle. Tel un joyau cach\u00e9 dans les m\u00e9andres de l&rsquo;histoire, la premi\u00e8re projection du cin\u00e9matographe Lumi\u00e8re, le 22 mars 1895, \u00e0 l&rsquo;h\u00f4tel mythique de [&hellip;]","og_url":"https:\/\/territorialchallenges.com\/nl\/2023\/07\/04\/ode-a-la-grandeur-de-la-france-industrielle-la-revolution-cinematographique-des-freres-lumiere\/120645\/","og_site_name":"Territorial Challenges","article_published_time":"2023-07-04T06:48:39+00:00","og_image":[{"width":1280,"height":698,"url":"https:\/\/territorialchallenges.com\/wp-content\/uploads\/2023\/07\/Saint-Germain-des-Pres_Paris_6e.jpg","type":"image\/jpeg"}],"author":"ni.abdi","twitter_card":"summary_large_image","twitter_creator":"@Ni.abdi","twitter_misc":{"Geschreven door":"ni.abdi","Geschatte leestijd":"2 minuten"},"schema":{"@context":"https:\/\/schema.org","@graph":[{"@type":"Article","@id":"https:\/\/territorialchallenges.com\/2023\/07\/04\/ode-a-la-grandeur-de-la-france-industrielle-la-revolution-cinematographique-des-freres-lumiere\/120645\/#article","isPartOf":{"@id":"https:\/\/territorialchallenges.com\/2023\/07\/04\/ode-a-la-grandeur-de-la-france-industrielle-la-revolution-cinematographique-des-freres-lumiere\/120645\/"},"author":{"name":"ni.abdi","@id":"https:\/\/territorialchallenges.com\/#\/schema\/person\/098f145c7c61a021c425e010f840080f"},"headline":"Ode \u00e0 la Grandeur de la France Industrielle : La R\u00e9volution Cin\u00e9matographique des Fr\u00e8res Lumi\u00e8re","datePublished":"2023-07-04T06:48:39+00:00","dateModified":"2023-07-04T06:48:39+00:00","mainEntityOfPage":{"@id":"https:\/\/territorialchallenges.com\/2023\/07\/04\/ode-a-la-grandeur-de-la-france-industrielle-la-revolution-cinematographique-des-freres-lumiere\/120645\/"},"wordCount":510,"commentCount":0,"publisher":{"@id":"https:\/\/territorialchallenges.com\/#organization"},"articleSection":["R\u00e9flexion faite","\u00c9cosyst\u00e8me"],"inLanguage":"nl-NL"},{"@type":"WebPage","@id":"https:\/\/territorialchallenges.com\/2023\/07\/04\/ode-a-la-grandeur-de-la-france-industrielle-la-revolution-cinematographique-des-freres-lumiere\/120645\/","url":"https:\/\/territorialchallenges.com\/2023\/07\/04\/ode-a-la-grandeur-de-la-france-industrielle-la-revolution-cinematographique-des-freres-lumiere\/120645\/","name":"Ode \u00e0 la Grandeur de la France Industrielle : La R\u00e9volution Cin\u00e9matographique des Fr\u00e8res Lumi\u00e8re - Territorial Challenges","isPartOf":{"@id":"https:\/\/territorialchallenges.com\/#website"},"datePublished":"2023-07-04T06:48:39+00:00","dateModified":"2023-07-04T06:48:39+00:00","breadcrumb":{"@id":"https:\/\/territorialchallenges.com\/2023\/07\/04\/ode-a-la-grandeur-de-la-france-industrielle-la-revolution-cinematographique-des-freres-lumiere\/120645\/#breadcrumb"},"inLanguage":"nl-NL","potentialAction":[{"@type":"ReadAction","target":["https:\/\/territorialchallenges.com\/2023\/07\/04\/ode-a-la-grandeur-de-la-france-industrielle-la-revolution-cinematographique-des-freres-lumiere\/120645\/"]}]},{"@type":"BreadcrumbList","@id":"https:\/\/territorialchallenges.com\/2023\/07\/04\/ode-a-la-grandeur-de-la-france-industrielle-la-revolution-cinematographique-des-freres-lumiere\/120645\/#breadcrumb","itemListElement":[{"@type":"ListItem","position":1,"name":"Home","item":"https:\/\/territorialchallenges.com\/"},{"@type":"ListItem","position":2,"name":"Ode \u00e0 la Grandeur de la France Industrielle : La R\u00e9volution Cin\u00e9matographique des Fr\u00e8res Lumi\u00e8re"}]},{"@type":"WebSite","@id":"https:\/\/territorialchallenges.com\/#website","url":"https:\/\/territorialchallenges.com\/","name":"Territoriale uitdagingen","description":"Internationale monitoring - Slimme strategie\u00ebn - Beste praktijken","publisher":{"@id":"https:\/\/territorialchallenges.com\/#organization"},"potentialAction":[{"@type":"SearchAction","target":{"@type":"EntryPoint","urlTemplate":"https:\/\/territorialchallenges.com\/?s={search_term_string}"},"query-input":"required name=search_term_string"}],"inLanguage":"nl-NL"},{"@type":"Organization","@id":"https:\/\/territorialchallenges.com\/#organization","name":"Territoriale uitdagingen","url":"https:\/\/territorialchallenges.com\/","logo":{"@type":"ImageObject","inLanguage":"nl-NL","@id":"https:\/\/territorialchallenges.com\/#\/schema\/logo\/image\/","url":"https:\/\/territorialchallenges.com\/wp-content\/uploads\/2023\/10\/logo-1.png","contentUrl":"https:\/\/territorialchallenges.com\/wp-content\/uploads\/2023\/10\/logo-1.png","width":1832,"height":576,"caption":"Territorial Challenges"},"image":{"@id":"https:\/\/territorialchallenges.com\/#\/schema\/logo\/image\/"}},{"@type":"Person","@id":"https:\/\/territorialchallenges.com\/#\/schema\/person\/098f145c7c61a021c425e010f840080f","name":"ni.abdi","image":{"@type":"ImageObject","inLanguage":"nl-NL","@id":"https:\/\/territorialchallenges.com\/#\/schema\/person\/image\/","url":"https:\/\/secure.gravatar.com\/avatar\/2a2f2491f3c80039986ba989b1e4b510?s=96&d=identicon&r=g","contentUrl":"https:\/\/secure.gravatar.com\/avatar\/2a2f2491f3c80039986ba989b1e4b510?s=96&d=identicon&r=g","caption":"ni.abdi"},"sameAs":["https:\/\/twitter.com\/Ni.abdi"],"url":"https:\/\/territorialchallenges.com\/nl\/author\/ni-abdi\/"}]}},"_links":{"self":[{"href":"https:\/\/territorialchallenges.com\/nl\/wp-json\/wp\/v2\/posts\/120645"}],"collection":[{"href":"https:\/\/territorialchallenges.com\/nl\/wp-json\/wp\/v2\/posts"}],"about":[{"href":"https:\/\/territorialchallenges.com\/nl\/wp-json\/wp\/v2\/types\/post"}],"author":[{"embeddable":true,"href":"https:\/\/territorialchallenges.com\/nl\/wp-json\/wp\/v2\/users\/11"}],"replies":[{"embeddable":true,"href":"https:\/\/territorialchallenges.com\/nl\/wp-json\/wp\/v2\/comments?post=120645"}],"version-history":[{"count":1,"href":"https:\/\/territorialchallenges.com\/nl\/wp-json\/wp\/v2\/posts\/120645\/revisions"}],"predecessor-version":[{"id":120650,"href":"https:\/\/territorialchallenges.com\/nl\/wp-json\/wp\/v2\/posts\/120645\/revisions\/120650"}],"wp:featuredmedia":[{"embeddable":true,"href":"https:\/\/territorialchallenges.com\/nl\/wp-json\/wp\/v2\/media\/120646"}],"wp:attachment":[{"href":"https:\/\/territorialchallenges.com\/nl\/wp-json\/wp\/v2\/media?parent=120645"}],"wp:term":[{"taxonomy":"category","embeddable":true,"href":"https:\/\/territorialchallenges.com\/nl\/wp-json\/wp\/v2\/categories?post=120645"},{"taxonomy":"post_tag","embeddable":true,"href":"https:\/\/territorialchallenges.com\/nl\/wp-json\/wp\/v2\/tags?post=120645"}],"curies":[{"name":"wp","href":"https:\/\/api.w.org\/{rel}","templated":true}]}}