{"id":1205,"date":"2019-10-07T07:04:02","date_gmt":"2019-10-07T05:04:02","guid":{"rendered":"http:\/\/ecoinovatio.com\/?p=1205"},"modified":"2019-11-21T23:35:35","modified_gmt":"2019-11-21T22:35:35","slug":"benoit-potier-transforme-air-liquide-en-acteur-du-numerique","status":"publish","type":"post","link":"https:\/\/territorialchallenges.com\/nl\/2019\/10\/07\/benoit-potier-transforme-air-liquide-en-acteur-du-numerique\/1205\/","title":{"rendered":"Beno\u00eet Potier transformeert Air Liquide in een digitale speler"},"content":{"rendered":"<p>Er zijn drie belangrijke data in het professionele leven van de directeur van Air Liquide, de nummer \u00e9\u00e9n in industri\u00eble gassen. 1981, het jaar waarin hij bij het bedrijf begon; 2001, toen hij hoofd van de groep werd; en 2006, toen hij CEO werd. We kunnen 2016 toevoegen, toen Beno\u00eet Potier een versnelling hoger schakelde... <\/p>\n<div class=\"pmpro_content_message\">Artikel alleen beschikbaar voor abonnees.<br \/><a href=\"https:\/\/territorialchallenges.com\/wp-login.php\">Login<\/a><br \/><a href=\"https:\/\/territorialchallenges.com\/nl\/wp-login.php\/?action=register\">Register<\/a><\/div>","protected":false},"excerpt":{"rendered":"<p>Il y a trois dates qui comptaient dans la vie professionnelle du dirigeant d\u2019Air Liquide, le num\u00e9ro 1 des gaz industriels. 1981, l\u2019ann\u00e9e o\u00f9 il fait ses d\u00e9buts dans l\u2019entreprise, 2001, lorsqu\u2019il acc\u00e8de \u00e0 la direction du groupe et 2006, lorsqu\u2019il acquit le titre de pdg. On peut ajouter 2016, o\u00f9 Beno\u00eet Potier a acc\u00e9l\u00e9r\u00e9... <\/p>\n<div class=\"pmpro_content_message\">Artikel alleen beschikbaar voor abonnees.<br \/><a href=\"https:\/\/territorialchallenges.com\/wp-login.php\">Login<\/a><br \/><a href=\"https:\/\/territorialchallenges.com\/nl\/wp-login.php\/?action=register\">Register<\/a><\/div>","protected":false},"author":11,"featured_media":1206,"comment_status":"open","ping_status":"open","sticky":true,"template":"","format":"standard","meta":{"pmpro_default_level":0,"footnotes":""},"categories":[126,117],"tags":[],"blocksy_meta":"","yoast_head":"<!-- This site is optimized with the Yoast SEO plugin v21.5 - https:\/\/yoast.com\/wordpress\/plugins\/seo\/ -->\n<title>Beno\u00eet Potier transforme Air Liquide en acteur du num\u00e9rique - Territorial Challenges<\/title>\n<meta name=\"robots\" content=\"index, follow, max-snippet:-1, max-image-preview:large, max-video-preview:-1\" \/>\n<link rel=\"canonical\" href=\"https:\/\/territorialchallenges.com\/nl\/2019\/10\/07\/benoit-potier-transforme-air-liquide-en-acteur-du-numerique\/1205\/\" \/>\n<meta property=\"og:locale\" content=\"nl_NL\" \/>\n<meta property=\"og:type\" content=\"article\" \/>\n<meta property=\"og:title\" content=\"Beno\u00eet Potier transforme Air Liquide en acteur du num\u00e9rique - Territorial Challenges\" \/>\n<meta property=\"og:description\" content=\"Il y a trois dates qui comptaient dans la vie professionnelle du dirigeant d\u2019Air Liquide, le num\u00e9ro 1 des gaz industriels. 1981, l\u2019ann\u00e9e o\u00f9 il fait ses d\u00e9buts dans l\u2019entreprise, 2001, lorsqu\u2019il acc\u00e8de \u00e0 la direction du groupe et 2006, lorsqu\u2019il acquit le titre de pdg. On peut ajouter 2016, o\u00f9 Beno\u00eet Potier a acc\u00e9l\u00e9r\u00e9 [&hellip;]\" \/>\n<meta property=\"og:url\" content=\"https:\/\/territorialchallenges.com\/nl\/2019\/10\/07\/benoit-potier-transforme-air-liquide-en-acteur-du-numerique\/1205\/\" \/>\n<meta property=\"og:site_name\" content=\"Territorial Challenges\" \/>\n<meta property=\"article:published_time\" content=\"2019-10-07T05:04:02+00:00\" \/>\n<meta property=\"article:modified_time\" content=\"2019-11-21T22:35:35+00:00\" \/>\n<meta name=\"author\" content=\"ni.abdi\" \/>\n<meta name=\"twitter:card\" content=\"summary_large_image\" \/>\n<meta name=\"twitter:creator\" content=\"@Ni.abdi\" \/>\n<meta name=\"twitter:label1\" content=\"Geschreven door\" \/>\n\t<meta name=\"twitter:data1\" content=\"ni.abdi\" \/>\n\t<meta name=\"twitter:label2\" content=\"Geschatte leestijd\" \/>\n\t<meta name=\"twitter:data2\" content=\"2 minuten\" \/>\n<script type=\"application\/ld+json\" class=\"yoast-schema-graph\">{\"@context\":\"https:\/\/schema.org\",\"@graph\":[{\"@type\":\"Article\",\"@id\":\"https:\/\/territorialchallenges.com\/2019\/10\/07\/benoit-potier-transforme-air-liquide-en-acteur-du-numerique\/1205\/#article\",\"isPartOf\":{\"@id\":\"https:\/\/territorialchallenges.com\/2019\/10\/07\/benoit-potier-transforme-air-liquide-en-acteur-du-numerique\/1205\/\"},\"author\":{\"name\":\"ni.abdi\",\"@id\":\"https:\/\/territorialchallenges.com\/#\/schema\/person\/098f145c7c61a021c425e010f840080f\"},\"headline\":\"Beno\u00eet Potier transforme Air Liquide en acteur du num\u00e9rique\",\"datePublished\":\"2019-10-07T05:04:02+00:00\",\"dateModified\":\"2019-11-21T22:35:35+00:00\",\"mainEntityOfPage\":{\"@id\":\"https:\/\/territorialchallenges.com\/2019\/10\/07\/benoit-potier-transforme-air-liquide-en-acteur-du-numerique\/1205\/\"},\"wordCount\":423,\"commentCount\":0,\"publisher\":{\"@id\":\"https:\/\/territorialchallenges.com\/#organization\"},\"articleSection\":[\"On parle d'eux\",\"\u00c9cosyst\u00e8me\"],\"inLanguage\":\"nl-NL\"},{\"@type\":\"WebPage\",\"@id\":\"https:\/\/territorialchallenges.com\/2019\/10\/07\/benoit-potier-transforme-air-liquide-en-acteur-du-numerique\/1205\/\",\"url\":\"https:\/\/territorialchallenges.com\/2019\/10\/07\/benoit-potier-transforme-air-liquide-en-acteur-du-numerique\/1205\/\",\"name\":\"Beno\u00eet Potier transforme Air Liquide en acteur du num\u00e9rique - Territorial Challenges\",\"isPartOf\":{\"@id\":\"https:\/\/territorialchallenges.com\/#website\"},\"datePublished\":\"2019-10-07T05:04:02+00:00\",\"dateModified\":\"2019-11-21T22:35:35+00:00\",\"breadcrumb\":{\"@id\":\"https:\/\/territorialchallenges.com\/2019\/10\/07\/benoit-potier-transforme-air-liquide-en-acteur-du-numerique\/1205\/#breadcrumb\"},\"inLanguage\":\"nl-NL\",\"potentialAction\":[{\"@type\":\"ReadAction\",\"target\":[\"https:\/\/territorialchallenges.com\/2019\/10\/07\/benoit-potier-transforme-air-liquide-en-acteur-du-numerique\/1205\/\"]}]},{\"@type\":\"BreadcrumbList\",\"@id\":\"https:\/\/territorialchallenges.com\/2019\/10\/07\/benoit-potier-transforme-air-liquide-en-acteur-du-numerique\/1205\/#breadcrumb\",\"itemListElement\":[{\"@type\":\"ListItem\",\"position\":1,\"name\":\"Home\",\"item\":\"https:\/\/territorialchallenges.com\/\"},{\"@type\":\"ListItem\",\"position\":2,\"name\":\"Beno\u00eet Potier transforme Air Liquide en acteur du num\u00e9rique\"}]},{\"@type\":\"WebSite\",\"@id\":\"https:\/\/territorialchallenges.com\/#website\",\"url\":\"https:\/\/territorialchallenges.com\/\",\"name\":\"Territorial Challenges\",\"description\":\"Veille Internationale - Strat\u00e9gie Intelligentes - Bonnes pratiques\",\"publisher\":{\"@id\":\"https:\/\/territorialchallenges.com\/#organization\"},\"potentialAction\":[{\"@type\":\"SearchAction\",\"target\":{\"@type\":\"EntryPoint\",\"urlTemplate\":\"https:\/\/territorialchallenges.com\/?s={search_term_string}\"},\"query-input\":\"required name=search_term_string\"}],\"inLanguage\":\"nl-NL\"},{\"@type\":\"Organization\",\"@id\":\"https:\/\/territorialchallenges.com\/#organization\",\"name\":\"Territorial Challenges\",\"url\":\"https:\/\/territorialchallenges.com\/\",\"logo\":{\"@type\":\"ImageObject\",\"inLanguage\":\"nl-NL\",\"@id\":\"https:\/\/territorialchallenges.com\/#\/schema\/logo\/image\/\",\"url\":\"https:\/\/territorialchallenges.com\/wp-content\/uploads\/2023\/10\/logo-1.png\",\"contentUrl\":\"https:\/\/territorialchallenges.com\/wp-content\/uploads\/2023\/10\/logo-1.png\",\"width\":1832,\"height\":576,\"caption\":\"Territorial Challenges\"},\"image\":{\"@id\":\"https:\/\/territorialchallenges.com\/#\/schema\/logo\/image\/\"}},{\"@type\":\"Person\",\"@id\":\"https:\/\/territorialchallenges.com\/#\/schema\/person\/098f145c7c61a021c425e010f840080f\",\"name\":\"ni.abdi\",\"image\":{\"@type\":\"ImageObject\",\"inLanguage\":\"nl-NL\",\"@id\":\"https:\/\/territorialchallenges.com\/#\/schema\/person\/image\/\",\"url\":\"https:\/\/secure.gravatar.com\/avatar\/2a2f2491f3c80039986ba989b1e4b510?s=96&d=identicon&r=g\",\"contentUrl\":\"https:\/\/secure.gravatar.com\/avatar\/2a2f2491f3c80039986ba989b1e4b510?s=96&d=identicon&r=g\",\"caption\":\"ni.abdi\"},\"sameAs\":[\"https:\/\/twitter.com\/Ni.abdi\"],\"url\":\"https:\/\/territorialchallenges.com\/nl\/author\/ni-abdi\/\"}]}<\/script>\n<!-- \/ Yoast SEO plugin. -->","yoast_head_json":{"title":"Beno\u00eet Potier transforme Air Liquide en acteur du num\u00e9rique - Territorial Challenges","robots":{"index":"index","follow":"follow","max-snippet":"max-snippet:-1","max-image-preview":"max-image-preview:large","max-video-preview":"max-video-preview:-1"},"canonical":"https:\/\/territorialchallenges.com\/nl\/2019\/10\/07\/benoit-potier-transforme-air-liquide-en-acteur-du-numerique\/1205\/","og_locale":"nl_NL","og_type":"article","og_title":"Beno\u00eet Potier transforme Air Liquide en acteur du num\u00e9rique - Territorial Challenges","og_description":"Il y a trois dates qui comptaient dans la vie professionnelle du dirigeant d\u2019Air Liquide, le num\u00e9ro 1 des gaz industriels. 1981, l\u2019ann\u00e9e o\u00f9 il fait ses d\u00e9buts dans l\u2019entreprise, 2001, lorsqu\u2019il acc\u00e8de \u00e0 la direction du groupe et 2006, lorsqu\u2019il acquit le titre de pdg. On peut ajouter 2016, o\u00f9 Beno\u00eet Potier a acc\u00e9l\u00e9r\u00e9 [&hellip;]","og_url":"https:\/\/territorialchallenges.com\/nl\/2019\/10\/07\/benoit-potier-transforme-air-liquide-en-acteur-du-numerique\/1205\/","og_site_name":"Territorial Challenges","article_published_time":"2019-10-07T05:04:02+00:00","article_modified_time":"2019-11-21T22:35:35+00:00","author":"ni.abdi","twitter_card":"summary_large_image","twitter_creator":"@Ni.abdi","twitter_misc":{"Geschreven door":"ni.abdi","Geschatte leestijd":"2 minuten"},"schema":{"@context":"https:\/\/schema.org","@graph":[{"@type":"Article","@id":"https:\/\/territorialchallenges.com\/2019\/10\/07\/benoit-potier-transforme-air-liquide-en-acteur-du-numerique\/1205\/#article","isPartOf":{"@id":"https:\/\/territorialchallenges.com\/2019\/10\/07\/benoit-potier-transforme-air-liquide-en-acteur-du-numerique\/1205\/"},"author":{"name":"ni.abdi","@id":"https:\/\/territorialchallenges.com\/#\/schema\/person\/098f145c7c61a021c425e010f840080f"},"headline":"Beno\u00eet Potier transforme Air Liquide en acteur du num\u00e9rique","datePublished":"2019-10-07T05:04:02+00:00","dateModified":"2019-11-21T22:35:35+00:00","mainEntityOfPage":{"@id":"https:\/\/territorialchallenges.com\/2019\/10\/07\/benoit-potier-transforme-air-liquide-en-acteur-du-numerique\/1205\/"},"wordCount":423,"commentCount":0,"publisher":{"@id":"https:\/\/territorialchallenges.com\/#organization"},"articleSection":["On parle d'eux","\u00c9cosyst\u00e8me"],"inLanguage":"nl-NL"},{"@type":"WebPage","@id":"https:\/\/territorialchallenges.com\/2019\/10\/07\/benoit-potier-transforme-air-liquide-en-acteur-du-numerique\/1205\/","url":"https:\/\/territorialchallenges.com\/2019\/10\/07\/benoit-potier-transforme-air-liquide-en-acteur-du-numerique\/1205\/","name":"Beno\u00eet Potier transforme Air Liquide en acteur du num\u00e9rique - Territorial Challenges","isPartOf":{"@id":"https:\/\/territorialchallenges.com\/#website"},"datePublished":"2019-10-07T05:04:02+00:00","dateModified":"2019-11-21T22:35:35+00:00","breadcrumb":{"@id":"https:\/\/territorialchallenges.com\/2019\/10\/07\/benoit-potier-transforme-air-liquide-en-acteur-du-numerique\/1205\/#breadcrumb"},"inLanguage":"nl-NL","potentialAction":[{"@type":"ReadAction","target":["https:\/\/territorialchallenges.com\/2019\/10\/07\/benoit-potier-transforme-air-liquide-en-acteur-du-numerique\/1205\/"]}]},{"@type":"BreadcrumbList","@id":"https:\/\/territorialchallenges.com\/2019\/10\/07\/benoit-potier-transforme-air-liquide-en-acteur-du-numerique\/1205\/#breadcrumb","itemListElement":[{"@type":"ListItem","position":1,"name":"Home","item":"https:\/\/territorialchallenges.com\/"},{"@type":"ListItem","position":2,"name":"Beno\u00eet Potier transforme Air Liquide en acteur du num\u00e9rique"}]},{"@type":"WebSite","@id":"https:\/\/territorialchallenges.com\/#website","url":"https:\/\/territorialchallenges.com\/","name":"Territoriale uitdagingen","description":"Internationale monitoring - Slimme strategie\u00ebn - Beste praktijken","publisher":{"@id":"https:\/\/territorialchallenges.com\/#organization"},"potentialAction":[{"@type":"SearchAction","target":{"@type":"EntryPoint","urlTemplate":"https:\/\/territorialchallenges.com\/?s={search_term_string}"},"query-input":"required name=search_term_string"}],"inLanguage":"nl-NL"},{"@type":"Organization","@id":"https:\/\/territorialchallenges.com\/#organization","name":"Territoriale uitdagingen","url":"https:\/\/territorialchallenges.com\/","logo":{"@type":"ImageObject","inLanguage":"nl-NL","@id":"https:\/\/territorialchallenges.com\/#\/schema\/logo\/image\/","url":"https:\/\/territorialchallenges.com\/wp-content\/uploads\/2023\/10\/logo-1.png","contentUrl":"https:\/\/territorialchallenges.com\/wp-content\/uploads\/2023\/10\/logo-1.png","width":1832,"height":576,"caption":"Territorial Challenges"},"image":{"@id":"https:\/\/territorialchallenges.com\/#\/schema\/logo\/image\/"}},{"@type":"Person","@id":"https:\/\/territorialchallenges.com\/#\/schema\/person\/098f145c7c61a021c425e010f840080f","name":"ni.abdi","image":{"@type":"ImageObject","inLanguage":"nl-NL","@id":"https:\/\/territorialchallenges.com\/#\/schema\/person\/image\/","url":"https:\/\/secure.gravatar.com\/avatar\/2a2f2491f3c80039986ba989b1e4b510?s=96&d=identicon&r=g","contentUrl":"https:\/\/secure.gravatar.com\/avatar\/2a2f2491f3c80039986ba989b1e4b510?s=96&d=identicon&r=g","caption":"ni.abdi"},"sameAs":["https:\/\/twitter.com\/Ni.abdi"],"url":"https:\/\/territorialchallenges.com\/nl\/author\/ni-abdi\/"}]}},"_links":{"self":[{"href":"https:\/\/territorialchallenges.com\/nl\/wp-json\/wp\/v2\/posts\/1205"}],"collection":[{"href":"https:\/\/territorialchallenges.com\/nl\/wp-json\/wp\/v2\/posts"}],"about":[{"href":"https:\/\/territorialchallenges.com\/nl\/wp-json\/wp\/v2\/types\/post"}],"author":[{"embeddable":true,"href":"https:\/\/territorialchallenges.com\/nl\/wp-json\/wp\/v2\/users\/11"}],"replies":[{"embeddable":true,"href":"https:\/\/territorialchallenges.com\/nl\/wp-json\/wp\/v2\/comments?post=1205"}],"version-history":[{"count":1,"href":"https:\/\/territorialchallenges.com\/nl\/wp-json\/wp\/v2\/posts\/1205\/revisions"}],"predecessor-version":[{"id":84853,"href":"https:\/\/territorialchallenges.com\/nl\/wp-json\/wp\/v2\/posts\/1205\/revisions\/84853"}],"wp:featuredmedia":[{"embeddable":true,"href":"https:\/\/territorialchallenges.com\/nl\/wp-json\/"}],"wp:attachment":[{"href":"https:\/\/territorialchallenges.com\/nl\/wp-json\/wp\/v2\/media?parent=1205"}],"wp:term":[{"taxonomy":"category","embeddable":true,"href":"https:\/\/territorialchallenges.com\/nl\/wp-json\/wp\/v2\/categories?post=1205"},{"taxonomy":"post_tag","embeddable":true,"href":"https:\/\/territorialchallenges.com\/nl\/wp-json\/wp\/v2\/tags?post=1205"}],"curies":[{"name":"wp","href":"https:\/\/api.w.org\/{rel}","templated":true}]}}